{"id":99977,"date":"2023-10-04T16:30:46","date_gmt":"2023-10-04T14:30:46","guid":{"rendered":"https:\/\/mallorcaglobalmag.es\/?p=99977"},"modified":"2023-10-04T16:31:37","modified_gmt":"2023-10-04T14:31:37","slug":"serra-tramuntana-fair-2023-santuario-lluc","status":"publish","type":"post","link":"https:\/\/mallorcaglobalmag.es\/en\/serra-tramuntana-fair-2023-santuario-lluc\/","title":{"rendered":"The Sanctuary of Lluc hosts the Serra de Tramuntana Fair 2023"},"content":{"rendered":"<p>This weekend the sanctuary of Lluc celebrates the 27th edition of the Fira de la Serra de Tramuntana. The event returns in 2023 to repeat the success in attendance of past editions. Those who attend will be able to enjoy two days full of cultural and gastronomic offerings at one of Mallorca&#8217;s most traditional fairs. The most important venues for the Fira de la Serra de Tramuntana are the Germ\u00e0 Maci\u00e0 Botanical Garden and the Pla\u00e7a dels Peregrins.<\/p>\n<h2>Fira de la Serra de Tramuntana 2023 Programme<\/h2>\n<h3>Saturday 7th October<\/h3>\n<ul>\n<li>10:30: Cultural landscape of the Serra de Tramuntana: Twelve years of UNESCO World Heritage. By Maria Moll. Venue: Nature Classroom of the Botanical Garden.<\/li>\n<li>11:00 to 13:00: The great recycling fair. Organised by the Consell Insular. Activities for children and adults. Place: Pilgrims&#8217; Square.<\/li>\n<li>11:30: Herbal liqueur workshop. By Mart\u00ed Serra. Botanist and herb master, and Mil\u00e1n Alcantara, Technician and head of the Germ\u00e0 Maci\u00e0 Botanical Garden. Meeting point: Entrance to the Botanical Garden. Target group: Over 18 years of age. Limited places. Registration: jardibotanic@lluc.net.<\/li>\n<\/ul>\n<h3>Sunday 8th October<\/h3>\n<ul>\n<li>11:00: Mass at the Acolliment with the participation of the Escolania and the 2nd Meeting of Elderly People of the G\u00fcell Group.<\/li>\n<li>12:00: The vultures of the Balearic Islands. By Pep Tapia. Technician of the Mediterranean Wildlife Foundation. Place: Nature Classroom of the Botanical Garden. Target audience: Open to all.<\/li>\n<li>12:30: Exhibition of Mallorcan dance by the group Aires de Monta\u00f1a de Selva in the Plaza de los Peregrinos.<\/li>\n<\/ul>\n<p><img decoding=\"async\" class=\"aligncenter wp-image-99975 size-full\" src=\"https:\/\/mallorcaglobalmag.es\/wp-content\/uploads\/fira-tramuntana-lluc-2023-e1696429252835.jpg\" alt=\"Fira de la Serra de Tramuntana\" width=\"1039\" height=\"1689\" srcset=\"https:\/\/mallorcaglobalmag.es\/wp-content\/uploads\/fira-tramuntana-lluc-2023-e1696429252835-185x300.jpg 185w, https:\/\/mallorcaglobalmag.es\/wp-content\/uploads\/fira-tramuntana-lluc-2023-e1696429252835-200x325.jpg 200w, https:\/\/mallorcaglobalmag.es\/wp-content\/uploads\/fira-tramuntana-lluc-2023-e1696429252835-400x650.jpg 400w, https:\/\/mallorcaglobalmag.es\/wp-content\/uploads\/fira-tramuntana-lluc-2023-e1696429252835-600x975.jpg 600w, https:\/\/mallorcaglobalmag.es\/wp-content\/uploads\/fira-tramuntana-lluc-2023-e1696429252835-630x1024.jpg 630w, https:\/\/mallorcaglobalmag.es\/wp-content\/uploads\/fira-tramuntana-lluc-2023-e1696429252835-768x1248.jpg 768w, https:\/\/mallorcaglobalmag.es\/wp-content\/uploads\/fira-tramuntana-lluc-2023-e1696429252835-800x1300.jpg 800w, https:\/\/mallorcaglobalmag.es\/wp-content\/uploads\/fira-tramuntana-lluc-2023-e1696429252835-945x1536.jpg 945w, https:\/\/mallorcaglobalmag.es\/wp-content\/uploads\/fira-tramuntana-lluc-2023-e1696429252835.jpg 1039w\" sizes=\"(max-width: 1039px) 100vw, 1039px\" \/><\/p>\n<p>&nbsp;<\/p>\n","protected":false},"excerpt":{"rendered":"<p>This weekend the sanctuary of Lluc celebrates the 27th edition <a href=\"https:\/\/mallorcaglobalmag.es\/en\/serra-tramuntana-fair-2023-santuario-lluc\/\"> [&#8230;]<\/a><\/p>\n","protected":false},"author":4,"featured_media":65536,"comment_status":"open","ping_status":"open","sticky":false,"template":"","format":"standard","meta":{"footnotes":""},"categories":[1514],"tags":[],"class_list":["post-99977","post","type-post","status-publish","format-standard","has-post-thumbnail","hentry","category-culture"],"yoast_head":"<!-- This site is optimized with the Yoast SEO plugin v25.2 - https:\/\/yoast.com\/wordpress\/plugins\/seo\/ -->\n<title>The Sanctuary of Lluc hosts the Serra de Tramuntana Fair 2023 - Mallorca Global Mag<\/title>\n<meta name=\"description\" content=\"This weekend the sanctuary of Lluc celebrates the 27th edition of the Fira de la Serra de Tramuntana. Discover the programme for 2023.\" \/>\n<meta name=\"robots\" content=\"index, follow, max-snippet:-1, max-image-preview:large, max-video-preview:-1\" \/>\n<link rel=\"canonical\" href=\"https:\/\/mallorcaglobalmag.es\/en\/serra-tramuntana-fair-2023-santuario-lluc\/\" \/>\n<meta property=\"og:locale\" content=\"en_US\" \/>\n<meta property=\"og:type\" content=\"article\" \/>\n<meta property=\"og:title\" content=\"The Sanctuary of Lluc hosts the Serra de Tramuntana Fair 2023 - Mallorca Global Mag\" \/>\n<meta property=\"og:description\" content=\"This weekend the sanctuary of Lluc celebrates the 27th edition of the Fira de la Serra de Tramuntana. Discover the programme for 2023.\" \/>\n<meta property=\"og:url\" content=\"https:\/\/mallorcaglobalmag.es\/en\/serra-tramuntana-fair-2023-santuario-lluc\/\" \/>\n<meta property=\"og:site_name\" content=\"Mallorca Global Mag\" \/>\n<meta property=\"article:published_time\" content=\"2023-10-04T14:30:46+00:00\" \/>\n<meta property=\"article:modified_time\" content=\"2023-10-04T14:31:37+00:00\" \/>\n<meta property=\"og:image\" content=\"https:\/\/mallorcaglobalmag.es\/wp-content\/uploads\/diada-2023-santuari-de-lluc.jpeg\" \/>\n\t<meta property=\"og:image:width\" content=\"2048\" \/>\n\t<meta property=\"og:image:height\" content=\"1536\" \/>\n\t<meta property=\"og:image:type\" content=\"image\/jpeg\" \/>\n<meta name=\"author\" content=\"Redacci\u00f3n\" \/>\n<meta name=\"twitter:card\" content=\"summary_large_image\" \/>\n<meta name=\"twitter:label1\" content=\"Written by\" \/>\n\t<meta name=\"twitter:data1\" content=\"Redacci\u00f3n\" \/>\n\t<meta name=\"twitter:label2\" content=\"Est. reading time\" \/>\n\t<meta name=\"twitter:data2\" content=\"2 minutes\" \/>\n<script type=\"application\/ld+json\" class=\"yoast-schema-graph\">{\"@context\":\"https:\/\/schema.org\",\"@graph\":[{\"@type\":\"WebPage\",\"@id\":\"https:\/\/mallorcaglobalmag.es\/en\/serra-tramuntana-fair-2023-santuario-lluc\/\",\"url\":\"https:\/\/mallorcaglobalmag.es\/en\/serra-tramuntana-fair-2023-santuario-lluc\/\",\"name\":\"The Sanctuary of Lluc hosts the Serra de Tramuntana Fair 2023 - Mallorca Global Mag\",\"isPartOf\":{\"@id\":\"https:\/\/mallorcaglobalmag.es\/#website\"},\"primaryImageOfPage\":{\"@id\":\"https:\/\/mallorcaglobalmag.es\/en\/serra-tramuntana-fair-2023-santuario-lluc\/#primaryimage\"},\"image\":{\"@id\":\"https:\/\/mallorcaglobalmag.es\/en\/serra-tramuntana-fair-2023-santuario-lluc\/#primaryimage\"},\"thumbnailUrl\":\"https:\/\/mallorcaglobalmag.es\/wp-content\/uploads\/diada-2023-santuari-de-lluc.jpeg\",\"datePublished\":\"2023-10-04T14:30:46+00:00\",\"dateModified\":\"2023-10-04T14:31:37+00:00\",\"author\":{\"@id\":\"https:\/\/mallorcaglobalmag.es\/#\/schema\/person\/9a3cf523d44bd4905a14be13db051907\"},\"description\":\"This weekend the sanctuary of Lluc celebrates the 27th edition of the Fira de la Serra de Tramuntana. Discover the programme for 2023.\",\"breadcrumb\":{\"@id\":\"https:\/\/mallorcaglobalmag.es\/en\/serra-tramuntana-fair-2023-santuario-lluc\/#breadcrumb\"},\"inLanguage\":\"en-US\",\"potentialAction\":[{\"@type\":\"ReadAction\",\"target\":[\"https:\/\/mallorcaglobalmag.es\/en\/serra-tramuntana-fair-2023-santuario-lluc\/\"]}]},{\"@type\":\"ImageObject\",\"inLanguage\":\"en-US\",\"@id\":\"https:\/\/mallorcaglobalmag.es\/en\/serra-tramuntana-fair-2023-santuario-lluc\/#primaryimage\",\"url\":\"https:\/\/mallorcaglobalmag.es\/wp-content\/uploads\/diada-2023-santuari-de-lluc.jpeg\",\"contentUrl\":\"https:\/\/mallorcaglobalmag.es\/wp-content\/uploads\/diada-2023-santuari-de-lluc.jpeg\",\"width\":2048,\"height\":1536,\"caption\":\"festes de la diada 2023 santuari de lluc\"},{\"@type\":\"BreadcrumbList\",\"@id\":\"https:\/\/mallorcaglobalmag.es\/en\/serra-tramuntana-fair-2023-santuario-lluc\/#breadcrumb\",\"itemListElement\":[{\"@type\":\"ListItem\",\"position\":1,\"name\":\"Portada\",\"item\":\"https:\/\/mallorcaglobalmag.es\/en\/\"},{\"@type\":\"ListItem\",\"position\":2,\"name\":\"The Sanctuary of Lluc hosts the Serra de Tramuntana Fair 2023\"}]},{\"@type\":\"WebSite\",\"@id\":\"https:\/\/mallorcaglobalmag.es\/#website\",\"url\":\"https:\/\/mallorcaglobalmag.es\/\",\"name\":\"Mallorca Global Mag\",\"description\":\"Revista de informaci\u00f3n general de Mallorca\",\"potentialAction\":[{\"@type\":\"SearchAction\",\"target\":{\"@type\":\"EntryPoint\",\"urlTemplate\":\"https:\/\/mallorcaglobalmag.es\/?s={search_term_string}\"},\"query-input\":{\"@type\":\"PropertyValueSpecification\",\"valueRequired\":true,\"valueName\":\"search_term_string\"}}],\"inLanguage\":\"en-US\"},{\"@type\":\"Person\",\"@id\":\"https:\/\/mallorcaglobalmag.es\/#\/schema\/person\/9a3cf523d44bd4905a14be13db051907\",\"name\":\"Redacci\u00f3n\",\"image\":{\"@type\":\"ImageObject\",\"inLanguage\":\"en-US\",\"@id\":\"https:\/\/mallorcaglobalmag.es\/#\/schema\/person\/image\/\",\"url\":\"https:\/\/secure.gravatar.com\/avatar\/54a4bcd1a68eccdda3505d7ee5d6ebb8e5dd78095a07d388940305fac2e49572?s=96&d=mm&r=g\",\"contentUrl\":\"https:\/\/secure.gravatar.com\/avatar\/54a4bcd1a68eccdda3505d7ee5d6ebb8e5dd78095a07d388940305fac2e49572?s=96&d=mm&r=g\",\"caption\":\"Redacci\u00f3n\"},\"url\":\"https:\/\/mallorcaglobalmag.es\/en\/author\/elena\/\"}]}<\/script>\n<!-- \/ Yoast SEO plugin. -->","yoast_head_json":{"title":"The Sanctuary of Lluc hosts the Serra de Tramuntana Fair 2023 - Mallorca Global Mag","description":"This weekend the sanctuary of Lluc celebrates the 27th edition of the Fira de la Serra de Tramuntana. Discover the programme for 2023.","robots":{"index":"index","follow":"follow","max-snippet":"max-snippet:-1","max-image-preview":"max-image-preview:large","max-video-preview":"max-video-preview:-1"},"canonical":"https:\/\/mallorcaglobalmag.es\/en\/serra-tramuntana-fair-2023-santuario-lluc\/","og_locale":"en_US","og_type":"article","og_title":"The Sanctuary of Lluc hosts the Serra de Tramuntana Fair 2023 - Mallorca Global Mag","og_description":"This weekend the sanctuary of Lluc celebrates the 27th edition of the Fira de la Serra de Tramuntana. Discover the programme for 2023.","og_url":"https:\/\/mallorcaglobalmag.es\/en\/serra-tramuntana-fair-2023-santuario-lluc\/","og_site_name":"Mallorca Global Mag","article_published_time":"2023-10-04T14:30:46+00:00","article_modified_time":"2023-10-04T14:31:37+00:00","og_image":[{"width":2048,"height":1536,"url":"https:\/\/mallorcaglobalmag.es\/wp-content\/uploads\/diada-2023-santuari-de-lluc.jpeg","type":"image\/jpeg"}],"author":"Redacci\u00f3n","twitter_card":"summary_large_image","twitter_misc":{"Written by":"Redacci\u00f3n","Est. reading time":"2 minutes"},"schema":{"@context":"https:\/\/schema.org","@graph":[{"@type":"WebPage","@id":"https:\/\/mallorcaglobalmag.es\/en\/serra-tramuntana-fair-2023-santuario-lluc\/","url":"https:\/\/mallorcaglobalmag.es\/en\/serra-tramuntana-fair-2023-santuario-lluc\/","name":"The Sanctuary of Lluc hosts the Serra de Tramuntana Fair 2023 - Mallorca Global Mag","isPartOf":{"@id":"https:\/\/mallorcaglobalmag.es\/#website"},"primaryImageOfPage":{"@id":"https:\/\/mallorcaglobalmag.es\/en\/serra-tramuntana-fair-2023-santuario-lluc\/#primaryimage"},"image":{"@id":"https:\/\/mallorcaglobalmag.es\/en\/serra-tramuntana-fair-2023-santuario-lluc\/#primaryimage"},"thumbnailUrl":"https:\/\/mallorcaglobalmag.es\/wp-content\/uploads\/diada-2023-santuari-de-lluc.jpeg","datePublished":"2023-10-04T14:30:46+00:00","dateModified":"2023-10-04T14:31:37+00:00","author":{"@id":"https:\/\/mallorcaglobalmag.es\/#\/schema\/person\/9a3cf523d44bd4905a14be13db051907"},"description":"This weekend the sanctuary of Lluc celebrates the 27th edition of the Fira de la Serra de Tramuntana. Discover the programme for 2023.","breadcrumb":{"@id":"https:\/\/mallorcaglobalmag.es\/en\/serra-tramuntana-fair-2023-santuario-lluc\/#breadcrumb"},"inLanguage":"en-US","potentialAction":[{"@type":"ReadAction","target":["https:\/\/mallorcaglobalmag.es\/en\/serra-tramuntana-fair-2023-santuario-lluc\/"]}]},{"@type":"ImageObject","inLanguage":"en-US","@id":"https:\/\/mallorcaglobalmag.es\/en\/serra-tramuntana-fair-2023-santuario-lluc\/#primaryimage","url":"https:\/\/mallorcaglobalmag.es\/wp-content\/uploads\/diada-2023-santuari-de-lluc.jpeg","contentUrl":"https:\/\/mallorcaglobalmag.es\/wp-content\/uploads\/diada-2023-santuari-de-lluc.jpeg","width":2048,"height":1536,"caption":"festes de la diada 2023 santuari de lluc"},{"@type":"BreadcrumbList","@id":"https:\/\/mallorcaglobalmag.es\/en\/serra-tramuntana-fair-2023-santuario-lluc\/#breadcrumb","itemListElement":[{"@type":"ListItem","position":1,"name":"Portada","item":"https:\/\/mallorcaglobalmag.es\/en\/"},{"@type":"ListItem","position":2,"name":"The Sanctuary of Lluc hosts the Serra de Tramuntana Fair 2023"}]},{"@type":"WebSite","@id":"https:\/\/mallorcaglobalmag.es\/#website","url":"https:\/\/mallorcaglobalmag.es\/","name":"Mallorca Global Mag","description":"Revista de informaci\u00f3n general de Mallorca","potentialAction":[{"@type":"SearchAction","target":{"@type":"EntryPoint","urlTemplate":"https:\/\/mallorcaglobalmag.es\/?s={search_term_string}"},"query-input":{"@type":"PropertyValueSpecification","valueRequired":true,"valueName":"search_term_string"}}],"inLanguage":"en-US"},{"@type":"Person","@id":"https:\/\/mallorcaglobalmag.es\/#\/schema\/person\/9a3cf523d44bd4905a14be13db051907","name":"Redacci\u00f3n","image":{"@type":"ImageObject","inLanguage":"en-US","@id":"https:\/\/mallorcaglobalmag.es\/#\/schema\/person\/image\/","url":"https:\/\/secure.gravatar.com\/avatar\/54a4bcd1a68eccdda3505d7ee5d6ebb8e5dd78095a07d388940305fac2e49572?s=96&d=mm&r=g","contentUrl":"https:\/\/secure.gravatar.com\/avatar\/54a4bcd1a68eccdda3505d7ee5d6ebb8e5dd78095a07d388940305fac2e49572?s=96&d=mm&r=g","caption":"Redacci\u00f3n"},"url":"https:\/\/mallorcaglobalmag.es\/en\/author\/elena\/"}]}},"_links":{"self":[{"href":"https:\/\/mallorcaglobalmag.es\/en\/wp-json\/wp\/v2\/posts\/99977","targetHints":{"allow":["GET"]}}],"collection":[{"href":"https:\/\/mallorcaglobalmag.es\/en\/wp-json\/wp\/v2\/posts"}],"about":[{"href":"https:\/\/mallorcaglobalmag.es\/en\/wp-json\/wp\/v2\/types\/post"}],"author":[{"embeddable":true,"href":"https:\/\/mallorcaglobalmag.es\/en\/wp-json\/wp\/v2\/users\/4"}],"replies":[{"embeddable":true,"href":"https:\/\/mallorcaglobalmag.es\/en\/wp-json\/wp\/v2\/comments?post=99977"}],"version-history":[{"count":1,"href":"https:\/\/mallorcaglobalmag.es\/en\/wp-json\/wp\/v2\/posts\/99977\/revisions"}],"predecessor-version":[{"id":99978,"href":"https:\/\/mallorcaglobalmag.es\/en\/wp-json\/wp\/v2\/posts\/99977\/revisions\/99978"}],"wp:featuredmedia":[{"embeddable":true,"href":"https:\/\/mallorcaglobalmag.es\/en\/wp-json\/wp\/v2\/media\/65536"}],"wp:attachment":[{"href":"https:\/\/mallorcaglobalmag.es\/en\/wp-json\/wp\/v2\/media?parent=99977"}],"wp:term":[{"taxonomy":"category","embeddable":true,"href":"https:\/\/mallorcaglobalmag.es\/en\/wp-json\/wp\/v2\/categories?post=99977"},{"taxonomy":"post_tag","embeddable":true,"href":"https:\/\/mallorcaglobalmag.es\/en\/wp-json\/wp\/v2\/tags?post=99977"}],"curies":[{"name":"wp","href":"https:\/\/api.w.org\/{rel}","templated":true}]}}