{"id":99666,"date":"2023-09-28T15:49:41","date_gmt":"2023-09-28T13:49:41","guid":{"rendered":"https:\/\/mallorcaglobalmag.es\/gira-antonia-font-2024-conciertos\/"},"modified":"2023-09-28T15:49:41","modified_gmt":"2023-09-28T13:49:41","slug":"gira-antonia-font-2024-conciertos","status":"publish","type":"post","link":"https:\/\/mallorcaglobalmag.es\/en\/gira-antonia-font-2024-conciertos\/","title":{"rendered":"Gira de Ant\u00f2nia Font en 2024: ofrecer\u00e1n casi 20 conciertos en teatros"},"content":{"rendered":"<p>Instagram ha sido la plataforma elegida para anunciar la gira de Ant\u00f2nia Font en 2024. El grupo mallorqu\u00edn ofrecer\u00e1 al menos 18 conciertos a lo largo del a\u00f1o que viene. Lo har\u00e1n en un formato dirigido a teatros, seg\u00fan explicaron en sus canales de difusi\u00f3n.\u00a0As\u00ed ha sido el anuncio del grupo en su cuenta de Instagram: &#8220;Queridos, el regreso ha sido breve y despu\u00e9s de estos conciertos de gran formato, nos quedamos con ganas de continuar. Ahora, sin embargo, de una manera m\u00e1s \u00edntima, peque\u00f1a y cercana&#8221;. Antes de comenzar la gira de conciertos de 2024 a\u00fan quedan dos fechas de las que podr\u00e1n disfrutar sus fans. La primera es el 30 de septiembre en el Palau de Fires de Girona. La segunda, el 28 de octubre en Pirata Halloween Gand\u00eda.<\/p>\n<p>&#8220;Y llega un d\u00eda en que la vida es un teatro que se llama felicidad&#8221;, parafrasea la formaci\u00f3n musical en sus redes. Por el momento, los teatros ser\u00e1n el escenario de este nuevo proyecto, que presentar\u00e1n tambi\u00e9n en su isla. Concretamente en el Audit\u00f2rium de Palma los pr\u00f3ximos d\u00edas 29 de febrero y 1 de marzo, D\u00eda de les Illes Balears.<\/p>\n<h2>Fechas conciertos Ant\u00f2nia Font 2024<\/h2>\n<ul>\n<li>26 de enero: Sant Cugat del Vall\u00e8s \/ Teatre Auditori.<\/li>\n<li>27 de enero: Granollers \/ Teatre Auditori.<\/li>\n<li>8 de febrero: Barcelona \/ Palau de la M\u00fasica.<\/li>\n<li><strong>29 de febrero: Palma \/ Auditorium.<\/strong><\/li>\n<li><strong>1 de marzo: Palma \/ Auditorium.<\/strong><\/li>\n<li>9 de marzo: Reus \/ Festival Accents.<\/li>\n<li>6 de abril: Manresa \/ Teatre Kursaal.<\/li>\n<li>3 de mayo: Vic \/ L&#8217;Atl\u00e0ntida.<\/li>\n<li>4 de mayo: Vic \/ L&#8217;Atl\u00e0ntida.<\/li>\n<li>16 de mayo: Sabadell \/ Amfiteatre Embassa&#8217;t.<\/li>\n<li>15 de junio: Val\u00e8ncia \/ Palau de les Arts.<\/li>\n<li>21 de julio: Talarn \/ Talarn Music Experience.<\/li>\n<li>27 de julio: Tarragona \/ Auditori Camp de Mart.<\/li>\n<li>2 de agosto: Roses \/ Sons del M\u00f3n.<\/li>\n<li>8 de agosto: Sant Feliu de Gu\u00edxols \/ Porta Ferrada.<\/li>\n<li>4 de octubre: Andorra \/ Auditori Escaldes.<\/li>\n<li>30 de noviembre: Viladecans \/ Atrium.<\/li>\n<li>14 de diciembre: Girona \/ Auditori.<\/li>\n<\/ul>\n<p>Las entradas para la gira de Ant\u00f2nia Font 2024 se pondr\u00e1n a la venta a partir de las 11:00 del d\u00eda 3 de octubre en <a href=\"http:\/\/www.antoniafont.cat\/\" target=\"_new\" rel=\"noopener\">www.antoniafont.cat.<\/a><\/p>\n<div id=\"attachment_39107\" style=\"width: 1930px\" class=\"wp-caption aligncenter\"><img decoding=\"async\" aria-describedby=\"caption-attachment-39107\" class=\"size-full wp-image-39107\" src=\"https:\/\/mallorcaglobalmag.es\/wp-content\/uploads\/267540818_443072970516832_8336551249566161896_n.jpg\" alt=\"gira Ant\u00f2nia Font 2024\" width=\"1920\" height=\"1920\" srcset=\"https:\/\/mallorcaglobalmag.es\/wp-content\/uploads\/267540818_443072970516832_8336551249566161896_n-66x66.jpg 66w, https:\/\/mallorcaglobalmag.es\/wp-content\/uploads\/267540818_443072970516832_8336551249566161896_n-150x150.jpg 150w, https:\/\/mallorcaglobalmag.es\/wp-content\/uploads\/267540818_443072970516832_8336551249566161896_n-200x200.jpg 200w, https:\/\/mallorcaglobalmag.es\/wp-content\/uploads\/267540818_443072970516832_8336551249566161896_n-300x300.jpg 300w, https:\/\/mallorcaglobalmag.es\/wp-content\/uploads\/267540818_443072970516832_8336551249566161896_n-400x400.jpg 400w, https:\/\/mallorcaglobalmag.es\/wp-content\/uploads\/267540818_443072970516832_8336551249566161896_n-600x600.jpg 600w, https:\/\/mallorcaglobalmag.es\/wp-content\/uploads\/267540818_443072970516832_8336551249566161896_n-768x768.jpg 768w, https:\/\/mallorcaglobalmag.es\/wp-content\/uploads\/267540818_443072970516832_8336551249566161896_n-800x800.jpg 800w, https:\/\/mallorcaglobalmag.es\/wp-content\/uploads\/267540818_443072970516832_8336551249566161896_n-1024x1024.jpg 1024w, https:\/\/mallorcaglobalmag.es\/wp-content\/uploads\/267540818_443072970516832_8336551249566161896_n-1200x1200.jpg 1200w, https:\/\/mallorcaglobalmag.es\/wp-content\/uploads\/267540818_443072970516832_8336551249566161896_n-1536x1536.jpg 1536w, https:\/\/mallorcaglobalmag.es\/wp-content\/uploads\/267540818_443072970516832_8336551249566161896_n.jpg 1920w\" sizes=\"(max-width: 1920px) 100vw, 1920px\" \/><p id=\"caption-attachment-39107\" class=\"wp-caption-text\">Foto: Facebook oficial Ant\u00f2nia Font.<\/p><\/div>\n","protected":false},"excerpt":{"rendered":"<p>Instagram ha sido la plataforma elegida para anunciar la gira <a href=\"https:\/\/mallorcaglobalmag.es\/en\/gira-antonia-font-2024-conciertos\/\"> [&#8230;]<\/a><\/p>\n","protected":false},"author":4,"featured_media":39108,"comment_status":"open","ping_status":"open","sticky":false,"template":"","format":"standard","meta":{"footnotes":""},"categories":[1514],"tags":[],"class_list":["post-99666","post","type-post","status-publish","format-standard","has-post-thumbnail","hentry","category-culture"],"yoast_head":"<!-- This site is optimized with the Yoast SEO plugin v25.2 - https:\/\/yoast.com\/wordpress\/plugins\/seo\/ -->\n<title>Gira de Ant\u00f2nia Font en 2024: fechas de los conciertos y entradas - Mallorca Global Mag<\/title>\n<meta name=\"description\" content=\"Instagram ha sido la plataforma elegida para anunciar la gira de Ant\u00f2nia Font en 2024. El grupo mallorqu\u00edn ofrecer\u00e1 al menos 18 conciertos.\" \/>\n<meta name=\"robots\" content=\"index, follow, max-snippet:-1, max-image-preview:large, max-video-preview:-1\" \/>\n<link rel=\"canonical\" href=\"https:\/\/mallorcaglobalmag.es\/en\/gira-antonia-font-2024-conciertos\/\" \/>\n<meta property=\"og:locale\" content=\"en_US\" \/>\n<meta property=\"og:type\" content=\"article\" \/>\n<meta property=\"og:title\" content=\"Gira de Ant\u00f2nia Font en 2024: fechas de los conciertos y entradas - Mallorca Global Mag\" \/>\n<meta property=\"og:description\" content=\"Instagram ha sido la plataforma elegida para anunciar la gira de Ant\u00f2nia Font en 2024. El grupo mallorqu\u00edn ofrecer\u00e1 al menos 18 conciertos.\" \/>\n<meta property=\"og:url\" content=\"https:\/\/mallorcaglobalmag.es\/en\/gira-antonia-font-2024-conciertos\/\" \/>\n<meta property=\"og:site_name\" content=\"Mallorca Global Mag\" \/>\n<meta property=\"article:published_time\" content=\"2023-09-28T13:49:41+00:00\" \/>\n<meta property=\"og:image\" content=\"https:\/\/mallorcaglobalmag.es\/wp-content\/uploads\/267540818_443072970516832_8336551249566161896_n.jpg\" \/>\n\t<meta property=\"og:image:width\" content=\"1920\" \/>\n\t<meta property=\"og:image:height\" content=\"1920\" \/>\n\t<meta property=\"og:image:type\" content=\"image\/jpeg\" \/>\n<meta name=\"author\" content=\"Redacci\u00f3n\" \/>\n<meta name=\"twitter:card\" content=\"summary_large_image\" \/>\n<meta name=\"twitter:label1\" content=\"Written by\" \/>\n\t<meta name=\"twitter:data1\" content=\"Redacci\u00f3n\" \/>\n\t<meta name=\"twitter:label2\" content=\"Est. reading time\" \/>\n\t<meta name=\"twitter:data2\" content=\"2 minutes\" \/>\n<script type=\"application\/ld+json\" class=\"yoast-schema-graph\">{\"@context\":\"https:\/\/schema.org\",\"@graph\":[{\"@type\":\"WebPage\",\"@id\":\"https:\/\/mallorcaglobalmag.es\/en\/gira-antonia-font-2024-conciertos\/\",\"url\":\"https:\/\/mallorcaglobalmag.es\/en\/gira-antonia-font-2024-conciertos\/\",\"name\":\"Gira de Ant\u00f2nia Font en 2024: fechas de los conciertos y entradas - Mallorca Global Mag\",\"isPartOf\":{\"@id\":\"https:\/\/mallorcaglobalmag.es\/#website\"},\"primaryImageOfPage\":{\"@id\":\"https:\/\/mallorcaglobalmag.es\/en\/gira-antonia-font-2024-conciertos\/#primaryimage\"},\"image\":{\"@id\":\"https:\/\/mallorcaglobalmag.es\/en\/gira-antonia-font-2024-conciertos\/#primaryimage\"},\"thumbnailUrl\":\"https:\/\/mallorcaglobalmag.es\/wp-content\/uploads\/267540818_443072970516832_8336551249566161896_n.jpg\",\"datePublished\":\"2023-09-28T13:49:41+00:00\",\"author\":{\"@id\":\"https:\/\/mallorcaglobalmag.es\/#\/schema\/person\/9a3cf523d44bd4905a14be13db051907\"},\"description\":\"Instagram ha sido la plataforma elegida para anunciar la gira de Ant\u00f2nia Font en 2024. El grupo mallorqu\u00edn ofrecer\u00e1 al menos 18 conciertos.\",\"breadcrumb\":{\"@id\":\"https:\/\/mallorcaglobalmag.es\/en\/gira-antonia-font-2024-conciertos\/#breadcrumb\"},\"inLanguage\":\"en-US\",\"potentialAction\":[{\"@type\":\"ReadAction\",\"target\":[\"https:\/\/mallorcaglobalmag.es\/en\/gira-antonia-font-2024-conciertos\/\"]}]},{\"@type\":\"ImageObject\",\"inLanguage\":\"en-US\",\"@id\":\"https:\/\/mallorcaglobalmag.es\/en\/gira-antonia-font-2024-conciertos\/#primaryimage\",\"url\":\"https:\/\/mallorcaglobalmag.es\/wp-content\/uploads\/267540818_443072970516832_8336551249566161896_n.jpg\",\"contentUrl\":\"https:\/\/mallorcaglobalmag.es\/wp-content\/uploads\/267540818_443072970516832_8336551249566161896_n.jpg\",\"width\":1920,\"height\":1920,\"caption\":\"Foto: Facebook oficial Ant\u00f2nia Font.\"},{\"@type\":\"BreadcrumbList\",\"@id\":\"https:\/\/mallorcaglobalmag.es\/en\/gira-antonia-font-2024-conciertos\/#breadcrumb\",\"itemListElement\":[{\"@type\":\"ListItem\",\"position\":1,\"name\":\"Portada\",\"item\":\"https:\/\/mallorcaglobalmag.es\/en\/\"},{\"@type\":\"ListItem\",\"position\":2,\"name\":\"Gira de Ant\u00f2nia Font en 2024: ofrecer\u00e1n casi 20 conciertos en teatros\"}]},{\"@type\":\"WebSite\",\"@id\":\"https:\/\/mallorcaglobalmag.es\/#website\",\"url\":\"https:\/\/mallorcaglobalmag.es\/\",\"name\":\"Mallorca Global Mag\",\"description\":\"Revista de informaci\u00f3n general de Mallorca\",\"potentialAction\":[{\"@type\":\"SearchAction\",\"target\":{\"@type\":\"EntryPoint\",\"urlTemplate\":\"https:\/\/mallorcaglobalmag.es\/?s={search_term_string}\"},\"query-input\":{\"@type\":\"PropertyValueSpecification\",\"valueRequired\":true,\"valueName\":\"search_term_string\"}}],\"inLanguage\":\"en-US\"},{\"@type\":\"Person\",\"@id\":\"https:\/\/mallorcaglobalmag.es\/#\/schema\/person\/9a3cf523d44bd4905a14be13db051907\",\"name\":\"Redacci\u00f3n\",\"image\":{\"@type\":\"ImageObject\",\"inLanguage\":\"en-US\",\"@id\":\"https:\/\/mallorcaglobalmag.es\/#\/schema\/person\/image\/\",\"url\":\"https:\/\/secure.gravatar.com\/avatar\/54a4bcd1a68eccdda3505d7ee5d6ebb8e5dd78095a07d388940305fac2e49572?s=96&d=mm&r=g\",\"contentUrl\":\"https:\/\/secure.gravatar.com\/avatar\/54a4bcd1a68eccdda3505d7ee5d6ebb8e5dd78095a07d388940305fac2e49572?s=96&d=mm&r=g\",\"caption\":\"Redacci\u00f3n\"},\"url\":\"https:\/\/mallorcaglobalmag.es\/en\/author\/elena\/\"}]}<\/script>\n<!-- \/ Yoast SEO plugin. -->","yoast_head_json":{"title":"Gira de Ant\u00f2nia Font en 2024: fechas de los conciertos y entradas - Mallorca Global Mag","description":"Instagram ha sido la plataforma elegida para anunciar la gira de Ant\u00f2nia Font en 2024. El grupo mallorqu\u00edn ofrecer\u00e1 al menos 18 conciertos.","robots":{"index":"index","follow":"follow","max-snippet":"max-snippet:-1","max-image-preview":"max-image-preview:large","max-video-preview":"max-video-preview:-1"},"canonical":"https:\/\/mallorcaglobalmag.es\/en\/gira-antonia-font-2024-conciertos\/","og_locale":"en_US","og_type":"article","og_title":"Gira de Ant\u00f2nia Font en 2024: fechas de los conciertos y entradas - Mallorca Global Mag","og_description":"Instagram ha sido la plataforma elegida para anunciar la gira de Ant\u00f2nia Font en 2024. El grupo mallorqu\u00edn ofrecer\u00e1 al menos 18 conciertos.","og_url":"https:\/\/mallorcaglobalmag.es\/en\/gira-antonia-font-2024-conciertos\/","og_site_name":"Mallorca Global Mag","article_published_time":"2023-09-28T13:49:41+00:00","og_image":[{"width":1920,"height":1920,"url":"https:\/\/mallorcaglobalmag.es\/wp-content\/uploads\/267540818_443072970516832_8336551249566161896_n.jpg","type":"image\/jpeg"}],"author":"Redacci\u00f3n","twitter_card":"summary_large_image","twitter_misc":{"Written by":"Redacci\u00f3n","Est. reading time":"2 minutes"},"schema":{"@context":"https:\/\/schema.org","@graph":[{"@type":"WebPage","@id":"https:\/\/mallorcaglobalmag.es\/en\/gira-antonia-font-2024-conciertos\/","url":"https:\/\/mallorcaglobalmag.es\/en\/gira-antonia-font-2024-conciertos\/","name":"Gira de Ant\u00f2nia Font en 2024: fechas de los conciertos y entradas - Mallorca Global Mag","isPartOf":{"@id":"https:\/\/mallorcaglobalmag.es\/#website"},"primaryImageOfPage":{"@id":"https:\/\/mallorcaglobalmag.es\/en\/gira-antonia-font-2024-conciertos\/#primaryimage"},"image":{"@id":"https:\/\/mallorcaglobalmag.es\/en\/gira-antonia-font-2024-conciertos\/#primaryimage"},"thumbnailUrl":"https:\/\/mallorcaglobalmag.es\/wp-content\/uploads\/267540818_443072970516832_8336551249566161896_n.jpg","datePublished":"2023-09-28T13:49:41+00:00","author":{"@id":"https:\/\/mallorcaglobalmag.es\/#\/schema\/person\/9a3cf523d44bd4905a14be13db051907"},"description":"Instagram ha sido la plataforma elegida para anunciar la gira de Ant\u00f2nia Font en 2024. El grupo mallorqu\u00edn ofrecer\u00e1 al menos 18 conciertos.","breadcrumb":{"@id":"https:\/\/mallorcaglobalmag.es\/en\/gira-antonia-font-2024-conciertos\/#breadcrumb"},"inLanguage":"en-US","potentialAction":[{"@type":"ReadAction","target":["https:\/\/mallorcaglobalmag.es\/en\/gira-antonia-font-2024-conciertos\/"]}]},{"@type":"ImageObject","inLanguage":"en-US","@id":"https:\/\/mallorcaglobalmag.es\/en\/gira-antonia-font-2024-conciertos\/#primaryimage","url":"https:\/\/mallorcaglobalmag.es\/wp-content\/uploads\/267540818_443072970516832_8336551249566161896_n.jpg","contentUrl":"https:\/\/mallorcaglobalmag.es\/wp-content\/uploads\/267540818_443072970516832_8336551249566161896_n.jpg","width":1920,"height":1920,"caption":"Foto: Facebook oficial Ant\u00f2nia Font."},{"@type":"BreadcrumbList","@id":"https:\/\/mallorcaglobalmag.es\/en\/gira-antonia-font-2024-conciertos\/#breadcrumb","itemListElement":[{"@type":"ListItem","position":1,"name":"Portada","item":"https:\/\/mallorcaglobalmag.es\/en\/"},{"@type":"ListItem","position":2,"name":"Gira de Ant\u00f2nia Font en 2024: ofrecer\u00e1n casi 20 conciertos en teatros"}]},{"@type":"WebSite","@id":"https:\/\/mallorcaglobalmag.es\/#website","url":"https:\/\/mallorcaglobalmag.es\/","name":"Mallorca Global Mag","description":"Revista de informaci\u00f3n general de Mallorca","potentialAction":[{"@type":"SearchAction","target":{"@type":"EntryPoint","urlTemplate":"https:\/\/mallorcaglobalmag.es\/?s={search_term_string}"},"query-input":{"@type":"PropertyValueSpecification","valueRequired":true,"valueName":"search_term_string"}}],"inLanguage":"en-US"},{"@type":"Person","@id":"https:\/\/mallorcaglobalmag.es\/#\/schema\/person\/9a3cf523d44bd4905a14be13db051907","name":"Redacci\u00f3n","image":{"@type":"ImageObject","inLanguage":"en-US","@id":"https:\/\/mallorcaglobalmag.es\/#\/schema\/person\/image\/","url":"https:\/\/secure.gravatar.com\/avatar\/54a4bcd1a68eccdda3505d7ee5d6ebb8e5dd78095a07d388940305fac2e49572?s=96&d=mm&r=g","contentUrl":"https:\/\/secure.gravatar.com\/avatar\/54a4bcd1a68eccdda3505d7ee5d6ebb8e5dd78095a07d388940305fac2e49572?s=96&d=mm&r=g","caption":"Redacci\u00f3n"},"url":"https:\/\/mallorcaglobalmag.es\/en\/author\/elena\/"}]}},"_links":{"self":[{"href":"https:\/\/mallorcaglobalmag.es\/en\/wp-json\/wp\/v2\/posts\/99666","targetHints":{"allow":["GET"]}}],"collection":[{"href":"https:\/\/mallorcaglobalmag.es\/en\/wp-json\/wp\/v2\/posts"}],"about":[{"href":"https:\/\/mallorcaglobalmag.es\/en\/wp-json\/wp\/v2\/types\/post"}],"author":[{"embeddable":true,"href":"https:\/\/mallorcaglobalmag.es\/en\/wp-json\/wp\/v2\/users\/4"}],"replies":[{"embeddable":true,"href":"https:\/\/mallorcaglobalmag.es\/en\/wp-json\/wp\/v2\/comments?post=99666"}],"version-history":[{"count":0,"href":"https:\/\/mallorcaglobalmag.es\/en\/wp-json\/wp\/v2\/posts\/99666\/revisions"}],"wp:featuredmedia":[{"embeddable":true,"href":"https:\/\/mallorcaglobalmag.es\/en\/wp-json\/wp\/v2\/media\/39108"}],"wp:attachment":[{"href":"https:\/\/mallorcaglobalmag.es\/en\/wp-json\/wp\/v2\/media?parent=99666"}],"wp:term":[{"taxonomy":"category","embeddable":true,"href":"https:\/\/mallorcaglobalmag.es\/en\/wp-json\/wp\/v2\/categories?post=99666"},{"taxonomy":"post_tag","embeddable":true,"href":"https:\/\/mallorcaglobalmag.es\/en\/wp-json\/wp\/v2\/tags?post=99666"}],"curies":[{"name":"wp","href":"https:\/\/api.w.org\/{rel}","templated":true}]}}