{"id":65054,"date":"2023-08-26T07:46:57","date_gmt":"2023-08-26T05:46:57","guid":{"rendered":"https:\/\/mallorcaglobalmag.es\/?p=65054"},"modified":"2023-08-23T12:09:05","modified_gmt":"2023-08-23T10:09:05","slug":"patron-saint-festivities-and-open-air-dances-this-august-weekend-in-mallorca-leisure-programs","status":"publish","type":"post","link":"https:\/\/mallorcaglobalmag.es\/en\/patron-saint-festivities-and-open-air-dances-this-august-weekend-in-mallorca-leisure-programs\/","title":{"rendered":"Patron saint festivities this August weekend in Mallorca"},"content":{"rendered":"<p>Celebrations and festivities continue in August in Mallorca, spread throughout the length and breadth of the island. Tradition and current events are mixed in the program of the different municipalities of the island that still have activities for the whole family during this weekend and the month of September<\/p>\n<h2>Fiestas de Sant Agust\u00ed in Felanitx<\/h2>\n<p>Until September 30, the municipality of Llevant de Mallorca celebrates its popular patron saint festivities with a rich program that you can <a href=\"https:\/\/felanitx.org\/web\/programa-de-les-festes-de-sant-agusti-2023\/\" target=\"_blank\" rel=\"noopener\">consult on the website of the Town Hall<\/a>.<\/p>\n<ul>\n<li>\n<h3>Saturday, August 26th<\/h3>\n<\/li>\n<li><strong>XIX Sant Salvador car race<\/strong>. Training from 8:45 am and then race. Road closure at 7:00 h. Place: Puig de Sant Salvador.<\/li>\n<li><strong>Ajuntament de Felanitx Vall d&#8217;Or Golf Trophy<\/strong>. 9:30h. Place: Vall d&#8217;Or Golf.\u00a0Hunting course competition. Shooting competition against projected targets. Only federated hunters can participate. All day long. Place: Son Mesquida.<\/li>\n<li><strong>Presentation of Les cares de la cugula by Miquel \u00c0ngel Adrover, poetry prize Miquel Bau\u00e7\u00e0 2023<\/strong>. Speakers: Miquel \u00c0ngel Adrover, Gl\u00f2ria Juli\u00e0, Pau Vadell, Miquel Servera and Annabel Villalonga. 19:00h. Place: Hospici de Felanitx.<\/li>\n<li><em><strong>Correfoc<\/strong><\/em>. By Espiadimonis, Dimonis a Lloure, Guardians de Drac de Sant Jordi, Bocs i Focs, Dimonis de Fang i Capocorb. 22:00h. Route: Pla\u00e7a Santa Margalida, carrer Major, carrer Miquel Bordoy, pla\u00e7a Pax, carrer Bellpuig and passeig Joan Estelrich.<\/li>\n<li><em><strong>Verbena<\/strong><\/em>. Na Pipona, Don Patricio, Foranom and DJ Son Estiercol. 23:00h. Place: Parc Municipal de sa Torre de Felanitx. Free admission. Doors open at 19h<\/li>\n<li>\n<h3><strong>Sunday, August 27th<\/strong><\/h3>\n<\/li>\n<li><strong>X Fira nocturna de Sant Agust\u00ed and street gastronomy with food trucks.<\/strong>\u00a018:00 h. Place: Passeig Ramon Llull.<\/li>\n<li><strong><em>Cercavila<\/em> through the streets of Felanitx<\/strong>. With cavallets, dimonis and caparrots. 19:00 h. Place: departure and first dance at the Casa de Cultura.<\/li>\n<li><strong><em>Completes de Sant Agust\u00ed<\/em><\/strong>. Sung by the Felanitx Choir. 22:00h. Place: Convent of Sant Agust\u00ed de Felanitx. Afterwards, procession in the pla\u00e7a d&#8217;es Convent with the participation of the <em>cavallets<\/em> and concert by the Felanitx Music Band in the same pla\u00e7a d&#8217;es Convent.<\/li>\n<li><em><strong>Ballada popular<\/strong><\/em>. With the groups S&#8217;Estol Des Gerric\u00f3 and Agrupaci\u00f3 Abeniara. Place: Passeig Ramon Llull. From 10:30 pm. Afterwards, fireworks.<\/li>\n<\/ul>\n<h2><em>Festes patronals<\/em>\u00a0of Sant Joan<\/h2>\n<p>You can read their <a href=\"https:\/\/ajsantjoan.net\/sites\/cilma_sant_joan\/files\/2023-08\/Programa%20festes%20patronals%20de%20Sant%20Joan%202023.pdf\" target=\"_blank\" rel=\"noopener\">program of celebrations until August 31 here<\/a>.<\/p>\n<ul>\n<li>\n<h3><strong>Saturday, August 26th<\/strong><\/h3>\n<\/li>\n<li><em><strong>Vols que et canti un canti un conte?<\/strong><\/em> For children up to 6 years by na Margalida Contacontes. Place: Municipal Library. 19:00 h.<\/li>\n<li><strong>Concert of the Lluna en Vers<\/strong>. Performance by Tesa &amp; Jonatan Penalba. Ticket sale at www.lallunaenvers.cat. Discount for residents. 21:00 h. Place: Consolaci\u00f3.<\/li>\n<li><strong>Great night party<\/strong>. With the performances of : Anegats, Sonats, Dj Cr\u00edtiques, Dj Miki&amp;Karls at midnight in the Pla\u00e7a de la Constituci\u00f3.<\/li>\n<li>\n<h3><strong>Sunday, August 27th<\/strong><\/h3>\n<\/li>\n<li><strong>Performance by the Colla castellera dels Al-lots de Llevant.<\/strong>\u00a019:00 h. Place: Pla\u00e7a des Centro.<\/li>\n<li><strong><em>Ballada popular with Aires de Pagesia<\/em><\/strong>. 21:30 h. Place: Pla\u00e7a de la Constituci\u00f3.<\/li>\n<\/ul>\n<h2><em>Festes<\/em> in Ses Salines<\/h2>\n<p>Its <a href=\"https:\/\/ajsessalines.net\/sites\/cilma_ses_salines\/files\/2023-08\/WEB_compressed.pdf\" target=\"_blank\" rel=\"noopener\">summer festivities last until September<\/a>.<\/p>\n<ul>\n<li>\n<h3><b>Saturday, August 26th<\/b><\/h3>\n<\/li>\n<li><b><\/b><strong><em>XXIV Festa del Cavall de Ses Salines<\/em><\/strong>. Traditional festival of the municipality. The first <em>toc de flabiol<\/em> will be in front of the Town Hall, where the<em> replec<\/em> will begin. End of party with music. 20:00 h. Place: Pla\u00e7a de Sant Bartomeu<\/li>\n<\/ul>\n<p>You can also check the<a href=\"https:\/\/llucmajor.org\/wp-content\/uploads\/2023\/07\/Llucmajor_FiestasAgosto_2023_Castellano-web-1.pdf\" target=\"_blank\" rel=\"noopener\"> programs of festivities in Llucmajor<\/a>, <a href=\"https:\/\/ajselva.net\/sites\/cilma_selva\/files\/2023-08\/Festes%20populars%20d%27agost%20-%20Moscari%202023.pdf\" target=\"_blank\" rel=\"noopener\">Moscari<\/a>, <a href=\"https:\/\/www.ajmontuiri.net\/sites\/cilma_montuiri\/files\/2023-07\/PROGRAMA%20ST.%20BARTOMEU%202023.pdf\" target=\"_blank\" rel=\"noopener\">Montu\u00efri<\/a>, <a href=\"https:\/\/ajalgaida.net\/sites\/cilma_algaida\/files\/2023-08\/Triptico%20Folleto%20Fiestas%20RANDA%202023.pdf\" target=\"_blank\" rel=\"noopener\">Randa (Algaida)<\/a>, <a href=\"https:\/\/ajsoller.net\/sites\/cilma_soller\/files\/2023-08\/AF%20PROGRAMA%20ST%20BARTOMEU%2023%20QR.pdf\" target=\"_blank\" rel=\"noopener\">Festes de Sant Bartomeu in S\u00f3ller<\/a>, which end this Sunday, August 27th, <a href=\"http:\/\/www.calvia.com\/servlet\/model.web.ShowDoc?KDOCUMENTACIO=67543&amp;TABLENAME=WEB.DOCUMENTACIO&amp;pageProcessKey=LOADINGDOCUMENT&amp;ts=1691582343512\" target=\"_blank\" rel=\"noopener\">Son Ferrer (Calvi\u00e0)<\/a>, <a href=\"http:\/\/www.calvia.com\/servlet\/model.web.ShowDoc?KDOCUMENTACIO=67729&amp;TABLENAME=WEB.DOCUMENTACIO&amp;pageProcessKey=LOADINGDOCUMENT&amp;ts=1692702965122\" target=\"_blank\" rel=\"noopener\">Fiestas in Costa d&#8217;en Blanes (Calvi\u00e0)<\/a> or the <a href=\"https:\/\/ajvalldemossa.net\/sites\/cilma_valldemossa\/files\/Aj%20Valldemossa%20Festes%202023.pdf\" target=\"_blank\" rel=\"noopener\"><em>Festes de Sant Bartomeu in Valldemossa<\/em><\/a>, which end this Saturday, August 26th.<\/p>\n<p>&nbsp;<\/p>\n\n\t\t<style type=\"text\/css\">\n\t\t\t#gallery-1 {\n\t\t\t\tmargin: auto;\n\t\t\t}\n\t\t\t#gallery-1 .gallery-item {\n\t\t\t\tfloat: left;\n\t\t\t\tmargin-top: 10px;\n\t\t\t\ttext-align: center;\n\t\t\t\twidth: 33%;\n\t\t\t}\n\t\t\t#gallery-1 img {\n\t\t\t\tborder: 2px solid #cfcfcf;\n\t\t\t}\n\t\t\t#gallery-1 .gallery-caption {\n\t\t\t\tmargin-left: 0;\n\t\t\t}\n\t\t\t\/* see gallery_shortcode() in wp-includes\/media.php *\/\n\t\t<\/style>\n\t\t<div id='gallery-1' class='gallery galleryid-65054 gallery-columns-3 gallery-size-medium'><dl class='gallery-item'>\n\t\t\t<dt class='gallery-icon landscape'>\n\t\t\t\t<a data-rel=\"iLightbox[postimages]\" data-title=\"ajuntament de llucmajor 6\" data-caption=\"Photos: Ajuntament de Llucmajor.\" href='https:\/\/mallorcaglobalmag.es\/en\/patron-saint-festivities-and-open-air-dances-this-august-weekend-in-mallorca-leisure-programs\/ajuntament-de-llucmajor-6-2\/'><img decoding=\"async\" width=\"300\" height=\"200\" src=\"https:\/\/mallorcaglobalmag.es\/wp-content\/uploads\/ajuntament-de-llucmajor-6-300x200.jpeg\" class=\"attachment-medium size-medium\" alt=\"fiestas Mallorca\" aria-describedby=\"gallery-1-65027\" srcset=\"https:\/\/mallorcaglobalmag.es\/wp-content\/uploads\/ajuntament-de-llucmajor-6-200x133.jpeg 200w, https:\/\/mallorcaglobalmag.es\/wp-content\/uploads\/ajuntament-de-llucmajor-6-300x200.jpeg 300w, https:\/\/mallorcaglobalmag.es\/wp-content\/uploads\/ajuntament-de-llucmajor-6-400x267.jpeg 400w, https:\/\/mallorcaglobalmag.es\/wp-content\/uploads\/ajuntament-de-llucmajor-6-600x400.jpeg 600w, https:\/\/mallorcaglobalmag.es\/wp-content\/uploads\/ajuntament-de-llucmajor-6-768x512.jpeg 768w, https:\/\/mallorcaglobalmag.es\/wp-content\/uploads\/ajuntament-de-llucmajor-6-800x534.jpeg 800w, https:\/\/mallorcaglobalmag.es\/wp-content\/uploads\/ajuntament-de-llucmajor-6-1024x683.jpeg 1024w, https:\/\/mallorcaglobalmag.es\/wp-content\/uploads\/ajuntament-de-llucmajor-6.jpeg 1081w\" sizes=\"(max-width: 300px) 100vw, 300px\" \/><\/a>\n\t\t\t<\/dt>\n\t\t\t\t<dd class='wp-caption-text gallery-caption' id='gallery-1-65027'>\n\t\t\t\tPhotos: Ajuntament de Llucmajor.\n\t\t\t\t<\/dd><\/dl><dl class='gallery-item'>\n\t\t\t<dt class='gallery-icon landscape'>\n\t\t\t\t<a data-rel=\"iLightbox[postimages]\" data-title=\"ajuntament de llucmajor 2\" data-caption=\"Ajuntament de Llucmajor.\" href='https:\/\/mallorcaglobalmag.es\/en\/patron-saint-festivities-and-open-air-dances-this-august-weekend-in-mallorca-leisure-programs\/ajuntament-de-llucmajor-2-2\/'><img decoding=\"async\" width=\"300\" height=\"200\" src=\"https:\/\/mallorcaglobalmag.es\/wp-content\/uploads\/ajuntament-de-llucmajor-2-300x200.jpeg\" class=\"attachment-medium size-medium\" alt=\"\" aria-describedby=\"gallery-1-65021\" srcset=\"https:\/\/mallorcaglobalmag.es\/wp-content\/uploads\/ajuntament-de-llucmajor-2-200x133.jpeg 200w, https:\/\/mallorcaglobalmag.es\/wp-content\/uploads\/ajuntament-de-llucmajor-2-300x200.jpeg 300w, https:\/\/mallorcaglobalmag.es\/wp-content\/uploads\/ajuntament-de-llucmajor-2-400x267.jpeg 400w, https:\/\/mallorcaglobalmag.es\/wp-content\/uploads\/ajuntament-de-llucmajor-2-600x400.jpeg 600w, https:\/\/mallorcaglobalmag.es\/wp-content\/uploads\/ajuntament-de-llucmajor-2-768x512.jpeg 768w, https:\/\/mallorcaglobalmag.es\/wp-content\/uploads\/ajuntament-de-llucmajor-2-800x534.jpeg 800w, https:\/\/mallorcaglobalmag.es\/wp-content\/uploads\/ajuntament-de-llucmajor-2-1024x683.jpeg 1024w, https:\/\/mallorcaglobalmag.es\/wp-content\/uploads\/ajuntament-de-llucmajor-2.jpeg 1081w\" sizes=\"(max-width: 300px) 100vw, 300px\" \/><\/a>\n\t\t\t<\/dt>\n\t\t\t\t<dd class='wp-caption-text gallery-caption' id='gallery-1-65021'>\n\t\t\t\tAjuntament de Llucmajor.\n\t\t\t\t<\/dd><\/dl><dl class='gallery-item'>\n\t\t\t<dt class='gallery-icon landscape'>\n\t\t\t\t<a data-rel=\"iLightbox[postimages]\" data-title=\"ajuntament de llucmajor 4\" data-caption=\"Photo: Ajuntament de Llucmajor.\" href='https:\/\/mallorcaglobalmag.es\/en\/patron-saint-festivities-and-open-air-dances-this-august-weekend-in-mallorca-leisure-programs\/ajuntament-de-llucmajor-4-2\/'><img decoding=\"async\" width=\"300\" height=\"200\" src=\"https:\/\/mallorcaglobalmag.es\/wp-content\/uploads\/ajuntament-de-llucmajor-4-300x200.jpeg\" class=\"attachment-medium size-medium\" alt=\"fiestas Mallorca\" aria-describedby=\"gallery-1-65019\" srcset=\"https:\/\/mallorcaglobalmag.es\/wp-content\/uploads\/ajuntament-de-llucmajor-4-200x133.jpeg 200w, https:\/\/mallorcaglobalmag.es\/wp-content\/uploads\/ajuntament-de-llucmajor-4-300x200.jpeg 300w, https:\/\/mallorcaglobalmag.es\/wp-content\/uploads\/ajuntament-de-llucmajor-4-400x267.jpeg 400w, https:\/\/mallorcaglobalmag.es\/wp-content\/uploads\/ajuntament-de-llucmajor-4-600x400.jpeg 600w, https:\/\/mallorcaglobalmag.es\/wp-content\/uploads\/ajuntament-de-llucmajor-4-768x512.jpeg 768w, https:\/\/mallorcaglobalmag.es\/wp-content\/uploads\/ajuntament-de-llucmajor-4-800x534.jpeg 800w, https:\/\/mallorcaglobalmag.es\/wp-content\/uploads\/ajuntament-de-llucmajor-4-1024x683.jpeg 1024w, https:\/\/mallorcaglobalmag.es\/wp-content\/uploads\/ajuntament-de-llucmajor-4.jpeg 1081w\" sizes=\"(max-width: 300px) 100vw, 300px\" \/><\/a>\n\t\t\t<\/dt>\n\t\t\t\t<dd class='wp-caption-text gallery-caption' id='gallery-1-65019'>\n\t\t\t\tPhoto: Ajuntament de Llucmajor.\n\t\t\t\t<\/dd><\/dl><br style=\"clear: both\" \/><dl class='gallery-item'>\n\t\t\t<dt class='gallery-icon landscape'>\n\t\t\t\t<a data-rel=\"iLightbox[postimages]\" data-title=\"ajuntament de llucmajor 5\" data-caption=\"Ajuntament de Llucmajor.\" href='https:\/\/mallorcaglobalmag.es\/en\/patron-saint-festivities-and-open-air-dances-this-august-weekend-in-mallorca-leisure-programs\/ajuntament-de-llucmajor-5-2\/'><img decoding=\"async\" width=\"300\" height=\"200\" src=\"https:\/\/mallorcaglobalmag.es\/wp-content\/uploads\/ajuntament-de-llucmajor-5-300x200.jpeg\" class=\"attachment-medium size-medium\" alt=\"Fiestas Mallorca\" aria-describedby=\"gallery-1-65029\" srcset=\"https:\/\/mallorcaglobalmag.es\/wp-content\/uploads\/ajuntament-de-llucmajor-5-200x133.jpeg 200w, https:\/\/mallorcaglobalmag.es\/wp-content\/uploads\/ajuntament-de-llucmajor-5-300x200.jpeg 300w, https:\/\/mallorcaglobalmag.es\/wp-content\/uploads\/ajuntament-de-llucmajor-5-400x267.jpeg 400w, https:\/\/mallorcaglobalmag.es\/wp-content\/uploads\/ajuntament-de-llucmajor-5-600x400.jpeg 600w, https:\/\/mallorcaglobalmag.es\/wp-content\/uploads\/ajuntament-de-llucmajor-5-768x512.jpeg 768w, https:\/\/mallorcaglobalmag.es\/wp-content\/uploads\/ajuntament-de-llucmajor-5-800x534.jpeg 800w, https:\/\/mallorcaglobalmag.es\/wp-content\/uploads\/ajuntament-de-llucmajor-5-1024x683.jpeg 1024w, https:\/\/mallorcaglobalmag.es\/wp-content\/uploads\/ajuntament-de-llucmajor-5.jpeg 1081w\" sizes=\"(max-width: 300px) 100vw, 300px\" \/><\/a>\n\t\t\t<\/dt>\n\t\t\t\t<dd class='wp-caption-text gallery-caption' id='gallery-1-65029'>\n\t\t\t\tAjuntament de Llucmajor.\n\t\t\t\t<\/dd><\/dl><dl class='gallery-item'>\n\t\t\t<dt class='gallery-icon landscape'>\n\t\t\t\t<a data-rel=\"iLightbox[postimages]\" data-title=\"ajuntament d&#8217;Algaida 2\" data-caption=\"Photo: Ajuntament d&#039;Algaida.\" href='https:\/\/mallorcaglobalmag.es\/en\/patron-saint-festivities-and-open-air-dances-this-august-weekend-in-mallorca-leisure-programs\/ajuntament-dalgaida-2-2\/'><img decoding=\"async\" width=\"300\" height=\"225\" src=\"https:\/\/mallorcaglobalmag.es\/wp-content\/uploads\/ajuntament-dAlgaida-2-300x225.jpeg\" class=\"attachment-medium size-medium\" alt=\"fiestas Mallorca Algaida\" aria-describedby=\"gallery-1-65032\" srcset=\"https:\/\/mallorcaglobalmag.es\/wp-content\/uploads\/ajuntament-dAlgaida-2-200x150.jpeg 200w, https:\/\/mallorcaglobalmag.es\/wp-content\/uploads\/ajuntament-dAlgaida-2-300x225.jpeg 300w, https:\/\/mallorcaglobalmag.es\/wp-content\/uploads\/ajuntament-dAlgaida-2-400x300.jpeg 400w, https:\/\/mallorcaglobalmag.es\/wp-content\/uploads\/ajuntament-dAlgaida-2-600x450.jpeg 600w, https:\/\/mallorcaglobalmag.es\/wp-content\/uploads\/ajuntament-dAlgaida-2-768x576.jpeg 768w, https:\/\/mallorcaglobalmag.es\/wp-content\/uploads\/ajuntament-dAlgaida-2-800x600.jpeg 800w, https:\/\/mallorcaglobalmag.es\/wp-content\/uploads\/ajuntament-dAlgaida-2-1024x768.jpeg 1024w, https:\/\/mallorcaglobalmag.es\/wp-content\/uploads\/ajuntament-dAlgaida-2-1200x900.jpeg 1200w, https:\/\/mallorcaglobalmag.es\/wp-content\/uploads\/ajuntament-dAlgaida-2-1536x1152.jpeg 1536w\" sizes=\"(max-width: 300px) 100vw, 300px\" \/><\/a>\n\t\t\t<\/dt>\n\t\t\t\t<dd class='wp-caption-text gallery-caption' id='gallery-1-65032'>\n\t\t\t\tPhoto: Ajuntament d&#8217;Algaida.\n\t\t\t\t<\/dd><\/dl><dl class='gallery-item'>\n\t\t\t<dt class='gallery-icon landscape'>\n\t\t\t\t<a data-rel=\"iLightbox[postimages]\" data-title=\"ajuntament d&#8217;algaida 3\" data-caption=\"Ajuntament d&#039;Algaida.\" href='https:\/\/mallorcaglobalmag.es\/en\/patron-saint-festivities-and-open-air-dances-this-august-weekend-in-mallorca-leisure-programs\/ajuntament-dalgaida-3-2\/'><img decoding=\"async\" width=\"300\" height=\"169\" src=\"https:\/\/mallorcaglobalmag.es\/wp-content\/uploads\/ajuntament-dalgaida-3-300x169.jpeg\" class=\"attachment-medium size-medium\" alt=\"fira algaida 2024\" aria-describedby=\"gallery-1-65034\" srcset=\"https:\/\/mallorcaglobalmag.es\/wp-content\/uploads\/ajuntament-dalgaida-3-200x112.jpeg 200w, https:\/\/mallorcaglobalmag.es\/wp-content\/uploads\/ajuntament-dalgaida-3-300x169.jpeg 300w, https:\/\/mallorcaglobalmag.es\/wp-content\/uploads\/ajuntament-dalgaida-3-400x225.jpeg 400w, https:\/\/mallorcaglobalmag.es\/wp-content\/uploads\/ajuntament-dalgaida-3-600x337.jpeg 600w, https:\/\/mallorcaglobalmag.es\/wp-content\/uploads\/ajuntament-dalgaida-3-768x432.jpeg 768w, https:\/\/mallorcaglobalmag.es\/wp-content\/uploads\/ajuntament-dalgaida-3-800x450.jpeg 800w, https:\/\/mallorcaglobalmag.es\/wp-content\/uploads\/ajuntament-dalgaida-3-1024x576.jpeg 1024w, https:\/\/mallorcaglobalmag.es\/wp-content\/uploads\/ajuntament-dalgaida-3-1200x675.jpeg 1200w, https:\/\/mallorcaglobalmag.es\/wp-content\/uploads\/ajuntament-dalgaida-3-1536x864.jpeg 1536w, https:\/\/mallorcaglobalmag.es\/wp-content\/uploads\/ajuntament-dalgaida-3.jpeg 1599w\" sizes=\"(max-width: 300px) 100vw, 300px\" \/><\/a>\n\t\t\t<\/dt>\n\t\t\t\t<dd class='wp-caption-text gallery-caption' id='gallery-1-65034'>\n\t\t\t\tAjuntament d&#8217;Algaida.\n\t\t\t\t<\/dd><\/dl><br style=\"clear: both\" \/><dl class='gallery-item'>\n\t\t\t<dt class='gallery-icon landscape'>\n\t\t\t\t<a data-rel=\"iLightbox[postimages]\" data-title=\"Ajuntament d&#8217;Algaida\" data-caption=\"Photo: Ajuntament d&#039;Algaida.\" href='https:\/\/mallorcaglobalmag.es\/en\/patron-saint-festivities-and-open-air-dances-this-august-weekend-in-mallorca-leisure-programs\/ajuntament-dalgaida-4\/'><img decoding=\"async\" width=\"300\" height=\"225\" src=\"https:\/\/mallorcaglobalmag.es\/wp-content\/uploads\/Ajuntament-dAlgaida-300x225.jpeg\" class=\"attachment-medium size-medium\" alt=\"\" aria-describedby=\"gallery-1-65036\" srcset=\"https:\/\/mallorcaglobalmag.es\/wp-content\/uploads\/Ajuntament-dAlgaida-200x150.jpeg 200w, https:\/\/mallorcaglobalmag.es\/wp-content\/uploads\/Ajuntament-dAlgaida-300x225.jpeg 300w, https:\/\/mallorcaglobalmag.es\/wp-content\/uploads\/Ajuntament-dAlgaida-400x300.jpeg 400w, https:\/\/mallorcaglobalmag.es\/wp-content\/uploads\/Ajuntament-dAlgaida-600x450.jpeg 600w, https:\/\/mallorcaglobalmag.es\/wp-content\/uploads\/Ajuntament-dAlgaida-768x576.jpeg 768w, https:\/\/mallorcaglobalmag.es\/wp-content\/uploads\/Ajuntament-dAlgaida-800x600.jpeg 800w, https:\/\/mallorcaglobalmag.es\/wp-content\/uploads\/Ajuntament-dAlgaida-1024x768.jpeg 1024w, https:\/\/mallorcaglobalmag.es\/wp-content\/uploads\/Ajuntament-dAlgaida-1200x900.jpeg 1200w, https:\/\/mallorcaglobalmag.es\/wp-content\/uploads\/Ajuntament-dAlgaida-1536x1152.jpeg 1536w, https:\/\/mallorcaglobalmag.es\/wp-content\/uploads\/Ajuntament-dAlgaida.jpeg 1600w\" sizes=\"(max-width: 300px) 100vw, 300px\" \/><\/a>\n\t\t\t<\/dt>\n\t\t\t\t<dd class='wp-caption-text gallery-caption' id='gallery-1-65036'>\n\t\t\t\tPhoto: Ajuntament d&#8217;Algaida.\n\t\t\t\t<\/dd><\/dl><dl class='gallery-item'>\n\t\t\t<dt class='gallery-icon landscape'>\n\t\t\t\t<a data-rel=\"iLightbox[postimages]\" data-title=\"ajuntament de ses salines 2\" data-caption=\"Ajuntament de Ses Salines.\" href='https:\/\/mallorcaglobalmag.es\/en\/patron-saint-festivities-and-open-air-dances-this-august-weekend-in-mallorca-leisure-programs\/ajuntament-de-ses-salines-2-2\/'><img decoding=\"async\" width=\"300\" height=\"225\" src=\"https:\/\/mallorcaglobalmag.es\/wp-content\/uploads\/ajuntament-de-ses-salines-2-300x225.jpeg\" class=\"attachment-medium size-medium\" alt=\"\" aria-describedby=\"gallery-1-65038\" srcset=\"https:\/\/mallorcaglobalmag.es\/wp-content\/uploads\/ajuntament-de-ses-salines-2-200x150.jpeg 200w, https:\/\/mallorcaglobalmag.es\/wp-content\/uploads\/ajuntament-de-ses-salines-2-300x225.jpeg 300w, https:\/\/mallorcaglobalmag.es\/wp-content\/uploads\/ajuntament-de-ses-salines-2-400x299.jpeg 400w, https:\/\/mallorcaglobalmag.es\/wp-content\/uploads\/ajuntament-de-ses-salines-2-600x449.jpeg 600w, https:\/\/mallorcaglobalmag.es\/wp-content\/uploads\/ajuntament-de-ses-salines-2-768x575.jpeg 768w, https:\/\/mallorcaglobalmag.es\/wp-content\/uploads\/ajuntament-de-ses-salines-2-800x599.jpeg 800w, https:\/\/mallorcaglobalmag.es\/wp-content\/uploads\/ajuntament-de-ses-salines-2-1024x767.jpeg 1024w, https:\/\/mallorcaglobalmag.es\/wp-content\/uploads\/ajuntament-de-ses-salines-2-1200x898.jpeg 1200w, https:\/\/mallorcaglobalmag.es\/wp-content\/uploads\/ajuntament-de-ses-salines-2.jpeg 1440w\" sizes=\"(max-width: 300px) 100vw, 300px\" \/><\/a>\n\t\t\t<\/dt>\n\t\t\t\t<dd class='wp-caption-text gallery-caption' id='gallery-1-65038'>\n\t\t\t\tAjuntament de Ses Salines.\n\t\t\t\t<\/dd><\/dl><dl class='gallery-item'>\n\t\t\t<dt class='gallery-icon landscape'>\n\t\t\t\t<a data-rel=\"iLightbox[postimages]\" data-title=\"ajuntament de ses salines\" data-caption=\"Foto: Ajuntament de Ses Salines.\" href='https:\/\/mallorcaglobalmag.es\/en\/patron-saint-festivities-and-open-air-dances-this-august-weekend-in-mallorca-leisure-programs\/ajuntament-de-ses-salines-3\/'><img decoding=\"async\" width=\"300\" height=\"225\" src=\"https:\/\/mallorcaglobalmag.es\/wp-content\/uploads\/ajuntament-de-ses-salines-300x225.jpeg\" class=\"attachment-medium size-medium\" alt=\"\" aria-describedby=\"gallery-1-65040\" srcset=\"https:\/\/mallorcaglobalmag.es\/wp-content\/uploads\/ajuntament-de-ses-salines-200x150.jpeg 200w, https:\/\/mallorcaglobalmag.es\/wp-content\/uploads\/ajuntament-de-ses-salines-300x225.jpeg 300w, https:\/\/mallorcaglobalmag.es\/wp-content\/uploads\/ajuntament-de-ses-salines-400x299.jpeg 400w, https:\/\/mallorcaglobalmag.es\/wp-content\/uploads\/ajuntament-de-ses-salines-600x449.jpeg 600w, https:\/\/mallorcaglobalmag.es\/wp-content\/uploads\/ajuntament-de-ses-salines-768x575.jpeg 768w, https:\/\/mallorcaglobalmag.es\/wp-content\/uploads\/ajuntament-de-ses-salines-800x599.jpeg 800w, https:\/\/mallorcaglobalmag.es\/wp-content\/uploads\/ajuntament-de-ses-salines-1024x767.jpeg 1024w, https:\/\/mallorcaglobalmag.es\/wp-content\/uploads\/ajuntament-de-ses-salines-1200x898.jpeg 1200w, https:\/\/mallorcaglobalmag.es\/wp-content\/uploads\/ajuntament-de-ses-salines.jpeg 1440w\" sizes=\"(max-width: 300px) 100vw, 300px\" \/><\/a>\n\t\t\t<\/dt>\n\t\t\t\t<dd class='wp-caption-text gallery-caption' id='gallery-1-65040'>\n\t\t\t\tFoto: Ajuntament de Ses Salines.\n\t\t\t\t<\/dd><\/dl><br style=\"clear: both\" \/>\n\t\t<\/div>\n\n","protected":false},"excerpt":{"rendered":"<p>Celebrations and festivities continue in August in Mallorca, spread throughout <a href=\"https:\/\/mallorcaglobalmag.es\/en\/patron-saint-festivities-and-open-air-dances-this-august-weekend-in-mallorca-leisure-programs\/\"> [&#8230;]<\/a><\/p>\n","protected":false},"author":4,"featured_media":65032,"comment_status":"open","ping_status":"open","sticky":false,"template":"","format":"standard","meta":{"footnotes":""},"categories":[1514],"tags":[],"class_list":["post-65054","post","type-post","status-publish","format-standard","has-post-thumbnail","hentry","category-culture"],"yoast_head":"<!-- This site is optimized with the Yoast SEO plugin v25.2 - https:\/\/yoast.com\/wordpress\/plugins\/seo\/ -->\n<title>Patron saint festivities in August in Mallorca - Mallorca Global Mag<\/title>\n<meta name=\"description\" content=\"Tradition and modernity are mixed in the programming of the festivities of the patron saints of the municipalities of Mallorca.\" \/>\n<meta name=\"robots\" content=\"index, follow, max-snippet:-1, max-image-preview:large, max-video-preview:-1\" \/>\n<link rel=\"canonical\" href=\"https:\/\/mallorcaglobalmag.es\/fiestas-patronales-verbenas-para-el-fin-de-semana-agosto-en-mallorca-programas-ocio\/\" \/>\n<meta property=\"og:locale\" content=\"en_US\" \/>\n<meta property=\"og:type\" content=\"article\" \/>\n<meta property=\"og:title\" content=\"Patron saint festivities in August in Mallorca - Mallorca Global Mag\" \/>\n<meta property=\"og:description\" content=\"Tradition and modernity are mixed in the programming of the festivities of the patron saints of the municipalities of Mallorca.\" \/>\n<meta property=\"og:url\" content=\"https:\/\/mallorcaglobalmag.es\/fiestas-patronales-verbenas-para-el-fin-de-semana-agosto-en-mallorca-programas-ocio\/\" \/>\n<meta property=\"og:site_name\" content=\"Mallorca Global Mag\" \/>\n<meta property=\"article:published_time\" content=\"2023-08-26T05:46:57+00:00\" \/>\n<meta property=\"og:image\" content=\"https:\/\/mallorcaglobalmag.es\/wp-content\/uploads\/ajuntament-dAlgaida-2.jpeg\" \/>\n\t<meta property=\"og:image:width\" content=\"2000\" \/>\n\t<meta property=\"og:image:height\" content=\"1500\" \/>\n\t<meta property=\"og:image:type\" content=\"image\/jpeg\" \/>\n<meta name=\"author\" content=\"Redacci\u00f3n\" \/>\n<meta name=\"twitter:card\" content=\"summary_large_image\" \/>\n<meta name=\"twitter:label1\" content=\"Written by\" \/>\n\t<meta name=\"twitter:data1\" content=\"Redacci\u00f3n\" \/>\n\t<meta name=\"twitter:label2\" content=\"Est. reading time\" \/>\n\t<meta name=\"twitter:data2\" content=\"3 minutes\" \/>\n<script type=\"application\/ld+json\" class=\"yoast-schema-graph\">{\"@context\":\"https:\/\/schema.org\",\"@graph\":[{\"@type\":\"WebPage\",\"@id\":\"https:\/\/mallorcaglobalmag.es\/fiestas-patronales-verbenas-para-el-fin-de-semana-agosto-en-mallorca-programas-ocio\/\",\"url\":\"https:\/\/mallorcaglobalmag.es\/fiestas-patronales-verbenas-para-el-fin-de-semana-agosto-en-mallorca-programas-ocio\/\",\"name\":\"Patron saint festivities in August in Mallorca - Mallorca Global Mag\",\"isPartOf\":{\"@id\":\"https:\/\/mallorcaglobalmag.es\/#website\"},\"primaryImageOfPage\":{\"@id\":\"https:\/\/mallorcaglobalmag.es\/fiestas-patronales-verbenas-para-el-fin-de-semana-agosto-en-mallorca-programas-ocio\/#primaryimage\"},\"image\":{\"@id\":\"https:\/\/mallorcaglobalmag.es\/fiestas-patronales-verbenas-para-el-fin-de-semana-agosto-en-mallorca-programas-ocio\/#primaryimage\"},\"thumbnailUrl\":\"https:\/\/mallorcaglobalmag.es\/wp-content\/uploads\/ajuntament-dAlgaida-2.jpeg\",\"datePublished\":\"2023-08-26T05:46:57+00:00\",\"author\":{\"@id\":\"https:\/\/mallorcaglobalmag.es\/#\/schema\/person\/9a3cf523d44bd4905a14be13db051907\"},\"description\":\"Tradition and modernity are mixed in the programming of the festivities of the patron saints of the municipalities of Mallorca.\",\"breadcrumb\":{\"@id\":\"https:\/\/mallorcaglobalmag.es\/fiestas-patronales-verbenas-para-el-fin-de-semana-agosto-en-mallorca-programas-ocio\/#breadcrumb\"},\"inLanguage\":\"en-US\",\"potentialAction\":[{\"@type\":\"ReadAction\",\"target\":[\"https:\/\/mallorcaglobalmag.es\/fiestas-patronales-verbenas-para-el-fin-de-semana-agosto-en-mallorca-programas-ocio\/\"]}]},{\"@type\":\"ImageObject\",\"inLanguage\":\"en-US\",\"@id\":\"https:\/\/mallorcaglobalmag.es\/fiestas-patronales-verbenas-para-el-fin-de-semana-agosto-en-mallorca-programas-ocio\/#primaryimage\",\"url\":\"https:\/\/mallorcaglobalmag.es\/wp-content\/uploads\/ajuntament-dAlgaida-2.jpeg\",\"contentUrl\":\"https:\/\/mallorcaglobalmag.es\/wp-content\/uploads\/ajuntament-dAlgaida-2.jpeg\",\"width\":2000,\"height\":1500,\"caption\":\"Photo: Ajuntament d'Algaida.\"},{\"@type\":\"BreadcrumbList\",\"@id\":\"https:\/\/mallorcaglobalmag.es\/fiestas-patronales-verbenas-para-el-fin-de-semana-agosto-en-mallorca-programas-ocio\/#breadcrumb\",\"itemListElement\":[{\"@type\":\"ListItem\",\"position\":1,\"name\":\"Portada\",\"item\":\"https:\/\/mallorcaglobalmag.es\/en\/\"},{\"@type\":\"ListItem\",\"position\":2,\"name\":\"Patron saint festivities this August weekend in Mallorca\"}]},{\"@type\":\"WebSite\",\"@id\":\"https:\/\/mallorcaglobalmag.es\/#website\",\"url\":\"https:\/\/mallorcaglobalmag.es\/\",\"name\":\"Mallorca Global Mag\",\"description\":\"Revista de informaci\u00f3n general de Mallorca\",\"potentialAction\":[{\"@type\":\"SearchAction\",\"target\":{\"@type\":\"EntryPoint\",\"urlTemplate\":\"https:\/\/mallorcaglobalmag.es\/?s={search_term_string}\"},\"query-input\":{\"@type\":\"PropertyValueSpecification\",\"valueRequired\":true,\"valueName\":\"search_term_string\"}}],\"inLanguage\":\"en-US\"},{\"@type\":\"Person\",\"@id\":\"https:\/\/mallorcaglobalmag.es\/#\/schema\/person\/9a3cf523d44bd4905a14be13db051907\",\"name\":\"Redacci\u00f3n\",\"image\":{\"@type\":\"ImageObject\",\"inLanguage\":\"en-US\",\"@id\":\"https:\/\/mallorcaglobalmag.es\/#\/schema\/person\/image\/\",\"url\":\"https:\/\/secure.gravatar.com\/avatar\/54a4bcd1a68eccdda3505d7ee5d6ebb8e5dd78095a07d388940305fac2e49572?s=96&d=mm&r=g\",\"contentUrl\":\"https:\/\/secure.gravatar.com\/avatar\/54a4bcd1a68eccdda3505d7ee5d6ebb8e5dd78095a07d388940305fac2e49572?s=96&d=mm&r=g\",\"caption\":\"Redacci\u00f3n\"},\"url\":\"https:\/\/mallorcaglobalmag.es\/en\/author\/elena\/\"}]}<\/script>\n<!-- \/ Yoast SEO plugin. -->","yoast_head_json":{"title":"Patron saint festivities in August in Mallorca - Mallorca Global Mag","description":"Tradition and modernity are mixed in the programming of the festivities of the patron saints of the municipalities of Mallorca.","robots":{"index":"index","follow":"follow","max-snippet":"max-snippet:-1","max-image-preview":"max-image-preview:large","max-video-preview":"max-video-preview:-1"},"canonical":"https:\/\/mallorcaglobalmag.es\/fiestas-patronales-verbenas-para-el-fin-de-semana-agosto-en-mallorca-programas-ocio\/","og_locale":"en_US","og_type":"article","og_title":"Patron saint festivities in August in Mallorca - Mallorca Global Mag","og_description":"Tradition and modernity are mixed in the programming of the festivities of the patron saints of the municipalities of Mallorca.","og_url":"https:\/\/mallorcaglobalmag.es\/fiestas-patronales-verbenas-para-el-fin-de-semana-agosto-en-mallorca-programas-ocio\/","og_site_name":"Mallorca Global Mag","article_published_time":"2023-08-26T05:46:57+00:00","og_image":[{"width":2000,"height":1500,"url":"https:\/\/mallorcaglobalmag.es\/wp-content\/uploads\/ajuntament-dAlgaida-2.jpeg","type":"image\/jpeg"}],"author":"Redacci\u00f3n","twitter_card":"summary_large_image","twitter_misc":{"Written by":"Redacci\u00f3n","Est. reading time":"3 minutes"},"schema":{"@context":"https:\/\/schema.org","@graph":[{"@type":"WebPage","@id":"https:\/\/mallorcaglobalmag.es\/fiestas-patronales-verbenas-para-el-fin-de-semana-agosto-en-mallorca-programas-ocio\/","url":"https:\/\/mallorcaglobalmag.es\/fiestas-patronales-verbenas-para-el-fin-de-semana-agosto-en-mallorca-programas-ocio\/","name":"Patron saint festivities in August in Mallorca - Mallorca Global Mag","isPartOf":{"@id":"https:\/\/mallorcaglobalmag.es\/#website"},"primaryImageOfPage":{"@id":"https:\/\/mallorcaglobalmag.es\/fiestas-patronales-verbenas-para-el-fin-de-semana-agosto-en-mallorca-programas-ocio\/#primaryimage"},"image":{"@id":"https:\/\/mallorcaglobalmag.es\/fiestas-patronales-verbenas-para-el-fin-de-semana-agosto-en-mallorca-programas-ocio\/#primaryimage"},"thumbnailUrl":"https:\/\/mallorcaglobalmag.es\/wp-content\/uploads\/ajuntament-dAlgaida-2.jpeg","datePublished":"2023-08-26T05:46:57+00:00","author":{"@id":"https:\/\/mallorcaglobalmag.es\/#\/schema\/person\/9a3cf523d44bd4905a14be13db051907"},"description":"Tradition and modernity are mixed in the programming of the festivities of the patron saints of the municipalities of Mallorca.","breadcrumb":{"@id":"https:\/\/mallorcaglobalmag.es\/fiestas-patronales-verbenas-para-el-fin-de-semana-agosto-en-mallorca-programas-ocio\/#breadcrumb"},"inLanguage":"en-US","potentialAction":[{"@type":"ReadAction","target":["https:\/\/mallorcaglobalmag.es\/fiestas-patronales-verbenas-para-el-fin-de-semana-agosto-en-mallorca-programas-ocio\/"]}]},{"@type":"ImageObject","inLanguage":"en-US","@id":"https:\/\/mallorcaglobalmag.es\/fiestas-patronales-verbenas-para-el-fin-de-semana-agosto-en-mallorca-programas-ocio\/#primaryimage","url":"https:\/\/mallorcaglobalmag.es\/wp-content\/uploads\/ajuntament-dAlgaida-2.jpeg","contentUrl":"https:\/\/mallorcaglobalmag.es\/wp-content\/uploads\/ajuntament-dAlgaida-2.jpeg","width":2000,"height":1500,"caption":"Photo: Ajuntament d'Algaida."},{"@type":"BreadcrumbList","@id":"https:\/\/mallorcaglobalmag.es\/fiestas-patronales-verbenas-para-el-fin-de-semana-agosto-en-mallorca-programas-ocio\/#breadcrumb","itemListElement":[{"@type":"ListItem","position":1,"name":"Portada","item":"https:\/\/mallorcaglobalmag.es\/en\/"},{"@type":"ListItem","position":2,"name":"Patron saint festivities this August weekend in Mallorca"}]},{"@type":"WebSite","@id":"https:\/\/mallorcaglobalmag.es\/#website","url":"https:\/\/mallorcaglobalmag.es\/","name":"Mallorca Global Mag","description":"Revista de informaci\u00f3n general de Mallorca","potentialAction":[{"@type":"SearchAction","target":{"@type":"EntryPoint","urlTemplate":"https:\/\/mallorcaglobalmag.es\/?s={search_term_string}"},"query-input":{"@type":"PropertyValueSpecification","valueRequired":true,"valueName":"search_term_string"}}],"inLanguage":"en-US"},{"@type":"Person","@id":"https:\/\/mallorcaglobalmag.es\/#\/schema\/person\/9a3cf523d44bd4905a14be13db051907","name":"Redacci\u00f3n","image":{"@type":"ImageObject","inLanguage":"en-US","@id":"https:\/\/mallorcaglobalmag.es\/#\/schema\/person\/image\/","url":"https:\/\/secure.gravatar.com\/avatar\/54a4bcd1a68eccdda3505d7ee5d6ebb8e5dd78095a07d388940305fac2e49572?s=96&d=mm&r=g","contentUrl":"https:\/\/secure.gravatar.com\/avatar\/54a4bcd1a68eccdda3505d7ee5d6ebb8e5dd78095a07d388940305fac2e49572?s=96&d=mm&r=g","caption":"Redacci\u00f3n"},"url":"https:\/\/mallorcaglobalmag.es\/en\/author\/elena\/"}]}},"_links":{"self":[{"href":"https:\/\/mallorcaglobalmag.es\/en\/wp-json\/wp\/v2\/posts\/65054","targetHints":{"allow":["GET"]}}],"collection":[{"href":"https:\/\/mallorcaglobalmag.es\/en\/wp-json\/wp\/v2\/posts"}],"about":[{"href":"https:\/\/mallorcaglobalmag.es\/en\/wp-json\/wp\/v2\/types\/post"}],"author":[{"embeddable":true,"href":"https:\/\/mallorcaglobalmag.es\/en\/wp-json\/wp\/v2\/users\/4"}],"replies":[{"embeddable":true,"href":"https:\/\/mallorcaglobalmag.es\/en\/wp-json\/wp\/v2\/comments?post=65054"}],"version-history":[{"count":3,"href":"https:\/\/mallorcaglobalmag.es\/en\/wp-json\/wp\/v2\/posts\/65054\/revisions"}],"predecessor-version":[{"id":65058,"href":"https:\/\/mallorcaglobalmag.es\/en\/wp-json\/wp\/v2\/posts\/65054\/revisions\/65058"}],"wp:featuredmedia":[{"embeddable":true,"href":"https:\/\/mallorcaglobalmag.es\/en\/wp-json\/wp\/v2\/media\/65032"}],"wp:attachment":[{"href":"https:\/\/mallorcaglobalmag.es\/en\/wp-json\/wp\/v2\/media?parent=65054"}],"wp:term":[{"taxonomy":"category","embeddable":true,"href":"https:\/\/mallorcaglobalmag.es\/en\/wp-json\/wp\/v2\/categories?post=65054"},{"taxonomy":"post_tag","embeddable":true,"href":"https:\/\/mallorcaglobalmag.es\/en\/wp-json\/wp\/v2\/tags?post=65054"}],"curies":[{"name":"wp","href":"https:\/\/api.w.org\/{rel}","templated":true}]}}