{"id":48247,"date":"2023-07-31T08:51:09","date_gmt":"2023-07-31T06:51:09","guid":{"rendered":"https:\/\/mallorcaglobalmag.es\/clausura-atlantida-mallorca-record-participacion\/"},"modified":"2023-07-31T09:04:59","modified_gmt":"2023-07-31T07:04:59","slug":"clausura-atlantida-mallorca-record-participacion","status":"publish","type":"post","link":"https:\/\/mallorcaglobalmag.es\/en\/clausura-atlantida-mallorca-record-participacion\/","title":{"rendered":"Queen Letizia attends the closing ceremony of Atl\u00e0ntida Mallorca, which in 2023 breaks attendance records"},"content":{"rendered":"<p>The courtyard of La Miseric\u00f2rdia was once again the setting for the closing gala of the Atl\u00e0ntida Mallorca Film Festival, presided over by Queen Letiza. In her first institutional act in Mallorca since the start of her holidays in Marivent, the monarch presented the Masters of Cinema 2023 award to the French-Swiss actress Ir\u00e8ne Jacob. The Queen was accompanied by the new institutional representatives of the islands, led by the President of the Govern, Margalida Prohens.<\/p>\n<p>The event was also attended by the Minister of Culture and Sport, Miquel Iceta; the president of the Consell Insular de Mallorca, Lloren\u00e7 Galm\u00e9s, and the director of the Atl\u00e0ntida Mallorca Film Fest, Jaume Ripoll, among other authorities. Also present on behalf of the Govern were the Minister of Tourism, Culture and Sports, Jaume Bauz\u00e0, and the General Director of Culture, Pedro Vidal.<\/p>\n<h2>A record-breaking Atl\u00e0ntida<\/h2>\n<p>This year&#8217;s Atl\u00e0ntida Mallorca Film Fest 2023 has broken audience records. A total of 23,000 spectators attended the festival&#8217;s different events. Finally, this year&#8217;s award winners were the following:<\/p>\n<ul>\n<li>Critics&#8217; Prize for the film &#8220;Aurora&#8217;s Sunrise&#8221; by director Inna Sahakyan. The award was presented by Filmin&#8217;s programming coordinator, Elodie Mellado.<\/li>\n<li>Audience Award for the film &#8220;Passages&#8221; by director Ira Sachs. The award was presented by the director of MN Film School, Mart\u00edn Nigro.<\/li>\n<li>Best National Film Award to &#8220;Sue\u00f1os y Pan&#8221; by director Luis Soto. The award was presented by the president of DAMA &#8211; Derechos de Autor de Medios Audiovisuales, Virginia Yag\u00fce.<\/li>\n<li>Best International Film Award to &#8220;Safe Place&#8221; by director Juraj Lerotic and Honourable Mention to the film &#8220;Falcon Lake&#8221; directed by Charlotte Le Bon. The award was presented by the CEO of Filmin, Juan Carlos Tous.<\/li>\n<li>Master Of Cinema 2023 Award to the French-Swiss actress and singer Ir\u00e8ne Jacob, who expressed her gratitude. The award was presented by Queen Letizia.<\/li>\n<\/ul>\n<p>After the awards ceremony, the gala continued with the screening of the film &#8220;Creatura&#8221;, winner of the award for Best European Film at the Directors&#8217; Fortnight at the Cannes Film Festival, which was presented by its director, Elena Mart\u00edn; the producer, Tono Folguera; and the actress Clara Segura.<\/p>\n<p>Queen Letizia has attended three editions of the festival, both for the opening, as was the case of the 2019 edition at the Castell de Bellver, and the closing galas in 2021 and 2022, along with film greats such as Stephen Frears, Judi Dench and Isabelle Huppert, among others.<\/p>\n\n\t\t<style type=\"text\/css\">\n\t\t\t#gallery-1 {\n\t\t\t\tmargin: auto;\n\t\t\t}\n\t\t\t#gallery-1 .gallery-item {\n\t\t\t\tfloat: left;\n\t\t\t\tmargin-top: 10px;\n\t\t\t\ttext-align: center;\n\t\t\t\twidth: 50%;\n\t\t\t}\n\t\t\t#gallery-1 img {\n\t\t\t\tborder: 2px solid #cfcfcf;\n\t\t\t}\n\t\t\t#gallery-1 .gallery-caption {\n\t\t\t\tmargin-left: 0;\n\t\t\t}\n\t\t\t\/* see gallery_shortcode() in wp-includes\/media.php *\/\n\t\t<\/style>\n\t\t<div id='gallery-1' class='gallery galleryid-48247 gallery-columns-2 gallery-size-large'><dl class='gallery-item'>\n\t\t\t<dt class='gallery-icon landscape'>\n\t\t\t\t<img decoding=\"async\" width=\"1024\" height=\"684\" src=\"https:\/\/mallorcaglobalmag.es\/wp-content\/uploads\/clausura-atlantida-mallorca-festival-1024x684.jpeg\" class=\"attachment-large size-large\" alt=\"clausura atl\u00e1ntida mallorca festival\" srcset=\"https:\/\/mallorcaglobalmag.es\/wp-content\/uploads\/clausura-atlantida-mallorca-festival-200x134.jpeg 200w, https:\/\/mallorcaglobalmag.es\/wp-content\/uploads\/clausura-atlantida-mallorca-festival-300x200.jpeg 300w, https:\/\/mallorcaglobalmag.es\/wp-content\/uploads\/clausura-atlantida-mallorca-festival-400x267.jpeg 400w, https:\/\/mallorcaglobalmag.es\/wp-content\/uploads\/clausura-atlantida-mallorca-festival-600x401.jpeg 600w, https:\/\/mallorcaglobalmag.es\/wp-content\/uploads\/clausura-atlantida-mallorca-festival-768x513.jpeg 768w, https:\/\/mallorcaglobalmag.es\/wp-content\/uploads\/clausura-atlantida-mallorca-festival-800x534.jpeg 800w, https:\/\/mallorcaglobalmag.es\/wp-content\/uploads\/clausura-atlantida-mallorca-festival-1024x684.jpeg 1024w, https:\/\/mallorcaglobalmag.es\/wp-content\/uploads\/clausura-atlantida-mallorca-festival-1200x801.jpeg 1200w, https:\/\/mallorcaglobalmag.es\/wp-content\/uploads\/clausura-atlantida-mallorca-festival-1536x1025.jpeg 1536w, https:\/\/mallorcaglobalmag.es\/wp-content\/uploads\/clausura-atlantida-mallorca-festival.jpeg 1600w\" sizes=\"(max-width: 1024px) 100vw, 1024px\" \/>\n\t\t\t<\/dt><\/dl><dl class='gallery-item'>\n\t\t\t<dt class='gallery-icon landscape'>\n\t\t\t\t<img decoding=\"async\" width=\"1024\" height=\"683\" src=\"https:\/\/mallorcaglobalmag.es\/wp-content\/uploads\/clausura-atlantida-mallorca-1024x683.jpeg\" class=\"attachment-large size-large\" alt=\"clausura atl\u00e1ntida mallorca\" srcset=\"https:\/\/mallorcaglobalmag.es\/wp-content\/uploads\/clausura-atlantida-mallorca-200x133.jpeg 200w, https:\/\/mallorcaglobalmag.es\/wp-content\/uploads\/clausura-atlantida-mallorca-300x200.jpeg 300w, https:\/\/mallorcaglobalmag.es\/wp-content\/uploads\/clausura-atlantida-mallorca-400x267.jpeg 400w, https:\/\/mallorcaglobalmag.es\/wp-content\/uploads\/clausura-atlantida-mallorca-600x400.jpeg 600w, https:\/\/mallorcaglobalmag.es\/wp-content\/uploads\/clausura-atlantida-mallorca-768x512.jpeg 768w, https:\/\/mallorcaglobalmag.es\/wp-content\/uploads\/clausura-atlantida-mallorca-800x534.jpeg 800w, https:\/\/mallorcaglobalmag.es\/wp-content\/uploads\/clausura-atlantida-mallorca-1024x683.jpeg 1024w, https:\/\/mallorcaglobalmag.es\/wp-content\/uploads\/clausura-atlantida-mallorca-1200x801.jpeg 1200w, https:\/\/mallorcaglobalmag.es\/wp-content\/uploads\/clausura-atlantida-mallorca.jpeg 1499w\" sizes=\"(max-width: 1024px) 100vw, 1024px\" \/>\n\t\t\t<\/dt><\/dl><br style=\"clear: both\" \/><dl class='gallery-item'>\n\t\t\t<dt class='gallery-icon landscape'>\n\t\t\t\t<img decoding=\"async\" width=\"1024\" height=\"682\" src=\"https:\/\/mallorcaglobalmag.es\/wp-content\/uploads\/reina_atlantida_mallorca_film-general-casa-real-1024x682.jpg\" class=\"attachment-large size-large\" alt=\"reina_atlantida_mallorca_film general casa real\" srcset=\"https:\/\/mallorcaglobalmag.es\/wp-content\/uploads\/reina_atlantida_mallorca_film-general-casa-real-200x133.jpg 200w, https:\/\/mallorcaglobalmag.es\/wp-content\/uploads\/reina_atlantida_mallorca_film-general-casa-real-300x200.jpg 300w, https:\/\/mallorcaglobalmag.es\/wp-content\/uploads\/reina_atlantida_mallorca_film-general-casa-real-400x267.jpg 400w, https:\/\/mallorcaglobalmag.es\/wp-content\/uploads\/reina_atlantida_mallorca_film-general-casa-real-600x400.jpg 600w, https:\/\/mallorcaglobalmag.es\/wp-content\/uploads\/reina_atlantida_mallorca_film-general-casa-real-768x512.jpg 768w, https:\/\/mallorcaglobalmag.es\/wp-content\/uploads\/reina_atlantida_mallorca_film-general-casa-real-800x533.jpg 800w, https:\/\/mallorcaglobalmag.es\/wp-content\/uploads\/reina_atlantida_mallorca_film-general-casa-real-1024x682.jpg 1024w, https:\/\/mallorcaglobalmag.es\/wp-content\/uploads\/reina_atlantida_mallorca_film-general-casa-real-1200x800.jpg 1200w, https:\/\/mallorcaglobalmag.es\/wp-content\/uploads\/reina_atlantida_mallorca_film-general-casa-real.jpg 1400w\" sizes=\"(max-width: 1024px) 100vw, 1024px\" \/>\n\t\t\t<\/dt><\/dl><dl class='gallery-item'>\n\t\t\t<dt class='gallery-icon landscape'>\n\t\t\t\t<img decoding=\"async\" width=\"1024\" height=\"683\" src=\"https:\/\/mallorcaglobalmag.es\/wp-content\/uploads\/reina_atlantida_mallorca_film_casa-real-1024x683.jpg\" class=\"attachment-large size-large\" alt=\"reina_atlantida_mallorca_film_casa real\" srcset=\"https:\/\/mallorcaglobalmag.es\/wp-content\/uploads\/reina_atlantida_mallorca_film_casa-real-200x133.jpg 200w, https:\/\/mallorcaglobalmag.es\/wp-content\/uploads\/reina_atlantida_mallorca_film_casa-real-300x200.jpg 300w, https:\/\/mallorcaglobalmag.es\/wp-content\/uploads\/reina_atlantida_mallorca_film_casa-real-400x267.jpg 400w, https:\/\/mallorcaglobalmag.es\/wp-content\/uploads\/reina_atlantida_mallorca_film_casa-real-600x400.jpg 600w, https:\/\/mallorcaglobalmag.es\/wp-content\/uploads\/reina_atlantida_mallorca_film_casa-real-768x512.jpg 768w, https:\/\/mallorcaglobalmag.es\/wp-content\/uploads\/reina_atlantida_mallorca_film_casa-real-800x534.jpg 800w, https:\/\/mallorcaglobalmag.es\/wp-content\/uploads\/reina_atlantida_mallorca_film_casa-real-1024x683.jpg 1024w, https:\/\/mallorcaglobalmag.es\/wp-content\/uploads\/reina_atlantida_mallorca_film_casa-real-1200x801.jpg 1200w, https:\/\/mallorcaglobalmag.es\/wp-content\/uploads\/reina_atlantida_mallorca_film_casa-real.jpg 1400w\" sizes=\"(max-width: 1024px) 100vw, 1024px\" \/>\n\t\t\t<\/dt><\/dl><br style=\"clear: both\" \/>\n\t\t<\/div>\n\n<p>Photos: Casa Real and Govern IB.<\/p>\n","protected":false},"excerpt":{"rendered":"<p>The courtyard of La Miseric\u00f2rdia was once again the setting <a href=\"https:\/\/mallorcaglobalmag.es\/en\/clausura-atlantida-mallorca-record-participacion\/\"> [&#8230;]<\/a><\/p>\n","protected":false},"author":4,"featured_media":48238,"comment_status":"open","ping_status":"open","sticky":false,"template":"","format":"standard","meta":{"footnotes":""},"categories":[1514],"tags":[],"class_list":["post-48247","post","type-post","status-publish","format-standard","has-post-thumbnail","hentry","category-culture"],"yoast_head":"<!-- This site is optimized with the Yoast SEO plugin v25.2 - https:\/\/yoast.com\/wordpress\/plugins\/seo\/ -->\n<title>Letizia, at the closing ceremony of Atl\u00e0ntida - Mallorca Global Mag<\/title>\n<meta name=\"description\" content=\"The courtyard of La Miseric\u00f2rdia was the setting for the closing gala of the Atl\u00e0ntida Mallorca Film Festival, presided over by Queen Letiza.\" \/>\n<meta name=\"robots\" content=\"index, follow, max-snippet:-1, max-image-preview:large, max-video-preview:-1\" \/>\n<link rel=\"canonical\" href=\"https:\/\/mallorcaglobalmag.es\/clausura-atlantida-mallorca-record-participacion\/\" \/>\n<meta property=\"og:locale\" content=\"en_US\" \/>\n<meta property=\"og:type\" content=\"article\" \/>\n<meta property=\"og:title\" content=\"Letizia, at the closing ceremony of Atl\u00e0ntida - Mallorca Global Mag\" \/>\n<meta property=\"og:description\" content=\"The courtyard of La Miseric\u00f2rdia was the setting for the closing gala of the Atl\u00e0ntida Mallorca Film Festival, presided over by Queen Letiza.\" \/>\n<meta property=\"og:url\" content=\"https:\/\/mallorcaglobalmag.es\/clausura-atlantida-mallorca-record-participacion\/\" \/>\n<meta property=\"og:site_name\" content=\"Mallorca Global Mag\" \/>\n<meta property=\"article:published_time\" content=\"2023-07-31T06:51:09+00:00\" \/>\n<meta property=\"article:modified_time\" content=\"2023-07-31T07:04:59+00:00\" \/>\n<meta property=\"og:image\" content=\"https:\/\/mallorcaglobalmag.es\/wp-content\/uploads\/clausura-atlantida-mallorca.jpeg\" \/>\n\t<meta property=\"og:image:width\" content=\"1499\" \/>\n\t<meta property=\"og:image:height\" content=\"1000\" \/>\n\t<meta property=\"og:image:type\" content=\"image\/jpeg\" \/>\n<meta name=\"author\" content=\"Redacci\u00f3n\" \/>\n<meta name=\"twitter:card\" content=\"summary_large_image\" \/>\n<meta name=\"twitter:label1\" content=\"Written by\" \/>\n\t<meta name=\"twitter:data1\" content=\"Redacci\u00f3n\" \/>\n\t<meta name=\"twitter:label2\" content=\"Est. reading time\" \/>\n\t<meta name=\"twitter:data2\" content=\"2 minutes\" \/>\n<script type=\"application\/ld+json\" class=\"yoast-schema-graph\">{\"@context\":\"https:\/\/schema.org\",\"@graph\":[{\"@type\":\"WebPage\",\"@id\":\"https:\/\/mallorcaglobalmag.es\/clausura-atlantida-mallorca-record-participacion\/\",\"url\":\"https:\/\/mallorcaglobalmag.es\/clausura-atlantida-mallorca-record-participacion\/\",\"name\":\"Letizia, at the closing ceremony of Atl\u00e0ntida - Mallorca Global Mag\",\"isPartOf\":{\"@id\":\"https:\/\/mallorcaglobalmag.es\/#website\"},\"primaryImageOfPage\":{\"@id\":\"https:\/\/mallorcaglobalmag.es\/clausura-atlantida-mallorca-record-participacion\/#primaryimage\"},\"image\":{\"@id\":\"https:\/\/mallorcaglobalmag.es\/clausura-atlantida-mallorca-record-participacion\/#primaryimage\"},\"thumbnailUrl\":\"https:\/\/mallorcaglobalmag.es\/wp-content\/uploads\/clausura-atlantida-mallorca.jpeg\",\"datePublished\":\"2023-07-31T06:51:09+00:00\",\"dateModified\":\"2023-07-31T07:04:59+00:00\",\"author\":{\"@id\":\"https:\/\/mallorcaglobalmag.es\/#\/schema\/person\/9a3cf523d44bd4905a14be13db051907\"},\"description\":\"The courtyard of La Miseric\u00f2rdia was the setting for the closing gala of the Atl\u00e0ntida Mallorca Film Festival, presided over by Queen Letiza.\",\"breadcrumb\":{\"@id\":\"https:\/\/mallorcaglobalmag.es\/clausura-atlantida-mallorca-record-participacion\/#breadcrumb\"},\"inLanguage\":\"en-US\",\"potentialAction\":[{\"@type\":\"ReadAction\",\"target\":[\"https:\/\/mallorcaglobalmag.es\/clausura-atlantida-mallorca-record-participacion\/\"]}]},{\"@type\":\"ImageObject\",\"inLanguage\":\"en-US\",\"@id\":\"https:\/\/mallorcaglobalmag.es\/clausura-atlantida-mallorca-record-participacion\/#primaryimage\",\"url\":\"https:\/\/mallorcaglobalmag.es\/wp-content\/uploads\/clausura-atlantida-mallorca.jpeg\",\"contentUrl\":\"https:\/\/mallorcaglobalmag.es\/wp-content\/uploads\/clausura-atlantida-mallorca.jpeg\",\"width\":1499,\"height\":1000,\"caption\":\"clausura atl\u00e1ntida mallorca\"},{\"@type\":\"BreadcrumbList\",\"@id\":\"https:\/\/mallorcaglobalmag.es\/clausura-atlantida-mallorca-record-participacion\/#breadcrumb\",\"itemListElement\":[{\"@type\":\"ListItem\",\"position\":1,\"name\":\"Portada\",\"item\":\"https:\/\/mallorcaglobalmag.es\/en\/\"},{\"@type\":\"ListItem\",\"position\":2,\"name\":\"Queen Letizia attends the closing ceremony of Atl\u00e0ntida Mallorca, which in 2023 breaks attendance records\"}]},{\"@type\":\"WebSite\",\"@id\":\"https:\/\/mallorcaglobalmag.es\/#website\",\"url\":\"https:\/\/mallorcaglobalmag.es\/\",\"name\":\"Mallorca Global Mag\",\"description\":\"Revista de informaci\u00f3n general de Mallorca\",\"potentialAction\":[{\"@type\":\"SearchAction\",\"target\":{\"@type\":\"EntryPoint\",\"urlTemplate\":\"https:\/\/mallorcaglobalmag.es\/?s={search_term_string}\"},\"query-input\":{\"@type\":\"PropertyValueSpecification\",\"valueRequired\":true,\"valueName\":\"search_term_string\"}}],\"inLanguage\":\"en-US\"},{\"@type\":\"Person\",\"@id\":\"https:\/\/mallorcaglobalmag.es\/#\/schema\/person\/9a3cf523d44bd4905a14be13db051907\",\"name\":\"Redacci\u00f3n\",\"image\":{\"@type\":\"ImageObject\",\"inLanguage\":\"en-US\",\"@id\":\"https:\/\/mallorcaglobalmag.es\/#\/schema\/person\/image\/\",\"url\":\"https:\/\/secure.gravatar.com\/avatar\/54a4bcd1a68eccdda3505d7ee5d6ebb8e5dd78095a07d388940305fac2e49572?s=96&d=mm&r=g\",\"contentUrl\":\"https:\/\/secure.gravatar.com\/avatar\/54a4bcd1a68eccdda3505d7ee5d6ebb8e5dd78095a07d388940305fac2e49572?s=96&d=mm&r=g\",\"caption\":\"Redacci\u00f3n\"},\"url\":\"https:\/\/mallorcaglobalmag.es\/en\/author\/elena\/\"}]}<\/script>\n<!-- \/ Yoast SEO plugin. -->","yoast_head_json":{"title":"Letizia, at the closing ceremony of Atl\u00e0ntida - Mallorca Global Mag","description":"The courtyard of La Miseric\u00f2rdia was the setting for the closing gala of the Atl\u00e0ntida Mallorca Film Festival, presided over by Queen Letiza.","robots":{"index":"index","follow":"follow","max-snippet":"max-snippet:-1","max-image-preview":"max-image-preview:large","max-video-preview":"max-video-preview:-1"},"canonical":"https:\/\/mallorcaglobalmag.es\/clausura-atlantida-mallorca-record-participacion\/","og_locale":"en_US","og_type":"article","og_title":"Letizia, at the closing ceremony of Atl\u00e0ntida - Mallorca Global Mag","og_description":"The courtyard of La Miseric\u00f2rdia was the setting for the closing gala of the Atl\u00e0ntida Mallorca Film Festival, presided over by Queen Letiza.","og_url":"https:\/\/mallorcaglobalmag.es\/clausura-atlantida-mallorca-record-participacion\/","og_site_name":"Mallorca Global Mag","article_published_time":"2023-07-31T06:51:09+00:00","article_modified_time":"2023-07-31T07:04:59+00:00","og_image":[{"width":1499,"height":1000,"url":"https:\/\/mallorcaglobalmag.es\/wp-content\/uploads\/clausura-atlantida-mallorca.jpeg","type":"image\/jpeg"}],"author":"Redacci\u00f3n","twitter_card":"summary_large_image","twitter_misc":{"Written by":"Redacci\u00f3n","Est. reading time":"2 minutes"},"schema":{"@context":"https:\/\/schema.org","@graph":[{"@type":"WebPage","@id":"https:\/\/mallorcaglobalmag.es\/clausura-atlantida-mallorca-record-participacion\/","url":"https:\/\/mallorcaglobalmag.es\/clausura-atlantida-mallorca-record-participacion\/","name":"Letizia, at the closing ceremony of Atl\u00e0ntida - Mallorca Global Mag","isPartOf":{"@id":"https:\/\/mallorcaglobalmag.es\/#website"},"primaryImageOfPage":{"@id":"https:\/\/mallorcaglobalmag.es\/clausura-atlantida-mallorca-record-participacion\/#primaryimage"},"image":{"@id":"https:\/\/mallorcaglobalmag.es\/clausura-atlantida-mallorca-record-participacion\/#primaryimage"},"thumbnailUrl":"https:\/\/mallorcaglobalmag.es\/wp-content\/uploads\/clausura-atlantida-mallorca.jpeg","datePublished":"2023-07-31T06:51:09+00:00","dateModified":"2023-07-31T07:04:59+00:00","author":{"@id":"https:\/\/mallorcaglobalmag.es\/#\/schema\/person\/9a3cf523d44bd4905a14be13db051907"},"description":"The courtyard of La Miseric\u00f2rdia was the setting for the closing gala of the Atl\u00e0ntida Mallorca Film Festival, presided over by Queen Letiza.","breadcrumb":{"@id":"https:\/\/mallorcaglobalmag.es\/clausura-atlantida-mallorca-record-participacion\/#breadcrumb"},"inLanguage":"en-US","potentialAction":[{"@type":"ReadAction","target":["https:\/\/mallorcaglobalmag.es\/clausura-atlantida-mallorca-record-participacion\/"]}]},{"@type":"ImageObject","inLanguage":"en-US","@id":"https:\/\/mallorcaglobalmag.es\/clausura-atlantida-mallorca-record-participacion\/#primaryimage","url":"https:\/\/mallorcaglobalmag.es\/wp-content\/uploads\/clausura-atlantida-mallorca.jpeg","contentUrl":"https:\/\/mallorcaglobalmag.es\/wp-content\/uploads\/clausura-atlantida-mallorca.jpeg","width":1499,"height":1000,"caption":"clausura atl\u00e1ntida mallorca"},{"@type":"BreadcrumbList","@id":"https:\/\/mallorcaglobalmag.es\/clausura-atlantida-mallorca-record-participacion\/#breadcrumb","itemListElement":[{"@type":"ListItem","position":1,"name":"Portada","item":"https:\/\/mallorcaglobalmag.es\/en\/"},{"@type":"ListItem","position":2,"name":"Queen Letizia attends the closing ceremony of Atl\u00e0ntida Mallorca, which in 2023 breaks attendance records"}]},{"@type":"WebSite","@id":"https:\/\/mallorcaglobalmag.es\/#website","url":"https:\/\/mallorcaglobalmag.es\/","name":"Mallorca Global Mag","description":"Revista de informaci\u00f3n general de Mallorca","potentialAction":[{"@type":"SearchAction","target":{"@type":"EntryPoint","urlTemplate":"https:\/\/mallorcaglobalmag.es\/?s={search_term_string}"},"query-input":{"@type":"PropertyValueSpecification","valueRequired":true,"valueName":"search_term_string"}}],"inLanguage":"en-US"},{"@type":"Person","@id":"https:\/\/mallorcaglobalmag.es\/#\/schema\/person\/9a3cf523d44bd4905a14be13db051907","name":"Redacci\u00f3n","image":{"@type":"ImageObject","inLanguage":"en-US","@id":"https:\/\/mallorcaglobalmag.es\/#\/schema\/person\/image\/","url":"https:\/\/secure.gravatar.com\/avatar\/54a4bcd1a68eccdda3505d7ee5d6ebb8e5dd78095a07d388940305fac2e49572?s=96&d=mm&r=g","contentUrl":"https:\/\/secure.gravatar.com\/avatar\/54a4bcd1a68eccdda3505d7ee5d6ebb8e5dd78095a07d388940305fac2e49572?s=96&d=mm&r=g","caption":"Redacci\u00f3n"},"url":"https:\/\/mallorcaglobalmag.es\/en\/author\/elena\/"}]}},"_links":{"self":[{"href":"https:\/\/mallorcaglobalmag.es\/en\/wp-json\/wp\/v2\/posts\/48247","targetHints":{"allow":["GET"]}}],"collection":[{"href":"https:\/\/mallorcaglobalmag.es\/en\/wp-json\/wp\/v2\/posts"}],"about":[{"href":"https:\/\/mallorcaglobalmag.es\/en\/wp-json\/wp\/v2\/types\/post"}],"author":[{"embeddable":true,"href":"https:\/\/mallorcaglobalmag.es\/en\/wp-json\/wp\/v2\/users\/4"}],"replies":[{"embeddable":true,"href":"https:\/\/mallorcaglobalmag.es\/en\/wp-json\/wp\/v2\/comments?post=48247"}],"version-history":[{"count":2,"href":"https:\/\/mallorcaglobalmag.es\/en\/wp-json\/wp\/v2\/posts\/48247\/revisions"}],"predecessor-version":[{"id":48249,"href":"https:\/\/mallorcaglobalmag.es\/en\/wp-json\/wp\/v2\/posts\/48247\/revisions\/48249"}],"wp:featuredmedia":[{"embeddable":true,"href":"https:\/\/mallorcaglobalmag.es\/en\/wp-json\/wp\/v2\/media\/48238"}],"wp:attachment":[{"href":"https:\/\/mallorcaglobalmag.es\/en\/wp-json\/wp\/v2\/media?parent=48247"}],"wp:term":[{"taxonomy":"category","embeddable":true,"href":"https:\/\/mallorcaglobalmag.es\/en\/wp-json\/wp\/v2\/categories?post=48247"},{"taxonomy":"post_tag","embeddable":true,"href":"https:\/\/mallorcaglobalmag.es\/en\/wp-json\/wp\/v2\/tags?post=48247"}],"curies":[{"name":"wp","href":"https:\/\/api.w.org\/{rel}","templated":true}]}}