{"id":47931,"date":"2023-09-22T09:50:45","date_gmt":"2023-09-22T07:50:45","guid":{"rendered":"https:\/\/mallorcaglobalmag.es\/nit-de-lart-2023-catorce-galerias-abren-sus-colecciones-en-palma-de-mallorca-septiembre\/"},"modified":"2023-09-22T09:59:24","modified_gmt":"2023-09-22T07:59:24","slug":"nit-de-lart-2023-fourteen-galleries-open-their-collections-to-the-public-in-palma-de-mallorca-september","status":"publish","type":"post","link":"https:\/\/mallorcaglobalmag.es\/en\/nit-de-lart-2023-fourteen-galleries-open-their-collections-to-the-public-in-palma-de-mallorca-september\/","title":{"rendered":"Nit de l&#8217;Art 2023: fourteen galleries open the doors of their collections in Palma and the Part Forana"},"content":{"rendered":"<p>The popular event that marks the start of the Balearic art season, the Nit de l&#8217;Art 2023 will be held on Saturday 23rd September from 6 pm to 11 pm. A programme of activities organised by Art Palma Contemporani will be warming up the previous days. In addition, during the month of October, guided tours by professionals will offer privileged access to the contents for all kinds of audiences free of charge<\/p>\n<p>Once again, next September, <a href=\"https:\/\/mallorcaglobalmag.es\/wp-content\/uploads\/Programa-NitdelArt-02.09.2023.pdf\">Nitdel&#8217;Art 2023 programme<\/a> arrives with an agenda full of activities, visits and tours for everyone. An event in which professionals, art lovers and the general public alike will have the chance to enjoy the island&#8217;s cultural and contemporary art offerings.<\/p>\n<p>Art Palma Contemporani &#8211; the association of contemporary art galleries in Palma de Mallorca &#8211; is organising a series of activities throughout the week. On Saturday 23rd September, the now traditional Nit de l&#8217;Art (Night of Art) will be held, which has marked the start of the Balearic art season for almost three decades. The opening hours of all the galleries involved will be from 18:00 to 23:00. Each of the 14 participating galleries also has its own programme open to the general public.<\/p>\n<p>Art Palma is made up of:<\/p>\n<ul>\n<li>ABA Art Lab<\/li>\n<li>Bar\u00f3<\/li>\n<li>CCA Andratx<\/li>\n<li>Galer\u00eda Fermay<\/li>\n<li>Fran Reus<\/li>\n<li>Kewenig Palma<\/li>\n<li>LA BIBI<\/li>\n<li>L21 Gallery<\/li>\n<li>Galeria Maior<\/li>\n<li>Galer\u00eda Pelaires<\/li>\n<li>Pep Llabr\u00e9s Art Contemporani<\/li>\n<li>Galer\u00eda Xavier Fiol.<\/li>\n<\/ul>\n<h2>Guided tours in Spanish, Catalan and English<\/h2>\n<p>This 27th edition of the Nit de l&#8217;Art welcomes two young Mallorcan galleries that are already particularly relevant on the national and international scene: LA BIBI and Galer\u00eda Fermay. In addition, this year the galleries M77 Gallery and PGallery are joining the Nit de l&#8217;Art.<\/p>\n<div id=\"attachment_66140\" style=\"width: 639px\" class=\"wp-caption alignright\"><img decoding=\"async\" aria-describedby=\"caption-attachment-66140\" class=\"wp-image-66140\" src=\"https:\/\/mallorcaglobalmag.es\/wp-content\/uploads\/nit-de-lart-2023-rdp.jpeg\" alt=\"nit de l'art 2023\" width=\"629\" height=\"419\" srcset=\"https:\/\/mallorcaglobalmag.es\/wp-content\/uploads\/nit-de-lart-2023-rdp-200x133.jpeg 200w, https:\/\/mallorcaglobalmag.es\/wp-content\/uploads\/nit-de-lart-2023-rdp-300x200.jpeg 300w, https:\/\/mallorcaglobalmag.es\/wp-content\/uploads\/nit-de-lart-2023-rdp-400x267.jpeg 400w, https:\/\/mallorcaglobalmag.es\/wp-content\/uploads\/nit-de-lart-2023-rdp-600x400.jpeg 600w, https:\/\/mallorcaglobalmag.es\/wp-content\/uploads\/nit-de-lart-2023-rdp-768x512.jpeg 768w, https:\/\/mallorcaglobalmag.es\/wp-content\/uploads\/nit-de-lart-2023-rdp-800x533.jpeg 800w, https:\/\/mallorcaglobalmag.es\/wp-content\/uploads\/nit-de-lart-2023-rdp-1024x682.jpeg 1024w, https:\/\/mallorcaglobalmag.es\/wp-content\/uploads\/nit-de-lart-2023-rdp-1200x800.jpeg 1200w, https:\/\/mallorcaglobalmag.es\/wp-content\/uploads\/nit-de-lart-2023-rdp-1536x1023.jpeg 1536w, https:\/\/mallorcaglobalmag.es\/wp-content\/uploads\/nit-de-lart-2023-rdp.jpeg 1600w\" sizes=\"(max-width: 629px) 100vw, 629px\" \/><p id=\"caption-attachment-66140\" class=\"wp-caption-text\">A moment of the press conference to present the Nit de l&#8217;Art 2023. Photo: Organization.<\/p><\/div>\n<p>After the Nit de l&#8217;Art, in the following weeks, an extensive offer of guided tours by professionals in Spanish, Catalan and English will be included. Available to the general public and completely free of charge, these tours of the associated spaces and galleries of Art Palma Contemporani offer a complete and rich overview of both the artists and the different spaces. <a href=\"http:\/\/www.artpalmacontemporani.com\/#galerias\" target=\"_blank\" rel=\"noopener\">The programme of routes<\/a> will be extended throughout the month of October.<\/p>\n<h2>Preview of the Nit de l&#8217;Art 2023 programme<\/h2>\n<p>This year&#8217;s edition features solo exhibitions by Susy G\u00f3mez at the Galer\u00eda Bar\u00f3 and Teresa Matas at Aba Art Lab.<\/p>\n<p>For its part, CCA Andratx invites us to enjoy a new day of &#8216;open studios&#8217; and the inauguration of the solo exhibition by Anna Nero, among other exhibitions that can also be visited.<\/p>\n<p>Galeria Fermay offers a group exhibition featuring works by Nadia Barkate, Alex Hudson and Nadia Naveau.<\/p>\n<p>While at Fran Reus, three new exhibitions will be presented:<\/p>\n<ul>\n<li>A group show with works by Thom Trojanowski, Jack Jubb and Guillermo Ros;<\/li>\n<li>and solo shows by Marian Garrido and Piotr Bury Lakomy, the latter in &#8216;THE VAULT&#8217; room.<\/li>\n<\/ul>\n<p>Kewenig Palma opens the year with a solo by Andi Fischer.<\/p>\n<p>L21 Palma opens its programme with three other solo exhibitions at its headquarters in s&#8217;Escorxador: Rob Thom, entitled &#8220;Berserkers&#8221;, Ryan Browning &#8220;Loot&#8221; and \u00c1kos Ezer with his &#8220;At least we had fun today&#8230;&#8221;.<\/p>\n<p>LA BIBI Gallery presents a solo project by celebrated artist Serge Attukwei Clottey.<\/p>\n<p>Pelaires Gallery presents three solo exhibitions by national and international artists of great importance: Oliver Osborne, In\u00eas Zenha and Diego Delas.<\/p>\n<p>The solo exhibition &#8220;Variables&#8221;, by the young Palma-born artist Josep Santamaria, can be visited in two venues simultaneously: Galeria Xavier Fiol and Galeria Pep Llabr\u00e9s.<\/p>\n<p>Finally, Galeria Maior in Pollen\u00e7a invites us to discover the young Mallorcan artist Laia Ventayol Garc\u00eda, with the solo exhibition whose inauguration will be held on Sunday the 24th of September.<\/p>\n<h2>Parallel activities<\/h2>\n<p>In anticipation of the big night on Saturday 23rd September and throughout the week, numerous events and activities will encourage the public to explore other formats that delve into different aspects of art.<\/p>\n<p>Thus, on Friday 22 September, CaixaForum Palma will present a round table on private and public collecting with the presence of Nimfa Bisbe, Head of the art collections of La Caixa together with Lorena P\u00e9rez-J\u00e1come, to whom, this year, the ARCO Foundation has awarded the Prize for the Dissemination and Research of Contemporary Art through Collecting. Together with her partner Javier Lumbreras, they received this outstanding award for the work they have been carrying out since 2004 through the Adrastus Collection, currently deposited as a permanent collection at Collegium.<\/p>\n","protected":false},"excerpt":{"rendered":"<p>The popular event that marks the start of the Balearic <a href=\"https:\/\/mallorcaglobalmag.es\/en\/nit-de-lart-2023-fourteen-galleries-open-their-collections-to-the-public-in-palma-de-mallorca-september\/\"> [&#8230;]<\/a><\/p>\n","protected":false},"author":4,"featured_media":66137,"comment_status":"open","ping_status":"open","sticky":false,"template":"","format":"standard","meta":{"footnotes":""},"categories":[1514],"tags":[],"class_list":["post-47931","post","type-post","status-publish","format-standard","has-post-thumbnail","hentry","category-culture"],"yoast_head":"<!-- This site is optimized with the Yoast SEO plugin v25.2 - https:\/\/yoast.com\/wordpress\/plugins\/seo\/ -->\n<title>Nit de l&#039;Art 2023 - Mallorca Global Mag<\/title>\n<meta name=\"description\" content=\"The Nit de l&#039;Art 2023, which marks the start of the Balearic art season, will be held on Saturday 23rd September from 6 pm to 11 pm.\" \/>\n<meta name=\"robots\" content=\"index, follow, max-snippet:-1, max-image-preview:large, max-video-preview:-1\" \/>\n<link rel=\"canonical\" href=\"https:\/\/mallorcaglobalmag.es\/nit-de-lart-2023-catorce-galerias-abren-sus-colecciones-en-palma-de-mallorca-septiembre\/\" \/>\n<meta property=\"og:locale\" content=\"en_US\" \/>\n<meta property=\"og:type\" content=\"article\" \/>\n<meta property=\"og:title\" content=\"Nit de l&#039;Art 2023 - Mallorca Global Mag\" \/>\n<meta property=\"og:description\" content=\"The Nit de l&#039;Art 2023, which marks the start of the Balearic art season, will be held on Saturday 23rd September from 6 pm to 11 pm.\" \/>\n<meta property=\"og:url\" content=\"https:\/\/mallorcaglobalmag.es\/nit-de-lart-2023-catorce-galerias-abren-sus-colecciones-en-palma-de-mallorca-septiembre\/\" \/>\n<meta property=\"og:site_name\" content=\"Mallorca Global Mag\" \/>\n<meta property=\"article:published_time\" content=\"2023-09-22T07:50:45+00:00\" \/>\n<meta property=\"article:modified_time\" content=\"2023-09-22T07:59:24+00:00\" \/>\n<meta property=\"og:image\" content=\"https:\/\/mallorcaglobalmag.es\/wp-content\/uploads\/nit-de-lart-2023.jpeg\" \/>\n\t<meta property=\"og:image:width\" content=\"1600\" \/>\n\t<meta property=\"og:image:height\" content=\"1066\" \/>\n\t<meta property=\"og:image:type\" content=\"image\/jpeg\" \/>\n<meta name=\"author\" content=\"Redacci\u00f3n\" \/>\n<meta name=\"twitter:card\" content=\"summary_large_image\" \/>\n<meta name=\"twitter:label1\" content=\"Written by\" \/>\n\t<meta name=\"twitter:data1\" content=\"Redacci\u00f3n\" \/>\n\t<meta name=\"twitter:label2\" content=\"Est. reading time\" \/>\n\t<meta name=\"twitter:data2\" content=\"4 minutes\" \/>\n<script type=\"application\/ld+json\" class=\"yoast-schema-graph\">{\"@context\":\"https:\/\/schema.org\",\"@graph\":[{\"@type\":\"WebPage\",\"@id\":\"https:\/\/mallorcaglobalmag.es\/nit-de-lart-2023-catorce-galerias-abren-sus-colecciones-en-palma-de-mallorca-septiembre\/\",\"url\":\"https:\/\/mallorcaglobalmag.es\/nit-de-lart-2023-catorce-galerias-abren-sus-colecciones-en-palma-de-mallorca-septiembre\/\",\"name\":\"Nit de l'Art 2023 - Mallorca Global Mag\",\"isPartOf\":{\"@id\":\"https:\/\/mallorcaglobalmag.es\/#website\"},\"primaryImageOfPage\":{\"@id\":\"https:\/\/mallorcaglobalmag.es\/nit-de-lart-2023-catorce-galerias-abren-sus-colecciones-en-palma-de-mallorca-septiembre\/#primaryimage\"},\"image\":{\"@id\":\"https:\/\/mallorcaglobalmag.es\/nit-de-lart-2023-catorce-galerias-abren-sus-colecciones-en-palma-de-mallorca-septiembre\/#primaryimage\"},\"thumbnailUrl\":\"https:\/\/mallorcaglobalmag.es\/wp-content\/uploads\/nit-de-lart-2023.jpeg\",\"datePublished\":\"2023-09-22T07:50:45+00:00\",\"dateModified\":\"2023-09-22T07:59:24+00:00\",\"author\":{\"@id\":\"https:\/\/mallorcaglobalmag.es\/#\/schema\/person\/9a3cf523d44bd4905a14be13db051907\"},\"description\":\"The Nit de l'Art 2023, which marks the start of the Balearic art season, will be held on Saturday 23rd September from 6 pm to 11 pm.\",\"breadcrumb\":{\"@id\":\"https:\/\/mallorcaglobalmag.es\/nit-de-lart-2023-catorce-galerias-abren-sus-colecciones-en-palma-de-mallorca-septiembre\/#breadcrumb\"},\"inLanguage\":\"en-US\",\"potentialAction\":[{\"@type\":\"ReadAction\",\"target\":[\"https:\/\/mallorcaglobalmag.es\/nit-de-lart-2023-catorce-galerias-abren-sus-colecciones-en-palma-de-mallorca-septiembre\/\"]}]},{\"@type\":\"ImageObject\",\"inLanguage\":\"en-US\",\"@id\":\"https:\/\/mallorcaglobalmag.es\/nit-de-lart-2023-catorce-galerias-abren-sus-colecciones-en-palma-de-mallorca-septiembre\/#primaryimage\",\"url\":\"https:\/\/mallorcaglobalmag.es\/wp-content\/uploads\/nit-de-lart-2023.jpeg\",\"contentUrl\":\"https:\/\/mallorcaglobalmag.es\/wp-content\/uploads\/nit-de-lart-2023.jpeg\",\"width\":1600,\"height\":1066,\"caption\":\"nit de l'art 2023\"},{\"@type\":\"BreadcrumbList\",\"@id\":\"https:\/\/mallorcaglobalmag.es\/nit-de-lart-2023-catorce-galerias-abren-sus-colecciones-en-palma-de-mallorca-septiembre\/#breadcrumb\",\"itemListElement\":[{\"@type\":\"ListItem\",\"position\":1,\"name\":\"Portada\",\"item\":\"https:\/\/mallorcaglobalmag.es\/en\/\"},{\"@type\":\"ListItem\",\"position\":2,\"name\":\"Nit de l&#8217;Art 2023: fourteen galleries open the doors of their collections in Palma and the Part Forana\"}]},{\"@type\":\"WebSite\",\"@id\":\"https:\/\/mallorcaglobalmag.es\/#website\",\"url\":\"https:\/\/mallorcaglobalmag.es\/\",\"name\":\"Mallorca Global Mag\",\"description\":\"Revista de informaci\u00f3n general de Mallorca\",\"potentialAction\":[{\"@type\":\"SearchAction\",\"target\":{\"@type\":\"EntryPoint\",\"urlTemplate\":\"https:\/\/mallorcaglobalmag.es\/?s={search_term_string}\"},\"query-input\":{\"@type\":\"PropertyValueSpecification\",\"valueRequired\":true,\"valueName\":\"search_term_string\"}}],\"inLanguage\":\"en-US\"},{\"@type\":\"Person\",\"@id\":\"https:\/\/mallorcaglobalmag.es\/#\/schema\/person\/9a3cf523d44bd4905a14be13db051907\",\"name\":\"Redacci\u00f3n\",\"image\":{\"@type\":\"ImageObject\",\"inLanguage\":\"en-US\",\"@id\":\"https:\/\/mallorcaglobalmag.es\/#\/schema\/person\/image\/\",\"url\":\"https:\/\/secure.gravatar.com\/avatar\/54a4bcd1a68eccdda3505d7ee5d6ebb8e5dd78095a07d388940305fac2e49572?s=96&d=mm&r=g\",\"contentUrl\":\"https:\/\/secure.gravatar.com\/avatar\/54a4bcd1a68eccdda3505d7ee5d6ebb8e5dd78095a07d388940305fac2e49572?s=96&d=mm&r=g\",\"caption\":\"Redacci\u00f3n\"},\"url\":\"https:\/\/mallorcaglobalmag.es\/en\/author\/elena\/\"}]}<\/script>\n<!-- \/ Yoast SEO plugin. -->","yoast_head_json":{"title":"Nit de l'Art 2023 - Mallorca Global Mag","description":"The Nit de l'Art 2023, which marks the start of the Balearic art season, will be held on Saturday 23rd September from 6 pm to 11 pm.","robots":{"index":"index","follow":"follow","max-snippet":"max-snippet:-1","max-image-preview":"max-image-preview:large","max-video-preview":"max-video-preview:-1"},"canonical":"https:\/\/mallorcaglobalmag.es\/nit-de-lart-2023-catorce-galerias-abren-sus-colecciones-en-palma-de-mallorca-septiembre\/","og_locale":"en_US","og_type":"article","og_title":"Nit de l'Art 2023 - Mallorca Global Mag","og_description":"The Nit de l'Art 2023, which marks the start of the Balearic art season, will be held on Saturday 23rd September from 6 pm to 11 pm.","og_url":"https:\/\/mallorcaglobalmag.es\/nit-de-lart-2023-catorce-galerias-abren-sus-colecciones-en-palma-de-mallorca-septiembre\/","og_site_name":"Mallorca Global Mag","article_published_time":"2023-09-22T07:50:45+00:00","article_modified_time":"2023-09-22T07:59:24+00:00","og_image":[{"width":1600,"height":1066,"url":"https:\/\/mallorcaglobalmag.es\/wp-content\/uploads\/nit-de-lart-2023.jpeg","type":"image\/jpeg"}],"author":"Redacci\u00f3n","twitter_card":"summary_large_image","twitter_misc":{"Written by":"Redacci\u00f3n","Est. reading time":"4 minutes"},"schema":{"@context":"https:\/\/schema.org","@graph":[{"@type":"WebPage","@id":"https:\/\/mallorcaglobalmag.es\/nit-de-lart-2023-catorce-galerias-abren-sus-colecciones-en-palma-de-mallorca-septiembre\/","url":"https:\/\/mallorcaglobalmag.es\/nit-de-lart-2023-catorce-galerias-abren-sus-colecciones-en-palma-de-mallorca-septiembre\/","name":"Nit de l'Art 2023 - Mallorca Global Mag","isPartOf":{"@id":"https:\/\/mallorcaglobalmag.es\/#website"},"primaryImageOfPage":{"@id":"https:\/\/mallorcaglobalmag.es\/nit-de-lart-2023-catorce-galerias-abren-sus-colecciones-en-palma-de-mallorca-septiembre\/#primaryimage"},"image":{"@id":"https:\/\/mallorcaglobalmag.es\/nit-de-lart-2023-catorce-galerias-abren-sus-colecciones-en-palma-de-mallorca-septiembre\/#primaryimage"},"thumbnailUrl":"https:\/\/mallorcaglobalmag.es\/wp-content\/uploads\/nit-de-lart-2023.jpeg","datePublished":"2023-09-22T07:50:45+00:00","dateModified":"2023-09-22T07:59:24+00:00","author":{"@id":"https:\/\/mallorcaglobalmag.es\/#\/schema\/person\/9a3cf523d44bd4905a14be13db051907"},"description":"The Nit de l'Art 2023, which marks the start of the Balearic art season, will be held on Saturday 23rd September from 6 pm to 11 pm.","breadcrumb":{"@id":"https:\/\/mallorcaglobalmag.es\/nit-de-lart-2023-catorce-galerias-abren-sus-colecciones-en-palma-de-mallorca-septiembre\/#breadcrumb"},"inLanguage":"en-US","potentialAction":[{"@type":"ReadAction","target":["https:\/\/mallorcaglobalmag.es\/nit-de-lart-2023-catorce-galerias-abren-sus-colecciones-en-palma-de-mallorca-septiembre\/"]}]},{"@type":"ImageObject","inLanguage":"en-US","@id":"https:\/\/mallorcaglobalmag.es\/nit-de-lart-2023-catorce-galerias-abren-sus-colecciones-en-palma-de-mallorca-septiembre\/#primaryimage","url":"https:\/\/mallorcaglobalmag.es\/wp-content\/uploads\/nit-de-lart-2023.jpeg","contentUrl":"https:\/\/mallorcaglobalmag.es\/wp-content\/uploads\/nit-de-lart-2023.jpeg","width":1600,"height":1066,"caption":"nit de l'art 2023"},{"@type":"BreadcrumbList","@id":"https:\/\/mallorcaglobalmag.es\/nit-de-lart-2023-catorce-galerias-abren-sus-colecciones-en-palma-de-mallorca-septiembre\/#breadcrumb","itemListElement":[{"@type":"ListItem","position":1,"name":"Portada","item":"https:\/\/mallorcaglobalmag.es\/en\/"},{"@type":"ListItem","position":2,"name":"Nit de l&#8217;Art 2023: fourteen galleries open the doors of their collections in Palma and the Part Forana"}]},{"@type":"WebSite","@id":"https:\/\/mallorcaglobalmag.es\/#website","url":"https:\/\/mallorcaglobalmag.es\/","name":"Mallorca Global Mag","description":"Revista de informaci\u00f3n general de Mallorca","potentialAction":[{"@type":"SearchAction","target":{"@type":"EntryPoint","urlTemplate":"https:\/\/mallorcaglobalmag.es\/?s={search_term_string}"},"query-input":{"@type":"PropertyValueSpecification","valueRequired":true,"valueName":"search_term_string"}}],"inLanguage":"en-US"},{"@type":"Person","@id":"https:\/\/mallorcaglobalmag.es\/#\/schema\/person\/9a3cf523d44bd4905a14be13db051907","name":"Redacci\u00f3n","image":{"@type":"ImageObject","inLanguage":"en-US","@id":"https:\/\/mallorcaglobalmag.es\/#\/schema\/person\/image\/","url":"https:\/\/secure.gravatar.com\/avatar\/54a4bcd1a68eccdda3505d7ee5d6ebb8e5dd78095a07d388940305fac2e49572?s=96&d=mm&r=g","contentUrl":"https:\/\/secure.gravatar.com\/avatar\/54a4bcd1a68eccdda3505d7ee5d6ebb8e5dd78095a07d388940305fac2e49572?s=96&d=mm&r=g","caption":"Redacci\u00f3n"},"url":"https:\/\/mallorcaglobalmag.es\/en\/author\/elena\/"}]}},"_links":{"self":[{"href":"https:\/\/mallorcaglobalmag.es\/en\/wp-json\/wp\/v2\/posts\/47931","targetHints":{"allow":["GET"]}}],"collection":[{"href":"https:\/\/mallorcaglobalmag.es\/en\/wp-json\/wp\/v2\/posts"}],"about":[{"href":"https:\/\/mallorcaglobalmag.es\/en\/wp-json\/wp\/v2\/types\/post"}],"author":[{"embeddable":true,"href":"https:\/\/mallorcaglobalmag.es\/en\/wp-json\/wp\/v2\/users\/4"}],"replies":[{"embeddable":true,"href":"https:\/\/mallorcaglobalmag.es\/en\/wp-json\/wp\/v2\/comments?post=47931"}],"version-history":[{"count":3,"href":"https:\/\/mallorcaglobalmag.es\/en\/wp-json\/wp\/v2\/posts\/47931\/revisions"}],"predecessor-version":[{"id":66422,"href":"https:\/\/mallorcaglobalmag.es\/en\/wp-json\/wp\/v2\/posts\/47931\/revisions\/66422"}],"wp:featuredmedia":[{"embeddable":true,"href":"https:\/\/mallorcaglobalmag.es\/en\/wp-json\/wp\/v2\/media\/66137"}],"wp:attachment":[{"href":"https:\/\/mallorcaglobalmag.es\/en\/wp-json\/wp\/v2\/media?parent=47931"}],"wp:term":[{"taxonomy":"category","embeddable":true,"href":"https:\/\/mallorcaglobalmag.es\/en\/wp-json\/wp\/v2\/categories?post=47931"},{"taxonomy":"post_tag","embeddable":true,"href":"https:\/\/mallorcaglobalmag.es\/en\/wp-json\/wp\/v2\/tags?post=47931"}],"curies":[{"name":"wp","href":"https:\/\/api.w.org\/{rel}","templated":true}]}}