{"id":47898,"date":"2023-07-22T07:12:13","date_gmt":"2023-07-22T05:12:13","guid":{"rendered":"https:\/\/mallorcaglobalmag.es\/?p=47898"},"modified":"2023-07-18T10:54:16","modified_gmt":"2023-07-18T08:54:16","slug":"festes-de-sant-jaume-in-alcudia-programme-of-celebrations-mallorca","status":"publish","type":"post","link":"https:\/\/mallorcaglobalmag.es\/en\/festes-de-sant-jaume-in-alcudia-programme-of-celebrations-mallorca\/","title":{"rendered":"Festes de Sant Jaume in Alc\u00fadia: programme of celebrations"},"content":{"rendered":"<p>The 25th of July is Sant Jaume, patron saint of Alc\u00fadia, a festivity that is celebrated in style in different towns on the island. A week before the date, the festivities begin in the municipality in the north of Mallorca with concerts, open-air dances, theatre, exhibitions and religious celebrations<\/p>\n<p>Alc\u00fadia celebrates the day of its patron saint, Sant Jaume, with a full <a href=\"https:\/\/www.alcudia.net\/export\/sites\/default\/ajuntament\/ca\/documentos\/destacats\/XS-AJ-ALCUDIA-PROGRAMA-SANT-JAUME-2023.pdf\" target=\"_blank\" rel=\"noopener\">programme of activities<\/a> that centre on the big day, the 25th of July. This year also marks the 500th anniversary of the granting of the title of City to Alc\u00fadia in 1523.<\/p>\n<p>Among the outstanding events, every three years the Triennal del Sant Crist takes place, a deeply-rooted religious mass and procession that arouses great devotion among the &#8216;alcudiencs&#8217;. The origin of this procession dates back to 1507. According to tradition, the image of Sant Crist sweated blood and water, thus putting an end to a period of drought. The next Triennal is in 2025.<\/p>\n<p>And as the icing on the cake, on the night of Sant Jaume, a fireworks display is held next to the wall, which puts an end to a week of festivities and fun, although the different activities continue until the 30th of July.<\/p>\n<h2>Programme of the Festes de Sant Jaume 2023 in Alc\u00fadia<\/h2>\n<h3>Saturday 22nd July<\/h3>\n<ul>\n<li><strong>From 9.00 am to 1.00 pm<\/strong>. Archery demonstration and paella lunch. Price: 10 \u20ac. Contact: 651 438 350. Cap Gros.<\/li>\n<li><strong>10,00 h.<\/strong> Chess tournament for children and non-federated beginners and veterans. On the 1st floor Can Ramis. Passeig de Pere Ventayol.<\/li>\n<li><strong>16.00 h<\/strong>. 55th Sant Jaume 2023 chess tournament. Active chess championship of Mallorca. Registration fee 5\u20ac (local players free). Players must be federated. 1st floor Can Ramis. Passeig de Pere Ventayol.<\/li>\n<li><strong>19.00 h.<\/strong> Gran Verbena Mallorca Music Festival. Campet de les \u00e0nimes de Pol-l\u00e8ntia.<\/li>\n<\/ul>\n\n\t\t<style type=\"text\/css\">\n\t\t\t#gallery-1 {\n\t\t\t\tmargin: auto;\n\t\t\t}\n\t\t\t#gallery-1 .gallery-item {\n\t\t\t\tfloat: left;\n\t\t\t\tmargin-top: 10px;\n\t\t\t\ttext-align: center;\n\t\t\t\twidth: 33%;\n\t\t\t}\n\t\t\t#gallery-1 img {\n\t\t\t\tborder: 2px solid #cfcfcf;\n\t\t\t}\n\t\t\t#gallery-1 .gallery-caption {\n\t\t\t\tmargin-left: 0;\n\t\t\t}\n\t\t\t\/* see gallery_shortcode() in wp-includes\/media.php *\/\n\t\t<\/style>\n\t\t<div id='gallery-1' class='gallery galleryid-47898 gallery-columns-3 gallery-size-medium'><dl class='gallery-item'>\n\t\t\t<dt class='gallery-icon landscape'>\n\t\t\t\t<a data-rel=\"iLightbox[postimages]\" data-title=\"festes sant jaume alc\u00fadia 2\" data-caption=\"Photos: Ajuntament d&#039;Alc\u00fadia.\" href='https:\/\/mallorcaglobalmag.es\/en\/festes-de-sant-jaume-in-alcudia-programme-of-celebrations-mallorca\/festes-sant-jaume-alcudia-2-2\/'><img decoding=\"async\" width=\"300\" height=\"225\" src=\"https:\/\/mallorcaglobalmag.es\/wp-content\/uploads\/festes-sant-jaume-alcudia-2-300x225.jpg\" class=\"attachment-medium size-medium\" alt=\"festese d\" aria-describedby=\"gallery-1-47891\" srcset=\"https:\/\/mallorcaglobalmag.es\/wp-content\/uploads\/festes-sant-jaume-alcudia-2-200x150.jpg 200w, https:\/\/mallorcaglobalmag.es\/wp-content\/uploads\/festes-sant-jaume-alcudia-2-300x225.jpg 300w, https:\/\/mallorcaglobalmag.es\/wp-content\/uploads\/festes-sant-jaume-alcudia-2-400x300.jpg 400w, https:\/\/mallorcaglobalmag.es\/wp-content\/uploads\/festes-sant-jaume-alcudia-2-600x450.jpg 600w, https:\/\/mallorcaglobalmag.es\/wp-content\/uploads\/festes-sant-jaume-alcudia-2-768x576.jpg 768w, https:\/\/mallorcaglobalmag.es\/wp-content\/uploads\/festes-sant-jaume-alcudia-2-800x600.jpg 800w, https:\/\/mallorcaglobalmag.es\/wp-content\/uploads\/festes-sant-jaume-alcudia-2-1024x768.jpg 1024w, https:\/\/mallorcaglobalmag.es\/wp-content\/uploads\/festes-sant-jaume-alcudia-2.jpg 1156w\" sizes=\"(max-width: 300px) 100vw, 300px\" \/><\/a>\n\t\t\t<\/dt>\n\t\t\t\t<dd class='wp-caption-text gallery-caption' id='gallery-1-47891'>\n\t\t\t\tPhotos: Ajuntament d&#8217;Alc\u00fadia.\n\t\t\t\t<\/dd><\/dl><dl class='gallery-item'>\n\t\t\t<dt class='gallery-icon landscape'>\n\t\t\t\t<a data-rel=\"iLightbox[postimages]\" data-title=\"festes sant jaume alc\u00fadia 1\" data-caption=\"\" href='https:\/\/mallorcaglobalmag.es\/en\/festes-de-sant-jaume-in-alcudia-programme-of-celebrations-mallorca\/festes-sant-jaume-alcudia-1-2\/'><img decoding=\"async\" width=\"300\" height=\"300\" src=\"https:\/\/mallorcaglobalmag.es\/wp-content\/uploads\/festes-sant-jaume-alcudia-1-300x300.jpg\" class=\"attachment-medium size-medium\" alt=\"festes sant jaume alc\u00fadia 2\" srcset=\"https:\/\/mallorcaglobalmag.es\/wp-content\/uploads\/festes-sant-jaume-alcudia-1-66x66.jpg 66w, https:\/\/mallorcaglobalmag.es\/wp-content\/uploads\/festes-sant-jaume-alcudia-1-150x150.jpg 150w, https:\/\/mallorcaglobalmag.es\/wp-content\/uploads\/festes-sant-jaume-alcudia-1-200x200.jpg 200w, https:\/\/mallorcaglobalmag.es\/wp-content\/uploads\/festes-sant-jaume-alcudia-1-300x300.jpg 300w, https:\/\/mallorcaglobalmag.es\/wp-content\/uploads\/festes-sant-jaume-alcudia-1-400x400.jpg 400w, https:\/\/mallorcaglobalmag.es\/wp-content\/uploads\/festes-sant-jaume-alcudia-1-600x600.jpg 600w, https:\/\/mallorcaglobalmag.es\/wp-content\/uploads\/festes-sant-jaume-alcudia-1-768x768.jpg 768w, https:\/\/mallorcaglobalmag.es\/wp-content\/uploads\/festes-sant-jaume-alcudia-1-800x800.jpg 800w, https:\/\/mallorcaglobalmag.es\/wp-content\/uploads\/festes-sant-jaume-alcudia-1.jpg 960w\" sizes=\"(max-width: 300px) 100vw, 300px\" \/><\/a>\n\t\t\t<\/dt><\/dl><dl class='gallery-item'>\n\t\t\t<dt class='gallery-icon landscape'>\n\t\t\t\t<a data-rel=\"iLightbox[postimages]\" data-title=\"festes sant jaume alc\u00fadia 3\" data-caption=\"\" href='https:\/\/mallorcaglobalmag.es\/en\/festes-de-sant-jaume-in-alcudia-programme-of-celebrations-mallorca\/festes-sant-jaume-alcudia-3-2-2\/'><img decoding=\"async\" width=\"300\" height=\"169\" src=\"https:\/\/mallorcaglobalmag.es\/wp-content\/uploads\/festes-sant-jaume-alcudia-3-1-300x169.jpg\" class=\"attachment-medium size-medium\" alt=\"festes sant jaume alc\u00fadia  2023\" srcset=\"https:\/\/mallorcaglobalmag.es\/wp-content\/uploads\/festes-sant-jaume-alcudia-3-1-200x113.jpg 200w, https:\/\/mallorcaglobalmag.es\/wp-content\/uploads\/festes-sant-jaume-alcudia-3-1-300x169.jpg 300w, https:\/\/mallorcaglobalmag.es\/wp-content\/uploads\/festes-sant-jaume-alcudia-3-1-400x225.jpg 400w, https:\/\/mallorcaglobalmag.es\/wp-content\/uploads\/festes-sant-jaume-alcudia-3-1-600x338.jpg 600w, https:\/\/mallorcaglobalmag.es\/wp-content\/uploads\/festes-sant-jaume-alcudia-3-1-768x432.jpg 768w, https:\/\/mallorcaglobalmag.es\/wp-content\/uploads\/festes-sant-jaume-alcudia-3-1-800x450.jpg 800w, https:\/\/mallorcaglobalmag.es\/wp-content\/uploads\/festes-sant-jaume-alcudia-3-1-1024x577.jpg 1024w, https:\/\/mallorcaglobalmag.es\/wp-content\/uploads\/festes-sant-jaume-alcudia-3-1-1200x676.jpg 1200w, https:\/\/mallorcaglobalmag.es\/wp-content\/uploads\/festes-sant-jaume-alcudia-3-1-1536x865.jpg 1536w\" sizes=\"(max-width: 300px) 100vw, 300px\" \/><\/a>\n\t\t\t<\/dt><\/dl><br style=\"clear: both\" \/>\n\t\t<\/div>\n\n<h3>Sunday 23rd July<\/h3>\n<ul>\n<li><strong>17,00 h<\/strong>. Local ecological dish shooting and &#8216;pamboli&#8217; a la fresca. Cap Gros.<\/li>\n<\/ul>\n<h3>Monday 24th July<\/h3>\n<ul>\n<li><strong>21,00 h<\/strong>. <strong>Stay Homas and Plan-ET concert<\/strong>. The only concert in Mallorca. Price: 15 \u20ac. Free admission for children under 8 years old. Tickets on sale at www.ticketib.com. Bullring.<\/li>\n<\/ul>\n<h3>Tuesday 25th July<\/h3>\n<ul>\n<li><strong>11,30h<\/strong>. Parade of the Alc\u00fadia Municipal Music Band, conducted by Jaume Garcia. Pla\u00e7a de la Porta de Mallorca.<\/li>\n<li><strong>12,00 h<\/strong>. Solemn mass. Sant Jaume parish church.<\/li>\n<li><strong>13,15 h<\/strong>. Traditional refreshments in the Hall, especially Sant Jaume. Town Hall Assembly Hall.<\/li>\n<li><strong>22,00 h<\/strong>. The Alc\u00fadia Municipal Music Band presents: &#8220;El rei lle\u00f3, en concert&#8221;. Passeig de la Mare de D\u00e9u de la Vict\u00f2ria.<\/li>\n<li><strong>24,00 h<\/strong>. End of festival with fireworks display. Pla\u00e7a de Carles V.<\/li>\n<\/ul>\n<h3>Saturday 29th July<\/h3>\n<ul>\n<li><strong>From 9.00 am to 8.00 pm<\/strong>. Beach volleyball tournament. Adult category, male and female. Information: Albert 687 10 88 11. Ciutat Blanca sports area.<\/li>\n<\/ul>\n<h3>Sunday 30 July<\/h3>\n<ul>\n<li><strong>From 9.00 am to 2.00 pm<\/strong>. Beach Volleyball Tournament. Men&#8217;s and women&#8217;s beginners&#8217; category. Information: Albert 687 10 88 11. Ciutat Blanca sports area.<\/li>\n<\/ul>\n","protected":false},"excerpt":{"rendered":"<p>The 25th of July is Sant Jaume, patron saint of <a href=\"https:\/\/mallorcaglobalmag.es\/en\/festes-de-sant-jaume-in-alcudia-programme-of-celebrations-mallorca\/\"> [&#8230;]<\/a><\/p>\n","protected":false},"author":4,"featured_media":47887,"comment_status":"open","ping_status":"open","sticky":false,"template":"","format":"standard","meta":{"footnotes":""},"categories":[1514],"tags":[],"class_list":["post-47898","post","type-post","status-publish","format-standard","has-post-thumbnail","hentry","category-culture"],"yoast_head":"<!-- This site is optimized with the Yoast SEO plugin v25.2 - https:\/\/yoast.com\/wordpress\/plugins\/seo\/ -->\n<title>Festes de Sant Jaume in Alc\u00fadia - Mallorca Global Mag<\/title>\n<meta name=\"description\" content=\"The 25th of July is Sant Jaume, patron saint of Alc\u00fadia, a festivity that is celebrated in style in different towns on the island.\" \/>\n<meta name=\"robots\" content=\"index, follow, max-snippet:-1, max-image-preview:large, max-video-preview:-1\" \/>\n<link rel=\"canonical\" href=\"https:\/\/mallorcaglobalmag.es\/en\/festes-de-sant-jaume-in-alcudia-programme-of-celebrations-mallorca\/\" \/>\n<meta property=\"og:locale\" content=\"en_US\" \/>\n<meta property=\"og:type\" content=\"article\" \/>\n<meta property=\"og:title\" content=\"Festes de Sant Jaume in Alc\u00fadia - Mallorca Global Mag\" \/>\n<meta property=\"og:description\" content=\"The 25th of July is Sant Jaume, patron saint of Alc\u00fadia, a festivity that is celebrated in style in different towns on the island.\" \/>\n<meta property=\"og:url\" content=\"https:\/\/mallorcaglobalmag.es\/en\/festes-de-sant-jaume-in-alcudia-programme-of-celebrations-mallorca\/\" \/>\n<meta property=\"og:site_name\" content=\"Mallorca Global Mag\" \/>\n<meta property=\"article:published_time\" content=\"2023-07-22T05:12:13+00:00\" \/>\n<meta property=\"og:image\" content=\"https:\/\/mallorcaglobalmag.es\/wp-content\/uploads\/festes-sant-jaume-alcudia-3.jpg\" \/>\n\t<meta property=\"og:image:width\" content=\"2048\" \/>\n\t<meta property=\"og:image:height\" content=\"1153\" \/>\n\t<meta property=\"og:image:type\" content=\"image\/jpeg\" \/>\n<meta name=\"author\" content=\"Redacci\u00f3n\" \/>\n<meta name=\"twitter:card\" content=\"summary_large_image\" \/>\n<meta name=\"twitter:label1\" content=\"Written by\" \/>\n\t<meta name=\"twitter:data1\" content=\"Redacci\u00f3n\" \/>\n\t<meta name=\"twitter:label2\" content=\"Est. reading time\" \/>\n\t<meta name=\"twitter:data2\" content=\"3 minutes\" \/>\n<script type=\"application\/ld+json\" class=\"yoast-schema-graph\">{\"@context\":\"https:\/\/schema.org\",\"@graph\":[{\"@type\":\"WebPage\",\"@id\":\"https:\/\/mallorcaglobalmag.es\/en\/festes-de-sant-jaume-in-alcudia-programme-of-celebrations-mallorca\/\",\"url\":\"https:\/\/mallorcaglobalmag.es\/en\/festes-de-sant-jaume-in-alcudia-programme-of-celebrations-mallorca\/\",\"name\":\"Festes de Sant Jaume in Alc\u00fadia - Mallorca Global Mag\",\"isPartOf\":{\"@id\":\"https:\/\/mallorcaglobalmag.es\/#website\"},\"primaryImageOfPage\":{\"@id\":\"https:\/\/mallorcaglobalmag.es\/en\/festes-de-sant-jaume-in-alcudia-programme-of-celebrations-mallorca\/#primaryimage\"},\"image\":{\"@id\":\"https:\/\/mallorcaglobalmag.es\/en\/festes-de-sant-jaume-in-alcudia-programme-of-celebrations-mallorca\/#primaryimage\"},\"thumbnailUrl\":\"https:\/\/mallorcaglobalmag.es\/wp-content\/uploads\/festes-sant-jaume-alcudia-3.jpg\",\"datePublished\":\"2023-07-22T05:12:13+00:00\",\"author\":{\"@id\":\"https:\/\/mallorcaglobalmag.es\/#\/schema\/person\/9a3cf523d44bd4905a14be13db051907\"},\"description\":\"The 25th of July is Sant Jaume, patron saint of Alc\u00fadia, a festivity that is celebrated in style in different towns on the island.\",\"breadcrumb\":{\"@id\":\"https:\/\/mallorcaglobalmag.es\/en\/festes-de-sant-jaume-in-alcudia-programme-of-celebrations-mallorca\/#breadcrumb\"},\"inLanguage\":\"en-US\",\"potentialAction\":[{\"@type\":\"ReadAction\",\"target\":[\"https:\/\/mallorcaglobalmag.es\/en\/festes-de-sant-jaume-in-alcudia-programme-of-celebrations-mallorca\/\"]}]},{\"@type\":\"ImageObject\",\"inLanguage\":\"en-US\",\"@id\":\"https:\/\/mallorcaglobalmag.es\/en\/festes-de-sant-jaume-in-alcudia-programme-of-celebrations-mallorca\/#primaryimage\",\"url\":\"https:\/\/mallorcaglobalmag.es\/wp-content\/uploads\/festes-sant-jaume-alcudia-3.jpg\",\"contentUrl\":\"https:\/\/mallorcaglobalmag.es\/wp-content\/uploads\/festes-sant-jaume-alcudia-3.jpg\",\"width\":2048,\"height\":1153,\"caption\":\"festes de sant jaume 2023 Alc\u00fadia\"},{\"@type\":\"BreadcrumbList\",\"@id\":\"https:\/\/mallorcaglobalmag.es\/en\/festes-de-sant-jaume-in-alcudia-programme-of-celebrations-mallorca\/#breadcrumb\",\"itemListElement\":[{\"@type\":\"ListItem\",\"position\":1,\"name\":\"Portada\",\"item\":\"https:\/\/mallorcaglobalmag.es\/en\/\"},{\"@type\":\"ListItem\",\"position\":2,\"name\":\"Festes de Sant Jaume in Alc\u00fadia: programme of celebrations\"}]},{\"@type\":\"WebSite\",\"@id\":\"https:\/\/mallorcaglobalmag.es\/#website\",\"url\":\"https:\/\/mallorcaglobalmag.es\/\",\"name\":\"Mallorca Global Mag\",\"description\":\"Revista de informaci\u00f3n general de Mallorca\",\"potentialAction\":[{\"@type\":\"SearchAction\",\"target\":{\"@type\":\"EntryPoint\",\"urlTemplate\":\"https:\/\/mallorcaglobalmag.es\/?s={search_term_string}\"},\"query-input\":{\"@type\":\"PropertyValueSpecification\",\"valueRequired\":true,\"valueName\":\"search_term_string\"}}],\"inLanguage\":\"en-US\"},{\"@type\":\"Person\",\"@id\":\"https:\/\/mallorcaglobalmag.es\/#\/schema\/person\/9a3cf523d44bd4905a14be13db051907\",\"name\":\"Redacci\u00f3n\",\"image\":{\"@type\":\"ImageObject\",\"inLanguage\":\"en-US\",\"@id\":\"https:\/\/mallorcaglobalmag.es\/#\/schema\/person\/image\/\",\"url\":\"https:\/\/secure.gravatar.com\/avatar\/54a4bcd1a68eccdda3505d7ee5d6ebb8e5dd78095a07d388940305fac2e49572?s=96&d=mm&r=g\",\"contentUrl\":\"https:\/\/secure.gravatar.com\/avatar\/54a4bcd1a68eccdda3505d7ee5d6ebb8e5dd78095a07d388940305fac2e49572?s=96&d=mm&r=g\",\"caption\":\"Redacci\u00f3n\"},\"url\":\"https:\/\/mallorcaglobalmag.es\/en\/author\/elena\/\"}]}<\/script>\n<!-- \/ Yoast SEO plugin. -->","yoast_head_json":{"title":"Festes de Sant Jaume in Alc\u00fadia - Mallorca Global Mag","description":"The 25th of July is Sant Jaume, patron saint of Alc\u00fadia, a festivity that is celebrated in style in different towns on the island.","robots":{"index":"index","follow":"follow","max-snippet":"max-snippet:-1","max-image-preview":"max-image-preview:large","max-video-preview":"max-video-preview:-1"},"canonical":"https:\/\/mallorcaglobalmag.es\/en\/festes-de-sant-jaume-in-alcudia-programme-of-celebrations-mallorca\/","og_locale":"en_US","og_type":"article","og_title":"Festes de Sant Jaume in Alc\u00fadia - Mallorca Global Mag","og_description":"The 25th of July is Sant Jaume, patron saint of Alc\u00fadia, a festivity that is celebrated in style in different towns on the island.","og_url":"https:\/\/mallorcaglobalmag.es\/en\/festes-de-sant-jaume-in-alcudia-programme-of-celebrations-mallorca\/","og_site_name":"Mallorca Global Mag","article_published_time":"2023-07-22T05:12:13+00:00","og_image":[{"width":2048,"height":1153,"url":"https:\/\/mallorcaglobalmag.es\/wp-content\/uploads\/festes-sant-jaume-alcudia-3.jpg","type":"image\/jpeg"}],"author":"Redacci\u00f3n","twitter_card":"summary_large_image","twitter_misc":{"Written by":"Redacci\u00f3n","Est. reading time":"3 minutes"},"schema":{"@context":"https:\/\/schema.org","@graph":[{"@type":"WebPage","@id":"https:\/\/mallorcaglobalmag.es\/en\/festes-de-sant-jaume-in-alcudia-programme-of-celebrations-mallorca\/","url":"https:\/\/mallorcaglobalmag.es\/en\/festes-de-sant-jaume-in-alcudia-programme-of-celebrations-mallorca\/","name":"Festes de Sant Jaume in Alc\u00fadia - Mallorca Global Mag","isPartOf":{"@id":"https:\/\/mallorcaglobalmag.es\/#website"},"primaryImageOfPage":{"@id":"https:\/\/mallorcaglobalmag.es\/en\/festes-de-sant-jaume-in-alcudia-programme-of-celebrations-mallorca\/#primaryimage"},"image":{"@id":"https:\/\/mallorcaglobalmag.es\/en\/festes-de-sant-jaume-in-alcudia-programme-of-celebrations-mallorca\/#primaryimage"},"thumbnailUrl":"https:\/\/mallorcaglobalmag.es\/wp-content\/uploads\/festes-sant-jaume-alcudia-3.jpg","datePublished":"2023-07-22T05:12:13+00:00","author":{"@id":"https:\/\/mallorcaglobalmag.es\/#\/schema\/person\/9a3cf523d44bd4905a14be13db051907"},"description":"The 25th of July is Sant Jaume, patron saint of Alc\u00fadia, a festivity that is celebrated in style in different towns on the island.","breadcrumb":{"@id":"https:\/\/mallorcaglobalmag.es\/en\/festes-de-sant-jaume-in-alcudia-programme-of-celebrations-mallorca\/#breadcrumb"},"inLanguage":"en-US","potentialAction":[{"@type":"ReadAction","target":["https:\/\/mallorcaglobalmag.es\/en\/festes-de-sant-jaume-in-alcudia-programme-of-celebrations-mallorca\/"]}]},{"@type":"ImageObject","inLanguage":"en-US","@id":"https:\/\/mallorcaglobalmag.es\/en\/festes-de-sant-jaume-in-alcudia-programme-of-celebrations-mallorca\/#primaryimage","url":"https:\/\/mallorcaglobalmag.es\/wp-content\/uploads\/festes-sant-jaume-alcudia-3.jpg","contentUrl":"https:\/\/mallorcaglobalmag.es\/wp-content\/uploads\/festes-sant-jaume-alcudia-3.jpg","width":2048,"height":1153,"caption":"festes de sant jaume 2023 Alc\u00fadia"},{"@type":"BreadcrumbList","@id":"https:\/\/mallorcaglobalmag.es\/en\/festes-de-sant-jaume-in-alcudia-programme-of-celebrations-mallorca\/#breadcrumb","itemListElement":[{"@type":"ListItem","position":1,"name":"Portada","item":"https:\/\/mallorcaglobalmag.es\/en\/"},{"@type":"ListItem","position":2,"name":"Festes de Sant Jaume in Alc\u00fadia: programme of celebrations"}]},{"@type":"WebSite","@id":"https:\/\/mallorcaglobalmag.es\/#website","url":"https:\/\/mallorcaglobalmag.es\/","name":"Mallorca Global Mag","description":"Revista de informaci\u00f3n general de Mallorca","potentialAction":[{"@type":"SearchAction","target":{"@type":"EntryPoint","urlTemplate":"https:\/\/mallorcaglobalmag.es\/?s={search_term_string}"},"query-input":{"@type":"PropertyValueSpecification","valueRequired":true,"valueName":"search_term_string"}}],"inLanguage":"en-US"},{"@type":"Person","@id":"https:\/\/mallorcaglobalmag.es\/#\/schema\/person\/9a3cf523d44bd4905a14be13db051907","name":"Redacci\u00f3n","image":{"@type":"ImageObject","inLanguage":"en-US","@id":"https:\/\/mallorcaglobalmag.es\/#\/schema\/person\/image\/","url":"https:\/\/secure.gravatar.com\/avatar\/54a4bcd1a68eccdda3505d7ee5d6ebb8e5dd78095a07d388940305fac2e49572?s=96&d=mm&r=g","contentUrl":"https:\/\/secure.gravatar.com\/avatar\/54a4bcd1a68eccdda3505d7ee5d6ebb8e5dd78095a07d388940305fac2e49572?s=96&d=mm&r=g","caption":"Redacci\u00f3n"},"url":"https:\/\/mallorcaglobalmag.es\/en\/author\/elena\/"}]}},"_links":{"self":[{"href":"https:\/\/mallorcaglobalmag.es\/en\/wp-json\/wp\/v2\/posts\/47898","targetHints":{"allow":["GET"]}}],"collection":[{"href":"https:\/\/mallorcaglobalmag.es\/en\/wp-json\/wp\/v2\/posts"}],"about":[{"href":"https:\/\/mallorcaglobalmag.es\/en\/wp-json\/wp\/v2\/types\/post"}],"author":[{"embeddable":true,"href":"https:\/\/mallorcaglobalmag.es\/en\/wp-json\/wp\/v2\/users\/4"}],"replies":[{"embeddable":true,"href":"https:\/\/mallorcaglobalmag.es\/en\/wp-json\/wp\/v2\/comments?post=47898"}],"version-history":[{"count":3,"href":"https:\/\/mallorcaglobalmag.es\/en\/wp-json\/wp\/v2\/posts\/47898\/revisions"}],"predecessor-version":[{"id":47903,"href":"https:\/\/mallorcaglobalmag.es\/en\/wp-json\/wp\/v2\/posts\/47898\/revisions\/47903"}],"wp:featuredmedia":[{"embeddable":true,"href":"https:\/\/mallorcaglobalmag.es\/en\/wp-json\/wp\/v2\/media\/47887"}],"wp:attachment":[{"href":"https:\/\/mallorcaglobalmag.es\/en\/wp-json\/wp\/v2\/media?parent=47898"}],"wp:term":[{"taxonomy":"category","embeddable":true,"href":"https:\/\/mallorcaglobalmag.es\/en\/wp-json\/wp\/v2\/categories?post=47898"},{"taxonomy":"post_tag","embeddable":true,"href":"https:\/\/mallorcaglobalmag.es\/en\/wp-json\/wp\/v2\/tags?post=47898"}],"curies":[{"name":"wp","href":"https:\/\/api.w.org\/{rel}","templated":true}]}}