{"id":47462,"date":"2023-07-09T07:48:23","date_gmt":"2023-07-09T05:48:23","guid":{"rendered":"https:\/\/mallorcaglobalmag.es\/?p=47462"},"modified":"2023-07-05T11:30:20","modified_gmt":"2023-07-05T09:30:20","slug":"the-festes-del-carme-of-porto-cristo-begins-manacor-mallorca","status":"publish","type":"post","link":"https:\/\/mallorcaglobalmag.es\/en\/the-festes-del-carme-of-porto-cristo-begins-manacor-mallorca\/","title":{"rendered":"The Festes del Carme of Porto Cristo begins"},"content":{"rendered":"<p>Porto Cristo welcomes its traditional Festes del Carme from the 6th until the 23rd of July which this year, as an expected novelty, recovers its Night Race after a few years without being celebrated, organised by the Associaci\u00f3 Jove de Porto Cristo &#8216;Pescatruis&#8217;<\/p>\n<p>&#8220;The citizens of Porto Cristo are looking forward to celebrating their fiestas&#8221;, assured the mayor of Manacor, Miquel Oliver, who emphasised that these celebrations &#8211; between the 6th and 23rd of July &#8211; have been prepared in close collaboration with the entities and associations of the municipality, as well as the Porto Cristo District Council.<\/p>\n<p><img decoding=\"async\" class=\" wp-image-47455 alignright\" src=\"https:\/\/mallorcaglobalmag.es\/wp-content\/uploads\/Cartell-Festes-del-Carme-2023.jpg\" alt=\"festes del carme porto cristo\" width=\"407\" height=\"571\" srcset=\"https:\/\/mallorcaglobalmag.es\/wp-content\/uploads\/Cartell-Festes-del-Carme-2023-200x280.jpg 200w, https:\/\/mallorcaglobalmag.es\/wp-content\/uploads\/Cartell-Festes-del-Carme-2023-214x300.jpg 214w, https:\/\/mallorcaglobalmag.es\/wp-content\/uploads\/Cartell-Festes-del-Carme-2023-400x561.jpg 400w, https:\/\/mallorcaglobalmag.es\/wp-content\/uploads\/Cartell-Festes-del-Carme-2023-600x841.jpg 600w, https:\/\/mallorcaglobalmag.es\/wp-content\/uploads\/Cartell-Festes-del-Carme-2023-730x1024.jpg 730w, https:\/\/mallorcaglobalmag.es\/wp-content\/uploads\/Cartell-Festes-del-Carme-2023-768x1077.jpg 768w, https:\/\/mallorcaglobalmag.es\/wp-content\/uploads\/Cartell-Festes-del-Carme-2023-800x1122.jpg 800w, https:\/\/mallorcaglobalmag.es\/wp-content\/uploads\/Cartell-Festes-del-Carme-2023.jpg 913w\" sizes=\"(max-width: 407px) 100vw, 407px\" \/><\/p>\n<p>One of the most awaited novelties of this edition is the recovery of the Porto Cristo Night Race, which returns after a few years without taking place. Organised by the Porto Cristo Youth Association &#8216;Pescatruis&#8217;, the Night Run will take place next Thursday the 13th of July starting at 7pm. To participate in this race, you can already buy your t-shirts at the Porto Cristo municipal office, from 4.30 pm to 7 pm (4th, 6th, 10th and 12th) and from 10 am to 1 pm (8th of July), until stocks last.<\/p>\n<h2>Festes del Carme 2023 with many new features<\/h2>\n<p>This year&#8217;s celebrations have all the typical events of these dates, such as the Night Fair or the procession of the boats, the day of the Mare de D\u00e9u del Carme, amongst other outstanding activities which can be <a href=\"https:\/\/mallorcaglobalmag.es\/wp-content\/uploads\/57753-PROGRAMA-FESTES-PORTO-CRISTO-2023.pdf\" target=\"_blank\" rel=\"noopener\">consulted in the programme.<\/a><\/p>\n<p>The guided tours &#8216;Let&#8217;s get to know our town&#8217; are also back, with the routes &#8216;The treasures of Porto Cristo: the patrimonial vestiges of the town&#8217;, led by Lourdes Melis; and &#8216;The Civil War in Porto Cristo. Memory of the disembarkation of Bayo and Franco&#8217;s repression&#8217;, by Maria Eug\u00e8nia Jaume and Lourdes Melis.<\/p>\n<p>The final of the &#8216;III Premi Ciutat de Manacor de M\u00fasica de Autor Guillem d&#8217;Efak&#8217;, &#8216;Horabauxa&#8217; and &#8216;Revetla&#8217;, concerts, theatre, castles, dance, sports and children&#8217;s activities complete the programme of festivities. The festivities will close with a huge fireworks display on Sunday 23rd July at 11.45pm, just after the &#8216;Correfoc&#8217; by Manafoc which will light up Porto Cristo from 10.30pm.<\/p>\n<h2>Mallorca, in fiestas<\/h2>\n<p>During the summer, the island celebrates different festivals and fiestas, such as the Fira Nocturna de Portocolom, in Felanitx; the Fiestas of Sant Jaume, patron saint of Manacor; the traditional parade of &#8216;La Beata&#8217; in Valldemossa; the Fira Nocturna de la Platja de Muro; the Fira d&#8217;Art\u00e0, in August; the Fira de Sant Bartomeu in S\u00f3ller, and the Fira Nocturna de Sant Agust\u00ed in Felanitx, among many others.<\/p>\n","protected":false},"excerpt":{"rendered":"<p>Porto Cristo welcomes its traditional Festes del Carme from the <a href=\"https:\/\/mallorcaglobalmag.es\/en\/the-festes-del-carme-of-porto-cristo-begins-manacor-mallorca\/\"> [&#8230;]<\/a><\/p>\n","protected":false},"author":4,"featured_media":47454,"comment_status":"open","ping_status":"open","sticky":false,"template":"","format":"standard","meta":{"footnotes":""},"categories":[1514],"tags":[],"class_list":["post-47462","post","type-post","status-publish","format-standard","has-post-thumbnail","hentry","category-culture"],"yoast_head":"<!-- This site is optimized with the Yoast SEO plugin v25.2 - https:\/\/yoast.com\/wordpress\/plugins\/seo\/ -->\n<title>The Festes del Carme of Porto Cristo - Mallorca Global Mag<\/title>\n<meta name=\"description\" content=\"Porto Cristo hosts its traditional Festes del Carme from the 6th to the 23rd of July, which this year brings back its Night Race.\" \/>\n<meta name=\"robots\" content=\"index, follow, max-snippet:-1, max-image-preview:large, max-video-preview:-1\" \/>\n<link rel=\"canonical\" href=\"https:\/\/mallorcaglobalmag.es\/en\/the-festes-del-carme-of-porto-cristo-begins-manacor-mallorca\/\" \/>\n<meta property=\"og:locale\" content=\"en_US\" \/>\n<meta property=\"og:type\" content=\"article\" \/>\n<meta property=\"og:title\" content=\"The Festes del Carme of Porto Cristo - Mallorca Global Mag\" \/>\n<meta property=\"og:description\" content=\"Porto Cristo hosts its traditional Festes del Carme from the 6th to the 23rd of July, which this year brings back its Night Race.\" \/>\n<meta property=\"og:url\" content=\"https:\/\/mallorcaglobalmag.es\/en\/the-festes-del-carme-of-porto-cristo-begins-manacor-mallorca\/\" \/>\n<meta property=\"og:site_name\" content=\"Mallorca Global Mag\" \/>\n<meta property=\"article:published_time\" content=\"2023-07-09T05:48:23+00:00\" \/>\n<meta property=\"og:image\" content=\"https:\/\/mallorcaglobalmag.es\/wp-content\/uploads\/festes-del-carme-porto-cristo.jpeg\" \/>\n\t<meta property=\"og:image:width\" content=\"1600\" \/>\n\t<meta property=\"og:image:height\" content=\"1066\" \/>\n\t<meta property=\"og:image:type\" content=\"image\/jpeg\" \/>\n<meta name=\"author\" content=\"Redacci\u00f3n\" \/>\n<meta name=\"twitter:card\" content=\"summary_large_image\" \/>\n<meta name=\"twitter:label1\" content=\"Written by\" \/>\n\t<meta name=\"twitter:data1\" content=\"Redacci\u00f3n\" \/>\n\t<meta name=\"twitter:label2\" content=\"Est. reading time\" \/>\n\t<meta name=\"twitter:data2\" content=\"3 minutes\" \/>\n<script type=\"application\/ld+json\" class=\"yoast-schema-graph\">{\"@context\":\"https:\/\/schema.org\",\"@graph\":[{\"@type\":\"WebPage\",\"@id\":\"https:\/\/mallorcaglobalmag.es\/en\/the-festes-del-carme-of-porto-cristo-begins-manacor-mallorca\/\",\"url\":\"https:\/\/mallorcaglobalmag.es\/en\/the-festes-del-carme-of-porto-cristo-begins-manacor-mallorca\/\",\"name\":\"The Festes del Carme of Porto Cristo - Mallorca Global Mag\",\"isPartOf\":{\"@id\":\"https:\/\/mallorcaglobalmag.es\/#website\"},\"primaryImageOfPage\":{\"@id\":\"https:\/\/mallorcaglobalmag.es\/en\/the-festes-del-carme-of-porto-cristo-begins-manacor-mallorca\/#primaryimage\"},\"image\":{\"@id\":\"https:\/\/mallorcaglobalmag.es\/en\/the-festes-del-carme-of-porto-cristo-begins-manacor-mallorca\/#primaryimage\"},\"thumbnailUrl\":\"https:\/\/mallorcaglobalmag.es\/wp-content\/uploads\/festes-del-carme-porto-cristo.jpeg\",\"datePublished\":\"2023-07-09T05:48:23+00:00\",\"author\":{\"@id\":\"https:\/\/mallorcaglobalmag.es\/#\/schema\/person\/9a3cf523d44bd4905a14be13db051907\"},\"description\":\"Porto Cristo hosts its traditional Festes del Carme from the 6th to the 23rd of July, which this year brings back its Night Race.\",\"breadcrumb\":{\"@id\":\"https:\/\/mallorcaglobalmag.es\/en\/the-festes-del-carme-of-porto-cristo-begins-manacor-mallorca\/#breadcrumb\"},\"inLanguage\":\"en-US\",\"potentialAction\":[{\"@type\":\"ReadAction\",\"target\":[\"https:\/\/mallorcaglobalmag.es\/en\/the-festes-del-carme-of-porto-cristo-begins-manacor-mallorca\/\"]}]},{\"@type\":\"ImageObject\",\"inLanguage\":\"en-US\",\"@id\":\"https:\/\/mallorcaglobalmag.es\/en\/the-festes-del-carme-of-porto-cristo-begins-manacor-mallorca\/#primaryimage\",\"url\":\"https:\/\/mallorcaglobalmag.es\/wp-content\/uploads\/festes-del-carme-porto-cristo.jpeg\",\"contentUrl\":\"https:\/\/mallorcaglobalmag.es\/wp-content\/uploads\/festes-del-carme-porto-cristo.jpeg\",\"width\":1600,\"height\":1066,\"caption\":\"festes del carme porto cristo\"},{\"@type\":\"BreadcrumbList\",\"@id\":\"https:\/\/mallorcaglobalmag.es\/en\/the-festes-del-carme-of-porto-cristo-begins-manacor-mallorca\/#breadcrumb\",\"itemListElement\":[{\"@type\":\"ListItem\",\"position\":1,\"name\":\"Portada\",\"item\":\"https:\/\/mallorcaglobalmag.es\/en\/\"},{\"@type\":\"ListItem\",\"position\":2,\"name\":\"The Festes del Carme of Porto Cristo begins\"}]},{\"@type\":\"WebSite\",\"@id\":\"https:\/\/mallorcaglobalmag.es\/#website\",\"url\":\"https:\/\/mallorcaglobalmag.es\/\",\"name\":\"Mallorca Global Mag\",\"description\":\"Revista de informaci\u00f3n general de Mallorca\",\"potentialAction\":[{\"@type\":\"SearchAction\",\"target\":{\"@type\":\"EntryPoint\",\"urlTemplate\":\"https:\/\/mallorcaglobalmag.es\/?s={search_term_string}\"},\"query-input\":{\"@type\":\"PropertyValueSpecification\",\"valueRequired\":true,\"valueName\":\"search_term_string\"}}],\"inLanguage\":\"en-US\"},{\"@type\":\"Person\",\"@id\":\"https:\/\/mallorcaglobalmag.es\/#\/schema\/person\/9a3cf523d44bd4905a14be13db051907\",\"name\":\"Redacci\u00f3n\",\"image\":{\"@type\":\"ImageObject\",\"inLanguage\":\"en-US\",\"@id\":\"https:\/\/mallorcaglobalmag.es\/#\/schema\/person\/image\/\",\"url\":\"https:\/\/secure.gravatar.com\/avatar\/54a4bcd1a68eccdda3505d7ee5d6ebb8e5dd78095a07d388940305fac2e49572?s=96&d=mm&r=g\",\"contentUrl\":\"https:\/\/secure.gravatar.com\/avatar\/54a4bcd1a68eccdda3505d7ee5d6ebb8e5dd78095a07d388940305fac2e49572?s=96&d=mm&r=g\",\"caption\":\"Redacci\u00f3n\"},\"url\":\"https:\/\/mallorcaglobalmag.es\/en\/author\/elena\/\"}]}<\/script>\n<!-- \/ Yoast SEO plugin. -->","yoast_head_json":{"title":"The Festes del Carme of Porto Cristo - Mallorca Global Mag","description":"Porto Cristo hosts its traditional Festes del Carme from the 6th to the 23rd of July, which this year brings back its Night Race.","robots":{"index":"index","follow":"follow","max-snippet":"max-snippet:-1","max-image-preview":"max-image-preview:large","max-video-preview":"max-video-preview:-1"},"canonical":"https:\/\/mallorcaglobalmag.es\/en\/the-festes-del-carme-of-porto-cristo-begins-manacor-mallorca\/","og_locale":"en_US","og_type":"article","og_title":"The Festes del Carme of Porto Cristo - Mallorca Global Mag","og_description":"Porto Cristo hosts its traditional Festes del Carme from the 6th to the 23rd of July, which this year brings back its Night Race.","og_url":"https:\/\/mallorcaglobalmag.es\/en\/the-festes-del-carme-of-porto-cristo-begins-manacor-mallorca\/","og_site_name":"Mallorca Global Mag","article_published_time":"2023-07-09T05:48:23+00:00","og_image":[{"width":1600,"height":1066,"url":"https:\/\/mallorcaglobalmag.es\/wp-content\/uploads\/festes-del-carme-porto-cristo.jpeg","type":"image\/jpeg"}],"author":"Redacci\u00f3n","twitter_card":"summary_large_image","twitter_misc":{"Written by":"Redacci\u00f3n","Est. reading time":"3 minutes"},"schema":{"@context":"https:\/\/schema.org","@graph":[{"@type":"WebPage","@id":"https:\/\/mallorcaglobalmag.es\/en\/the-festes-del-carme-of-porto-cristo-begins-manacor-mallorca\/","url":"https:\/\/mallorcaglobalmag.es\/en\/the-festes-del-carme-of-porto-cristo-begins-manacor-mallorca\/","name":"The Festes del Carme of Porto Cristo - Mallorca Global Mag","isPartOf":{"@id":"https:\/\/mallorcaglobalmag.es\/#website"},"primaryImageOfPage":{"@id":"https:\/\/mallorcaglobalmag.es\/en\/the-festes-del-carme-of-porto-cristo-begins-manacor-mallorca\/#primaryimage"},"image":{"@id":"https:\/\/mallorcaglobalmag.es\/en\/the-festes-del-carme-of-porto-cristo-begins-manacor-mallorca\/#primaryimage"},"thumbnailUrl":"https:\/\/mallorcaglobalmag.es\/wp-content\/uploads\/festes-del-carme-porto-cristo.jpeg","datePublished":"2023-07-09T05:48:23+00:00","author":{"@id":"https:\/\/mallorcaglobalmag.es\/#\/schema\/person\/9a3cf523d44bd4905a14be13db051907"},"description":"Porto Cristo hosts its traditional Festes del Carme from the 6th to the 23rd of July, which this year brings back its Night Race.","breadcrumb":{"@id":"https:\/\/mallorcaglobalmag.es\/en\/the-festes-del-carme-of-porto-cristo-begins-manacor-mallorca\/#breadcrumb"},"inLanguage":"en-US","potentialAction":[{"@type":"ReadAction","target":["https:\/\/mallorcaglobalmag.es\/en\/the-festes-del-carme-of-porto-cristo-begins-manacor-mallorca\/"]}]},{"@type":"ImageObject","inLanguage":"en-US","@id":"https:\/\/mallorcaglobalmag.es\/en\/the-festes-del-carme-of-porto-cristo-begins-manacor-mallorca\/#primaryimage","url":"https:\/\/mallorcaglobalmag.es\/wp-content\/uploads\/festes-del-carme-porto-cristo.jpeg","contentUrl":"https:\/\/mallorcaglobalmag.es\/wp-content\/uploads\/festes-del-carme-porto-cristo.jpeg","width":1600,"height":1066,"caption":"festes del carme porto cristo"},{"@type":"BreadcrumbList","@id":"https:\/\/mallorcaglobalmag.es\/en\/the-festes-del-carme-of-porto-cristo-begins-manacor-mallorca\/#breadcrumb","itemListElement":[{"@type":"ListItem","position":1,"name":"Portada","item":"https:\/\/mallorcaglobalmag.es\/en\/"},{"@type":"ListItem","position":2,"name":"The Festes del Carme of Porto Cristo begins"}]},{"@type":"WebSite","@id":"https:\/\/mallorcaglobalmag.es\/#website","url":"https:\/\/mallorcaglobalmag.es\/","name":"Mallorca Global Mag","description":"Revista de informaci\u00f3n general de Mallorca","potentialAction":[{"@type":"SearchAction","target":{"@type":"EntryPoint","urlTemplate":"https:\/\/mallorcaglobalmag.es\/?s={search_term_string}"},"query-input":{"@type":"PropertyValueSpecification","valueRequired":true,"valueName":"search_term_string"}}],"inLanguage":"en-US"},{"@type":"Person","@id":"https:\/\/mallorcaglobalmag.es\/#\/schema\/person\/9a3cf523d44bd4905a14be13db051907","name":"Redacci\u00f3n","image":{"@type":"ImageObject","inLanguage":"en-US","@id":"https:\/\/mallorcaglobalmag.es\/#\/schema\/person\/image\/","url":"https:\/\/secure.gravatar.com\/avatar\/54a4bcd1a68eccdda3505d7ee5d6ebb8e5dd78095a07d388940305fac2e49572?s=96&d=mm&r=g","contentUrl":"https:\/\/secure.gravatar.com\/avatar\/54a4bcd1a68eccdda3505d7ee5d6ebb8e5dd78095a07d388940305fac2e49572?s=96&d=mm&r=g","caption":"Redacci\u00f3n"},"url":"https:\/\/mallorcaglobalmag.es\/en\/author\/elena\/"}]}},"_links":{"self":[{"href":"https:\/\/mallorcaglobalmag.es\/en\/wp-json\/wp\/v2\/posts\/47462","targetHints":{"allow":["GET"]}}],"collection":[{"href":"https:\/\/mallorcaglobalmag.es\/en\/wp-json\/wp\/v2\/posts"}],"about":[{"href":"https:\/\/mallorcaglobalmag.es\/en\/wp-json\/wp\/v2\/types\/post"}],"author":[{"embeddable":true,"href":"https:\/\/mallorcaglobalmag.es\/en\/wp-json\/wp\/v2\/users\/4"}],"replies":[{"embeddable":true,"href":"https:\/\/mallorcaglobalmag.es\/en\/wp-json\/wp\/v2\/comments?post=47462"}],"version-history":[{"count":2,"href":"https:\/\/mallorcaglobalmag.es\/en\/wp-json\/wp\/v2\/posts\/47462\/revisions"}],"predecessor-version":[{"id":47464,"href":"https:\/\/mallorcaglobalmag.es\/en\/wp-json\/wp\/v2\/posts\/47462\/revisions\/47464"}],"wp:featuredmedia":[{"embeddable":true,"href":"https:\/\/mallorcaglobalmag.es\/en\/wp-json\/wp\/v2\/media\/47454"}],"wp:attachment":[{"href":"https:\/\/mallorcaglobalmag.es\/en\/wp-json\/wp\/v2\/media?parent=47462"}],"wp:term":[{"taxonomy":"category","embeddable":true,"href":"https:\/\/mallorcaglobalmag.es\/en\/wp-json\/wp\/v2\/categories?post=47462"},{"taxonomy":"post_tag","embeddable":true,"href":"https:\/\/mallorcaglobalmag.es\/en\/wp-json\/wp\/v2\/tags?post=47462"}],"curies":[{"name":"wp","href":"https:\/\/api.w.org\/{rel}","templated":true}]}}