{"id":47228,"date":"2023-06-28T18:38:40","date_gmt":"2023-06-28T16:38:40","guid":{"rendered":"https:\/\/mallorcaglobalmag.es\/acuerdo-pp-vox-marga-prohens-presidenta-del-govern-balear-en-solitario\/"},"modified":"2023-06-29T10:04:42","modified_gmt":"2023-06-29T08:04:42","slug":"pp-vox-agreement-marga-prohens-president-of-the-govern-alone","status":"publish","type":"post","link":"https:\/\/mallorcaglobalmag.es\/en\/pp-vox-agreement-marga-prohens-president-of-the-govern-alone\/","title":{"rendered":"PP-Vox agreement: Marga Prohens, president of the Govern alone"},"content":{"rendered":"<div class=\"post-head\">\n<div class=\"post-share with-bg full-width-xs d-print-none\">\n<div class=\"row no-gutters\">\n<p>Marga Prohens will be president of the Balearic Government with a solo government. The agreement reached by PP and Vox this afternoon defines the entry of Santiago Abascal&#8217;s party in the Consell de Mallorca and Menorca, but not in the Balearic Government<\/p>\n<\/div>\n<\/div>\n<\/div>\n<div id=\"post-text\" class=\"post-text mrf-article-body\">\n<div class=\"row\">\n<div id=\"attachment_47219\" style=\"width: 571px\" class=\"wp-caption alignright\"><img decoding=\"async\" aria-describedby=\"caption-attachment-47219\" class=\"wp-image-47219\" src=\"https:\/\/mallorcaglobalmag.es\/wp-content\/uploads\/prohens-y-vox-parlament.jpeg\" alt=\"marga prohens y vox parlament PP facebook\" width=\"561\" height=\"374\" srcset=\"https:\/\/mallorcaglobalmag.es\/wp-content\/uploads\/prohens-y-vox-parlament-200x133.jpeg 200w, https:\/\/mallorcaglobalmag.es\/wp-content\/uploads\/prohens-y-vox-parlament-300x200.jpeg 300w, https:\/\/mallorcaglobalmag.es\/wp-content\/uploads\/prohens-y-vox-parlament-400x267.jpeg 400w, https:\/\/mallorcaglobalmag.es\/wp-content\/uploads\/prohens-y-vox-parlament-600x400.jpeg 600w, https:\/\/mallorcaglobalmag.es\/wp-content\/uploads\/prohens-y-vox-parlament-768x512.jpeg 768w, https:\/\/mallorcaglobalmag.es\/wp-content\/uploads\/prohens-y-vox-parlament-800x533.jpeg 800w, https:\/\/mallorcaglobalmag.es\/wp-content\/uploads\/prohens-y-vox-parlament-1024x683.jpeg 1024w, https:\/\/mallorcaglobalmag.es\/wp-content\/uploads\/prohens-y-vox-parlament-1200x800.jpeg 1200w, https:\/\/mallorcaglobalmag.es\/wp-content\/uploads\/prohens-y-vox-parlament.jpeg 1365w\" sizes=\"(max-width: 561px) 100vw, 561px\" \/><p id=\"caption-attachment-47219\" class=\"wp-caption-text\">Image of Marga Prohens (PP) during the negotiations for her investiture with the representatives of Vox. Photo: PP.<\/p><\/div>\n<p>According to a press release issued by the Partido Popular, the agreement reached this afternoon between PP and Vox includes 110 programmatic measures for a &#8220;change in the current policies, allowing to provide the islands with a stable government&#8221;. In this sense, PP assure that Vox commits itself to give stability to the new Government of Marga Prohens with the responsibility of not presenting in the whole legislature amendment to the totality to the Law of General Budgets of the Community. Also a commission of follow-up and evaluation will be created whose objective will be the control of the fulfillment of the programmatic agreement subscribed by both formations.<\/p>\n<p>Basically, the PP details that the programmatic document <a href=\"\/?p=46933\" target=\"_blank\" rel=\"noopener\">develops the five basic lines agreed by both formations on June 19, 2023<\/a>. The objective: &#8220;to preserve freedom, economic development, improvements in social services and public health, the protection of women and the security of the citizens of the Balearic Islands&#8221;.<\/p>\n<h2>Consells de Mallorca and Menorca<\/h2>\n<p>On the other hand, the leaderships of the Popular Party of Mallorca and the Popular Party of Menorca have respectively reached an agreement by which Vox will support the investiture of Lloren\u00e7 Galm\u00e9s as president of the Consell de Mallorca and Dolfo Vilafranca as president of the Consell de Menorca, respectively, incorporating this formation in the insular governments. Vox will also be integrated in the governments of the town councils of Calvi\u00e0, Llucmajor, Alc\u00fadia and Marratx\u00ed.<\/p>\n<p>Additionally, the press release ends thanking Vox for its predisposition from the first moment to reach an agreement that respects the mandate of the citizens in the ballot boxes and the will for change expressed in the Balearic Islands.<\/p>\n<h2>101 programmatic measures<\/h2>\n<p>Among the different measures agreed between PP and Vox, one of the key points of the agreement establishes that parents will be able to freely choose the school centre, as well as the first language of schooling. And the requirement of Catalan in healthcare will be eliminated.<\/p>\n<p>On tourism, the hotel moratorium will be eliminated, the fight against &#8220;tourism phobia&#8221; will be fought, and cruise ship tourism will be defended. They also include measures to promote housing and the creation of an Office for the Defence of Victims of Squatting. PP and Vox point to the attack on squatting, including it &#8220;as a serious offence in the new Housing Law&#8221;. In addition, &#8220;an immediate shock plan against illegal immigration and growing insecurity&#8221; will be approved. Another of the commitments is to repeal the Law of Democratic Memory. It also demands the repeal of the Transgender Law and the Law of the Solo S\u00ed es S\u00ed.<\/p>\n<p>It calls for lower taxes and support for the family. The agreement promises to eliminate &#8220;within the first 100 days of the legislature, the Inheritance and Gift Tax for all inheritances between parents and children&#8221;. And to guarantee the fulfilment of all these points, a Monitoring Commission will be created that will meet every two months to evaluate the degree of fulfilment and execution of each of the agreed measures, and will review the legislative actions planned by the Govern.<\/p>\n<\/div>\n<\/div>\n","protected":false},"excerpt":{"rendered":"<p>Marga Prohens will be president of the Balearic Government with <a href=\"https:\/\/mallorcaglobalmag.es\/en\/pp-vox-agreement-marga-prohens-president-of-the-govern-alone\/\"> [&#8230;]<\/a><\/p>\n","protected":false},"author":4,"featured_media":47218,"comment_status":"open","ping_status":"open","sticky":false,"template":"","format":"standard","meta":{"footnotes":""},"categories":[1516],"tags":[],"class_list":["post-47228","post","type-post","status-publish","format-standard","has-post-thumbnail","hentry","category-politics"],"yoast_head":"<!-- This site is optimized with the Yoast SEO plugin v25.2 - https:\/\/yoast.com\/wordpress\/plugins\/seo\/ -->\n<title>Marga Prohens, president of the Govern - Mallorca Global Mag<\/title>\n<meta name=\"description\" content=\"Marga Prohens will be president of the Balearic Government with a solo government, according to the agreement reached by PP and Vox.\" \/>\n<meta name=\"robots\" content=\"index, follow, max-snippet:-1, max-image-preview:large, max-video-preview:-1\" \/>\n<link rel=\"canonical\" href=\"https:\/\/mallorcaglobalmag.es\/en\/pp-vox-agreement-marga-prohens-president-of-the-govern-alone\/\" \/>\n<meta property=\"og:locale\" content=\"en_US\" \/>\n<meta property=\"og:type\" content=\"article\" \/>\n<meta property=\"og:title\" content=\"Marga Prohens, president of the Govern - Mallorca Global Mag\" \/>\n<meta property=\"og:description\" content=\"Marga Prohens will be president of the Balearic Government with a solo government, according to the agreement reached by PP and Vox.\" \/>\n<meta property=\"og:url\" content=\"https:\/\/mallorcaglobalmag.es\/en\/pp-vox-agreement-marga-prohens-president-of-the-govern-alone\/\" \/>\n<meta property=\"og:site_name\" content=\"Mallorca Global Mag\" \/>\n<meta property=\"article:published_time\" content=\"2023-06-28T16:38:40+00:00\" \/>\n<meta property=\"article:modified_time\" content=\"2023-06-29T08:04:42+00:00\" \/>\n<meta property=\"og:image\" content=\"https:\/\/mallorcaglobalmag.es\/wp-content\/uploads\/prohens-y-feijoo-fb.jpeg\" \/>\n\t<meta property=\"og:image:width\" content=\"683\" \/>\n\t<meta property=\"og:image:height\" content=\"455\" \/>\n\t<meta property=\"og:image:type\" content=\"image\/jpeg\" \/>\n<meta name=\"author\" content=\"Redacci\u00f3n\" \/>\n<meta name=\"twitter:card\" content=\"summary_large_image\" \/>\n<meta name=\"twitter:label1\" content=\"Written by\" \/>\n\t<meta name=\"twitter:data1\" content=\"Redacci\u00f3n\" \/>\n\t<meta name=\"twitter:label2\" content=\"Est. reading time\" \/>\n\t<meta name=\"twitter:data2\" content=\"3 minutes\" \/>\n<script type=\"application\/ld+json\" class=\"yoast-schema-graph\">{\"@context\":\"https:\/\/schema.org\",\"@graph\":[{\"@type\":\"WebPage\",\"@id\":\"https:\/\/mallorcaglobalmag.es\/en\/pp-vox-agreement-marga-prohens-president-of-the-govern-alone\/\",\"url\":\"https:\/\/mallorcaglobalmag.es\/en\/pp-vox-agreement-marga-prohens-president-of-the-govern-alone\/\",\"name\":\"Marga Prohens, president of the Govern - Mallorca Global Mag\",\"isPartOf\":{\"@id\":\"https:\/\/mallorcaglobalmag.es\/#website\"},\"primaryImageOfPage\":{\"@id\":\"https:\/\/mallorcaglobalmag.es\/en\/pp-vox-agreement-marga-prohens-president-of-the-govern-alone\/#primaryimage\"},\"image\":{\"@id\":\"https:\/\/mallorcaglobalmag.es\/en\/pp-vox-agreement-marga-prohens-president-of-the-govern-alone\/#primaryimage\"},\"thumbnailUrl\":\"https:\/\/mallorcaglobalmag.es\/wp-content\/uploads\/prohens-y-feijoo-fb.jpeg\",\"datePublished\":\"2023-06-28T16:38:40+00:00\",\"dateModified\":\"2023-06-29T08:04:42+00:00\",\"author\":{\"@id\":\"https:\/\/mallorcaglobalmag.es\/#\/schema\/person\/9a3cf523d44bd4905a14be13db051907\"},\"description\":\"Marga Prohens will be president of the Balearic Government with a solo government, according to the agreement reached by PP and Vox.\",\"breadcrumb\":{\"@id\":\"https:\/\/mallorcaglobalmag.es\/en\/pp-vox-agreement-marga-prohens-president-of-the-govern-alone\/#breadcrumb\"},\"inLanguage\":\"en-US\",\"potentialAction\":[{\"@type\":\"ReadAction\",\"target\":[\"https:\/\/mallorcaglobalmag.es\/en\/pp-vox-agreement-marga-prohens-president-of-the-govern-alone\/\"]}]},{\"@type\":\"ImageObject\",\"inLanguage\":\"en-US\",\"@id\":\"https:\/\/mallorcaglobalmag.es\/en\/pp-vox-agreement-marga-prohens-president-of-the-govern-alone\/#primaryimage\",\"url\":\"https:\/\/mallorcaglobalmag.es\/wp-content\/uploads\/prohens-y-feijoo-fb.jpeg\",\"contentUrl\":\"https:\/\/mallorcaglobalmag.es\/wp-content\/uploads\/prohens-y-feijoo-fb.jpeg\",\"width\":683,\"height\":455,\"caption\":\"prohens y feijoo fb PP\"},{\"@type\":\"BreadcrumbList\",\"@id\":\"https:\/\/mallorcaglobalmag.es\/en\/pp-vox-agreement-marga-prohens-president-of-the-govern-alone\/#breadcrumb\",\"itemListElement\":[{\"@type\":\"ListItem\",\"position\":1,\"name\":\"Portada\",\"item\":\"https:\/\/mallorcaglobalmag.es\/en\/\"},{\"@type\":\"ListItem\",\"position\":2,\"name\":\"PP-Vox agreement: Marga Prohens, president of the Govern alone\"}]},{\"@type\":\"WebSite\",\"@id\":\"https:\/\/mallorcaglobalmag.es\/#website\",\"url\":\"https:\/\/mallorcaglobalmag.es\/\",\"name\":\"Mallorca Global Mag\",\"description\":\"Revista de informaci\u00f3n general de Mallorca\",\"potentialAction\":[{\"@type\":\"SearchAction\",\"target\":{\"@type\":\"EntryPoint\",\"urlTemplate\":\"https:\/\/mallorcaglobalmag.es\/?s={search_term_string}\"},\"query-input\":{\"@type\":\"PropertyValueSpecification\",\"valueRequired\":true,\"valueName\":\"search_term_string\"}}],\"inLanguage\":\"en-US\"},{\"@type\":\"Person\",\"@id\":\"https:\/\/mallorcaglobalmag.es\/#\/schema\/person\/9a3cf523d44bd4905a14be13db051907\",\"name\":\"Redacci\u00f3n\",\"image\":{\"@type\":\"ImageObject\",\"inLanguage\":\"en-US\",\"@id\":\"https:\/\/mallorcaglobalmag.es\/#\/schema\/person\/image\/\",\"url\":\"https:\/\/secure.gravatar.com\/avatar\/54a4bcd1a68eccdda3505d7ee5d6ebb8e5dd78095a07d388940305fac2e49572?s=96&d=mm&r=g\",\"contentUrl\":\"https:\/\/secure.gravatar.com\/avatar\/54a4bcd1a68eccdda3505d7ee5d6ebb8e5dd78095a07d388940305fac2e49572?s=96&d=mm&r=g\",\"caption\":\"Redacci\u00f3n\"},\"url\":\"https:\/\/mallorcaglobalmag.es\/en\/author\/elena\/\"}]}<\/script>\n<!-- \/ Yoast SEO plugin. -->","yoast_head_json":{"title":"Marga Prohens, president of the Govern - Mallorca Global Mag","description":"Marga Prohens will be president of the Balearic Government with a solo government, according to the agreement reached by PP and Vox.","robots":{"index":"index","follow":"follow","max-snippet":"max-snippet:-1","max-image-preview":"max-image-preview:large","max-video-preview":"max-video-preview:-1"},"canonical":"https:\/\/mallorcaglobalmag.es\/en\/pp-vox-agreement-marga-prohens-president-of-the-govern-alone\/","og_locale":"en_US","og_type":"article","og_title":"Marga Prohens, president of the Govern - Mallorca Global Mag","og_description":"Marga Prohens will be president of the Balearic Government with a solo government, according to the agreement reached by PP and Vox.","og_url":"https:\/\/mallorcaglobalmag.es\/en\/pp-vox-agreement-marga-prohens-president-of-the-govern-alone\/","og_site_name":"Mallorca Global Mag","article_published_time":"2023-06-28T16:38:40+00:00","article_modified_time":"2023-06-29T08:04:42+00:00","og_image":[{"width":683,"height":455,"url":"https:\/\/mallorcaglobalmag.es\/wp-content\/uploads\/prohens-y-feijoo-fb.jpeg","type":"image\/jpeg"}],"author":"Redacci\u00f3n","twitter_card":"summary_large_image","twitter_misc":{"Written by":"Redacci\u00f3n","Est. reading time":"3 minutes"},"schema":{"@context":"https:\/\/schema.org","@graph":[{"@type":"WebPage","@id":"https:\/\/mallorcaglobalmag.es\/en\/pp-vox-agreement-marga-prohens-president-of-the-govern-alone\/","url":"https:\/\/mallorcaglobalmag.es\/en\/pp-vox-agreement-marga-prohens-president-of-the-govern-alone\/","name":"Marga Prohens, president of the Govern - Mallorca Global Mag","isPartOf":{"@id":"https:\/\/mallorcaglobalmag.es\/#website"},"primaryImageOfPage":{"@id":"https:\/\/mallorcaglobalmag.es\/en\/pp-vox-agreement-marga-prohens-president-of-the-govern-alone\/#primaryimage"},"image":{"@id":"https:\/\/mallorcaglobalmag.es\/en\/pp-vox-agreement-marga-prohens-president-of-the-govern-alone\/#primaryimage"},"thumbnailUrl":"https:\/\/mallorcaglobalmag.es\/wp-content\/uploads\/prohens-y-feijoo-fb.jpeg","datePublished":"2023-06-28T16:38:40+00:00","dateModified":"2023-06-29T08:04:42+00:00","author":{"@id":"https:\/\/mallorcaglobalmag.es\/#\/schema\/person\/9a3cf523d44bd4905a14be13db051907"},"description":"Marga Prohens will be president of the Balearic Government with a solo government, according to the agreement reached by PP and Vox.","breadcrumb":{"@id":"https:\/\/mallorcaglobalmag.es\/en\/pp-vox-agreement-marga-prohens-president-of-the-govern-alone\/#breadcrumb"},"inLanguage":"en-US","potentialAction":[{"@type":"ReadAction","target":["https:\/\/mallorcaglobalmag.es\/en\/pp-vox-agreement-marga-prohens-president-of-the-govern-alone\/"]}]},{"@type":"ImageObject","inLanguage":"en-US","@id":"https:\/\/mallorcaglobalmag.es\/en\/pp-vox-agreement-marga-prohens-president-of-the-govern-alone\/#primaryimage","url":"https:\/\/mallorcaglobalmag.es\/wp-content\/uploads\/prohens-y-feijoo-fb.jpeg","contentUrl":"https:\/\/mallorcaglobalmag.es\/wp-content\/uploads\/prohens-y-feijoo-fb.jpeg","width":683,"height":455,"caption":"prohens y feijoo fb PP"},{"@type":"BreadcrumbList","@id":"https:\/\/mallorcaglobalmag.es\/en\/pp-vox-agreement-marga-prohens-president-of-the-govern-alone\/#breadcrumb","itemListElement":[{"@type":"ListItem","position":1,"name":"Portada","item":"https:\/\/mallorcaglobalmag.es\/en\/"},{"@type":"ListItem","position":2,"name":"PP-Vox agreement: Marga Prohens, president of the Govern alone"}]},{"@type":"WebSite","@id":"https:\/\/mallorcaglobalmag.es\/#website","url":"https:\/\/mallorcaglobalmag.es\/","name":"Mallorca Global Mag","description":"Revista de informaci\u00f3n general de Mallorca","potentialAction":[{"@type":"SearchAction","target":{"@type":"EntryPoint","urlTemplate":"https:\/\/mallorcaglobalmag.es\/?s={search_term_string}"},"query-input":{"@type":"PropertyValueSpecification","valueRequired":true,"valueName":"search_term_string"}}],"inLanguage":"en-US"},{"@type":"Person","@id":"https:\/\/mallorcaglobalmag.es\/#\/schema\/person\/9a3cf523d44bd4905a14be13db051907","name":"Redacci\u00f3n","image":{"@type":"ImageObject","inLanguage":"en-US","@id":"https:\/\/mallorcaglobalmag.es\/#\/schema\/person\/image\/","url":"https:\/\/secure.gravatar.com\/avatar\/54a4bcd1a68eccdda3505d7ee5d6ebb8e5dd78095a07d388940305fac2e49572?s=96&d=mm&r=g","contentUrl":"https:\/\/secure.gravatar.com\/avatar\/54a4bcd1a68eccdda3505d7ee5d6ebb8e5dd78095a07d388940305fac2e49572?s=96&d=mm&r=g","caption":"Redacci\u00f3n"},"url":"https:\/\/mallorcaglobalmag.es\/en\/author\/elena\/"}]}},"_links":{"self":[{"href":"https:\/\/mallorcaglobalmag.es\/en\/wp-json\/wp\/v2\/posts\/47228","targetHints":{"allow":["GET"]}}],"collection":[{"href":"https:\/\/mallorcaglobalmag.es\/en\/wp-json\/wp\/v2\/posts"}],"about":[{"href":"https:\/\/mallorcaglobalmag.es\/en\/wp-json\/wp\/v2\/types\/post"}],"author":[{"embeddable":true,"href":"https:\/\/mallorcaglobalmag.es\/en\/wp-json\/wp\/v2\/users\/4"}],"replies":[{"embeddable":true,"href":"https:\/\/mallorcaglobalmag.es\/en\/wp-json\/wp\/v2\/comments?post=47228"}],"version-history":[{"count":3,"href":"https:\/\/mallorcaglobalmag.es\/en\/wp-json\/wp\/v2\/posts\/47228\/revisions"}],"predecessor-version":[{"id":47283,"href":"https:\/\/mallorcaglobalmag.es\/en\/wp-json\/wp\/v2\/posts\/47228\/revisions\/47283"}],"wp:featuredmedia":[{"embeddable":true,"href":"https:\/\/mallorcaglobalmag.es\/en\/wp-json\/wp\/v2\/media\/47218"}],"wp:attachment":[{"href":"https:\/\/mallorcaglobalmag.es\/en\/wp-json\/wp\/v2\/media?parent=47228"}],"wp:term":[{"taxonomy":"category","embeddable":true,"href":"https:\/\/mallorcaglobalmag.es\/en\/wp-json\/wp\/v2\/categories?post=47228"},{"taxonomy":"post_tag","embeddable":true,"href":"https:\/\/mallorcaglobalmag.es\/en\/wp-json\/wp\/v2\/tags?post=47228"}],"curies":[{"name":"wp","href":"https:\/\/api.w.org\/{rel}","templated":true}]}}