{"id":44883,"date":"2023-05-25T09:27:15","date_gmt":"2023-05-25T07:27:15","guid":{"rendered":"https:\/\/mallorcaglobalmag.es\/el-parking-de-formentor-sera-gratuito-para-los-residentes-en-pollenca\/"},"modified":"2023-05-25T09:41:45","modified_gmt":"2023-05-25T07:41:45","slug":"formentor-car-park-will-be-free-for-pollenca-residents-mallorca","status":"publish","type":"post","link":"https:\/\/mallorcaglobalmag.es\/en\/formentor-car-park-will-be-free-for-pollenca-residents-mallorca\/","title":{"rendered":"Formentor car park will be free for Pollen\u00e7a residents"},"content":{"rendered":"<p>The measure will be applied from June to September thanks to an agreement between the Town Hall and the company that owns the car park. The &#8216;pollencins&#8217; will have to prove that they are registered at the exit of the car park.<\/p>\n<p>Pollen\u00e7a residents will not have to pay to use the Formentor car park during the summer. Exists a legal dispute between the Pollen\u00e7a Town Hall and Inmobiliaria Formentor regarding the ownership of the car park. Despite this, the two parties have agreed that from the 1st of June until the 30th of September residents of the municipality will not have to pay to park. To access the free parking, the &#8216;pollencins&#8217; will have to prove that they are registered in Pollen\u00e7a when they leave the car park.<\/p>\n<h2>Automatic access control barriers in the car park<\/h2>\n<div id=\"attachment_23702\" style=\"width: 575px\" class=\"wp-caption alignright\"><img decoding=\"async\" aria-describedby=\"caption-attachment-23702\" class=\"wp-image-23702\" src=\"https:\/\/mallorcaglobalmag.es\/wp-content\/uploads\/cap-de-formentor-pixabay.jpg\" alt=\"sitios m\u00e1s fotografiados mallorca\" width=\"565\" height=\"390\" srcset=\"https:\/\/mallorcaglobalmag.es\/wp-content\/uploads\/cap-de-formentor-pixabay-200x138.jpg 200w, https:\/\/mallorcaglobalmag.es\/wp-content\/uploads\/cap-de-formentor-pixabay-300x207.jpg 300w, https:\/\/mallorcaglobalmag.es\/wp-content\/uploads\/cap-de-formentor-pixabay-400x276.jpg 400w, https:\/\/mallorcaglobalmag.es\/wp-content\/uploads\/cap-de-formentor-pixabay-600x415.jpg 600w, https:\/\/mallorcaglobalmag.es\/wp-content\/uploads\/cap-de-formentor-pixabay-768x531.jpg 768w, https:\/\/mallorcaglobalmag.es\/wp-content\/uploads\/cap-de-formentor-pixabay-800x553.jpg 800w, https:\/\/mallorcaglobalmag.es\/wp-content\/uploads\/cap-de-formentor-pixabay-1024x708.jpg 1024w, https:\/\/mallorcaglobalmag.es\/wp-content\/uploads\/cap-de-formentor-pixabay-1200x829.jpg 1200w, https:\/\/mallorcaglobalmag.es\/wp-content\/uploads\/cap-de-formentor-pixabay.jpg 1800w\" sizes=\"(max-width: 565px) 100vw, 565px\" \/><p id=\"caption-attachment-23702\" class=\"wp-caption-text\">Image of the Faro de Formentor. Photo: Pixabay.<\/p><\/div>\n<p>On the other hand, from the 1st of June until the 30th of September the <a href=\"\/?p=42894\" target=\"_blank\" rel=\"noopener\">barriers<\/a> will open automatically. It will be as long as there are spaces available in the Formentor car park, and also for all those vehicles that have authorisation.<\/p>\n<p>The Consell de Mallorca&#8217;s Department of Mobility and Infrastructures, in coordination with the Directorate General of Traffic, has announced that the measures to control vehicle access to the Formentor peninsula will begin on the 1st of June and will continue until the 30th of September, both included; an extension of dates with respect to previous years, in order to adapt to a longer high season and the increase in vehicles.<\/p>\n<p>During this period, access to the Formentor peninsula from Ma-22210 will be restricted from 10 a.m. to 10.30 p.m. at night. This timetable was extended last summer to avoid the uncivic behaviour that occurred two years ago, when the measure was extended to 19:00.<\/p>\n<h2>Bus service<\/h2>\n<p>Transports de les Illes Balears (TIB) will offer a bus service to facilitate access to the entire restricted zone.<\/p>\n<p>Line 334, which runs along the Alc\u00fadia &#8211; Puerto de Pollen\u00e7a &#8211; Faro de Formentor route, has stops at Mirador d&#8217;Es Colomer, Formentor beach, Cala Figuera-Cala Murta and the Formentor lighthouse.<\/p>\n<p>In this sense, those arriving by car in Port de Pollen\u00e7a are recommended to park along the ring road where there are three bus stops to go up to Formentor: Port de Pollen\u00e7a, B\u00f3quer and Can Singala.<\/p>\n","protected":false},"excerpt":{"rendered":"<p>The measure will be applied from June to September thanks <a href=\"https:\/\/mallorcaglobalmag.es\/en\/formentor-car-park-will-be-free-for-pollenca-residents-mallorca\/\"> [&#8230;]<\/a><\/p>\n","protected":false},"author":4,"featured_media":35064,"comment_status":"open","ping_status":"open","sticky":false,"template":"","format":"standard","meta":{"footnotes":""},"categories":[1515],"tags":[],"class_list":["post-44883","post","type-post","status-publish","format-standard","has-post-thumbnail","hentry","category-economy-and-tourism"],"yoast_head":"<!-- This site is optimized with the Yoast SEO plugin v25.2 - https:\/\/yoast.com\/wordpress\/plugins\/seo\/ -->\n<title>Formentor car park will be free for Pollen\u00e7a residents - Mallorca Global Mag<\/title>\n<meta name=\"description\" content=\"The measure will be applied from June to September. The &#039;pollencins&#039; will have to prove that they are registered at the exit of the car park.\" \/>\n<meta name=\"robots\" content=\"index, follow, max-snippet:-1, max-image-preview:large, max-video-preview:-1\" \/>\n<link rel=\"canonical\" href=\"https:\/\/mallorcaglobalmag.es\/en\/formentor-car-park-will-be-free-for-pollenca-residents-mallorca\/\" \/>\n<meta property=\"og:locale\" content=\"en_US\" \/>\n<meta property=\"og:type\" content=\"article\" \/>\n<meta property=\"og:title\" content=\"Formentor car park will be free for Pollen\u00e7a residents - Mallorca Global Mag\" \/>\n<meta property=\"og:description\" content=\"The measure will be applied from June to September. The &#039;pollencins&#039; will have to prove that they are registered at the exit of the car park.\" \/>\n<meta property=\"og:url\" content=\"https:\/\/mallorcaglobalmag.es\/en\/formentor-car-park-will-be-free-for-pollenca-residents-mallorca\/\" \/>\n<meta property=\"og:site_name\" content=\"Mallorca Global Mag\" \/>\n<meta property=\"article:published_time\" content=\"2023-05-25T07:27:15+00:00\" \/>\n<meta property=\"article:modified_time\" content=\"2023-05-25T07:41:45+00:00\" \/>\n<meta property=\"og:image\" content=\"https:\/\/mallorcaglobalmag.es\/wp-content\/uploads\/lighthouse-at-cape-formentor-in-the-coast-of-north-2021-08-29-01-05-47-utc.jpg\" \/>\n\t<meta property=\"og:image:width\" content=\"800\" \/>\n\t<meta property=\"og:image:height\" content=\"533\" \/>\n\t<meta property=\"og:image:type\" content=\"image\/jpeg\" \/>\n<meta name=\"author\" content=\"Redacci\u00f3n\" \/>\n<meta name=\"twitter:card\" content=\"summary_large_image\" \/>\n<meta name=\"twitter:label1\" content=\"Written by\" \/>\n\t<meta name=\"twitter:data1\" content=\"Redacci\u00f3n\" \/>\n\t<meta name=\"twitter:label2\" content=\"Est. reading time\" \/>\n\t<meta name=\"twitter:data2\" content=\"3 minutes\" \/>\n<script type=\"application\/ld+json\" class=\"yoast-schema-graph\">{\"@context\":\"https:\/\/schema.org\",\"@graph\":[{\"@type\":\"WebPage\",\"@id\":\"https:\/\/mallorcaglobalmag.es\/en\/formentor-car-park-will-be-free-for-pollenca-residents-mallorca\/\",\"url\":\"https:\/\/mallorcaglobalmag.es\/en\/formentor-car-park-will-be-free-for-pollenca-residents-mallorca\/\",\"name\":\"Formentor car park will be free for Pollen\u00e7a residents - Mallorca Global Mag\",\"isPartOf\":{\"@id\":\"https:\/\/mallorcaglobalmag.es\/#website\"},\"primaryImageOfPage\":{\"@id\":\"https:\/\/mallorcaglobalmag.es\/en\/formentor-car-park-will-be-free-for-pollenca-residents-mallorca\/#primaryimage\"},\"image\":{\"@id\":\"https:\/\/mallorcaglobalmag.es\/en\/formentor-car-park-will-be-free-for-pollenca-residents-mallorca\/#primaryimage\"},\"thumbnailUrl\":\"https:\/\/mallorcaglobalmag.es\/wp-content\/uploads\/lighthouse-at-cape-formentor-in-the-coast-of-north-2021-08-29-01-05-47-utc.jpg\",\"datePublished\":\"2023-05-25T07:27:15+00:00\",\"dateModified\":\"2023-05-25T07:41:45+00:00\",\"author\":{\"@id\":\"https:\/\/mallorcaglobalmag.es\/#\/schema\/person\/9a3cf523d44bd4905a14be13db051907\"},\"description\":\"The measure will be applied from June to September. The 'pollencins' will have to prove that they are registered at the exit of the car park.\",\"breadcrumb\":{\"@id\":\"https:\/\/mallorcaglobalmag.es\/en\/formentor-car-park-will-be-free-for-pollenca-residents-mallorca\/#breadcrumb\"},\"inLanguage\":\"en-US\",\"potentialAction\":[{\"@type\":\"ReadAction\",\"target\":[\"https:\/\/mallorcaglobalmag.es\/en\/formentor-car-park-will-be-free-for-pollenca-residents-mallorca\/\"]}]},{\"@type\":\"ImageObject\",\"inLanguage\":\"en-US\",\"@id\":\"https:\/\/mallorcaglobalmag.es\/en\/formentor-car-park-will-be-free-for-pollenca-residents-mallorca\/#primaryimage\",\"url\":\"https:\/\/mallorcaglobalmag.es\/wp-content\/uploads\/lighthouse-at-cape-formentor-in-the-coast-of-north-2021-08-29-01-05-47-utc.jpg\",\"contentUrl\":\"https:\/\/mallorcaglobalmag.es\/wp-content\/uploads\/lighthouse-at-cape-formentor-in-the-coast-of-north-2021-08-29-01-05-47-utc.jpg\",\"width\":800,\"height\":533,\"caption\":\"Lighthouse at Cape Formentor in the Coast of North Mallorca\"},{\"@type\":\"BreadcrumbList\",\"@id\":\"https:\/\/mallorcaglobalmag.es\/en\/formentor-car-park-will-be-free-for-pollenca-residents-mallorca\/#breadcrumb\",\"itemListElement\":[{\"@type\":\"ListItem\",\"position\":1,\"name\":\"Portada\",\"item\":\"https:\/\/mallorcaglobalmag.es\/en\/\"},{\"@type\":\"ListItem\",\"position\":2,\"name\":\"Formentor car park will be free for Pollen\u00e7a residents\"}]},{\"@type\":\"WebSite\",\"@id\":\"https:\/\/mallorcaglobalmag.es\/#website\",\"url\":\"https:\/\/mallorcaglobalmag.es\/\",\"name\":\"Mallorca Global Mag\",\"description\":\"Revista de informaci\u00f3n general de Mallorca\",\"potentialAction\":[{\"@type\":\"SearchAction\",\"target\":{\"@type\":\"EntryPoint\",\"urlTemplate\":\"https:\/\/mallorcaglobalmag.es\/?s={search_term_string}\"},\"query-input\":{\"@type\":\"PropertyValueSpecification\",\"valueRequired\":true,\"valueName\":\"search_term_string\"}}],\"inLanguage\":\"en-US\"},{\"@type\":\"Person\",\"@id\":\"https:\/\/mallorcaglobalmag.es\/#\/schema\/person\/9a3cf523d44bd4905a14be13db051907\",\"name\":\"Redacci\u00f3n\",\"image\":{\"@type\":\"ImageObject\",\"inLanguage\":\"en-US\",\"@id\":\"https:\/\/mallorcaglobalmag.es\/#\/schema\/person\/image\/\",\"url\":\"https:\/\/secure.gravatar.com\/avatar\/54a4bcd1a68eccdda3505d7ee5d6ebb8e5dd78095a07d388940305fac2e49572?s=96&d=mm&r=g\",\"contentUrl\":\"https:\/\/secure.gravatar.com\/avatar\/54a4bcd1a68eccdda3505d7ee5d6ebb8e5dd78095a07d388940305fac2e49572?s=96&d=mm&r=g\",\"caption\":\"Redacci\u00f3n\"},\"url\":\"https:\/\/mallorcaglobalmag.es\/en\/author\/elena\/\"}]}<\/script>\n<!-- \/ Yoast SEO plugin. -->","yoast_head_json":{"title":"Formentor car park will be free for Pollen\u00e7a residents - Mallorca Global Mag","description":"The measure will be applied from June to September. The 'pollencins' will have to prove that they are registered at the exit of the car park.","robots":{"index":"index","follow":"follow","max-snippet":"max-snippet:-1","max-image-preview":"max-image-preview:large","max-video-preview":"max-video-preview:-1"},"canonical":"https:\/\/mallorcaglobalmag.es\/en\/formentor-car-park-will-be-free-for-pollenca-residents-mallorca\/","og_locale":"en_US","og_type":"article","og_title":"Formentor car park will be free for Pollen\u00e7a residents - Mallorca Global Mag","og_description":"The measure will be applied from June to September. The 'pollencins' will have to prove that they are registered at the exit of the car park.","og_url":"https:\/\/mallorcaglobalmag.es\/en\/formentor-car-park-will-be-free-for-pollenca-residents-mallorca\/","og_site_name":"Mallorca Global Mag","article_published_time":"2023-05-25T07:27:15+00:00","article_modified_time":"2023-05-25T07:41:45+00:00","og_image":[{"width":800,"height":533,"url":"https:\/\/mallorcaglobalmag.es\/wp-content\/uploads\/lighthouse-at-cape-formentor-in-the-coast-of-north-2021-08-29-01-05-47-utc.jpg","type":"image\/jpeg"}],"author":"Redacci\u00f3n","twitter_card":"summary_large_image","twitter_misc":{"Written by":"Redacci\u00f3n","Est. reading time":"3 minutes"},"schema":{"@context":"https:\/\/schema.org","@graph":[{"@type":"WebPage","@id":"https:\/\/mallorcaglobalmag.es\/en\/formentor-car-park-will-be-free-for-pollenca-residents-mallorca\/","url":"https:\/\/mallorcaglobalmag.es\/en\/formentor-car-park-will-be-free-for-pollenca-residents-mallorca\/","name":"Formentor car park will be free for Pollen\u00e7a residents - Mallorca Global Mag","isPartOf":{"@id":"https:\/\/mallorcaglobalmag.es\/#website"},"primaryImageOfPage":{"@id":"https:\/\/mallorcaglobalmag.es\/en\/formentor-car-park-will-be-free-for-pollenca-residents-mallorca\/#primaryimage"},"image":{"@id":"https:\/\/mallorcaglobalmag.es\/en\/formentor-car-park-will-be-free-for-pollenca-residents-mallorca\/#primaryimage"},"thumbnailUrl":"https:\/\/mallorcaglobalmag.es\/wp-content\/uploads\/lighthouse-at-cape-formentor-in-the-coast-of-north-2021-08-29-01-05-47-utc.jpg","datePublished":"2023-05-25T07:27:15+00:00","dateModified":"2023-05-25T07:41:45+00:00","author":{"@id":"https:\/\/mallorcaglobalmag.es\/#\/schema\/person\/9a3cf523d44bd4905a14be13db051907"},"description":"The measure will be applied from June to September. The 'pollencins' will have to prove that they are registered at the exit of the car park.","breadcrumb":{"@id":"https:\/\/mallorcaglobalmag.es\/en\/formentor-car-park-will-be-free-for-pollenca-residents-mallorca\/#breadcrumb"},"inLanguage":"en-US","potentialAction":[{"@type":"ReadAction","target":["https:\/\/mallorcaglobalmag.es\/en\/formentor-car-park-will-be-free-for-pollenca-residents-mallorca\/"]}]},{"@type":"ImageObject","inLanguage":"en-US","@id":"https:\/\/mallorcaglobalmag.es\/en\/formentor-car-park-will-be-free-for-pollenca-residents-mallorca\/#primaryimage","url":"https:\/\/mallorcaglobalmag.es\/wp-content\/uploads\/lighthouse-at-cape-formentor-in-the-coast-of-north-2021-08-29-01-05-47-utc.jpg","contentUrl":"https:\/\/mallorcaglobalmag.es\/wp-content\/uploads\/lighthouse-at-cape-formentor-in-the-coast-of-north-2021-08-29-01-05-47-utc.jpg","width":800,"height":533,"caption":"Lighthouse at Cape Formentor in the Coast of North Mallorca"},{"@type":"BreadcrumbList","@id":"https:\/\/mallorcaglobalmag.es\/en\/formentor-car-park-will-be-free-for-pollenca-residents-mallorca\/#breadcrumb","itemListElement":[{"@type":"ListItem","position":1,"name":"Portada","item":"https:\/\/mallorcaglobalmag.es\/en\/"},{"@type":"ListItem","position":2,"name":"Formentor car park will be free for Pollen\u00e7a residents"}]},{"@type":"WebSite","@id":"https:\/\/mallorcaglobalmag.es\/#website","url":"https:\/\/mallorcaglobalmag.es\/","name":"Mallorca Global Mag","description":"Revista de informaci\u00f3n general de Mallorca","potentialAction":[{"@type":"SearchAction","target":{"@type":"EntryPoint","urlTemplate":"https:\/\/mallorcaglobalmag.es\/?s={search_term_string}"},"query-input":{"@type":"PropertyValueSpecification","valueRequired":true,"valueName":"search_term_string"}}],"inLanguage":"en-US"},{"@type":"Person","@id":"https:\/\/mallorcaglobalmag.es\/#\/schema\/person\/9a3cf523d44bd4905a14be13db051907","name":"Redacci\u00f3n","image":{"@type":"ImageObject","inLanguage":"en-US","@id":"https:\/\/mallorcaglobalmag.es\/#\/schema\/person\/image\/","url":"https:\/\/secure.gravatar.com\/avatar\/54a4bcd1a68eccdda3505d7ee5d6ebb8e5dd78095a07d388940305fac2e49572?s=96&d=mm&r=g","contentUrl":"https:\/\/secure.gravatar.com\/avatar\/54a4bcd1a68eccdda3505d7ee5d6ebb8e5dd78095a07d388940305fac2e49572?s=96&d=mm&r=g","caption":"Redacci\u00f3n"},"url":"https:\/\/mallorcaglobalmag.es\/en\/author\/elena\/"}]}},"_links":{"self":[{"href":"https:\/\/mallorcaglobalmag.es\/en\/wp-json\/wp\/v2\/posts\/44883","targetHints":{"allow":["GET"]}}],"collection":[{"href":"https:\/\/mallorcaglobalmag.es\/en\/wp-json\/wp\/v2\/posts"}],"about":[{"href":"https:\/\/mallorcaglobalmag.es\/en\/wp-json\/wp\/v2\/types\/post"}],"author":[{"embeddable":true,"href":"https:\/\/mallorcaglobalmag.es\/en\/wp-json\/wp\/v2\/users\/4"}],"replies":[{"embeddable":true,"href":"https:\/\/mallorcaglobalmag.es\/en\/wp-json\/wp\/v2\/comments?post=44883"}],"version-history":[{"count":3,"href":"https:\/\/mallorcaglobalmag.es\/en\/wp-json\/wp\/v2\/posts\/44883\/revisions"}],"predecessor-version":[{"id":44891,"href":"https:\/\/mallorcaglobalmag.es\/en\/wp-json\/wp\/v2\/posts\/44883\/revisions\/44891"}],"wp:featuredmedia":[{"embeddable":true,"href":"https:\/\/mallorcaglobalmag.es\/en\/wp-json\/wp\/v2\/media\/35064"}],"wp:attachment":[{"href":"https:\/\/mallorcaglobalmag.es\/en\/wp-json\/wp\/v2\/media?parent=44883"}],"wp:term":[{"taxonomy":"category","embeddable":true,"href":"https:\/\/mallorcaglobalmag.es\/en\/wp-json\/wp\/v2\/categories?post=44883"},{"taxonomy":"post_tag","embeddable":true,"href":"https:\/\/mallorcaglobalmag.es\/en\/wp-json\/wp\/v2\/tags?post=44883"}],"curies":[{"name":"wp","href":"https:\/\/api.w.org\/{rel}","templated":true}]}}