{"id":43333,"date":"2023-05-11T17:01:51","date_gmt":"2023-05-11T15:01:51","guid":{"rendered":"https:\/\/mallorcaglobalmag.es\/llega-el-festival-internacional-de-teatre-de-teresetes-de-mallorca\/"},"modified":"2023-05-11T17:12:27","modified_gmt":"2023-05-11T15:12:27","slug":"llega-el-festival-internacional-de-teatre-de-teresetes-de-mallorca","status":"publish","type":"post","link":"https:\/\/mallorcaglobalmag.es\/en\/llega-el-festival-internacional-de-teatre-de-teresetes-de-mallorca\/","title":{"rendered":"The Festival Internacional de Teatre de Teresetes de Mallorca arrives in Mallorca"},"content":{"rendered":"<p><strong>From 15th to 21st May<\/strong>, the <strong>Festival Internacional de Teatre de Teresetes de Mallorca<\/strong> (International Theatre Festival of Puppets of Mallorca) offers 21 shows, two installations and two parades with a variety of original performances <strong>in different towns on the island<\/strong>.<\/p>\n<div id=\"attachment_43325\" style=\"width: 589px\" class=\"wp-caption alignright\"><img decoding=\"async\" aria-describedby=\"caption-attachment-43325\" class=\"wp-image-43325\" src=\"https:\/\/mallorcaglobalmag.es\/wp-content\/uploads\/ajuntament-de-pollenca.jpg\" alt=\"Teresetes Ajuntament de Pollen\u00e7a\" width=\"579\" height=\"579\" srcset=\"https:\/\/mallorcaglobalmag.es\/wp-content\/uploads\/ajuntament-de-pollenca-66x66.jpg 66w, https:\/\/mallorcaglobalmag.es\/wp-content\/uploads\/ajuntament-de-pollenca-150x150.jpg 150w, https:\/\/mallorcaglobalmag.es\/wp-content\/uploads\/ajuntament-de-pollenca-200x200.jpg 200w, https:\/\/mallorcaglobalmag.es\/wp-content\/uploads\/ajuntament-de-pollenca-300x300.jpg 300w, https:\/\/mallorcaglobalmag.es\/wp-content\/uploads\/ajuntament-de-pollenca-400x400.jpg 400w, https:\/\/mallorcaglobalmag.es\/wp-content\/uploads\/ajuntament-de-pollenca-600x600.jpg 600w, https:\/\/mallorcaglobalmag.es\/wp-content\/uploads\/ajuntament-de-pollenca-768x768.jpg 768w, https:\/\/mallorcaglobalmag.es\/wp-content\/uploads\/ajuntament-de-pollenca-800x800.jpg 800w, https:\/\/mallorcaglobalmag.es\/wp-content\/uploads\/ajuntament-de-pollenca-1024x1024.jpg 1024w, https:\/\/mallorcaglobalmag.es\/wp-content\/uploads\/ajuntament-de-pollenca.jpg 1064w\" sizes=\"(max-width: 579px) 100vw, 579px\" \/><p id=\"caption-attachment-43325\" class=\"wp-caption-text\">Una imagen de la representaci\u00f3n del domingo 21 de mayo en Pollen\u00e7a. Foto: Ajuntament de Pollen\u00e7a.<\/p><\/div>\n<p><a href=\"https:\/\/elasticnou.cat\/festivalteresetes\/\" target=\"_blank\" rel=\"noopener\">The Festival Internacional de Teatre de Teresetes de Mallorca<\/a> has been a key reference point for the island&#8217;s creative and cultural industry since its creation in 1999. <strong>The current edition celebrates its 25th anniversary<\/strong>. Its main objective is to promote and disseminate the latest and most representative stage proposals in the genre of puppetry, objects, shadows, movement and associated arts. Its <a href=\"https:\/\/elasticnou.cat\/festivalteresetes\/\" target=\"_blank\" rel=\"noopener\"><strong>programme<\/strong><\/a> recovers the traditions as well as the avant-garde works of <strong>international, national and Balearic productions.\u00a0<\/strong><\/p>\n<p>An annual event, every third week of May, is a festival of theatre with performances in many different venues. <strong>The festival promotes a presence in the street<\/strong> and at the same time programmes a whole series of parallel activities that enrich the experience and promote networking. It also highlights the professional side for companies, actors, programmers, institutions and students with the <strong>Professional Conferences<\/strong>; the social side with the <strong>&#8216;Teresetes&#8217; Social action<\/strong>; the educational side, with specialised courses and talks; and the participative side with the<strong> &#8216;Punt teresetes&#8217;<\/strong>.<\/p>\n<h2>Teresetes&#8217; performances in Palma<\/h2>\n<p>The Teresetes Festival will be held in Palma from the 18th to the 21st of May <strong>in the following locations:<\/strong><\/p>\n<ul>\n<li>Parc de les Estacions<\/li>\n<li>Pla\u00e7a d&#8217;Espanya<\/li>\n<li>Pla\u00e7a Major<\/li>\n<li>Pla\u00e7a de Cort<\/li>\n<li>Pla\u00e7a de la Porta<\/li>\n<li>Can Balaguer<\/li>\n<li>Casal Solleric<\/li>\n<li>Teatre Mar i Terra<\/li>\n<li>Teatre Xesc Forteza<\/li>\n<li>Teatre Principal<\/li>\n<li>Teatre Sans<\/li>\n<\/ul>\n<p>It can also be enjoyed in <strong>Calvi\u00e0, Pollen\u00e7a, Llucmajor, Ses Salines, Muro, Santa Margalida, Alar\u00f3, Alga\u00efda, Sa Pobla, Sant Lloren\u00e7 or Santa Margalida<\/strong>, among other towns.<\/p>\n<div id=\"attachment_43319\" style=\"width: 842px\" class=\"wp-caption aligncenter\"><img decoding=\"async\" aria-describedby=\"caption-attachment-43319\" class=\"wp-image-43319\" src=\"https:\/\/mallorcaglobalmag.es\/wp-content\/uploads\/teresetes-Mallorca.jpg\" alt=\"Festival Internacional de Teresetes de Mallorca 2023\" width=\"832\" height=\"832\" srcset=\"https:\/\/mallorcaglobalmag.es\/wp-content\/uploads\/teresetes-Mallorca-66x66.jpg 66w, https:\/\/mallorcaglobalmag.es\/wp-content\/uploads\/teresetes-Mallorca-150x150.jpg 150w, https:\/\/mallorcaglobalmag.es\/wp-content\/uploads\/teresetes-Mallorca-200x200.jpg 200w, https:\/\/mallorcaglobalmag.es\/wp-content\/uploads\/teresetes-Mallorca-300x300.jpg 300w, https:\/\/mallorcaglobalmag.es\/wp-content\/uploads\/teresetes-Mallorca-400x400.jpg 400w, https:\/\/mallorcaglobalmag.es\/wp-content\/uploads\/teresetes-Mallorca-600x600.jpg 600w, https:\/\/mallorcaglobalmag.es\/wp-content\/uploads\/teresetes-Mallorca-768x768.jpg 768w, https:\/\/mallorcaglobalmag.es\/wp-content\/uploads\/teresetes-Mallorca-800x800.jpg 800w, https:\/\/mallorcaglobalmag.es\/wp-content\/uploads\/teresetes-Mallorca.jpg 960w\" sizes=\"(max-width: 832px) 100vw, 832px\" \/><p id=\"caption-attachment-43319\" class=\"wp-caption-text\">Illustration by the artist Nivola Uy\u00e1. Photo: Ajuntament de Palma.<\/p><\/div>\n","protected":false},"excerpt":{"rendered":"<p>From 15th to 21st May, the Festival Internacional de Teatre <a href=\"https:\/\/mallorcaglobalmag.es\/en\/llega-el-festival-internacional-de-teatre-de-teresetes-de-mallorca\/\"> [&#8230;]<\/a><\/p>\n","protected":false},"author":4,"featured_media":43323,"comment_status":"open","ping_status":"open","sticky":false,"template":"","format":"standard","meta":{"footnotes":""},"categories":[1514],"tags":[],"class_list":["post-43333","post","type-post","status-publish","format-standard","has-post-thumbnail","hentry","category-culture"],"yoast_head":"<!-- This site is optimized with the Yoast SEO plugin v25.2 - https:\/\/yoast.com\/wordpress\/plugins\/seo\/ -->\n<title>The Festival Internacional de Teatre de Teresetes de Mallorca arrives in Mallorca - Mallorca Global Mag<\/title>\n<meta name=\"description\" content=\"Del 15 al 21 de mayo, el Festival Internacional de Teatre de Teresetes de Mallorca ofrece 21 espect\u00e1culos en diferentes pueblos de la isla.\" \/>\n<meta name=\"robots\" content=\"index, follow, max-snippet:-1, max-image-preview:large, max-video-preview:-1\" \/>\n<link rel=\"canonical\" href=\"https:\/\/mallorcaglobalmag.es\/llega-el-festival-internacional-de-teatre-de-teresetes-de-mallorca\/\" \/>\n<meta property=\"og:locale\" content=\"en_US\" \/>\n<meta property=\"og:type\" content=\"article\" \/>\n<meta property=\"og:title\" content=\"The Festival Internacional de Teatre de Teresetes de Mallorca arrives in Mallorca - Mallorca Global Mag\" \/>\n<meta property=\"og:description\" content=\"Del 15 al 21 de mayo, el Festival Internacional de Teatre de Teresetes de Mallorca ofrece 21 espect\u00e1culos en diferentes pueblos de la isla.\" \/>\n<meta property=\"og:url\" content=\"https:\/\/mallorcaglobalmag.es\/llega-el-festival-internacional-de-teatre-de-teresetes-de-mallorca\/\" \/>\n<meta property=\"og:site_name\" content=\"Mallorca Global Mag\" \/>\n<meta property=\"article:published_time\" content=\"2023-05-11T15:01:51+00:00\" \/>\n<meta property=\"article:modified_time\" content=\"2023-05-11T15:12:27+00:00\" \/>\n<meta property=\"og:image\" content=\"https:\/\/mallorcaglobalmag.es\/wp-content\/uploads\/ajuntament-de-Muro.jpg\" \/>\n\t<meta property=\"og:image:width\" content=\"1280\" \/>\n\t<meta property=\"og:image:height\" content=\"852\" \/>\n\t<meta property=\"og:image:type\" content=\"image\/jpeg\" \/>\n<meta name=\"author\" content=\"Redacci\u00f3n\" \/>\n<meta name=\"twitter:card\" content=\"summary_large_image\" \/>\n<meta name=\"twitter:label1\" content=\"Written by\" \/>\n\t<meta name=\"twitter:data1\" content=\"Redacci\u00f3n\" \/>\n\t<meta name=\"twitter:label2\" content=\"Est. reading time\" \/>\n\t<meta name=\"twitter:data2\" content=\"2 minutes\" \/>\n<script type=\"application\/ld+json\" class=\"yoast-schema-graph\">{\"@context\":\"https:\/\/schema.org\",\"@graph\":[{\"@type\":\"WebPage\",\"@id\":\"https:\/\/mallorcaglobalmag.es\/llega-el-festival-internacional-de-teatre-de-teresetes-de-mallorca\/\",\"url\":\"https:\/\/mallorcaglobalmag.es\/llega-el-festival-internacional-de-teatre-de-teresetes-de-mallorca\/\",\"name\":\"The Festival Internacional de Teatre de Teresetes de Mallorca arrives in Mallorca - Mallorca Global Mag\",\"isPartOf\":{\"@id\":\"https:\/\/mallorcaglobalmag.es\/#website\"},\"primaryImageOfPage\":{\"@id\":\"https:\/\/mallorcaglobalmag.es\/llega-el-festival-internacional-de-teatre-de-teresetes-de-mallorca\/#primaryimage\"},\"image\":{\"@id\":\"https:\/\/mallorcaglobalmag.es\/llega-el-festival-internacional-de-teatre-de-teresetes-de-mallorca\/#primaryimage\"},\"thumbnailUrl\":\"https:\/\/mallorcaglobalmag.es\/wp-content\/uploads\/ajuntament-de-Muro.jpg\",\"datePublished\":\"2023-05-11T15:01:51+00:00\",\"dateModified\":\"2023-05-11T15:12:27+00:00\",\"author\":{\"@id\":\"https:\/\/mallorcaglobalmag.es\/#\/schema\/person\/9a3cf523d44bd4905a14be13db051907\"},\"description\":\"Del 15 al 21 de mayo, el Festival Internacional de Teatre de Teresetes de Mallorca ofrece 21 espect\u00e1culos en diferentes pueblos de la isla.\",\"breadcrumb\":{\"@id\":\"https:\/\/mallorcaglobalmag.es\/llega-el-festival-internacional-de-teatre-de-teresetes-de-mallorca\/#breadcrumb\"},\"inLanguage\":\"en-US\",\"potentialAction\":[{\"@type\":\"ReadAction\",\"target\":[\"https:\/\/mallorcaglobalmag.es\/llega-el-festival-internacional-de-teatre-de-teresetes-de-mallorca\/\"]}]},{\"@type\":\"ImageObject\",\"inLanguage\":\"en-US\",\"@id\":\"https:\/\/mallorcaglobalmag.es\/llega-el-festival-internacional-de-teatre-de-teresetes-de-mallorca\/#primaryimage\",\"url\":\"https:\/\/mallorcaglobalmag.es\/wp-content\/uploads\/ajuntament-de-Muro.jpg\",\"contentUrl\":\"https:\/\/mallorcaglobalmag.es\/wp-content\/uploads\/ajuntament-de-Muro.jpg\",\"width\":1280,\"height\":852,\"caption\":\"Festival\"},{\"@type\":\"BreadcrumbList\",\"@id\":\"https:\/\/mallorcaglobalmag.es\/llega-el-festival-internacional-de-teatre-de-teresetes-de-mallorca\/#breadcrumb\",\"itemListElement\":[{\"@type\":\"ListItem\",\"position\":1,\"name\":\"Portada\",\"item\":\"https:\/\/mallorcaglobalmag.es\/en\/\"},{\"@type\":\"ListItem\",\"position\":2,\"name\":\"The Festival Internacional de Teatre de Teresetes de Mallorca arrives in Mallorca\"}]},{\"@type\":\"WebSite\",\"@id\":\"https:\/\/mallorcaglobalmag.es\/#website\",\"url\":\"https:\/\/mallorcaglobalmag.es\/\",\"name\":\"Mallorca Global Mag\",\"description\":\"Revista de informaci\u00f3n general de Mallorca\",\"potentialAction\":[{\"@type\":\"SearchAction\",\"target\":{\"@type\":\"EntryPoint\",\"urlTemplate\":\"https:\/\/mallorcaglobalmag.es\/?s={search_term_string}\"},\"query-input\":{\"@type\":\"PropertyValueSpecification\",\"valueRequired\":true,\"valueName\":\"search_term_string\"}}],\"inLanguage\":\"en-US\"},{\"@type\":\"Person\",\"@id\":\"https:\/\/mallorcaglobalmag.es\/#\/schema\/person\/9a3cf523d44bd4905a14be13db051907\",\"name\":\"Redacci\u00f3n\",\"image\":{\"@type\":\"ImageObject\",\"inLanguage\":\"en-US\",\"@id\":\"https:\/\/mallorcaglobalmag.es\/#\/schema\/person\/image\/\",\"url\":\"https:\/\/secure.gravatar.com\/avatar\/54a4bcd1a68eccdda3505d7ee5d6ebb8e5dd78095a07d388940305fac2e49572?s=96&d=mm&r=g\",\"contentUrl\":\"https:\/\/secure.gravatar.com\/avatar\/54a4bcd1a68eccdda3505d7ee5d6ebb8e5dd78095a07d388940305fac2e49572?s=96&d=mm&r=g\",\"caption\":\"Redacci\u00f3n\"},\"url\":\"https:\/\/mallorcaglobalmag.es\/en\/author\/elena\/\"}]}<\/script>\n<!-- \/ Yoast SEO plugin. -->","yoast_head_json":{"title":"The Festival Internacional de Teatre de Teresetes de Mallorca arrives in Mallorca - Mallorca Global Mag","description":"Del 15 al 21 de mayo, el Festival Internacional de Teatre de Teresetes de Mallorca ofrece 21 espect\u00e1culos en diferentes pueblos de la isla.","robots":{"index":"index","follow":"follow","max-snippet":"max-snippet:-1","max-image-preview":"max-image-preview:large","max-video-preview":"max-video-preview:-1"},"canonical":"https:\/\/mallorcaglobalmag.es\/llega-el-festival-internacional-de-teatre-de-teresetes-de-mallorca\/","og_locale":"en_US","og_type":"article","og_title":"The Festival Internacional de Teatre de Teresetes de Mallorca arrives in Mallorca - Mallorca Global Mag","og_description":"Del 15 al 21 de mayo, el Festival Internacional de Teatre de Teresetes de Mallorca ofrece 21 espect\u00e1culos en diferentes pueblos de la isla.","og_url":"https:\/\/mallorcaglobalmag.es\/llega-el-festival-internacional-de-teatre-de-teresetes-de-mallorca\/","og_site_name":"Mallorca Global Mag","article_published_time":"2023-05-11T15:01:51+00:00","article_modified_time":"2023-05-11T15:12:27+00:00","og_image":[{"width":1280,"height":852,"url":"https:\/\/mallorcaglobalmag.es\/wp-content\/uploads\/ajuntament-de-Muro.jpg","type":"image\/jpeg"}],"author":"Redacci\u00f3n","twitter_card":"summary_large_image","twitter_misc":{"Written by":"Redacci\u00f3n","Est. reading time":"2 minutes"},"schema":{"@context":"https:\/\/schema.org","@graph":[{"@type":"WebPage","@id":"https:\/\/mallorcaglobalmag.es\/llega-el-festival-internacional-de-teatre-de-teresetes-de-mallorca\/","url":"https:\/\/mallorcaglobalmag.es\/llega-el-festival-internacional-de-teatre-de-teresetes-de-mallorca\/","name":"The Festival Internacional de Teatre de Teresetes de Mallorca arrives in Mallorca - Mallorca Global Mag","isPartOf":{"@id":"https:\/\/mallorcaglobalmag.es\/#website"},"primaryImageOfPage":{"@id":"https:\/\/mallorcaglobalmag.es\/llega-el-festival-internacional-de-teatre-de-teresetes-de-mallorca\/#primaryimage"},"image":{"@id":"https:\/\/mallorcaglobalmag.es\/llega-el-festival-internacional-de-teatre-de-teresetes-de-mallorca\/#primaryimage"},"thumbnailUrl":"https:\/\/mallorcaglobalmag.es\/wp-content\/uploads\/ajuntament-de-Muro.jpg","datePublished":"2023-05-11T15:01:51+00:00","dateModified":"2023-05-11T15:12:27+00:00","author":{"@id":"https:\/\/mallorcaglobalmag.es\/#\/schema\/person\/9a3cf523d44bd4905a14be13db051907"},"description":"Del 15 al 21 de mayo, el Festival Internacional de Teatre de Teresetes de Mallorca ofrece 21 espect\u00e1culos en diferentes pueblos de la isla.","breadcrumb":{"@id":"https:\/\/mallorcaglobalmag.es\/llega-el-festival-internacional-de-teatre-de-teresetes-de-mallorca\/#breadcrumb"},"inLanguage":"en-US","potentialAction":[{"@type":"ReadAction","target":["https:\/\/mallorcaglobalmag.es\/llega-el-festival-internacional-de-teatre-de-teresetes-de-mallorca\/"]}]},{"@type":"ImageObject","inLanguage":"en-US","@id":"https:\/\/mallorcaglobalmag.es\/llega-el-festival-internacional-de-teatre-de-teresetes-de-mallorca\/#primaryimage","url":"https:\/\/mallorcaglobalmag.es\/wp-content\/uploads\/ajuntament-de-Muro.jpg","contentUrl":"https:\/\/mallorcaglobalmag.es\/wp-content\/uploads\/ajuntament-de-Muro.jpg","width":1280,"height":852,"caption":"Festival"},{"@type":"BreadcrumbList","@id":"https:\/\/mallorcaglobalmag.es\/llega-el-festival-internacional-de-teatre-de-teresetes-de-mallorca\/#breadcrumb","itemListElement":[{"@type":"ListItem","position":1,"name":"Portada","item":"https:\/\/mallorcaglobalmag.es\/en\/"},{"@type":"ListItem","position":2,"name":"The Festival Internacional de Teatre de Teresetes de Mallorca arrives in Mallorca"}]},{"@type":"WebSite","@id":"https:\/\/mallorcaglobalmag.es\/#website","url":"https:\/\/mallorcaglobalmag.es\/","name":"Mallorca Global Mag","description":"Revista de informaci\u00f3n general de Mallorca","potentialAction":[{"@type":"SearchAction","target":{"@type":"EntryPoint","urlTemplate":"https:\/\/mallorcaglobalmag.es\/?s={search_term_string}"},"query-input":{"@type":"PropertyValueSpecification","valueRequired":true,"valueName":"search_term_string"}}],"inLanguage":"en-US"},{"@type":"Person","@id":"https:\/\/mallorcaglobalmag.es\/#\/schema\/person\/9a3cf523d44bd4905a14be13db051907","name":"Redacci\u00f3n","image":{"@type":"ImageObject","inLanguage":"en-US","@id":"https:\/\/mallorcaglobalmag.es\/#\/schema\/person\/image\/","url":"https:\/\/secure.gravatar.com\/avatar\/54a4bcd1a68eccdda3505d7ee5d6ebb8e5dd78095a07d388940305fac2e49572?s=96&d=mm&r=g","contentUrl":"https:\/\/secure.gravatar.com\/avatar\/54a4bcd1a68eccdda3505d7ee5d6ebb8e5dd78095a07d388940305fac2e49572?s=96&d=mm&r=g","caption":"Redacci\u00f3n"},"url":"https:\/\/mallorcaglobalmag.es\/en\/author\/elena\/"}]}},"_links":{"self":[{"href":"https:\/\/mallorcaglobalmag.es\/en\/wp-json\/wp\/v2\/posts\/43333","targetHints":{"allow":["GET"]}}],"collection":[{"href":"https:\/\/mallorcaglobalmag.es\/en\/wp-json\/wp\/v2\/posts"}],"about":[{"href":"https:\/\/mallorcaglobalmag.es\/en\/wp-json\/wp\/v2\/types\/post"}],"author":[{"embeddable":true,"href":"https:\/\/mallorcaglobalmag.es\/en\/wp-json\/wp\/v2\/users\/4"}],"replies":[{"embeddable":true,"href":"https:\/\/mallorcaglobalmag.es\/en\/wp-json\/wp\/v2\/comments?post=43333"}],"version-history":[{"count":2,"href":"https:\/\/mallorcaglobalmag.es\/en\/wp-json\/wp\/v2\/posts\/43333\/revisions"}],"predecessor-version":[{"id":43335,"href":"https:\/\/mallorcaglobalmag.es\/en\/wp-json\/wp\/v2\/posts\/43333\/revisions\/43335"}],"wp:featuredmedia":[{"embeddable":true,"href":"https:\/\/mallorcaglobalmag.es\/en\/wp-json\/wp\/v2\/media\/43323"}],"wp:attachment":[{"href":"https:\/\/mallorcaglobalmag.es\/en\/wp-json\/wp\/v2\/media?parent=43333"}],"wp:term":[{"taxonomy":"category","embeddable":true,"href":"https:\/\/mallorcaglobalmag.es\/en\/wp-json\/wp\/v2\/categories?post=43333"},{"taxonomy":"post_tag","embeddable":true,"href":"https:\/\/mallorcaglobalmag.es\/en\/wp-json\/wp\/v2\/tags?post=43333"}],"curies":[{"name":"wp","href":"https:\/\/api.w.org\/{rel}","templated":true}]}}