{"id":42551,"date":"2023-04-17T17:39:12","date_gmt":"2023-04-17T15:39:12","guid":{"rendered":"https:\/\/mallorcaglobalmag.es\/?p=42551"},"modified":"2023-04-17T16:02:40","modified_gmt":"2023-04-17T14:02:40","slug":"el-primer-bus-electrico-emt-ya-circula-por-palma-mallorca","status":"publish","type":"post","link":"https:\/\/mallorcaglobalmag.es\/en\/el-primer-bus-electrico-emt-ya-circula-por-palma-mallorca\/","title":{"rendered":"The first electric bus is already running in Palma"},"content":{"rendered":"<div class=\"traductor-textarea form-group\">\n<div class=\"textarea-desti col-xs-12 col-sm-6\">\n<div class=\"form-control second-textarea\">\n<p><strong>The EMT&#8217;s first electric bus is already running in Palma on lines L29, L40 and L39<\/strong><\/p>\n<p>It is a 12-metre, zero-emission vehicle that, for the time being, provides service on lines L29, L40 and L39 and will be circulating on others at a later date.<\/p>\n<p>The acquisition of this first electric vehicle of the Municipal Transport Company (EMT) of Palma<strong> is financed by the European Union<\/strong> &#8211; NextGenerationEU &#8211; Recovery, Transformation and Resilience Plan through the Ministry of Transport, Mobility and Urban Agenda.<\/p>\n<p>New 12-metre buses have three doors,<strong> 22 seats<\/strong> (four for people with reduced mobility), a wheelchair area and a capacity for <strong>70 people<\/strong>. The design of this new urban vehicle provides greater visibility for the driver, more comfort for the user and windows that make the most of sunlight, which helps to reduce interior lighting consumption. The vehicle has three 430-kilowatt batteries with a range of <strong>16 to 18 hours<\/strong>.<\/p>\n<h2>Pre-circulation of a prototype<\/h2>\n<p>Previously, to guarantee the optimum quality of service, a prototype of this model has circulated over the last few weeks on different lines of the EMT network in Palma<strong> in order to test its adaptation to the orography<\/strong>,<strong> turns and city traffic<\/strong>. A test period that has also allowed the 12 12-metre buses that will be arriving in Palma to be better adapted to the city.<\/p>\n<p>&nbsp;<\/p>\n<h2>Second phase of fleet renewal<\/h2>\n<p>This new electric bus forms part of the second phase of the renovation of the EMT bus fleet, which will involve the arrival of a total of <strong>65 new vehicles<\/strong>; 44 are 18-metre gas-powered buses, half of which are already circulating in Palma; four 8-metre mini buses with natural gas, the first of which is running on Line 9 from Son Espanyol; and five new 12-metre hydrogen buses, which begin to arrive this very month.<\/p>\n<\/div>\n<p>&nbsp;<\/p>\n<\/div>\n<\/div>\n<div class=\"row\">\n<div id=\"attachment_42544\" style=\"width: 1034px\" class=\"wp-caption alignnone\"><img decoding=\"async\" aria-describedby=\"caption-attachment-42544\" class=\"wp-image-42544 size-full\" src=\"https:\/\/mallorcaglobalmag.es\/wp-content\/uploads\/bus-electrico-EMT-Palma.jpeg\" alt=\"bus el\u00e9ctrico EMT Palma\" width=\"1024\" height=\"461\" srcset=\"https:\/\/mallorcaglobalmag.es\/wp-content\/uploads\/bus-electrico-EMT-Palma-200x90.jpeg 200w, https:\/\/mallorcaglobalmag.es\/wp-content\/uploads\/bus-electrico-EMT-Palma-300x135.jpeg 300w, https:\/\/mallorcaglobalmag.es\/wp-content\/uploads\/bus-electrico-EMT-Palma-400x180.jpeg 400w, https:\/\/mallorcaglobalmag.es\/wp-content\/uploads\/bus-electrico-EMT-Palma-600x270.jpeg 600w, https:\/\/mallorcaglobalmag.es\/wp-content\/uploads\/bus-electrico-EMT-Palma-768x346.jpeg 768w, https:\/\/mallorcaglobalmag.es\/wp-content\/uploads\/bus-electrico-EMT-Palma-800x360.jpeg 800w, https:\/\/mallorcaglobalmag.es\/wp-content\/uploads\/bus-electrico-EMT-Palma.jpeg 1024w\" sizes=\"(max-width: 1024px) 100vw, 1024px\" \/><p id=\"caption-attachment-42544\" class=\"wp-caption-text\">Photo: Ajuntament de Palma.<\/p><\/div>\n<\/div>\n","protected":false},"excerpt":{"rendered":"<p>The EMT&#8217;s first electric bus is already running in Palma <a href=\"https:\/\/mallorcaglobalmag.es\/en\/el-primer-bus-electrico-emt-ya-circula-por-palma-mallorca\/\"> [&#8230;]<\/a><\/p>\n","protected":false},"author":4,"featured_media":42542,"comment_status":"open","ping_status":"open","sticky":false,"template":"","format":"standard","meta":{"footnotes":""},"categories":[1513],"tags":[],"class_list":["post-42551","post","type-post","status-publish","format-standard","has-post-thumbnail","hentry","category-society"],"yoast_head":"<!-- This site is optimized with the Yoast SEO plugin v25.2 - https:\/\/yoast.com\/wordpress\/plugins\/seo\/ -->\n<title>The first electric bus is already running in Palma - Mallorca Global Mag<\/title>\n<meta name=\"description\" content=\"El primer autob\u00fas el\u00e9ctrico de la EMT circula por Palma en las l\u00edneas L29, L40 y L39\u00a0y se ir\u00e1 incorporando a otras l\u00edneas.\" \/>\n<meta name=\"robots\" content=\"index, follow, max-snippet:-1, max-image-preview:large, max-video-preview:-1\" \/>\n<link rel=\"canonical\" href=\"https:\/\/mallorcaglobalmag.es\/en\/el-primer-bus-electrico-emt-ya-circula-por-palma-mallorca\/\" \/>\n<meta property=\"og:locale\" content=\"en_US\" \/>\n<meta property=\"og:type\" content=\"article\" \/>\n<meta property=\"og:title\" content=\"The first electric bus is already running in Palma - Mallorca Global Mag\" \/>\n<meta property=\"og:description\" content=\"El primer autob\u00fas el\u00e9ctrico de la EMT circula por Palma en las l\u00edneas L29, L40 y L39\u00a0y se ir\u00e1 incorporando a otras l\u00edneas.\" \/>\n<meta property=\"og:url\" content=\"https:\/\/mallorcaglobalmag.es\/en\/el-primer-bus-electrico-emt-ya-circula-por-palma-mallorca\/\" \/>\n<meta property=\"og:site_name\" content=\"Mallorca Global Mag\" \/>\n<meta property=\"article:published_time\" content=\"2023-04-17T15:39:12+00:00\" \/>\n<meta property=\"og:image\" content=\"https:\/\/mallorcaglobalmag.es\/wp-content\/uploads\/bus-electrico-1.jpeg\" \/>\n\t<meta property=\"og:image:width\" content=\"1024\" \/>\n\t<meta property=\"og:image:height\" content=\"461\" \/>\n\t<meta property=\"og:image:type\" content=\"image\/jpeg\" \/>\n<meta name=\"author\" content=\"Redacci\u00f3n\" \/>\n<meta name=\"twitter:card\" content=\"summary_large_image\" \/>\n<meta name=\"twitter:label1\" content=\"Written by\" \/>\n\t<meta name=\"twitter:data1\" content=\"Redacci\u00f3n\" \/>\n\t<meta name=\"twitter:label2\" content=\"Est. reading time\" \/>\n\t<meta name=\"twitter:data2\" content=\"2 minutes\" \/>\n<script type=\"application\/ld+json\" class=\"yoast-schema-graph\">{\"@context\":\"https:\/\/schema.org\",\"@graph\":[{\"@type\":\"WebPage\",\"@id\":\"https:\/\/mallorcaglobalmag.es\/en\/el-primer-bus-electrico-emt-ya-circula-por-palma-mallorca\/\",\"url\":\"https:\/\/mallorcaglobalmag.es\/en\/el-primer-bus-electrico-emt-ya-circula-por-palma-mallorca\/\",\"name\":\"The first electric bus is already running in Palma - Mallorca Global Mag\",\"isPartOf\":{\"@id\":\"https:\/\/mallorcaglobalmag.es\/#website\"},\"primaryImageOfPage\":{\"@id\":\"https:\/\/mallorcaglobalmag.es\/en\/el-primer-bus-electrico-emt-ya-circula-por-palma-mallorca\/#primaryimage\"},\"image\":{\"@id\":\"https:\/\/mallorcaglobalmag.es\/en\/el-primer-bus-electrico-emt-ya-circula-por-palma-mallorca\/#primaryimage\"},\"thumbnailUrl\":\"https:\/\/mallorcaglobalmag.es\/wp-content\/uploads\/bus-electrico-1.jpeg\",\"datePublished\":\"2023-04-17T15:39:12+00:00\",\"author\":{\"@id\":\"https:\/\/mallorcaglobalmag.es\/#\/schema\/person\/9a3cf523d44bd4905a14be13db051907\"},\"description\":\"El primer autob\u00fas el\u00e9ctrico de la EMT circula por Palma en las l\u00edneas L29, L40 y L39\u00a0y se ir\u00e1 incorporando a otras l\u00edneas.\",\"breadcrumb\":{\"@id\":\"https:\/\/mallorcaglobalmag.es\/en\/el-primer-bus-electrico-emt-ya-circula-por-palma-mallorca\/#breadcrumb\"},\"inLanguage\":\"en-US\",\"potentialAction\":[{\"@type\":\"ReadAction\",\"target\":[\"https:\/\/mallorcaglobalmag.es\/en\/el-primer-bus-electrico-emt-ya-circula-por-palma-mallorca\/\"]}]},{\"@type\":\"ImageObject\",\"inLanguage\":\"en-US\",\"@id\":\"https:\/\/mallorcaglobalmag.es\/en\/el-primer-bus-electrico-emt-ya-circula-por-palma-mallorca\/#primaryimage\",\"url\":\"https:\/\/mallorcaglobalmag.es\/wp-content\/uploads\/bus-electrico-1.jpeg\",\"contentUrl\":\"https:\/\/mallorcaglobalmag.es\/wp-content\/uploads\/bus-electrico-1.jpeg\",\"width\":1024,\"height\":461,\"caption\":\"bus el\u00e9ctrico EMT Palma\"},{\"@type\":\"BreadcrumbList\",\"@id\":\"https:\/\/mallorcaglobalmag.es\/en\/el-primer-bus-electrico-emt-ya-circula-por-palma-mallorca\/#breadcrumb\",\"itemListElement\":[{\"@type\":\"ListItem\",\"position\":1,\"name\":\"Portada\",\"item\":\"https:\/\/mallorcaglobalmag.es\/en\/\"},{\"@type\":\"ListItem\",\"position\":2,\"name\":\"The first electric bus is already running in Palma\"}]},{\"@type\":\"WebSite\",\"@id\":\"https:\/\/mallorcaglobalmag.es\/#website\",\"url\":\"https:\/\/mallorcaglobalmag.es\/\",\"name\":\"Mallorca Global Mag\",\"description\":\"Revista de informaci\u00f3n general de Mallorca\",\"potentialAction\":[{\"@type\":\"SearchAction\",\"target\":{\"@type\":\"EntryPoint\",\"urlTemplate\":\"https:\/\/mallorcaglobalmag.es\/?s={search_term_string}\"},\"query-input\":{\"@type\":\"PropertyValueSpecification\",\"valueRequired\":true,\"valueName\":\"search_term_string\"}}],\"inLanguage\":\"en-US\"},{\"@type\":\"Person\",\"@id\":\"https:\/\/mallorcaglobalmag.es\/#\/schema\/person\/9a3cf523d44bd4905a14be13db051907\",\"name\":\"Redacci\u00f3n\",\"image\":{\"@type\":\"ImageObject\",\"inLanguage\":\"en-US\",\"@id\":\"https:\/\/mallorcaglobalmag.es\/#\/schema\/person\/image\/\",\"url\":\"https:\/\/secure.gravatar.com\/avatar\/54a4bcd1a68eccdda3505d7ee5d6ebb8e5dd78095a07d388940305fac2e49572?s=96&d=mm&r=g\",\"contentUrl\":\"https:\/\/secure.gravatar.com\/avatar\/54a4bcd1a68eccdda3505d7ee5d6ebb8e5dd78095a07d388940305fac2e49572?s=96&d=mm&r=g\",\"caption\":\"Redacci\u00f3n\"},\"url\":\"https:\/\/mallorcaglobalmag.es\/en\/author\/elena\/\"}]}<\/script>\n<!-- \/ Yoast SEO plugin. -->","yoast_head_json":{"title":"The first electric bus is already running in Palma - Mallorca Global Mag","description":"El primer autob\u00fas el\u00e9ctrico de la EMT circula por Palma en las l\u00edneas L29, L40 y L39\u00a0y se ir\u00e1 incorporando a otras l\u00edneas.","robots":{"index":"index","follow":"follow","max-snippet":"max-snippet:-1","max-image-preview":"max-image-preview:large","max-video-preview":"max-video-preview:-1"},"canonical":"https:\/\/mallorcaglobalmag.es\/en\/el-primer-bus-electrico-emt-ya-circula-por-palma-mallorca\/","og_locale":"en_US","og_type":"article","og_title":"The first electric bus is already running in Palma - Mallorca Global Mag","og_description":"El primer autob\u00fas el\u00e9ctrico de la EMT circula por Palma en las l\u00edneas L29, L40 y L39\u00a0y se ir\u00e1 incorporando a otras l\u00edneas.","og_url":"https:\/\/mallorcaglobalmag.es\/en\/el-primer-bus-electrico-emt-ya-circula-por-palma-mallorca\/","og_site_name":"Mallorca Global Mag","article_published_time":"2023-04-17T15:39:12+00:00","og_image":[{"width":1024,"height":461,"url":"https:\/\/mallorcaglobalmag.es\/wp-content\/uploads\/bus-electrico-1.jpeg","type":"image\/jpeg"}],"author":"Redacci\u00f3n","twitter_card":"summary_large_image","twitter_misc":{"Written by":"Redacci\u00f3n","Est. reading time":"2 minutes"},"schema":{"@context":"https:\/\/schema.org","@graph":[{"@type":"WebPage","@id":"https:\/\/mallorcaglobalmag.es\/en\/el-primer-bus-electrico-emt-ya-circula-por-palma-mallorca\/","url":"https:\/\/mallorcaglobalmag.es\/en\/el-primer-bus-electrico-emt-ya-circula-por-palma-mallorca\/","name":"The first electric bus is already running in Palma - Mallorca Global Mag","isPartOf":{"@id":"https:\/\/mallorcaglobalmag.es\/#website"},"primaryImageOfPage":{"@id":"https:\/\/mallorcaglobalmag.es\/en\/el-primer-bus-electrico-emt-ya-circula-por-palma-mallorca\/#primaryimage"},"image":{"@id":"https:\/\/mallorcaglobalmag.es\/en\/el-primer-bus-electrico-emt-ya-circula-por-palma-mallorca\/#primaryimage"},"thumbnailUrl":"https:\/\/mallorcaglobalmag.es\/wp-content\/uploads\/bus-electrico-1.jpeg","datePublished":"2023-04-17T15:39:12+00:00","author":{"@id":"https:\/\/mallorcaglobalmag.es\/#\/schema\/person\/9a3cf523d44bd4905a14be13db051907"},"description":"El primer autob\u00fas el\u00e9ctrico de la EMT circula por Palma en las l\u00edneas L29, L40 y L39\u00a0y se ir\u00e1 incorporando a otras l\u00edneas.","breadcrumb":{"@id":"https:\/\/mallorcaglobalmag.es\/en\/el-primer-bus-electrico-emt-ya-circula-por-palma-mallorca\/#breadcrumb"},"inLanguage":"en-US","potentialAction":[{"@type":"ReadAction","target":["https:\/\/mallorcaglobalmag.es\/en\/el-primer-bus-electrico-emt-ya-circula-por-palma-mallorca\/"]}]},{"@type":"ImageObject","inLanguage":"en-US","@id":"https:\/\/mallorcaglobalmag.es\/en\/el-primer-bus-electrico-emt-ya-circula-por-palma-mallorca\/#primaryimage","url":"https:\/\/mallorcaglobalmag.es\/wp-content\/uploads\/bus-electrico-1.jpeg","contentUrl":"https:\/\/mallorcaglobalmag.es\/wp-content\/uploads\/bus-electrico-1.jpeg","width":1024,"height":461,"caption":"bus el\u00e9ctrico EMT Palma"},{"@type":"BreadcrumbList","@id":"https:\/\/mallorcaglobalmag.es\/en\/el-primer-bus-electrico-emt-ya-circula-por-palma-mallorca\/#breadcrumb","itemListElement":[{"@type":"ListItem","position":1,"name":"Portada","item":"https:\/\/mallorcaglobalmag.es\/en\/"},{"@type":"ListItem","position":2,"name":"The first electric bus is already running in Palma"}]},{"@type":"WebSite","@id":"https:\/\/mallorcaglobalmag.es\/#website","url":"https:\/\/mallorcaglobalmag.es\/","name":"Mallorca Global Mag","description":"Revista de informaci\u00f3n general de Mallorca","potentialAction":[{"@type":"SearchAction","target":{"@type":"EntryPoint","urlTemplate":"https:\/\/mallorcaglobalmag.es\/?s={search_term_string}"},"query-input":{"@type":"PropertyValueSpecification","valueRequired":true,"valueName":"search_term_string"}}],"inLanguage":"en-US"},{"@type":"Person","@id":"https:\/\/mallorcaglobalmag.es\/#\/schema\/person\/9a3cf523d44bd4905a14be13db051907","name":"Redacci\u00f3n","image":{"@type":"ImageObject","inLanguage":"en-US","@id":"https:\/\/mallorcaglobalmag.es\/#\/schema\/person\/image\/","url":"https:\/\/secure.gravatar.com\/avatar\/54a4bcd1a68eccdda3505d7ee5d6ebb8e5dd78095a07d388940305fac2e49572?s=96&d=mm&r=g","contentUrl":"https:\/\/secure.gravatar.com\/avatar\/54a4bcd1a68eccdda3505d7ee5d6ebb8e5dd78095a07d388940305fac2e49572?s=96&d=mm&r=g","caption":"Redacci\u00f3n"},"url":"https:\/\/mallorcaglobalmag.es\/en\/author\/elena\/"}]}},"_links":{"self":[{"href":"https:\/\/mallorcaglobalmag.es\/en\/wp-json\/wp\/v2\/posts\/42551","targetHints":{"allow":["GET"]}}],"collection":[{"href":"https:\/\/mallorcaglobalmag.es\/en\/wp-json\/wp\/v2\/posts"}],"about":[{"href":"https:\/\/mallorcaglobalmag.es\/en\/wp-json\/wp\/v2\/types\/post"}],"author":[{"embeddable":true,"href":"https:\/\/mallorcaglobalmag.es\/en\/wp-json\/wp\/v2\/users\/4"}],"replies":[{"embeddable":true,"href":"https:\/\/mallorcaglobalmag.es\/en\/wp-json\/wp\/v2\/comments?post=42551"}],"version-history":[{"count":1,"href":"https:\/\/mallorcaglobalmag.es\/en\/wp-json\/wp\/v2\/posts\/42551\/revisions"}],"predecessor-version":[{"id":42553,"href":"https:\/\/mallorcaglobalmag.es\/en\/wp-json\/wp\/v2\/posts\/42551\/revisions\/42553"}],"wp:featuredmedia":[{"embeddable":true,"href":"https:\/\/mallorcaglobalmag.es\/en\/wp-json\/wp\/v2\/media\/42542"}],"wp:attachment":[{"href":"https:\/\/mallorcaglobalmag.es\/en\/wp-json\/wp\/v2\/media?parent=42551"}],"wp:term":[{"taxonomy":"category","embeddable":true,"href":"https:\/\/mallorcaglobalmag.es\/en\/wp-json\/wp\/v2\/categories?post=42551"},{"taxonomy":"post_tag","embeddable":true,"href":"https:\/\/mallorcaglobalmag.es\/en\/wp-json\/wp\/v2\/tags?post=42551"}],"curies":[{"name":"wp","href":"https:\/\/api.w.org\/{rel}","templated":true}]}}