{"id":38939,"date":"2023-01-12T09:43:04","date_gmt":"2023-01-12T08:43:04","guid":{"rendered":"https:\/\/mallorcaglobalmag.es\/miquel-angel-salva-vicepresidente-de-pimem-comerc-las-rebajas-estan-siendo-flojitas\/"},"modified":"2023-01-12T09:44:59","modified_gmt":"2023-01-12T08:44:59","slug":"miquel-angel-salva-vicepresidente-de-pimem-comerc-las-rebajas-estan-siendo-flojitas","status":"publish","type":"post","link":"https:\/\/mallorcaglobalmag.es\/en\/miquel-angel-salva-vicepresidente-de-pimem-comerc-las-rebajas-estan-siendo-flojitas\/","title":{"rendered":"Miquel \u00c0ngel Salv\u00e0, vice-president of PIMEM-Comer\u00e7: &#8220;The sales are being weak&#8221;"},"content":{"rendered":"<p><img decoding=\"async\" class=\" wp-image-38935 alignright\" src=\"https:\/\/mallorcaglobalmag.es\/wp-content\/uploads\/Vice-MA-Salva-2048x1536-1.jpeg\" alt=\"Miquel \u00c0ngel Salv\u00e0, vicepresidente PIMEM-Comer\u00e7\" width=\"281\" height=\"211\" srcset=\"https:\/\/mallorcaglobalmag.es\/wp-content\/uploads\/Vice-MA-Salva-2048x1536-1-200x150.jpeg 200w, https:\/\/mallorcaglobalmag.es\/wp-content\/uploads\/Vice-MA-Salva-2048x1536-1-300x225.jpeg 300w, https:\/\/mallorcaglobalmag.es\/wp-content\/uploads\/Vice-MA-Salva-2048x1536-1-400x300.jpeg 400w, https:\/\/mallorcaglobalmag.es\/wp-content\/uploads\/Vice-MA-Salva-2048x1536-1-600x450.jpeg 600w, https:\/\/mallorcaglobalmag.es\/wp-content\/uploads\/Vice-MA-Salva-2048x1536-1-768x576.jpeg 768w, https:\/\/mallorcaglobalmag.es\/wp-content\/uploads\/Vice-MA-Salva-2048x1536-1-800x600.jpeg 800w, https:\/\/mallorcaglobalmag.es\/wp-content\/uploads\/Vice-MA-Salva-2048x1536-1-1024x768.jpeg 1024w, https:\/\/mallorcaglobalmag.es\/wp-content\/uploads\/Vice-MA-Salva-2048x1536-1-1200x900.jpeg 1200w, https:\/\/mallorcaglobalmag.es\/wp-content\/uploads\/Vice-MA-Salva-2048x1536-1-1536x1152.jpeg 1536w, https:\/\/mallorcaglobalmag.es\/wp-content\/uploads\/Vice-MA-Salva-2048x1536-1.jpeg 1920w\" sizes=\"(max-width: 281px) 100vw, 281px\" \/><\/p>\n<p>More than a week after the winter sales began in Mallorca, the vice-president of PIMEM-Comer\u00e7, Miquel \u00c0ngel Salv\u00e0, told this newspaper that &#8220;they are a little slower than the sales of previous years. The cash was made in October and November, but in December and now, in the sales after the Epiphany, sales are sluggish&#8221;.<\/p>\n<p>Salv\u00e0 explained that this situation is due to two reasons. On the one hand, the good weather has had an impact on the sale of fashion and footwear: &#8220;It hasn&#8217;t been cold and everything related to fashion and winter is at a standstill, although there are significant discounts&#8221;.<\/p>\n<p>On the other hand, the discount vouchers launched by the Government to boost local shops between October and November, &#8220;made many people bring forward their purchases because they are still advanced sales that worked very well,&#8221; he said.<\/p>\n","protected":false},"excerpt":{"rendered":"<p>More than a week after the winter sales began in <a href=\"https:\/\/mallorcaglobalmag.es\/en\/miquel-angel-salva-vicepresidente-de-pimem-comerc-las-rebajas-estan-siendo-flojitas\/\"> [&#8230;]<\/a><\/p>\n","protected":false},"author":4,"featured_media":38936,"comment_status":"open","ping_status":"open","sticky":false,"template":"","format":"standard","meta":{"footnotes":""},"categories":[1515],"tags":[],"class_list":["post-38939","post","type-post","status-publish","format-standard","has-post-thumbnail","hentry","category-economy-and-tourism"],"yoast_head":"<!-- This site is optimized with the Yoast SEO plugin v25.2 - https:\/\/yoast.com\/wordpress\/plugins\/seo\/ -->\n<title>Miquel \u00c0ngel Salv\u00e0, vice-president of PIMEM-Comer\u00e7: &quot;The sales are being weak&quot; - Mallorca Global Mag<\/title>\n<meta name=\"robots\" content=\"index, follow, max-snippet:-1, max-image-preview:large, max-video-preview:-1\" \/>\n<link rel=\"canonical\" href=\"https:\/\/mallorcaglobalmag.es\/en\/miquel-angel-salva-vicepresidente-de-pimem-comerc-las-rebajas-estan-siendo-flojitas\/\" \/>\n<meta property=\"og:locale\" content=\"en_US\" \/>\n<meta property=\"og:type\" content=\"article\" \/>\n<meta property=\"og:title\" content=\"Miquel \u00c0ngel Salv\u00e0, vice-president of PIMEM-Comer\u00e7: &quot;The sales are being weak&quot; - Mallorca Global Mag\" \/>\n<meta property=\"og:description\" content=\"More than a week after the winter sales began in [...]\" \/>\n<meta property=\"og:url\" content=\"https:\/\/mallorcaglobalmag.es\/en\/miquel-angel-salva-vicepresidente-de-pimem-comerc-las-rebajas-estan-siendo-flojitas\/\" \/>\n<meta property=\"og:site_name\" content=\"Mallorca Global Mag\" \/>\n<meta property=\"article:published_time\" content=\"2023-01-12T08:43:04+00:00\" \/>\n<meta property=\"article:modified_time\" content=\"2023-01-12T08:44:59+00:00\" \/>\n<meta property=\"og:image\" content=\"https:\/\/mallorcaglobalmag.es\/wp-content\/uploads\/Vice-MA-Salva-2048x1536-1.jpeg\" \/>\n\t<meta property=\"og:image:width\" content=\"1920\" \/>\n\t<meta property=\"og:image:height\" content=\"1440\" \/>\n\t<meta property=\"og:image:type\" content=\"image\/jpeg\" \/>\n<meta name=\"author\" content=\"Redacci\u00f3n\" \/>\n<meta name=\"twitter:card\" content=\"summary_large_image\" \/>\n<meta name=\"twitter:label1\" content=\"Written by\" \/>\n\t<meta name=\"twitter:data1\" content=\"Redacci\u00f3n\" \/>\n\t<meta name=\"twitter:label2\" content=\"Est. reading time\" \/>\n\t<meta name=\"twitter:data2\" content=\"1 minute\" \/>\n<script type=\"application\/ld+json\" class=\"yoast-schema-graph\">{\"@context\":\"https:\/\/schema.org\",\"@graph\":[{\"@type\":\"WebPage\",\"@id\":\"https:\/\/mallorcaglobalmag.es\/en\/miquel-angel-salva-vicepresidente-de-pimem-comerc-las-rebajas-estan-siendo-flojitas\/\",\"url\":\"https:\/\/mallorcaglobalmag.es\/en\/miquel-angel-salva-vicepresidente-de-pimem-comerc-las-rebajas-estan-siendo-flojitas\/\",\"name\":\"Miquel \u00c0ngel Salv\u00e0, vice-president of PIMEM-Comer\u00e7: \\\"The sales are being weak\\\" - Mallorca Global Mag\",\"isPartOf\":{\"@id\":\"https:\/\/mallorcaglobalmag.es\/#website\"},\"primaryImageOfPage\":{\"@id\":\"https:\/\/mallorcaglobalmag.es\/en\/miquel-angel-salva-vicepresidente-de-pimem-comerc-las-rebajas-estan-siendo-flojitas\/#primaryimage\"},\"image\":{\"@id\":\"https:\/\/mallorcaglobalmag.es\/en\/miquel-angel-salva-vicepresidente-de-pimem-comerc-las-rebajas-estan-siendo-flojitas\/#primaryimage\"},\"thumbnailUrl\":\"https:\/\/mallorcaglobalmag.es\/wp-content\/uploads\/Vice-MA-Salva-2048x1536-1.jpeg\",\"datePublished\":\"2023-01-12T08:43:04+00:00\",\"dateModified\":\"2023-01-12T08:44:59+00:00\",\"author\":{\"@id\":\"https:\/\/mallorcaglobalmag.es\/#\/schema\/person\/9a3cf523d44bd4905a14be13db051907\"},\"breadcrumb\":{\"@id\":\"https:\/\/mallorcaglobalmag.es\/en\/miquel-angel-salva-vicepresidente-de-pimem-comerc-las-rebajas-estan-siendo-flojitas\/#breadcrumb\"},\"inLanguage\":\"en-US\",\"potentialAction\":[{\"@type\":\"ReadAction\",\"target\":[\"https:\/\/mallorcaglobalmag.es\/en\/miquel-angel-salva-vicepresidente-de-pimem-comerc-las-rebajas-estan-siendo-flojitas\/\"]}]},{\"@type\":\"ImageObject\",\"inLanguage\":\"en-US\",\"@id\":\"https:\/\/mallorcaglobalmag.es\/en\/miquel-angel-salva-vicepresidente-de-pimem-comerc-las-rebajas-estan-siendo-flojitas\/#primaryimage\",\"url\":\"https:\/\/mallorcaglobalmag.es\/wp-content\/uploads\/Vice-MA-Salva-2048x1536-1.jpeg\",\"contentUrl\":\"https:\/\/mallorcaglobalmag.es\/wp-content\/uploads\/Vice-MA-Salva-2048x1536-1.jpeg\",\"width\":1920,\"height\":1440,\"caption\":\"Miquel \u00c0ngel Salv\u00e0, vicepresidente PIMEM-Comer\u00e7\"},{\"@type\":\"BreadcrumbList\",\"@id\":\"https:\/\/mallorcaglobalmag.es\/en\/miquel-angel-salva-vicepresidente-de-pimem-comerc-las-rebajas-estan-siendo-flojitas\/#breadcrumb\",\"itemListElement\":[{\"@type\":\"ListItem\",\"position\":1,\"name\":\"Portada\",\"item\":\"https:\/\/mallorcaglobalmag.es\/en\/\"},{\"@type\":\"ListItem\",\"position\":2,\"name\":\"Miquel \u00c0ngel Salv\u00e0, vice-president of PIMEM-Comer\u00e7: &#8220;The sales are being weak&#8221;\"}]},{\"@type\":\"WebSite\",\"@id\":\"https:\/\/mallorcaglobalmag.es\/#website\",\"url\":\"https:\/\/mallorcaglobalmag.es\/\",\"name\":\"Mallorca Global Mag\",\"description\":\"Revista de informaci\u00f3n general de Mallorca\",\"potentialAction\":[{\"@type\":\"SearchAction\",\"target\":{\"@type\":\"EntryPoint\",\"urlTemplate\":\"https:\/\/mallorcaglobalmag.es\/?s={search_term_string}\"},\"query-input\":{\"@type\":\"PropertyValueSpecification\",\"valueRequired\":true,\"valueName\":\"search_term_string\"}}],\"inLanguage\":\"en-US\"},{\"@type\":\"Person\",\"@id\":\"https:\/\/mallorcaglobalmag.es\/#\/schema\/person\/9a3cf523d44bd4905a14be13db051907\",\"name\":\"Redacci\u00f3n\",\"image\":{\"@type\":\"ImageObject\",\"inLanguage\":\"en-US\",\"@id\":\"https:\/\/mallorcaglobalmag.es\/#\/schema\/person\/image\/\",\"url\":\"https:\/\/secure.gravatar.com\/avatar\/54a4bcd1a68eccdda3505d7ee5d6ebb8e5dd78095a07d388940305fac2e49572?s=96&d=mm&r=g\",\"contentUrl\":\"https:\/\/secure.gravatar.com\/avatar\/54a4bcd1a68eccdda3505d7ee5d6ebb8e5dd78095a07d388940305fac2e49572?s=96&d=mm&r=g\",\"caption\":\"Redacci\u00f3n\"},\"url\":\"https:\/\/mallorcaglobalmag.es\/en\/author\/elena\/\"}]}<\/script>\n<!-- \/ Yoast SEO plugin. -->","yoast_head_json":{"title":"Miquel \u00c0ngel Salv\u00e0, vice-president of PIMEM-Comer\u00e7: \"The sales are being weak\" - Mallorca Global Mag","robots":{"index":"index","follow":"follow","max-snippet":"max-snippet:-1","max-image-preview":"max-image-preview:large","max-video-preview":"max-video-preview:-1"},"canonical":"https:\/\/mallorcaglobalmag.es\/en\/miquel-angel-salva-vicepresidente-de-pimem-comerc-las-rebajas-estan-siendo-flojitas\/","og_locale":"en_US","og_type":"article","og_title":"Miquel \u00c0ngel Salv\u00e0, vice-president of PIMEM-Comer\u00e7: \"The sales are being weak\" - Mallorca Global Mag","og_description":"More than a week after the winter sales began in [...]","og_url":"https:\/\/mallorcaglobalmag.es\/en\/miquel-angel-salva-vicepresidente-de-pimem-comerc-las-rebajas-estan-siendo-flojitas\/","og_site_name":"Mallorca Global Mag","article_published_time":"2023-01-12T08:43:04+00:00","article_modified_time":"2023-01-12T08:44:59+00:00","og_image":[{"width":1920,"height":1440,"url":"https:\/\/mallorcaglobalmag.es\/wp-content\/uploads\/Vice-MA-Salva-2048x1536-1.jpeg","type":"image\/jpeg"}],"author":"Redacci\u00f3n","twitter_card":"summary_large_image","twitter_misc":{"Written by":"Redacci\u00f3n","Est. reading time":"1 minute"},"schema":{"@context":"https:\/\/schema.org","@graph":[{"@type":"WebPage","@id":"https:\/\/mallorcaglobalmag.es\/en\/miquel-angel-salva-vicepresidente-de-pimem-comerc-las-rebajas-estan-siendo-flojitas\/","url":"https:\/\/mallorcaglobalmag.es\/en\/miquel-angel-salva-vicepresidente-de-pimem-comerc-las-rebajas-estan-siendo-flojitas\/","name":"Miquel \u00c0ngel Salv\u00e0, vice-president of PIMEM-Comer\u00e7: \"The sales are being weak\" - Mallorca Global Mag","isPartOf":{"@id":"https:\/\/mallorcaglobalmag.es\/#website"},"primaryImageOfPage":{"@id":"https:\/\/mallorcaglobalmag.es\/en\/miquel-angel-salva-vicepresidente-de-pimem-comerc-las-rebajas-estan-siendo-flojitas\/#primaryimage"},"image":{"@id":"https:\/\/mallorcaglobalmag.es\/en\/miquel-angel-salva-vicepresidente-de-pimem-comerc-las-rebajas-estan-siendo-flojitas\/#primaryimage"},"thumbnailUrl":"https:\/\/mallorcaglobalmag.es\/wp-content\/uploads\/Vice-MA-Salva-2048x1536-1.jpeg","datePublished":"2023-01-12T08:43:04+00:00","dateModified":"2023-01-12T08:44:59+00:00","author":{"@id":"https:\/\/mallorcaglobalmag.es\/#\/schema\/person\/9a3cf523d44bd4905a14be13db051907"},"breadcrumb":{"@id":"https:\/\/mallorcaglobalmag.es\/en\/miquel-angel-salva-vicepresidente-de-pimem-comerc-las-rebajas-estan-siendo-flojitas\/#breadcrumb"},"inLanguage":"en-US","potentialAction":[{"@type":"ReadAction","target":["https:\/\/mallorcaglobalmag.es\/en\/miquel-angel-salva-vicepresidente-de-pimem-comerc-las-rebajas-estan-siendo-flojitas\/"]}]},{"@type":"ImageObject","inLanguage":"en-US","@id":"https:\/\/mallorcaglobalmag.es\/en\/miquel-angel-salva-vicepresidente-de-pimem-comerc-las-rebajas-estan-siendo-flojitas\/#primaryimage","url":"https:\/\/mallorcaglobalmag.es\/wp-content\/uploads\/Vice-MA-Salva-2048x1536-1.jpeg","contentUrl":"https:\/\/mallorcaglobalmag.es\/wp-content\/uploads\/Vice-MA-Salva-2048x1536-1.jpeg","width":1920,"height":1440,"caption":"Miquel \u00c0ngel Salv\u00e0, vicepresidente PIMEM-Comer\u00e7"},{"@type":"BreadcrumbList","@id":"https:\/\/mallorcaglobalmag.es\/en\/miquel-angel-salva-vicepresidente-de-pimem-comerc-las-rebajas-estan-siendo-flojitas\/#breadcrumb","itemListElement":[{"@type":"ListItem","position":1,"name":"Portada","item":"https:\/\/mallorcaglobalmag.es\/en\/"},{"@type":"ListItem","position":2,"name":"Miquel \u00c0ngel Salv\u00e0, vice-president of PIMEM-Comer\u00e7: &#8220;The sales are being weak&#8221;"}]},{"@type":"WebSite","@id":"https:\/\/mallorcaglobalmag.es\/#website","url":"https:\/\/mallorcaglobalmag.es\/","name":"Mallorca Global Mag","description":"Revista de informaci\u00f3n general de Mallorca","potentialAction":[{"@type":"SearchAction","target":{"@type":"EntryPoint","urlTemplate":"https:\/\/mallorcaglobalmag.es\/?s={search_term_string}"},"query-input":{"@type":"PropertyValueSpecification","valueRequired":true,"valueName":"search_term_string"}}],"inLanguage":"en-US"},{"@type":"Person","@id":"https:\/\/mallorcaglobalmag.es\/#\/schema\/person\/9a3cf523d44bd4905a14be13db051907","name":"Redacci\u00f3n","image":{"@type":"ImageObject","inLanguage":"en-US","@id":"https:\/\/mallorcaglobalmag.es\/#\/schema\/person\/image\/","url":"https:\/\/secure.gravatar.com\/avatar\/54a4bcd1a68eccdda3505d7ee5d6ebb8e5dd78095a07d388940305fac2e49572?s=96&d=mm&r=g","contentUrl":"https:\/\/secure.gravatar.com\/avatar\/54a4bcd1a68eccdda3505d7ee5d6ebb8e5dd78095a07d388940305fac2e49572?s=96&d=mm&r=g","caption":"Redacci\u00f3n"},"url":"https:\/\/mallorcaglobalmag.es\/en\/author\/elena\/"}]}},"_links":{"self":[{"href":"https:\/\/mallorcaglobalmag.es\/en\/wp-json\/wp\/v2\/posts\/38939","targetHints":{"allow":["GET"]}}],"collection":[{"href":"https:\/\/mallorcaglobalmag.es\/en\/wp-json\/wp\/v2\/posts"}],"about":[{"href":"https:\/\/mallorcaglobalmag.es\/en\/wp-json\/wp\/v2\/types\/post"}],"author":[{"embeddable":true,"href":"https:\/\/mallorcaglobalmag.es\/en\/wp-json\/wp\/v2\/users\/4"}],"replies":[{"embeddable":true,"href":"https:\/\/mallorcaglobalmag.es\/en\/wp-json\/wp\/v2\/comments?post=38939"}],"version-history":[{"count":1,"href":"https:\/\/mallorcaglobalmag.es\/en\/wp-json\/wp\/v2\/posts\/38939\/revisions"}],"predecessor-version":[{"id":38940,"href":"https:\/\/mallorcaglobalmag.es\/en\/wp-json\/wp\/v2\/posts\/38939\/revisions\/38940"}],"wp:featuredmedia":[{"embeddable":true,"href":"https:\/\/mallorcaglobalmag.es\/en\/wp-json\/wp\/v2\/media\/38936"}],"wp:attachment":[{"href":"https:\/\/mallorcaglobalmag.es\/en\/wp-json\/wp\/v2\/media?parent=38939"}],"wp:term":[{"taxonomy":"category","embeddable":true,"href":"https:\/\/mallorcaglobalmag.es\/en\/wp-json\/wp\/v2\/categories?post=38939"},{"taxonomy":"post_tag","embeddable":true,"href":"https:\/\/mallorcaglobalmag.es\/en\/wp-json\/wp\/v2\/tags?post=38939"}],"curies":[{"name":"wp","href":"https:\/\/api.w.org\/{rel}","templated":true}]}}