{"id":37519,"date":"2022-11-08T16:05:51","date_gmt":"2022-11-08T15:05:51","guid":{"rendered":"https:\/\/mallorcaglobalmag.es\/rafa-nadal-maria-perello-perfume\/"},"modified":"2022-11-29T16:21:16","modified_gmt":"2022-11-29T15:21:16","slug":"rafa-nadal-maria-perello-perfume","status":"publish","type":"post","link":"https:\/\/mallorcaglobalmag.es\/en\/rafa-nadal-maria-perello-perfume\/","title":{"rendered":"Rafa Nadal and Maria Perell\u00f3 have their own luxury perfume"},"content":{"rendered":"<p>Rafa Nadal and Maria Perell\u00f3 have just unveiled their own perfumes. Through a collaboration with French luxury fragrance company Henry Jacques, the couple have inspired &#8220;Les Brumes&#8221;. According to the brand, the tennis player&#8217;s relationship with nature and the earth is clear, alluding to Nadal&#8217;s own words: &#8220;I love the Mediterranean scent, the citrus, the freshness&#8221;. Moreover, &#8220;there is nothing like the smell of the earth after the rain, when the sun goes down&#8230;&#8221;. This is how Les Brumes N\u00ba 1 and N\u00ba 2 were born, a lighter fragrance for when he is on the court playing tennis and another for his more personal and private moments. In the social networks of the perfume company, they highlight Rafa Nadal&#8217;s phrase &#8220;it is difficult to imagine my life without the Mediterranean Sea&#8221;.<\/p>\n<p>In the case of his wife, Maria Perell\u00f3, they have sought to embody the values of refinement and elegance of Henry Jacques, through the hand of a woman as discreet as she is determined, whose vision recalls the best of haute perfumery: essences impregnated with joy and charm. Thus, with the image of Maria Perell\u00f3, they have launched Brumes and Essences, available exclusively in all Henry Jacques Boutiques.<\/p>\n<p>The prices of Rafa Nadal and Maria Perell\u00f3&#8217;s perfumes for Henry Jacques range from 500 to more than 1,000 euros. The launch has generated a great deal of excitement among the fragrance company&#8217;s followers, with users from all over the world requesting more information to purchase one of the new perfumes.<\/p>\n\n\t\t<style type=\"text\/css\">\n\t\t\t#gallery-1 {\n\t\t\t\tmargin: auto;\n\t\t\t}\n\t\t\t#gallery-1 .gallery-item {\n\t\t\t\tfloat: left;\n\t\t\t\tmargin-top: 10px;\n\t\t\t\ttext-align: center;\n\t\t\t\twidth: 50%;\n\t\t\t}\n\t\t\t#gallery-1 img {\n\t\t\t\tborder: 2px solid #cfcfcf;\n\t\t\t}\n\t\t\t#gallery-1 .gallery-caption {\n\t\t\t\tmargin-left: 0;\n\t\t\t}\n\t\t\t\/* see gallery_shortcode() in wp-includes\/media.php *\/\n\t\t<\/style>\n\t\t<div id='gallery-1' class='gallery galleryid-37519 gallery-columns-2 gallery-size-large'><dl class='gallery-item'>\n\t\t\t<dt class='gallery-icon landscape'>\n\t\t\t\t<img decoding=\"async\" width=\"768\" height=\"768\" src=\"https:\/\/mallorcaglobalmag.es\/wp-content\/uploads\/perfume-rafa-nadal.jpg\" class=\"attachment-large size-large\" alt=\"perfume rafa nadal\" srcset=\"https:\/\/mallorcaglobalmag.es\/wp-content\/uploads\/perfume-rafa-nadal-66x66.jpg 66w, https:\/\/mallorcaglobalmag.es\/wp-content\/uploads\/perfume-rafa-nadal-150x150.jpg 150w, https:\/\/mallorcaglobalmag.es\/wp-content\/uploads\/perfume-rafa-nadal-200x200.jpg 200w, https:\/\/mallorcaglobalmag.es\/wp-content\/uploads\/perfume-rafa-nadal-300x300.jpg 300w, https:\/\/mallorcaglobalmag.es\/wp-content\/uploads\/perfume-rafa-nadal-400x400.jpg 400w, https:\/\/mallorcaglobalmag.es\/wp-content\/uploads\/perfume-rafa-nadal-600x600.jpg 600w, https:\/\/mallorcaglobalmag.es\/wp-content\/uploads\/perfume-rafa-nadal.jpg 768w\" sizes=\"(max-width: 768px) 100vw, 768px\" \/>\n\t\t\t<\/dt><\/dl><dl class='gallery-item'>\n\t\t\t<dt class='gallery-icon landscape'>\n\t\t\t\t<img decoding=\"async\" width=\"225\" height=\"225\" src=\"https:\/\/mallorcaglobalmag.es\/wp-content\/uploads\/perfume-maria-perello.jpg\" class=\"attachment-large size-large\" alt=\"perfume maria perell\u00f3\" srcset=\"https:\/\/mallorcaglobalmag.es\/wp-content\/uploads\/perfume-maria-perello-66x66.jpg 66w, https:\/\/mallorcaglobalmag.es\/wp-content\/uploads\/perfume-maria-perello-150x150.jpg 150w, https:\/\/mallorcaglobalmag.es\/wp-content\/uploads\/perfume-maria-perello-200x200.jpg 200w, https:\/\/mallorcaglobalmag.es\/wp-content\/uploads\/perfume-maria-perello.jpg 225w\" sizes=\"(max-width: 225px) 100vw, 225px\" \/>\n\t\t\t<\/dt><\/dl><br style=\"clear: both\" \/>\n\t\t<\/div>\n\n","protected":false},"excerpt":{"rendered":"<p>Rafa Nadal and Maria Perell\u00f3 have just unveiled their own <a href=\"https:\/\/mallorcaglobalmag.es\/en\/rafa-nadal-maria-perello-perfume\/\"> [&#8230;]<\/a><\/p>\n","protected":false},"author":4,"featured_media":37516,"comment_status":"open","ping_status":"open","sticky":false,"template":"","format":"standard","meta":{"footnotes":""},"categories":[136,1524],"tags":[],"class_list":["post-37519","post","type-post","status-publish","format-standard","has-post-thumbnail","hentry","category-blog-en","category-style"],"yoast_head":"<!-- This site is optimized with the Yoast SEO plugin v25.2 - https:\/\/yoast.com\/wordpress\/plugins\/seo\/ -->\n<title>Nuevos perfumes de Rafa Nadal y Mery Perell\u00f3 - Mallorca Global Mag<\/title>\n<meta name=\"description\" content=\"Rafa Nadal y Maria Perell\u00f3 acaban de presentar sus propios perfumes. A trav\u00e9s de una colaboraci\u00f3n con la empresa de fragancias Henry Jacques.\" \/>\n<meta name=\"robots\" content=\"index, follow, max-snippet:-1, max-image-preview:large, max-video-preview:-1\" \/>\n<link rel=\"canonical\" href=\"https:\/\/mallorcaglobalmag.es\/en\/rafa-nadal-maria-perello-perfume\/\" \/>\n<meta property=\"og:locale\" content=\"en_US\" \/>\n<meta property=\"og:type\" content=\"article\" \/>\n<meta property=\"og:title\" content=\"Nuevos perfumes de Rafa Nadal y Mery Perell\u00f3 - Mallorca Global Mag\" \/>\n<meta property=\"og:description\" content=\"Rafa Nadal y Maria Perell\u00f3 acaban de presentar sus propios perfumes. A trav\u00e9s de una colaboraci\u00f3n con la empresa de fragancias Henry Jacques.\" \/>\n<meta property=\"og:url\" content=\"https:\/\/mallorcaglobalmag.es\/en\/rafa-nadal-maria-perello-perfume\/\" \/>\n<meta property=\"og:site_name\" content=\"Mallorca Global Mag\" \/>\n<meta property=\"article:published_time\" content=\"2022-11-08T15:05:51+00:00\" \/>\n<meta property=\"article:modified_time\" content=\"2022-11-29T15:21:16+00:00\" \/>\n<meta property=\"og:image\" content=\"https:\/\/mallorcaglobalmag.es\/wp-content\/uploads\/Rafa-NAdal-y-maria-perello-perfumes.jpg\" \/>\n\t<meta property=\"og:image:width\" content=\"1200\" \/>\n\t<meta property=\"og:image:height\" content=\"675\" \/>\n\t<meta property=\"og:image:type\" content=\"image\/jpeg\" \/>\n<meta name=\"author\" content=\"Redacci\u00f3n\" \/>\n<meta name=\"twitter:card\" content=\"summary_large_image\" \/>\n<meta name=\"twitter:label1\" content=\"Written by\" \/>\n\t<meta name=\"twitter:data1\" content=\"Redacci\u00f3n\" \/>\n\t<meta name=\"twitter:label2\" content=\"Est. reading time\" \/>\n\t<meta name=\"twitter:data2\" content=\"2 minutes\" \/>\n<script type=\"application\/ld+json\" class=\"yoast-schema-graph\">{\"@context\":\"https:\/\/schema.org\",\"@graph\":[{\"@type\":\"WebPage\",\"@id\":\"https:\/\/mallorcaglobalmag.es\/en\/rafa-nadal-maria-perello-perfume\/\",\"url\":\"https:\/\/mallorcaglobalmag.es\/en\/rafa-nadal-maria-perello-perfume\/\",\"name\":\"Nuevos perfumes de Rafa Nadal y Mery Perell\u00f3 - Mallorca Global Mag\",\"isPartOf\":{\"@id\":\"https:\/\/mallorcaglobalmag.es\/#website\"},\"primaryImageOfPage\":{\"@id\":\"https:\/\/mallorcaglobalmag.es\/en\/rafa-nadal-maria-perello-perfume\/#primaryimage\"},\"image\":{\"@id\":\"https:\/\/mallorcaglobalmag.es\/en\/rafa-nadal-maria-perello-perfume\/#primaryimage\"},\"thumbnailUrl\":\"https:\/\/mallorcaglobalmag.es\/wp-content\/uploads\/Rafa-NAdal-y-maria-perello-perfumes.jpg\",\"datePublished\":\"2022-11-08T15:05:51+00:00\",\"dateModified\":\"2022-11-29T15:21:16+00:00\",\"author\":{\"@id\":\"https:\/\/mallorcaglobalmag.es\/#\/schema\/person\/9a3cf523d44bd4905a14be13db051907\"},\"description\":\"Rafa Nadal y Maria Perell\u00f3 acaban de presentar sus propios perfumes. A trav\u00e9s de una colaboraci\u00f3n con la empresa de fragancias Henry Jacques.\",\"breadcrumb\":{\"@id\":\"https:\/\/mallorcaglobalmag.es\/en\/rafa-nadal-maria-perello-perfume\/#breadcrumb\"},\"inLanguage\":\"en-US\",\"potentialAction\":[{\"@type\":\"ReadAction\",\"target\":[\"https:\/\/mallorcaglobalmag.es\/en\/rafa-nadal-maria-perello-perfume\/\"]}]},{\"@type\":\"ImageObject\",\"inLanguage\":\"en-US\",\"@id\":\"https:\/\/mallorcaglobalmag.es\/en\/rafa-nadal-maria-perello-perfume\/#primaryimage\",\"url\":\"https:\/\/mallorcaglobalmag.es\/wp-content\/uploads\/Rafa-NAdal-y-maria-perello-perfumes.jpg\",\"contentUrl\":\"https:\/\/mallorcaglobalmag.es\/wp-content\/uploads\/Rafa-NAdal-y-maria-perello-perfumes.jpg\",\"width\":1200,\"height\":675,\"caption\":\"Rafa Nadal y maria perello perfumes\"},{\"@type\":\"BreadcrumbList\",\"@id\":\"https:\/\/mallorcaglobalmag.es\/en\/rafa-nadal-maria-perello-perfume\/#breadcrumb\",\"itemListElement\":[{\"@type\":\"ListItem\",\"position\":1,\"name\":\"Portada\",\"item\":\"https:\/\/mallorcaglobalmag.es\/en\/\"},{\"@type\":\"ListItem\",\"position\":2,\"name\":\"Rafa Nadal and Maria Perell\u00f3 have their own luxury perfume\"}]},{\"@type\":\"WebSite\",\"@id\":\"https:\/\/mallorcaglobalmag.es\/#website\",\"url\":\"https:\/\/mallorcaglobalmag.es\/\",\"name\":\"Mallorca Global Mag\",\"description\":\"Revista de informaci\u00f3n general de Mallorca\",\"potentialAction\":[{\"@type\":\"SearchAction\",\"target\":{\"@type\":\"EntryPoint\",\"urlTemplate\":\"https:\/\/mallorcaglobalmag.es\/?s={search_term_string}\"},\"query-input\":{\"@type\":\"PropertyValueSpecification\",\"valueRequired\":true,\"valueName\":\"search_term_string\"}}],\"inLanguage\":\"en-US\"},{\"@type\":\"Person\",\"@id\":\"https:\/\/mallorcaglobalmag.es\/#\/schema\/person\/9a3cf523d44bd4905a14be13db051907\",\"name\":\"Redacci\u00f3n\",\"image\":{\"@type\":\"ImageObject\",\"inLanguage\":\"en-US\",\"@id\":\"https:\/\/mallorcaglobalmag.es\/#\/schema\/person\/image\/\",\"url\":\"https:\/\/secure.gravatar.com\/avatar\/54a4bcd1a68eccdda3505d7ee5d6ebb8e5dd78095a07d388940305fac2e49572?s=96&d=mm&r=g\",\"contentUrl\":\"https:\/\/secure.gravatar.com\/avatar\/54a4bcd1a68eccdda3505d7ee5d6ebb8e5dd78095a07d388940305fac2e49572?s=96&d=mm&r=g\",\"caption\":\"Redacci\u00f3n\"},\"url\":\"https:\/\/mallorcaglobalmag.es\/en\/author\/elena\/\"}]}<\/script>\n<!-- \/ Yoast SEO plugin. -->","yoast_head_json":{"title":"Nuevos perfumes de Rafa Nadal y Mery Perell\u00f3 - Mallorca Global Mag","description":"Rafa Nadal y Maria Perell\u00f3 acaban de presentar sus propios perfumes. A trav\u00e9s de una colaboraci\u00f3n con la empresa de fragancias Henry Jacques.","robots":{"index":"index","follow":"follow","max-snippet":"max-snippet:-1","max-image-preview":"max-image-preview:large","max-video-preview":"max-video-preview:-1"},"canonical":"https:\/\/mallorcaglobalmag.es\/en\/rafa-nadal-maria-perello-perfume\/","og_locale":"en_US","og_type":"article","og_title":"Nuevos perfumes de Rafa Nadal y Mery Perell\u00f3 - Mallorca Global Mag","og_description":"Rafa Nadal y Maria Perell\u00f3 acaban de presentar sus propios perfumes. A trav\u00e9s de una colaboraci\u00f3n con la empresa de fragancias Henry Jacques.","og_url":"https:\/\/mallorcaglobalmag.es\/en\/rafa-nadal-maria-perello-perfume\/","og_site_name":"Mallorca Global Mag","article_published_time":"2022-11-08T15:05:51+00:00","article_modified_time":"2022-11-29T15:21:16+00:00","og_image":[{"width":1200,"height":675,"url":"https:\/\/mallorcaglobalmag.es\/wp-content\/uploads\/Rafa-NAdal-y-maria-perello-perfumes.jpg","type":"image\/jpeg"}],"author":"Redacci\u00f3n","twitter_card":"summary_large_image","twitter_misc":{"Written by":"Redacci\u00f3n","Est. reading time":"2 minutes"},"schema":{"@context":"https:\/\/schema.org","@graph":[{"@type":"WebPage","@id":"https:\/\/mallorcaglobalmag.es\/en\/rafa-nadal-maria-perello-perfume\/","url":"https:\/\/mallorcaglobalmag.es\/en\/rafa-nadal-maria-perello-perfume\/","name":"Nuevos perfumes de Rafa Nadal y Mery Perell\u00f3 - Mallorca Global Mag","isPartOf":{"@id":"https:\/\/mallorcaglobalmag.es\/#website"},"primaryImageOfPage":{"@id":"https:\/\/mallorcaglobalmag.es\/en\/rafa-nadal-maria-perello-perfume\/#primaryimage"},"image":{"@id":"https:\/\/mallorcaglobalmag.es\/en\/rafa-nadal-maria-perello-perfume\/#primaryimage"},"thumbnailUrl":"https:\/\/mallorcaglobalmag.es\/wp-content\/uploads\/Rafa-NAdal-y-maria-perello-perfumes.jpg","datePublished":"2022-11-08T15:05:51+00:00","dateModified":"2022-11-29T15:21:16+00:00","author":{"@id":"https:\/\/mallorcaglobalmag.es\/#\/schema\/person\/9a3cf523d44bd4905a14be13db051907"},"description":"Rafa Nadal y Maria Perell\u00f3 acaban de presentar sus propios perfumes. A trav\u00e9s de una colaboraci\u00f3n con la empresa de fragancias Henry Jacques.","breadcrumb":{"@id":"https:\/\/mallorcaglobalmag.es\/en\/rafa-nadal-maria-perello-perfume\/#breadcrumb"},"inLanguage":"en-US","potentialAction":[{"@type":"ReadAction","target":["https:\/\/mallorcaglobalmag.es\/en\/rafa-nadal-maria-perello-perfume\/"]}]},{"@type":"ImageObject","inLanguage":"en-US","@id":"https:\/\/mallorcaglobalmag.es\/en\/rafa-nadal-maria-perello-perfume\/#primaryimage","url":"https:\/\/mallorcaglobalmag.es\/wp-content\/uploads\/Rafa-NAdal-y-maria-perello-perfumes.jpg","contentUrl":"https:\/\/mallorcaglobalmag.es\/wp-content\/uploads\/Rafa-NAdal-y-maria-perello-perfumes.jpg","width":1200,"height":675,"caption":"Rafa Nadal y maria perello perfumes"},{"@type":"BreadcrumbList","@id":"https:\/\/mallorcaglobalmag.es\/en\/rafa-nadal-maria-perello-perfume\/#breadcrumb","itemListElement":[{"@type":"ListItem","position":1,"name":"Portada","item":"https:\/\/mallorcaglobalmag.es\/en\/"},{"@type":"ListItem","position":2,"name":"Rafa Nadal and Maria Perell\u00f3 have their own luxury perfume"}]},{"@type":"WebSite","@id":"https:\/\/mallorcaglobalmag.es\/#website","url":"https:\/\/mallorcaglobalmag.es\/","name":"Mallorca Global Mag","description":"Revista de informaci\u00f3n general de Mallorca","potentialAction":[{"@type":"SearchAction","target":{"@type":"EntryPoint","urlTemplate":"https:\/\/mallorcaglobalmag.es\/?s={search_term_string}"},"query-input":{"@type":"PropertyValueSpecification","valueRequired":true,"valueName":"search_term_string"}}],"inLanguage":"en-US"},{"@type":"Person","@id":"https:\/\/mallorcaglobalmag.es\/#\/schema\/person\/9a3cf523d44bd4905a14be13db051907","name":"Redacci\u00f3n","image":{"@type":"ImageObject","inLanguage":"en-US","@id":"https:\/\/mallorcaglobalmag.es\/#\/schema\/person\/image\/","url":"https:\/\/secure.gravatar.com\/avatar\/54a4bcd1a68eccdda3505d7ee5d6ebb8e5dd78095a07d388940305fac2e49572?s=96&d=mm&r=g","contentUrl":"https:\/\/secure.gravatar.com\/avatar\/54a4bcd1a68eccdda3505d7ee5d6ebb8e5dd78095a07d388940305fac2e49572?s=96&d=mm&r=g","caption":"Redacci\u00f3n"},"url":"https:\/\/mallorcaglobalmag.es\/en\/author\/elena\/"}]}},"_links":{"self":[{"href":"https:\/\/mallorcaglobalmag.es\/en\/wp-json\/wp\/v2\/posts\/37519","targetHints":{"allow":["GET"]}}],"collection":[{"href":"https:\/\/mallorcaglobalmag.es\/en\/wp-json\/wp\/v2\/posts"}],"about":[{"href":"https:\/\/mallorcaglobalmag.es\/en\/wp-json\/wp\/v2\/types\/post"}],"author":[{"embeddable":true,"href":"https:\/\/mallorcaglobalmag.es\/en\/wp-json\/wp\/v2\/users\/4"}],"replies":[{"embeddable":true,"href":"https:\/\/mallorcaglobalmag.es\/en\/wp-json\/wp\/v2\/comments?post=37519"}],"version-history":[{"count":1,"href":"https:\/\/mallorcaglobalmag.es\/en\/wp-json\/wp\/v2\/posts\/37519\/revisions"}],"predecessor-version":[{"id":37520,"href":"https:\/\/mallorcaglobalmag.es\/en\/wp-json\/wp\/v2\/posts\/37519\/revisions\/37520"}],"wp:featuredmedia":[{"embeddable":true,"href":"https:\/\/mallorcaglobalmag.es\/en\/wp-json\/wp\/v2\/media\/37516"}],"wp:attachment":[{"href":"https:\/\/mallorcaglobalmag.es\/en\/wp-json\/wp\/v2\/media?parent=37519"}],"wp:term":[{"taxonomy":"category","embeddable":true,"href":"https:\/\/mallorcaglobalmag.es\/en\/wp-json\/wp\/v2\/categories?post=37519"},{"taxonomy":"post_tag","embeddable":true,"href":"https:\/\/mallorcaglobalmag.es\/en\/wp-json\/wp\/v2\/tags?post=37519"}],"curies":[{"name":"wp","href":"https:\/\/api.w.org\/{rel}","templated":true}]}}