{"id":37358,"date":"2022-10-28T09:53:25","date_gmt":"2022-10-28T07:53:25","guid":{"rendered":"https:\/\/mallorcaglobalmag.es\/miquel-barcelo-expone-su-obra-en-el-louvre-de-paris\/"},"modified":"2022-11-29T16:24:08","modified_gmt":"2022-11-29T15:24:08","slug":"miquel-barcelo-expone-su-obra-en-el-louvre-de-paris","status":"publish","type":"post","link":"https:\/\/mallorcaglobalmag.es\/en\/miquel-barcelo-expone-su-obra-en-el-louvre-de-paris\/","title":{"rendered":"Miquel Barcel\u00f3 exhibits his work at the Louvre in Paris"},"content":{"rendered":"<p>The Mallorcan artist Miquel Barcel\u00f3 is currently exhibiting his works in Paris. He is doing it twice, with the still life &#8220;Grisaille \u00e0 l&#8217;espadon&#8221; at the Louvre and with a series of &#8220;Grisaille&#8221; in a private gallery in the French capital. Barcel\u00f3 uses a traditional 14th century technique in which he applies translucent layers of colour that give his creations an air of mystery. In addition, the artist told Rtve, he has used frozen ashes, which connect with the sea and the Mallorcan countryside.<\/p>\n<p>In the group exhibition exploring the world of still life at the Louvre, entitled &#8220;Les choses&#8221;, his work &#8220;is in contact with Flemish and Spanish painting&#8221;, he declared. It will be on view until 23 January 2023.<\/p>\n<p>His next work will be a giant ceramic that can be seen and felt in the vicinity of a ch\u00e2teau in the Loire area next spring.<\/p>\n<div id=\"attachment_37338\" style=\"width: 923px\" class=\"wp-caption aligncenter\"><img decoding=\"async\" aria-describedby=\"caption-attachment-37338\" class=\"wp-image-37338 size-full\" src=\"https:\/\/mallorcaglobalmag.es\/wp-content\/uploads\/miquel-barcelo-rtve.jpg\" alt=\"miquel barcel\u00f3 rtve\" width=\"913\" height=\"613\" srcset=\"https:\/\/mallorcaglobalmag.es\/wp-content\/uploads\/miquel-barcelo-rtve-200x134.jpg 200w, https:\/\/mallorcaglobalmag.es\/wp-content\/uploads\/miquel-barcelo-rtve-300x201.jpg 300w, https:\/\/mallorcaglobalmag.es\/wp-content\/uploads\/miquel-barcelo-rtve-400x269.jpg 400w, https:\/\/mallorcaglobalmag.es\/wp-content\/uploads\/miquel-barcelo-rtve-600x403.jpg 600w, https:\/\/mallorcaglobalmag.es\/wp-content\/uploads\/miquel-barcelo-rtve-768x516.jpg 768w, https:\/\/mallorcaglobalmag.es\/wp-content\/uploads\/miquel-barcelo-rtve-800x537.jpg 800w, https:\/\/mallorcaglobalmag.es\/wp-content\/uploads\/miquel-barcelo-rtve.jpg 913w\" sizes=\"(max-width: 913px) 100vw, 913px\" \/><p id=\"caption-attachment-37338\" class=\"wp-caption-text\">Miquel Barcel\u00f3, speaking to RTVE from his studio in Paris.<\/p><\/div>\n<p>&nbsp;<\/p>\n","protected":false},"excerpt":{"rendered":"<p>The Mallorcan artist Miquel Barcel\u00f3 is currently exhibiting his works <a href=\"https:\/\/mallorcaglobalmag.es\/en\/miquel-barcelo-expone-su-obra-en-el-louvre-de-paris\/\"> [&#8230;]<\/a><\/p>\n","protected":false},"author":4,"featured_media":37339,"comment_status":"open","ping_status":"open","sticky":false,"template":"","format":"standard","meta":{"footnotes":""},"categories":[136,1526],"tags":[],"class_list":["post-37358","post","type-post","status-publish","format-standard","has-post-thumbnail","hentry","category-blog-en","category-people"],"yoast_head":"<!-- This site is optimized with the Yoast SEO plugin v25.2 - https:\/\/yoast.com\/wordpress\/plugins\/seo\/ -->\n<title>Miquel Barcel\u00f3 exhibits his work at the Louvre in Paris - Mallorca Global Mag<\/title>\n<meta name=\"robots\" content=\"index, follow, max-snippet:-1, max-image-preview:large, max-video-preview:-1\" \/>\n<link rel=\"canonical\" href=\"https:\/\/mallorcaglobalmag.es\/en\/miquel-barcelo-expone-su-obra-en-el-louvre-de-paris\/\" \/>\n<meta property=\"og:locale\" content=\"en_US\" \/>\n<meta property=\"og:type\" content=\"article\" \/>\n<meta property=\"og:title\" content=\"Miquel Barcel\u00f3 exhibits his work at the Louvre in Paris - Mallorca Global Mag\" \/>\n<meta property=\"og:description\" content=\"The Mallorcan artist Miquel Barcel\u00f3 is currently exhibiting his works [...]\" \/>\n<meta property=\"og:url\" content=\"https:\/\/mallorcaglobalmag.es\/en\/miquel-barcelo-expone-su-obra-en-el-louvre-de-paris\/\" \/>\n<meta property=\"og:site_name\" content=\"Mallorca Global Mag\" \/>\n<meta property=\"article:published_time\" content=\"2022-10-28T07:53:25+00:00\" \/>\n<meta property=\"article:modified_time\" content=\"2022-11-29T15:24:08+00:00\" \/>\n<meta property=\"og:image\" content=\"https:\/\/mallorcaglobalmag.es\/wp-content\/uploads\/miquel-barcelo-rtve.jpg\" \/>\n\t<meta property=\"og:image:width\" content=\"913\" \/>\n\t<meta property=\"og:image:height\" content=\"613\" \/>\n\t<meta property=\"og:image:type\" content=\"image\/jpeg\" \/>\n<meta name=\"author\" content=\"Redacci\u00f3n\" \/>\n<meta name=\"twitter:card\" content=\"summary_large_image\" \/>\n<meta name=\"twitter:label1\" content=\"Written by\" \/>\n\t<meta name=\"twitter:data1\" content=\"Redacci\u00f3n\" \/>\n\t<meta name=\"twitter:label2\" content=\"Est. reading time\" \/>\n\t<meta name=\"twitter:data2\" content=\"1 minute\" \/>\n<script type=\"application\/ld+json\" class=\"yoast-schema-graph\">{\"@context\":\"https:\/\/schema.org\",\"@graph\":[{\"@type\":\"WebPage\",\"@id\":\"https:\/\/mallorcaglobalmag.es\/en\/miquel-barcelo-expone-su-obra-en-el-louvre-de-paris\/\",\"url\":\"https:\/\/mallorcaglobalmag.es\/en\/miquel-barcelo-expone-su-obra-en-el-louvre-de-paris\/\",\"name\":\"Miquel Barcel\u00f3 exhibits his work at the Louvre in Paris - Mallorca Global Mag\",\"isPartOf\":{\"@id\":\"https:\/\/mallorcaglobalmag.es\/#website\"},\"primaryImageOfPage\":{\"@id\":\"https:\/\/mallorcaglobalmag.es\/en\/miquel-barcelo-expone-su-obra-en-el-louvre-de-paris\/#primaryimage\"},\"image\":{\"@id\":\"https:\/\/mallorcaglobalmag.es\/en\/miquel-barcelo-expone-su-obra-en-el-louvre-de-paris\/#primaryimage\"},\"thumbnailUrl\":\"https:\/\/mallorcaglobalmag.es\/wp-content\/uploads\/miquel-barcelo-rtve.jpg\",\"datePublished\":\"2022-10-28T07:53:25+00:00\",\"dateModified\":\"2022-11-29T15:24:08+00:00\",\"author\":{\"@id\":\"https:\/\/mallorcaglobalmag.es\/#\/schema\/person\/9a3cf523d44bd4905a14be13db051907\"},\"breadcrumb\":{\"@id\":\"https:\/\/mallorcaglobalmag.es\/en\/miquel-barcelo-expone-su-obra-en-el-louvre-de-paris\/#breadcrumb\"},\"inLanguage\":\"en-US\",\"potentialAction\":[{\"@type\":\"ReadAction\",\"target\":[\"https:\/\/mallorcaglobalmag.es\/en\/miquel-barcelo-expone-su-obra-en-el-louvre-de-paris\/\"]}]},{\"@type\":\"ImageObject\",\"inLanguage\":\"en-US\",\"@id\":\"https:\/\/mallorcaglobalmag.es\/en\/miquel-barcelo-expone-su-obra-en-el-louvre-de-paris\/#primaryimage\",\"url\":\"https:\/\/mallorcaglobalmag.es\/wp-content\/uploads\/miquel-barcelo-rtve.jpg\",\"contentUrl\":\"https:\/\/mallorcaglobalmag.es\/wp-content\/uploads\/miquel-barcelo-rtve.jpg\",\"width\":913,\"height\":613,\"caption\":\"miquel barcel\u00f3 rtve\"},{\"@type\":\"BreadcrumbList\",\"@id\":\"https:\/\/mallorcaglobalmag.es\/en\/miquel-barcelo-expone-su-obra-en-el-louvre-de-paris\/#breadcrumb\",\"itemListElement\":[{\"@type\":\"ListItem\",\"position\":1,\"name\":\"Portada\",\"item\":\"https:\/\/mallorcaglobalmag.es\/en\/\"},{\"@type\":\"ListItem\",\"position\":2,\"name\":\"Miquel Barcel\u00f3 exhibits his work at the Louvre in Paris\"}]},{\"@type\":\"WebSite\",\"@id\":\"https:\/\/mallorcaglobalmag.es\/#website\",\"url\":\"https:\/\/mallorcaglobalmag.es\/\",\"name\":\"Mallorca Global Mag\",\"description\":\"Revista de informaci\u00f3n general de Mallorca\",\"potentialAction\":[{\"@type\":\"SearchAction\",\"target\":{\"@type\":\"EntryPoint\",\"urlTemplate\":\"https:\/\/mallorcaglobalmag.es\/?s={search_term_string}\"},\"query-input\":{\"@type\":\"PropertyValueSpecification\",\"valueRequired\":true,\"valueName\":\"search_term_string\"}}],\"inLanguage\":\"en-US\"},{\"@type\":\"Person\",\"@id\":\"https:\/\/mallorcaglobalmag.es\/#\/schema\/person\/9a3cf523d44bd4905a14be13db051907\",\"name\":\"Redacci\u00f3n\",\"image\":{\"@type\":\"ImageObject\",\"inLanguage\":\"en-US\",\"@id\":\"https:\/\/mallorcaglobalmag.es\/#\/schema\/person\/image\/\",\"url\":\"https:\/\/secure.gravatar.com\/avatar\/54a4bcd1a68eccdda3505d7ee5d6ebb8e5dd78095a07d388940305fac2e49572?s=96&d=mm&r=g\",\"contentUrl\":\"https:\/\/secure.gravatar.com\/avatar\/54a4bcd1a68eccdda3505d7ee5d6ebb8e5dd78095a07d388940305fac2e49572?s=96&d=mm&r=g\",\"caption\":\"Redacci\u00f3n\"},\"url\":\"https:\/\/mallorcaglobalmag.es\/en\/author\/elena\/\"}]}<\/script>\n<!-- \/ Yoast SEO plugin. -->","yoast_head_json":{"title":"Miquel Barcel\u00f3 exhibits his work at the Louvre in Paris - Mallorca Global Mag","robots":{"index":"index","follow":"follow","max-snippet":"max-snippet:-1","max-image-preview":"max-image-preview:large","max-video-preview":"max-video-preview:-1"},"canonical":"https:\/\/mallorcaglobalmag.es\/en\/miquel-barcelo-expone-su-obra-en-el-louvre-de-paris\/","og_locale":"en_US","og_type":"article","og_title":"Miquel Barcel\u00f3 exhibits his work at the Louvre in Paris - Mallorca Global Mag","og_description":"The Mallorcan artist Miquel Barcel\u00f3 is currently exhibiting his works [...]","og_url":"https:\/\/mallorcaglobalmag.es\/en\/miquel-barcelo-expone-su-obra-en-el-louvre-de-paris\/","og_site_name":"Mallorca Global Mag","article_published_time":"2022-10-28T07:53:25+00:00","article_modified_time":"2022-11-29T15:24:08+00:00","og_image":[{"width":913,"height":613,"url":"https:\/\/mallorcaglobalmag.es\/wp-content\/uploads\/miquel-barcelo-rtve.jpg","type":"image\/jpeg"}],"author":"Redacci\u00f3n","twitter_card":"summary_large_image","twitter_misc":{"Written by":"Redacci\u00f3n","Est. reading time":"1 minute"},"schema":{"@context":"https:\/\/schema.org","@graph":[{"@type":"WebPage","@id":"https:\/\/mallorcaglobalmag.es\/en\/miquel-barcelo-expone-su-obra-en-el-louvre-de-paris\/","url":"https:\/\/mallorcaglobalmag.es\/en\/miquel-barcelo-expone-su-obra-en-el-louvre-de-paris\/","name":"Miquel Barcel\u00f3 exhibits his work at the Louvre in Paris - Mallorca Global Mag","isPartOf":{"@id":"https:\/\/mallorcaglobalmag.es\/#website"},"primaryImageOfPage":{"@id":"https:\/\/mallorcaglobalmag.es\/en\/miquel-barcelo-expone-su-obra-en-el-louvre-de-paris\/#primaryimage"},"image":{"@id":"https:\/\/mallorcaglobalmag.es\/en\/miquel-barcelo-expone-su-obra-en-el-louvre-de-paris\/#primaryimage"},"thumbnailUrl":"https:\/\/mallorcaglobalmag.es\/wp-content\/uploads\/miquel-barcelo-rtve.jpg","datePublished":"2022-10-28T07:53:25+00:00","dateModified":"2022-11-29T15:24:08+00:00","author":{"@id":"https:\/\/mallorcaglobalmag.es\/#\/schema\/person\/9a3cf523d44bd4905a14be13db051907"},"breadcrumb":{"@id":"https:\/\/mallorcaglobalmag.es\/en\/miquel-barcelo-expone-su-obra-en-el-louvre-de-paris\/#breadcrumb"},"inLanguage":"en-US","potentialAction":[{"@type":"ReadAction","target":["https:\/\/mallorcaglobalmag.es\/en\/miquel-barcelo-expone-su-obra-en-el-louvre-de-paris\/"]}]},{"@type":"ImageObject","inLanguage":"en-US","@id":"https:\/\/mallorcaglobalmag.es\/en\/miquel-barcelo-expone-su-obra-en-el-louvre-de-paris\/#primaryimage","url":"https:\/\/mallorcaglobalmag.es\/wp-content\/uploads\/miquel-barcelo-rtve.jpg","contentUrl":"https:\/\/mallorcaglobalmag.es\/wp-content\/uploads\/miquel-barcelo-rtve.jpg","width":913,"height":613,"caption":"miquel barcel\u00f3 rtve"},{"@type":"BreadcrumbList","@id":"https:\/\/mallorcaglobalmag.es\/en\/miquel-barcelo-expone-su-obra-en-el-louvre-de-paris\/#breadcrumb","itemListElement":[{"@type":"ListItem","position":1,"name":"Portada","item":"https:\/\/mallorcaglobalmag.es\/en\/"},{"@type":"ListItem","position":2,"name":"Miquel Barcel\u00f3 exhibits his work at the Louvre in Paris"}]},{"@type":"WebSite","@id":"https:\/\/mallorcaglobalmag.es\/#website","url":"https:\/\/mallorcaglobalmag.es\/","name":"Mallorca Global Mag","description":"Revista de informaci\u00f3n general de Mallorca","potentialAction":[{"@type":"SearchAction","target":{"@type":"EntryPoint","urlTemplate":"https:\/\/mallorcaglobalmag.es\/?s={search_term_string}"},"query-input":{"@type":"PropertyValueSpecification","valueRequired":true,"valueName":"search_term_string"}}],"inLanguage":"en-US"},{"@type":"Person","@id":"https:\/\/mallorcaglobalmag.es\/#\/schema\/person\/9a3cf523d44bd4905a14be13db051907","name":"Redacci\u00f3n","image":{"@type":"ImageObject","inLanguage":"en-US","@id":"https:\/\/mallorcaglobalmag.es\/#\/schema\/person\/image\/","url":"https:\/\/secure.gravatar.com\/avatar\/54a4bcd1a68eccdda3505d7ee5d6ebb8e5dd78095a07d388940305fac2e49572?s=96&d=mm&r=g","contentUrl":"https:\/\/secure.gravatar.com\/avatar\/54a4bcd1a68eccdda3505d7ee5d6ebb8e5dd78095a07d388940305fac2e49572?s=96&d=mm&r=g","caption":"Redacci\u00f3n"},"url":"https:\/\/mallorcaglobalmag.es\/en\/author\/elena\/"}]}},"_links":{"self":[{"href":"https:\/\/mallorcaglobalmag.es\/en\/wp-json\/wp\/v2\/posts\/37358","targetHints":{"allow":["GET"]}}],"collection":[{"href":"https:\/\/mallorcaglobalmag.es\/en\/wp-json\/wp\/v2\/posts"}],"about":[{"href":"https:\/\/mallorcaglobalmag.es\/en\/wp-json\/wp\/v2\/types\/post"}],"author":[{"embeddable":true,"href":"https:\/\/mallorcaglobalmag.es\/en\/wp-json\/wp\/v2\/users\/4"}],"replies":[{"embeddable":true,"href":"https:\/\/mallorcaglobalmag.es\/en\/wp-json\/wp\/v2\/comments?post=37358"}],"version-history":[{"count":2,"href":"https:\/\/mallorcaglobalmag.es\/en\/wp-json\/wp\/v2\/posts\/37358\/revisions"}],"predecessor-version":[{"id":37360,"href":"https:\/\/mallorcaglobalmag.es\/en\/wp-json\/wp\/v2\/posts\/37358\/revisions\/37360"}],"wp:featuredmedia":[{"embeddable":true,"href":"https:\/\/mallorcaglobalmag.es\/en\/wp-json\/wp\/v2\/media\/37339"}],"wp:attachment":[{"href":"https:\/\/mallorcaglobalmag.es\/en\/wp-json\/wp\/v2\/media?parent=37358"}],"wp:term":[{"taxonomy":"category","embeddable":true,"href":"https:\/\/mallorcaglobalmag.es\/en\/wp-json\/wp\/v2\/categories?post=37358"},{"taxonomy":"post_tag","embeddable":true,"href":"https:\/\/mallorcaglobalmag.es\/en\/wp-json\/wp\/v2\/tags?post=37358"}],"curies":[{"name":"wp","href":"https:\/\/api.w.org\/{rel}","templated":true}]}}