{"id":37355,"date":"2022-10-28T10:45:21","date_gmt":"2022-10-28T08:45:21","guid":{"rendered":"https:\/\/mallorcaglobalmag.es\/multas-por-acceder-a-formentor\/"},"modified":"2022-11-29T16:23:54","modified_gmt":"2022-11-29T15:23:54","slug":"multas-por-acceder-a-formentor","status":"publish","type":"post","link":"https:\/\/mallorcaglobalmag.es\/en\/multas-por-acceder-a-formentor\/","title":{"rendered":"Tourists call Formentor restrictions a &#8220;trap&#8221; after receiving fine"},"content":{"rendered":"<p>&#8220;A tourist trap&#8221;, &#8220;a joke&#8221; or &#8220;is this legal? These are the comments of dozens of tourists who visited Mallorca this summer and who now, on their return, receive a souvenir in the form of a fine. The reason: having driven around the Formentor peninsula when it was restricted to traffic.<\/p>\n<p>Throughout the month of October, numerous tourists have contacted this newspaper to ask if the fine they had received was a joke or not. &#8220;I just got a fine for this,&#8221; says Sebastian, who adds, &#8220;I was trying to understand how it is possible that I can&#8217;t drive on the main road. I don&#8217;t remember any signs or traffic lights. I was visiting a viewpoint, as were many other vehicles. It&#8217;s a tourist trap,&#8221; he says. Mikkel agrees: &#8220;You don&#8217;t know from where they start fining. There are no signs and you see hundreds of cars driving around.<\/p>\n<p>Most of those fined are shocked when they receive a fine. &#8220;Is it really legal?&#8221; asks Vadym, who says, &#8220;I didn&#8217;t see any signs or information anywhere. Em declares that he has just received the fine. &#8220;Has anyone paid? I can&#8217;t remember there being any signs at all,&#8221; he criticises, wondering about the repercussions of not paying the fine.<\/p>\n<h2>&#8220;I&#8217;m not going to pay the fine&#8221;<\/h2>\n<p>&#8220;This is a joke! I certainly don&#8217;t intend to pay the fine,&#8221; Adrian explains. Michael, for his part, regrets that there are no visible signs in several languages if there is a traffic ban. &#8220;There were literally hundreds of cars on the road. If they don&#8217;t want people to drive there, it makes sense to put up a barrier. Otherwise, it looks like yet another way of extracting money from tourists.<\/p>\n<p>The road that runs along the Formentor peninsula -Ma-2210- remained restricted to traffic from 15 June to 15 September from 10:00 to 22:30 during the 2022 season, extending the restrictions imposed in 2021 that ended at 19:00. During the ban, a bus is provided to transport visitors to the main points in the area. This is line 334 of the TIB, which leaves from Alc\u00fadia and stops at Port de Pollen\u00e7a, Es Colomer viewpoint, Formentor beach, Cala Figuera and the Formentor lighthouse. It is estimated that 16,000 cars have been fined during this season.<\/p>\n<p><img decoding=\"async\" class=\"aligncenter wp-image-37349 size-full\" src=\"https:\/\/mallorcaglobalmag.es\/wp-content\/uploads\/acceso-formentor-multas-coche.jpg\" alt=\"campa\u00f1a de restricci\u00f3n de acceso a Formentor\" width=\"778\" height=\"586\" srcset=\"https:\/\/mallorcaglobalmag.es\/wp-content\/uploads\/acceso-formentor-multas-coche-200x151.jpg 200w, https:\/\/mallorcaglobalmag.es\/wp-content\/uploads\/acceso-formentor-multas-coche-300x226.jpg 300w, https:\/\/mallorcaglobalmag.es\/wp-content\/uploads\/acceso-formentor-multas-coche-400x301.jpg 400w, https:\/\/mallorcaglobalmag.es\/wp-content\/uploads\/acceso-formentor-multas-coche-600x452.jpg 600w, https:\/\/mallorcaglobalmag.es\/wp-content\/uploads\/acceso-formentor-multas-coche-768x578.jpg 768w, https:\/\/mallorcaglobalmag.es\/wp-content\/uploads\/acceso-formentor-multas-coche.jpg 778w\" sizes=\"(max-width: 778px) 100vw, 778px\" \/><\/p>\n","protected":false},"excerpt":{"rendered":"<p>&#8220;A tourist trap&#8221;, &#8220;a joke&#8221; or &#8220;is this legal? These <a href=\"https:\/\/mallorcaglobalmag.es\/en\/multas-por-acceder-a-formentor\/\"> [&#8230;]<\/a><\/p>\n","protected":false},"author":6,"featured_media":37347,"comment_status":"open","ping_status":"open","sticky":false,"template":"","format":"standard","meta":{"footnotes":""},"categories":[136,1513],"tags":[],"class_list":["post-37355","post","type-post","status-publish","format-standard","has-post-thumbnail","hentry","category-blog-en","category-society"],"yoast_head":"<!-- This site is optimized with the Yoast SEO plugin v25.2 - https:\/\/yoast.com\/wordpress\/plugins\/seo\/ -->\n<title>Fines for accessing Formentor by car - Mallorca Global Mag<\/title>\n<meta name=\"description\" content=\"Dozens of tourists who visited Mallorca this summer receive a souvenir on their return in the form of a fine for driving to Formentor.\" \/>\n<meta name=\"robots\" content=\"index, follow, max-snippet:-1, max-image-preview:large, max-video-preview:-1\" \/>\n<link rel=\"canonical\" href=\"https:\/\/mallorcaglobalmag.es\/en\/multas-por-acceder-a-formentor\/\" \/>\n<meta property=\"og:locale\" content=\"en_US\" \/>\n<meta property=\"og:type\" content=\"article\" \/>\n<meta property=\"og:title\" content=\"Fines for accessing Formentor by car - Mallorca Global Mag\" \/>\n<meta property=\"og:description\" content=\"Dozens of tourists who visited Mallorca this summer receive a souvenir on their return in the form of a fine for driving to Formentor.\" \/>\n<meta property=\"og:url\" content=\"https:\/\/mallorcaglobalmag.es\/en\/multas-por-acceder-a-formentor\/\" \/>\n<meta property=\"og:site_name\" content=\"Mallorca Global Mag\" \/>\n<meta property=\"article:published_time\" content=\"2022-10-28T08:45:21+00:00\" \/>\n<meta property=\"article:modified_time\" content=\"2022-11-29T15:23:54+00:00\" \/>\n<meta property=\"og:image\" content=\"https:\/\/mallorcaglobalmag.es\/wp-content\/uploads\/multa-acceso-formentor-coche-mallorca.jpg\" \/>\n\t<meta property=\"og:image:width\" content=\"1400\" \/>\n\t<meta property=\"og:image:height\" content=\"934\" \/>\n\t<meta property=\"og:image:type\" content=\"image\/jpeg\" \/>\n<meta name=\"author\" content=\"Ra\u00fal Beltr\u00e1n\" \/>\n<meta name=\"twitter:card\" content=\"summary_large_image\" \/>\n<meta name=\"twitter:label1\" content=\"Written by\" \/>\n\t<meta name=\"twitter:data1\" content=\"Ra\u00fal Beltr\u00e1n\" \/>\n\t<meta name=\"twitter:label2\" content=\"Est. reading time\" \/>\n\t<meta name=\"twitter:data2\" content=\"2 minutes\" \/>\n<script type=\"application\/ld+json\" class=\"yoast-schema-graph\">{\"@context\":\"https:\/\/schema.org\",\"@graph\":[{\"@type\":\"WebPage\",\"@id\":\"https:\/\/mallorcaglobalmag.es\/en\/multas-por-acceder-a-formentor\/\",\"url\":\"https:\/\/mallorcaglobalmag.es\/en\/multas-por-acceder-a-formentor\/\",\"name\":\"Fines for accessing Formentor by car - Mallorca Global Mag\",\"isPartOf\":{\"@id\":\"https:\/\/mallorcaglobalmag.es\/#website\"},\"primaryImageOfPage\":{\"@id\":\"https:\/\/mallorcaglobalmag.es\/en\/multas-por-acceder-a-formentor\/#primaryimage\"},\"image\":{\"@id\":\"https:\/\/mallorcaglobalmag.es\/en\/multas-por-acceder-a-formentor\/#primaryimage\"},\"thumbnailUrl\":\"https:\/\/mallorcaglobalmag.es\/wp-content\/uploads\/multa-acceso-formentor-coche-mallorca.jpg\",\"datePublished\":\"2022-10-28T08:45:21+00:00\",\"dateModified\":\"2022-11-29T15:23:54+00:00\",\"author\":{\"@id\":\"https:\/\/mallorcaglobalmag.es\/#\/schema\/person\/43d7beed7d9b6f55b899266616dd0fb7\"},\"description\":\"Dozens of tourists who visited Mallorca this summer receive a souvenir on their return in the form of a fine for driving to Formentor.\",\"breadcrumb\":{\"@id\":\"https:\/\/mallorcaglobalmag.es\/en\/multas-por-acceder-a-formentor\/#breadcrumb\"},\"inLanguage\":\"en-US\",\"potentialAction\":[{\"@type\":\"ReadAction\",\"target\":[\"https:\/\/mallorcaglobalmag.es\/en\/multas-por-acceder-a-formentor\/\"]}]},{\"@type\":\"ImageObject\",\"inLanguage\":\"en-US\",\"@id\":\"https:\/\/mallorcaglobalmag.es\/en\/multas-por-acceder-a-formentor\/#primaryimage\",\"url\":\"https:\/\/mallorcaglobalmag.es\/wp-content\/uploads\/multa-acceso-formentor-coche-mallorca.jpg\",\"contentUrl\":\"https:\/\/mallorcaglobalmag.es\/wp-content\/uploads\/multa-acceso-formentor-coche-mallorca.jpg\",\"width\":1400,\"height\":934,\"caption\":\"formentor. Foto Jaume Capell\u00e0 AETIB\"},{\"@type\":\"BreadcrumbList\",\"@id\":\"https:\/\/mallorcaglobalmag.es\/en\/multas-por-acceder-a-formentor\/#breadcrumb\",\"itemListElement\":[{\"@type\":\"ListItem\",\"position\":1,\"name\":\"Portada\",\"item\":\"https:\/\/mallorcaglobalmag.es\/en\/\"},{\"@type\":\"ListItem\",\"position\":2,\"name\":\"Tourists call Formentor restrictions a &#8220;trap&#8221; after receiving fine\"}]},{\"@type\":\"WebSite\",\"@id\":\"https:\/\/mallorcaglobalmag.es\/#website\",\"url\":\"https:\/\/mallorcaglobalmag.es\/\",\"name\":\"Mallorca Global Mag\",\"description\":\"Revista de informaci\u00f3n general de Mallorca\",\"potentialAction\":[{\"@type\":\"SearchAction\",\"target\":{\"@type\":\"EntryPoint\",\"urlTemplate\":\"https:\/\/mallorcaglobalmag.es\/?s={search_term_string}\"},\"query-input\":{\"@type\":\"PropertyValueSpecification\",\"valueRequired\":true,\"valueName\":\"search_term_string\"}}],\"inLanguage\":\"en-US\"},{\"@type\":\"Person\",\"@id\":\"https:\/\/mallorcaglobalmag.es\/#\/schema\/person\/43d7beed7d9b6f55b899266616dd0fb7\",\"name\":\"Ra\u00fal Beltr\u00e1n\",\"image\":{\"@type\":\"ImageObject\",\"inLanguage\":\"en-US\",\"@id\":\"https:\/\/mallorcaglobalmag.es\/#\/schema\/person\/image\/\",\"url\":\"https:\/\/secure.gravatar.com\/avatar\/da2a4820a3fec7c3a48baebf7b76adba9a0ca889df675d803c6826d7308d94b8?s=96&d=mm&r=g\",\"contentUrl\":\"https:\/\/secure.gravatar.com\/avatar\/da2a4820a3fec7c3a48baebf7b76adba9a0ca889df675d803c6826d7308d94b8?s=96&d=mm&r=g\",\"caption\":\"Ra\u00fal Beltr\u00e1n\"},\"url\":\"https:\/\/mallorcaglobalmag.es\/en\/author\/raulbeltran\/\"}]}<\/script>\n<!-- \/ Yoast SEO plugin. -->","yoast_head_json":{"title":"Fines for accessing Formentor by car - Mallorca Global Mag","description":"Dozens of tourists who visited Mallorca this summer receive a souvenir on their return in the form of a fine for driving to Formentor.","robots":{"index":"index","follow":"follow","max-snippet":"max-snippet:-1","max-image-preview":"max-image-preview:large","max-video-preview":"max-video-preview:-1"},"canonical":"https:\/\/mallorcaglobalmag.es\/en\/multas-por-acceder-a-formentor\/","og_locale":"en_US","og_type":"article","og_title":"Fines for accessing Formentor by car - Mallorca Global Mag","og_description":"Dozens of tourists who visited Mallorca this summer receive a souvenir on their return in the form of a fine for driving to Formentor.","og_url":"https:\/\/mallorcaglobalmag.es\/en\/multas-por-acceder-a-formentor\/","og_site_name":"Mallorca Global Mag","article_published_time":"2022-10-28T08:45:21+00:00","article_modified_time":"2022-11-29T15:23:54+00:00","og_image":[{"width":1400,"height":934,"url":"https:\/\/mallorcaglobalmag.es\/wp-content\/uploads\/multa-acceso-formentor-coche-mallorca.jpg","type":"image\/jpeg"}],"author":"Ra\u00fal Beltr\u00e1n","twitter_card":"summary_large_image","twitter_misc":{"Written by":"Ra\u00fal Beltr\u00e1n","Est. reading time":"2 minutes"},"schema":{"@context":"https:\/\/schema.org","@graph":[{"@type":"WebPage","@id":"https:\/\/mallorcaglobalmag.es\/en\/multas-por-acceder-a-formentor\/","url":"https:\/\/mallorcaglobalmag.es\/en\/multas-por-acceder-a-formentor\/","name":"Fines for accessing Formentor by car - Mallorca Global Mag","isPartOf":{"@id":"https:\/\/mallorcaglobalmag.es\/#website"},"primaryImageOfPage":{"@id":"https:\/\/mallorcaglobalmag.es\/en\/multas-por-acceder-a-formentor\/#primaryimage"},"image":{"@id":"https:\/\/mallorcaglobalmag.es\/en\/multas-por-acceder-a-formentor\/#primaryimage"},"thumbnailUrl":"https:\/\/mallorcaglobalmag.es\/wp-content\/uploads\/multa-acceso-formentor-coche-mallorca.jpg","datePublished":"2022-10-28T08:45:21+00:00","dateModified":"2022-11-29T15:23:54+00:00","author":{"@id":"https:\/\/mallorcaglobalmag.es\/#\/schema\/person\/43d7beed7d9b6f55b899266616dd0fb7"},"description":"Dozens of tourists who visited Mallorca this summer receive a souvenir on their return in the form of a fine for driving to Formentor.","breadcrumb":{"@id":"https:\/\/mallorcaglobalmag.es\/en\/multas-por-acceder-a-formentor\/#breadcrumb"},"inLanguage":"en-US","potentialAction":[{"@type":"ReadAction","target":["https:\/\/mallorcaglobalmag.es\/en\/multas-por-acceder-a-formentor\/"]}]},{"@type":"ImageObject","inLanguage":"en-US","@id":"https:\/\/mallorcaglobalmag.es\/en\/multas-por-acceder-a-formentor\/#primaryimage","url":"https:\/\/mallorcaglobalmag.es\/wp-content\/uploads\/multa-acceso-formentor-coche-mallorca.jpg","contentUrl":"https:\/\/mallorcaglobalmag.es\/wp-content\/uploads\/multa-acceso-formentor-coche-mallorca.jpg","width":1400,"height":934,"caption":"formentor. Foto Jaume Capell\u00e0 AETIB"},{"@type":"BreadcrumbList","@id":"https:\/\/mallorcaglobalmag.es\/en\/multas-por-acceder-a-formentor\/#breadcrumb","itemListElement":[{"@type":"ListItem","position":1,"name":"Portada","item":"https:\/\/mallorcaglobalmag.es\/en\/"},{"@type":"ListItem","position":2,"name":"Tourists call Formentor restrictions a &#8220;trap&#8221; after receiving fine"}]},{"@type":"WebSite","@id":"https:\/\/mallorcaglobalmag.es\/#website","url":"https:\/\/mallorcaglobalmag.es\/","name":"Mallorca Global Mag","description":"Revista de informaci\u00f3n general de Mallorca","potentialAction":[{"@type":"SearchAction","target":{"@type":"EntryPoint","urlTemplate":"https:\/\/mallorcaglobalmag.es\/?s={search_term_string}"},"query-input":{"@type":"PropertyValueSpecification","valueRequired":true,"valueName":"search_term_string"}}],"inLanguage":"en-US"},{"@type":"Person","@id":"https:\/\/mallorcaglobalmag.es\/#\/schema\/person\/43d7beed7d9b6f55b899266616dd0fb7","name":"Ra\u00fal Beltr\u00e1n","image":{"@type":"ImageObject","inLanguage":"en-US","@id":"https:\/\/mallorcaglobalmag.es\/#\/schema\/person\/image\/","url":"https:\/\/secure.gravatar.com\/avatar\/da2a4820a3fec7c3a48baebf7b76adba9a0ca889df675d803c6826d7308d94b8?s=96&d=mm&r=g","contentUrl":"https:\/\/secure.gravatar.com\/avatar\/da2a4820a3fec7c3a48baebf7b76adba9a0ca889df675d803c6826d7308d94b8?s=96&d=mm&r=g","caption":"Ra\u00fal Beltr\u00e1n"},"url":"https:\/\/mallorcaglobalmag.es\/en\/author\/raulbeltran\/"}]}},"_links":{"self":[{"href":"https:\/\/mallorcaglobalmag.es\/en\/wp-json\/wp\/v2\/posts\/37355","targetHints":{"allow":["GET"]}}],"collection":[{"href":"https:\/\/mallorcaglobalmag.es\/en\/wp-json\/wp\/v2\/posts"}],"about":[{"href":"https:\/\/mallorcaglobalmag.es\/en\/wp-json\/wp\/v2\/types\/post"}],"author":[{"embeddable":true,"href":"https:\/\/mallorcaglobalmag.es\/en\/wp-json\/wp\/v2\/users\/6"}],"replies":[{"embeddable":true,"href":"https:\/\/mallorcaglobalmag.es\/en\/wp-json\/wp\/v2\/comments?post=37355"}],"version-history":[{"count":2,"href":"https:\/\/mallorcaglobalmag.es\/en\/wp-json\/wp\/v2\/posts\/37355\/revisions"}],"predecessor-version":[{"id":37357,"href":"https:\/\/mallorcaglobalmag.es\/en\/wp-json\/wp\/v2\/posts\/37355\/revisions\/37357"}],"wp:featuredmedia":[{"embeddable":true,"href":"https:\/\/mallorcaglobalmag.es\/en\/wp-json\/wp\/v2\/media\/37347"}],"wp:attachment":[{"href":"https:\/\/mallorcaglobalmag.es\/en\/wp-json\/wp\/v2\/media?parent=37355"}],"wp:term":[{"taxonomy":"category","embeddable":true,"href":"https:\/\/mallorcaglobalmag.es\/en\/wp-json\/wp\/v2\/categories?post=37355"},{"taxonomy":"post_tag","embeddable":true,"href":"https:\/\/mallorcaglobalmag.es\/en\/wp-json\/wp\/v2\/tags?post=37355"}],"curies":[{"name":"wp","href":"https:\/\/api.w.org\/{rel}","templated":true}]}}