{"id":37332,"date":"2022-10-27T13:58:04","date_gmt":"2022-10-27T11:58:04","guid":{"rendered":"https:\/\/mallorcaglobalmag.es\/palma-candidata-agencia-inteligencia-artificial\/"},"modified":"2022-11-29T16:24:19","modified_gmt":"2022-11-29T15:24:19","slug":"palma-candidata-agencia-inteligencia-artificial","status":"publish","type":"post","link":"https:\/\/mallorcaglobalmag.es\/en\/palma-candidata-agencia-inteligencia-artificial\/","title":{"rendered":"Palma will compete to host the Spanish Artificial Intelligence headquarters"},"content":{"rendered":"<p>Palma will compete to host the headquarters of the future Spanish Agency for the Supervision of Artificial Intelligence (AESIA). This is what the President of the Govern, Francina Armengol, told the Secretary of State Carme Artigas, with whom she met to share regional policies on artificial intelligence and digitisation.<\/p>\n<p>Artigas congratulated Palma and the Balearic Islands because &#8220;being able to articulate a candidacy that values the public and private ecosystem is already a winning candidacy&#8221;. For his part, the Councillor for European Funds, University and Culture, Miquel Company, assured that &#8220;from the Government we will work together with the Palma City Council and with all the resources of our ecosystem in this area&#8221;.<\/p>\n<p>So far, many cities have shown their interest in hosting the future headquarters: Granada, Guadalajara, Zaragoza, Gij\u00f3n, Tenerife, La Rioja, Burgos, \u00c1vila, Alicante, A Coru\u00f1a&#8230;<\/p>\n<h2>A \u201cgreat opportunity\u201d<\/h2>\n<p><img decoding=\"async\" class=\"alignnone size-full wp-image-37327\" src=\"https:\/\/mallorcaglobalmag.es\/wp-content\/uploads\/palma-sede-inteligencia-artificial-espana.jpg\" alt=\"palma sede inteligencia artificial espa\u00f1a\" width=\"2274\" height=\"1517\" srcset=\"https:\/\/mallorcaglobalmag.es\/wp-content\/uploads\/palma-sede-inteligencia-artificial-espana-200x133.jpg 200w, https:\/\/mallorcaglobalmag.es\/wp-content\/uploads\/palma-sede-inteligencia-artificial-espana-300x200.jpg 300w, https:\/\/mallorcaglobalmag.es\/wp-content\/uploads\/palma-sede-inteligencia-artificial-espana-400x267.jpg 400w, https:\/\/mallorcaglobalmag.es\/wp-content\/uploads\/palma-sede-inteligencia-artificial-espana-600x400.jpg 600w, https:\/\/mallorcaglobalmag.es\/wp-content\/uploads\/palma-sede-inteligencia-artificial-espana-768x512.jpg 768w, https:\/\/mallorcaglobalmag.es\/wp-content\/uploads\/palma-sede-inteligencia-artificial-espana-800x534.jpg 800w, https:\/\/mallorcaglobalmag.es\/wp-content\/uploads\/palma-sede-inteligencia-artificial-espana-1024x683.jpg 1024w, https:\/\/mallorcaglobalmag.es\/wp-content\/uploads\/palma-sede-inteligencia-artificial-espana-1200x801.jpg 1200w, https:\/\/mallorcaglobalmag.es\/wp-content\/uploads\/palma-sede-inteligencia-artificial-espana-1536x1025.jpg 1536w, https:\/\/mallorcaglobalmag.es\/wp-content\/uploads\/palma-sede-inteligencia-artificial-espana.jpg 2274w\" sizes=\"(max-width: 2274px) 100vw, 2274px\" \/><\/p>\n<p>Company pointed out that this is &#8220;a magnificent opportunity that forms part of the Balearic Islands Investment Strategy 2030 with the objectives of diversifying the economy, attracting talent, creating jobs and favouring the positioning of the islands&#8221;.<\/p>\n<p>During the meeting, the Govern informed the Secretary of State about projects such as the creation of the Centre for Artificial Intelligence and Supercomputing of the Balearic Islands and a chair based on sustainability and health that has the collaboration of the UIB. In addition, the Government is also preparing a strategy for cybersecurity, 5G and Big Data.<\/p>\n<p>For his part, Artigas welcomed the fact that the Balearic Islands will host the Gaia-X governance council, which will make the autonomous community &#8220;the nerve centre of European data&#8221;. Artificial intelligence will help to increase the productivity of companies, the efficiency of public administration and health care, and will also help to mitigate the effects of climate change, as it will improve the efficiency of agriculture and transport.<\/p>\n<p>The president of the Govern explained to Artigas that the islands are prepared to achieve this milestone, since they have important research teams led by the UIB with more than 15 teams in artificial intelligence and more than 500 publications.<\/p>\n<p>In addition, several Balearic companies are already developing products and services applying this technology, such as weather forecasting, citizen services and energy management.<\/p>\n","protected":false},"excerpt":{"rendered":"<p>Palma will compete to host the headquarters of the future <a href=\"https:\/\/mallorcaglobalmag.es\/en\/palma-candidata-agencia-inteligencia-artificial\/\"> [&#8230;]<\/a><\/p>\n","protected":false},"author":6,"featured_media":37328,"comment_status":"open","ping_status":"open","sticky":false,"template":"","format":"standard","meta":{"footnotes":""},"categories":[136,1522],"tags":[],"class_list":["post-37332","post","type-post","status-publish","format-standard","has-post-thumbnail","hentry","category-blog-en","category-science-and-technology"],"yoast_head":"<!-- This site is optimized with the Yoast SEO plugin v25.2 - https:\/\/yoast.com\/wordpress\/plugins\/seo\/ -->\n<title>Palma, for Artificial Intelligence headquarters - Mallorca Global Mag<\/title>\n<meta name=\"description\" content=\"Palma will compete to host the headquarters of the future Spanish Agency for the Supervision of Artificial Intelligence (AESIA).\" \/>\n<meta name=\"robots\" content=\"index, follow, max-snippet:-1, max-image-preview:large, max-video-preview:-1\" \/>\n<link rel=\"canonical\" href=\"https:\/\/mallorcaglobalmag.es\/en\/palma-candidata-agencia-inteligencia-artificial\/\" \/>\n<meta property=\"og:locale\" content=\"en_US\" \/>\n<meta property=\"og:type\" content=\"article\" \/>\n<meta property=\"og:title\" content=\"Palma, for Artificial Intelligence headquarters - Mallorca Global Mag\" \/>\n<meta property=\"og:description\" content=\"Palma will compete to host the headquarters of the future Spanish Agency for the Supervision of Artificial Intelligence (AESIA).\" \/>\n<meta property=\"og:url\" content=\"https:\/\/mallorcaglobalmag.es\/en\/palma-candidata-agencia-inteligencia-artificial\/\" \/>\n<meta property=\"og:site_name\" content=\"Mallorca Global Mag\" \/>\n<meta property=\"article:published_time\" content=\"2022-10-27T11:58:04+00:00\" \/>\n<meta property=\"article:modified_time\" content=\"2022-11-29T15:24:19+00:00\" \/>\n<meta property=\"og:image\" content=\"https:\/\/mallorcaglobalmag.es\/wp-content\/uploads\/palma-sede-inteligencia-artificial-espana.jpg\" \/>\n\t<meta property=\"og:image:width\" content=\"2274\" \/>\n\t<meta property=\"og:image:height\" content=\"1517\" \/>\n\t<meta property=\"og:image:type\" content=\"image\/jpeg\" \/>\n<meta name=\"author\" content=\"Ra\u00fal Beltr\u00e1n\" \/>\n<meta name=\"twitter:card\" content=\"summary_large_image\" \/>\n<meta name=\"twitter:label1\" content=\"Written by\" \/>\n\t<meta name=\"twitter:data1\" content=\"Ra\u00fal Beltr\u00e1n\" \/>\n\t<meta name=\"twitter:label2\" content=\"Est. reading time\" \/>\n\t<meta name=\"twitter:data2\" content=\"2 minutes\" \/>\n<script type=\"application\/ld+json\" class=\"yoast-schema-graph\">{\"@context\":\"https:\/\/schema.org\",\"@graph\":[{\"@type\":\"WebPage\",\"@id\":\"https:\/\/mallorcaglobalmag.es\/en\/palma-candidata-agencia-inteligencia-artificial\/\",\"url\":\"https:\/\/mallorcaglobalmag.es\/en\/palma-candidata-agencia-inteligencia-artificial\/\",\"name\":\"Palma, for Artificial Intelligence headquarters - Mallorca Global Mag\",\"isPartOf\":{\"@id\":\"https:\/\/mallorcaglobalmag.es\/#website\"},\"primaryImageOfPage\":{\"@id\":\"https:\/\/mallorcaglobalmag.es\/en\/palma-candidata-agencia-inteligencia-artificial\/#primaryimage\"},\"image\":{\"@id\":\"https:\/\/mallorcaglobalmag.es\/en\/palma-candidata-agencia-inteligencia-artificial\/#primaryimage\"},\"thumbnailUrl\":\"https:\/\/mallorcaglobalmag.es\/wp-content\/uploads\/palma-sede-inteligencia-artificial-espana.jpg\",\"datePublished\":\"2022-10-27T11:58:04+00:00\",\"dateModified\":\"2022-11-29T15:24:19+00:00\",\"author\":{\"@id\":\"https:\/\/mallorcaglobalmag.es\/#\/schema\/person\/43d7beed7d9b6f55b899266616dd0fb7\"},\"description\":\"Palma will compete to host the headquarters of the future Spanish Agency for the Supervision of Artificial Intelligence (AESIA).\",\"breadcrumb\":{\"@id\":\"https:\/\/mallorcaglobalmag.es\/en\/palma-candidata-agencia-inteligencia-artificial\/#breadcrumb\"},\"inLanguage\":\"en-US\",\"potentialAction\":[{\"@type\":\"ReadAction\",\"target\":[\"https:\/\/mallorcaglobalmag.es\/en\/palma-candidata-agencia-inteligencia-artificial\/\"]}]},{\"@type\":\"ImageObject\",\"inLanguage\":\"en-US\",\"@id\":\"https:\/\/mallorcaglobalmag.es\/en\/palma-candidata-agencia-inteligencia-artificial\/#primaryimage\",\"url\":\"https:\/\/mallorcaglobalmag.es\/wp-content\/uploads\/palma-sede-inteligencia-artificial-espana.jpg\",\"contentUrl\":\"https:\/\/mallorcaglobalmag.es\/wp-content\/uploads\/palma-sede-inteligencia-artificial-espana.jpg\",\"width\":2274,\"height\":1517,\"caption\":\"palma sede inteligencia artificial espa\u00f1a\"},{\"@type\":\"BreadcrumbList\",\"@id\":\"https:\/\/mallorcaglobalmag.es\/en\/palma-candidata-agencia-inteligencia-artificial\/#breadcrumb\",\"itemListElement\":[{\"@type\":\"ListItem\",\"position\":1,\"name\":\"Portada\",\"item\":\"https:\/\/mallorcaglobalmag.es\/en\/\"},{\"@type\":\"ListItem\",\"position\":2,\"name\":\"Palma will compete to host the Spanish Artificial Intelligence headquarters\"}]},{\"@type\":\"WebSite\",\"@id\":\"https:\/\/mallorcaglobalmag.es\/#website\",\"url\":\"https:\/\/mallorcaglobalmag.es\/\",\"name\":\"Mallorca Global Mag\",\"description\":\"Revista de informaci\u00f3n general de Mallorca\",\"potentialAction\":[{\"@type\":\"SearchAction\",\"target\":{\"@type\":\"EntryPoint\",\"urlTemplate\":\"https:\/\/mallorcaglobalmag.es\/?s={search_term_string}\"},\"query-input\":{\"@type\":\"PropertyValueSpecification\",\"valueRequired\":true,\"valueName\":\"search_term_string\"}}],\"inLanguage\":\"en-US\"},{\"@type\":\"Person\",\"@id\":\"https:\/\/mallorcaglobalmag.es\/#\/schema\/person\/43d7beed7d9b6f55b899266616dd0fb7\",\"name\":\"Ra\u00fal Beltr\u00e1n\",\"image\":{\"@type\":\"ImageObject\",\"inLanguage\":\"en-US\",\"@id\":\"https:\/\/mallorcaglobalmag.es\/#\/schema\/person\/image\/\",\"url\":\"https:\/\/secure.gravatar.com\/avatar\/da2a4820a3fec7c3a48baebf7b76adba9a0ca889df675d803c6826d7308d94b8?s=96&d=mm&r=g\",\"contentUrl\":\"https:\/\/secure.gravatar.com\/avatar\/da2a4820a3fec7c3a48baebf7b76adba9a0ca889df675d803c6826d7308d94b8?s=96&d=mm&r=g\",\"caption\":\"Ra\u00fal Beltr\u00e1n\"},\"url\":\"https:\/\/mallorcaglobalmag.es\/en\/author\/raulbeltran\/\"}]}<\/script>\n<!-- \/ Yoast SEO plugin. -->","yoast_head_json":{"title":"Palma, for Artificial Intelligence headquarters - Mallorca Global Mag","description":"Palma will compete to host the headquarters of the future Spanish Agency for the Supervision of Artificial Intelligence (AESIA).","robots":{"index":"index","follow":"follow","max-snippet":"max-snippet:-1","max-image-preview":"max-image-preview:large","max-video-preview":"max-video-preview:-1"},"canonical":"https:\/\/mallorcaglobalmag.es\/en\/palma-candidata-agencia-inteligencia-artificial\/","og_locale":"en_US","og_type":"article","og_title":"Palma, for Artificial Intelligence headquarters - Mallorca Global Mag","og_description":"Palma will compete to host the headquarters of the future Spanish Agency for the Supervision of Artificial Intelligence (AESIA).","og_url":"https:\/\/mallorcaglobalmag.es\/en\/palma-candidata-agencia-inteligencia-artificial\/","og_site_name":"Mallorca Global Mag","article_published_time":"2022-10-27T11:58:04+00:00","article_modified_time":"2022-11-29T15:24:19+00:00","og_image":[{"width":2274,"height":1517,"url":"https:\/\/mallorcaglobalmag.es\/wp-content\/uploads\/palma-sede-inteligencia-artificial-espana.jpg","type":"image\/jpeg"}],"author":"Ra\u00fal Beltr\u00e1n","twitter_card":"summary_large_image","twitter_misc":{"Written by":"Ra\u00fal Beltr\u00e1n","Est. reading time":"2 minutes"},"schema":{"@context":"https:\/\/schema.org","@graph":[{"@type":"WebPage","@id":"https:\/\/mallorcaglobalmag.es\/en\/palma-candidata-agencia-inteligencia-artificial\/","url":"https:\/\/mallorcaglobalmag.es\/en\/palma-candidata-agencia-inteligencia-artificial\/","name":"Palma, for Artificial Intelligence headquarters - Mallorca Global Mag","isPartOf":{"@id":"https:\/\/mallorcaglobalmag.es\/#website"},"primaryImageOfPage":{"@id":"https:\/\/mallorcaglobalmag.es\/en\/palma-candidata-agencia-inteligencia-artificial\/#primaryimage"},"image":{"@id":"https:\/\/mallorcaglobalmag.es\/en\/palma-candidata-agencia-inteligencia-artificial\/#primaryimage"},"thumbnailUrl":"https:\/\/mallorcaglobalmag.es\/wp-content\/uploads\/palma-sede-inteligencia-artificial-espana.jpg","datePublished":"2022-10-27T11:58:04+00:00","dateModified":"2022-11-29T15:24:19+00:00","author":{"@id":"https:\/\/mallorcaglobalmag.es\/#\/schema\/person\/43d7beed7d9b6f55b899266616dd0fb7"},"description":"Palma will compete to host the headquarters of the future Spanish Agency for the Supervision of Artificial Intelligence (AESIA).","breadcrumb":{"@id":"https:\/\/mallorcaglobalmag.es\/en\/palma-candidata-agencia-inteligencia-artificial\/#breadcrumb"},"inLanguage":"en-US","potentialAction":[{"@type":"ReadAction","target":["https:\/\/mallorcaglobalmag.es\/en\/palma-candidata-agencia-inteligencia-artificial\/"]}]},{"@type":"ImageObject","inLanguage":"en-US","@id":"https:\/\/mallorcaglobalmag.es\/en\/palma-candidata-agencia-inteligencia-artificial\/#primaryimage","url":"https:\/\/mallorcaglobalmag.es\/wp-content\/uploads\/palma-sede-inteligencia-artificial-espana.jpg","contentUrl":"https:\/\/mallorcaglobalmag.es\/wp-content\/uploads\/palma-sede-inteligencia-artificial-espana.jpg","width":2274,"height":1517,"caption":"palma sede inteligencia artificial espa\u00f1a"},{"@type":"BreadcrumbList","@id":"https:\/\/mallorcaglobalmag.es\/en\/palma-candidata-agencia-inteligencia-artificial\/#breadcrumb","itemListElement":[{"@type":"ListItem","position":1,"name":"Portada","item":"https:\/\/mallorcaglobalmag.es\/en\/"},{"@type":"ListItem","position":2,"name":"Palma will compete to host the Spanish Artificial Intelligence headquarters"}]},{"@type":"WebSite","@id":"https:\/\/mallorcaglobalmag.es\/#website","url":"https:\/\/mallorcaglobalmag.es\/","name":"Mallorca Global Mag","description":"Revista de informaci\u00f3n general de Mallorca","potentialAction":[{"@type":"SearchAction","target":{"@type":"EntryPoint","urlTemplate":"https:\/\/mallorcaglobalmag.es\/?s={search_term_string}"},"query-input":{"@type":"PropertyValueSpecification","valueRequired":true,"valueName":"search_term_string"}}],"inLanguage":"en-US"},{"@type":"Person","@id":"https:\/\/mallorcaglobalmag.es\/#\/schema\/person\/43d7beed7d9b6f55b899266616dd0fb7","name":"Ra\u00fal Beltr\u00e1n","image":{"@type":"ImageObject","inLanguage":"en-US","@id":"https:\/\/mallorcaglobalmag.es\/#\/schema\/person\/image\/","url":"https:\/\/secure.gravatar.com\/avatar\/da2a4820a3fec7c3a48baebf7b76adba9a0ca889df675d803c6826d7308d94b8?s=96&d=mm&r=g","contentUrl":"https:\/\/secure.gravatar.com\/avatar\/da2a4820a3fec7c3a48baebf7b76adba9a0ca889df675d803c6826d7308d94b8?s=96&d=mm&r=g","caption":"Ra\u00fal Beltr\u00e1n"},"url":"https:\/\/mallorcaglobalmag.es\/en\/author\/raulbeltran\/"}]}},"_links":{"self":[{"href":"https:\/\/mallorcaglobalmag.es\/en\/wp-json\/wp\/v2\/posts\/37332","targetHints":{"allow":["GET"]}}],"collection":[{"href":"https:\/\/mallorcaglobalmag.es\/en\/wp-json\/wp\/v2\/posts"}],"about":[{"href":"https:\/\/mallorcaglobalmag.es\/en\/wp-json\/wp\/v2\/types\/post"}],"author":[{"embeddable":true,"href":"https:\/\/mallorcaglobalmag.es\/en\/wp-json\/wp\/v2\/users\/6"}],"replies":[{"embeddable":true,"href":"https:\/\/mallorcaglobalmag.es\/en\/wp-json\/wp\/v2\/comments?post=37332"}],"version-history":[{"count":3,"href":"https:\/\/mallorcaglobalmag.es\/en\/wp-json\/wp\/v2\/posts\/37332\/revisions"}],"predecessor-version":[{"id":37335,"href":"https:\/\/mallorcaglobalmag.es\/en\/wp-json\/wp\/v2\/posts\/37332\/revisions\/37335"}],"wp:featuredmedia":[{"embeddable":true,"href":"https:\/\/mallorcaglobalmag.es\/en\/wp-json\/wp\/v2\/media\/37328"}],"wp:attachment":[{"href":"https:\/\/mallorcaglobalmag.es\/en\/wp-json\/wp\/v2\/media?parent=37332"}],"wp:term":[{"taxonomy":"category","embeddable":true,"href":"https:\/\/mallorcaglobalmag.es\/en\/wp-json\/wp\/v2\/categories?post=37332"},{"taxonomy":"post_tag","embeddable":true,"href":"https:\/\/mallorcaglobalmag.es\/en\/wp-json\/wp\/v2\/tags?post=37332"}],"curies":[{"name":"wp","href":"https:\/\/api.w.org\/{rel}","templated":true}]}}