{"id":35276,"date":"2022-07-29T11:47:19","date_gmt":"2022-07-29T09:47:19","guid":{"rendered":"https:\/\/mallorcaglobalmag.es\/?p=35276"},"modified":"2022-07-29T14:06:03","modified_gmt":"2022-07-29T12:06:03","slug":"audiencia-rey-felipe-mallorca-armengol","status":"publish","type":"post","link":"https:\/\/mallorcaglobalmag.es\/en\/audiencia-rey-felipe-mallorca-armengol\/","title":{"rendered":"Audience with Armengol and Hila by King Felipe VI at the Almudaina Palace"},"content":{"rendered":"<p>The King Felipe VI received the President of the Balearic Islands, Francina Armengol, and Palma Mayor, Jose Hila, at the Royal Palace of La Almudaina, as part of the meetings with the representatives of the Balearic institutions at the beginning of the Royal Family&#8217;s summer stay in Palma.<\/p>\n<p>As every summer, the start of the Royal Family&#8217;s visit is marked by the King&#8217;s institutional reception of the authorities of Mallorca and the Balearic Islands.<\/p>\n\n\t\t<style type=\"text\/css\">\n\t\t\t#gallery-1 {\n\t\t\t\tmargin: auto;\n\t\t\t}\n\t\t\t#gallery-1 .gallery-item {\n\t\t\t\tfloat: left;\n\t\t\t\tmargin-top: 10px;\n\t\t\t\ttext-align: center;\n\t\t\t\twidth: 50%;\n\t\t\t}\n\t\t\t#gallery-1 img {\n\t\t\t\tborder: 2px solid #cfcfcf;\n\t\t\t}\n\t\t\t#gallery-1 .gallery-caption {\n\t\t\t\tmargin-left: 0;\n\t\t\t}\n\t\t\t\/* see gallery_shortcode() in wp-includes\/media.php *\/\n\t\t<\/style>\n\t\t<div id='gallery-1' class='gallery galleryid-35276 gallery-columns-2 gallery-size-medium'><dl class='gallery-item'>\n\t\t\t<dt class='gallery-icon landscape'>\n\t\t\t\t<img decoding=\"async\" width=\"300\" height=\"186\" src=\"https:\/\/mallorcaglobalmag.es\/wp-content\/uploads\/Audiencia-Rey-Armengol-300x186.jpg\" class=\"attachment-medium size-medium\" alt=\"audiencia\" srcset=\"https:\/\/mallorcaglobalmag.es\/wp-content\/uploads\/Audiencia-Rey-Armengol-200x124.jpg 200w, https:\/\/mallorcaglobalmag.es\/wp-content\/uploads\/Audiencia-Rey-Armengol-300x186.jpg 300w, https:\/\/mallorcaglobalmag.es\/wp-content\/uploads\/Audiencia-Rey-Armengol-400x248.jpg 400w, https:\/\/mallorcaglobalmag.es\/wp-content\/uploads\/Audiencia-Rey-Armengol-600x371.jpg 600w, https:\/\/mallorcaglobalmag.es\/wp-content\/uploads\/Audiencia-Rey-Armengol.jpg 630w\" sizes=\"(max-width: 300px) 100vw, 300px\" \/>\n\t\t\t<\/dt><\/dl><dl class='gallery-item'>\n\t\t\t<dt class='gallery-icon landscape'>\n\t\t\t\t<img decoding=\"async\" width=\"300\" height=\"208\" src=\"https:\/\/mallorcaglobalmag.es\/wp-content\/uploads\/AudienciaReial1-300x208.jpeg\" class=\"attachment-medium size-medium\" alt=\"audiencia rey alcalde de palma\" srcset=\"https:\/\/mallorcaglobalmag.es\/wp-content\/uploads\/AudienciaReial1-200x139.jpeg 200w, https:\/\/mallorcaglobalmag.es\/wp-content\/uploads\/AudienciaReial1-300x208.jpeg 300w, https:\/\/mallorcaglobalmag.es\/wp-content\/uploads\/AudienciaReial1-400x278.jpeg 400w, https:\/\/mallorcaglobalmag.es\/wp-content\/uploads\/AudienciaReial1-600x417.jpeg 600w, https:\/\/mallorcaglobalmag.es\/wp-content\/uploads\/AudienciaReial1-768x534.jpeg 768w, https:\/\/mallorcaglobalmag.es\/wp-content\/uploads\/AudienciaReial1-800x556.jpeg 800w, https:\/\/mallorcaglobalmag.es\/wp-content\/uploads\/AudienciaReial1-1024x712.jpeg 1024w, https:\/\/mallorcaglobalmag.es\/wp-content\/uploads\/AudienciaReial1-1200x834.jpeg 1200w, https:\/\/mallorcaglobalmag.es\/wp-content\/uploads\/AudienciaReial1-1536x1067.jpeg 1536w\" sizes=\"(max-width: 300px) 100vw, 300px\" \/>\n\t\t\t<\/dt><\/dl><br style=\"clear: both\" \/>\n\t\t<\/div>\n\n","protected":false},"excerpt":{"rendered":"<p>The King Felipe VI received the President of the Balearic <a href=\"https:\/\/mallorcaglobalmag.es\/en\/audiencia-rey-felipe-mallorca-armengol\/\"> [&#8230;]<\/a><\/p>\n","protected":false},"author":6,"featured_media":35273,"comment_status":"open","ping_status":"open","sticky":false,"template":"","format":"standard","meta":{"footnotes":""},"categories":[1525],"tags":[],"class_list":["post-35276","post","type-post","status-publish","format-standard","has-post-thumbnail","hentry","category-gente"],"yoast_head":"<!-- This site is optimized with the Yoast SEO plugin v25.2 - https:\/\/yoast.com\/wordpress\/plugins\/seo\/ -->\n<title>Audience with Francina Armengol by King Felipe VI - Mallorca Global Mag<\/title>\n<meta name=\"description\" content=\"Como cada verano, el inicio de la visita de la Familia Real, viene marcada por el recibimiento institucional del Rey de las autoridades de Mallorca y las Balears.\" \/>\n<meta name=\"robots\" content=\"index, follow, max-snippet:-1, max-image-preview:large, max-video-preview:-1\" \/>\n<link rel=\"canonical\" href=\"https:\/\/mallorcaglobalmag.es\/en\/audiencia-rey-felipe-mallorca-armengol\/\" \/>\n<meta property=\"og:locale\" content=\"en_US\" \/>\n<meta property=\"og:type\" content=\"article\" \/>\n<meta property=\"og:title\" content=\"Audience with Francina Armengol by King Felipe VI - Mallorca Global Mag\" \/>\n<meta property=\"og:description\" content=\"Como cada verano, el inicio de la visita de la Familia Real, viene marcada por el recibimiento institucional del Rey de las autoridades de Mallorca y las Balears.\" \/>\n<meta property=\"og:url\" content=\"https:\/\/mallorcaglobalmag.es\/en\/audiencia-rey-felipe-mallorca-armengol\/\" \/>\n<meta property=\"og:site_name\" content=\"Mallorca Global Mag\" \/>\n<meta property=\"article:published_time\" content=\"2022-07-29T09:47:19+00:00\" \/>\n<meta property=\"article:modified_time\" content=\"2022-07-29T12:06:03+00:00\" \/>\n<meta property=\"og:image\" content=\"https:\/\/mallorcaglobalmag.es\/wp-content\/uploads\/Audiencia-Rey-Armengol.jpg\" \/>\n\t<meta property=\"og:image:width\" content=\"630\" \/>\n\t<meta property=\"og:image:height\" content=\"390\" \/>\n\t<meta property=\"og:image:type\" content=\"image\/jpeg\" \/>\n<meta name=\"author\" content=\"Ra\u00fal Beltr\u00e1n\" \/>\n<meta name=\"twitter:card\" content=\"summary_large_image\" \/>\n<meta name=\"twitter:label1\" content=\"Written by\" \/>\n\t<meta name=\"twitter:data1\" content=\"Ra\u00fal Beltr\u00e1n\" \/>\n\t<meta name=\"twitter:label2\" content=\"Est. reading time\" \/>\n\t<meta name=\"twitter:data2\" content=\"1 minute\" \/>\n<script type=\"application\/ld+json\" class=\"yoast-schema-graph\">{\"@context\":\"https:\/\/schema.org\",\"@graph\":[{\"@type\":\"WebPage\",\"@id\":\"https:\/\/mallorcaglobalmag.es\/en\/audiencia-rey-felipe-mallorca-armengol\/\",\"url\":\"https:\/\/mallorcaglobalmag.es\/en\/audiencia-rey-felipe-mallorca-armengol\/\",\"name\":\"Audience with Francina Armengol by King Felipe VI - Mallorca Global Mag\",\"isPartOf\":{\"@id\":\"https:\/\/mallorcaglobalmag.es\/#website\"},\"primaryImageOfPage\":{\"@id\":\"https:\/\/mallorcaglobalmag.es\/en\/audiencia-rey-felipe-mallorca-armengol\/#primaryimage\"},\"image\":{\"@id\":\"https:\/\/mallorcaglobalmag.es\/en\/audiencia-rey-felipe-mallorca-armengol\/#primaryimage\"},\"thumbnailUrl\":\"https:\/\/mallorcaglobalmag.es\/wp-content\/uploads\/Audiencia-Rey-Armengol.jpg\",\"datePublished\":\"2022-07-29T09:47:19+00:00\",\"dateModified\":\"2022-07-29T12:06:03+00:00\",\"author\":{\"@id\":\"https:\/\/mallorcaglobalmag.es\/#\/schema\/person\/43d7beed7d9b6f55b899266616dd0fb7\"},\"description\":\"Como cada verano, el inicio de la visita de la Familia Real, viene marcada por el recibimiento institucional del Rey de las autoridades de Mallorca y las Balears.\",\"breadcrumb\":{\"@id\":\"https:\/\/mallorcaglobalmag.es\/en\/audiencia-rey-felipe-mallorca-armengol\/#breadcrumb\"},\"inLanguage\":\"en-US\",\"potentialAction\":[{\"@type\":\"ReadAction\",\"target\":[\"https:\/\/mallorcaglobalmag.es\/en\/audiencia-rey-felipe-mallorca-armengol\/\"]}]},{\"@type\":\"ImageObject\",\"inLanguage\":\"en-US\",\"@id\":\"https:\/\/mallorcaglobalmag.es\/en\/audiencia-rey-felipe-mallorca-armengol\/#primaryimage\",\"url\":\"https:\/\/mallorcaglobalmag.es\/wp-content\/uploads\/Audiencia-Rey-Armengol.jpg\",\"contentUrl\":\"https:\/\/mallorcaglobalmag.es\/wp-content\/uploads\/Audiencia-Rey-Armengol.jpg\",\"width\":630,\"height\":390,\"caption\":\"audiencia\"},{\"@type\":\"BreadcrumbList\",\"@id\":\"https:\/\/mallorcaglobalmag.es\/en\/audiencia-rey-felipe-mallorca-armengol\/#breadcrumb\",\"itemListElement\":[{\"@type\":\"ListItem\",\"position\":1,\"name\":\"Portada\",\"item\":\"https:\/\/mallorcaglobalmag.es\/en\/\"},{\"@type\":\"ListItem\",\"position\":2,\"name\":\"Audience with Armengol and Hila by King Felipe VI at the Almudaina Palace\"}]},{\"@type\":\"WebSite\",\"@id\":\"https:\/\/mallorcaglobalmag.es\/#website\",\"url\":\"https:\/\/mallorcaglobalmag.es\/\",\"name\":\"Mallorca Global Mag\",\"description\":\"Revista de informaci\u00f3n general de Mallorca\",\"potentialAction\":[{\"@type\":\"SearchAction\",\"target\":{\"@type\":\"EntryPoint\",\"urlTemplate\":\"https:\/\/mallorcaglobalmag.es\/?s={search_term_string}\"},\"query-input\":{\"@type\":\"PropertyValueSpecification\",\"valueRequired\":true,\"valueName\":\"search_term_string\"}}],\"inLanguage\":\"en-US\"},{\"@type\":\"Person\",\"@id\":\"https:\/\/mallorcaglobalmag.es\/#\/schema\/person\/43d7beed7d9b6f55b899266616dd0fb7\",\"name\":\"Ra\u00fal Beltr\u00e1n\",\"image\":{\"@type\":\"ImageObject\",\"inLanguage\":\"en-US\",\"@id\":\"https:\/\/mallorcaglobalmag.es\/#\/schema\/person\/image\/\",\"url\":\"https:\/\/secure.gravatar.com\/avatar\/da2a4820a3fec7c3a48baebf7b76adba9a0ca889df675d803c6826d7308d94b8?s=96&d=mm&r=g\",\"contentUrl\":\"https:\/\/secure.gravatar.com\/avatar\/da2a4820a3fec7c3a48baebf7b76adba9a0ca889df675d803c6826d7308d94b8?s=96&d=mm&r=g\",\"caption\":\"Ra\u00fal Beltr\u00e1n\"},\"url\":\"https:\/\/mallorcaglobalmag.es\/en\/author\/raulbeltran\/\"}]}<\/script>\n<!-- \/ Yoast SEO plugin. -->","yoast_head_json":{"title":"Audience with Francina Armengol by King Felipe VI - Mallorca Global Mag","description":"Como cada verano, el inicio de la visita de la Familia Real, viene marcada por el recibimiento institucional del Rey de las autoridades de Mallorca y las Balears.","robots":{"index":"index","follow":"follow","max-snippet":"max-snippet:-1","max-image-preview":"max-image-preview:large","max-video-preview":"max-video-preview:-1"},"canonical":"https:\/\/mallorcaglobalmag.es\/en\/audiencia-rey-felipe-mallorca-armengol\/","og_locale":"en_US","og_type":"article","og_title":"Audience with Francina Armengol by King Felipe VI - Mallorca Global Mag","og_description":"Como cada verano, el inicio de la visita de la Familia Real, viene marcada por el recibimiento institucional del Rey de las autoridades de Mallorca y las Balears.","og_url":"https:\/\/mallorcaglobalmag.es\/en\/audiencia-rey-felipe-mallorca-armengol\/","og_site_name":"Mallorca Global Mag","article_published_time":"2022-07-29T09:47:19+00:00","article_modified_time":"2022-07-29T12:06:03+00:00","og_image":[{"width":630,"height":390,"url":"https:\/\/mallorcaglobalmag.es\/wp-content\/uploads\/Audiencia-Rey-Armengol.jpg","type":"image\/jpeg"}],"author":"Ra\u00fal Beltr\u00e1n","twitter_card":"summary_large_image","twitter_misc":{"Written by":"Ra\u00fal Beltr\u00e1n","Est. reading time":"1 minute"},"schema":{"@context":"https:\/\/schema.org","@graph":[{"@type":"WebPage","@id":"https:\/\/mallorcaglobalmag.es\/en\/audiencia-rey-felipe-mallorca-armengol\/","url":"https:\/\/mallorcaglobalmag.es\/en\/audiencia-rey-felipe-mallorca-armengol\/","name":"Audience with Francina Armengol by King Felipe VI - Mallorca Global Mag","isPartOf":{"@id":"https:\/\/mallorcaglobalmag.es\/#website"},"primaryImageOfPage":{"@id":"https:\/\/mallorcaglobalmag.es\/en\/audiencia-rey-felipe-mallorca-armengol\/#primaryimage"},"image":{"@id":"https:\/\/mallorcaglobalmag.es\/en\/audiencia-rey-felipe-mallorca-armengol\/#primaryimage"},"thumbnailUrl":"https:\/\/mallorcaglobalmag.es\/wp-content\/uploads\/Audiencia-Rey-Armengol.jpg","datePublished":"2022-07-29T09:47:19+00:00","dateModified":"2022-07-29T12:06:03+00:00","author":{"@id":"https:\/\/mallorcaglobalmag.es\/#\/schema\/person\/43d7beed7d9b6f55b899266616dd0fb7"},"description":"Como cada verano, el inicio de la visita de la Familia Real, viene marcada por el recibimiento institucional del Rey de las autoridades de Mallorca y las Balears.","breadcrumb":{"@id":"https:\/\/mallorcaglobalmag.es\/en\/audiencia-rey-felipe-mallorca-armengol\/#breadcrumb"},"inLanguage":"en-US","potentialAction":[{"@type":"ReadAction","target":["https:\/\/mallorcaglobalmag.es\/en\/audiencia-rey-felipe-mallorca-armengol\/"]}]},{"@type":"ImageObject","inLanguage":"en-US","@id":"https:\/\/mallorcaglobalmag.es\/en\/audiencia-rey-felipe-mallorca-armengol\/#primaryimage","url":"https:\/\/mallorcaglobalmag.es\/wp-content\/uploads\/Audiencia-Rey-Armengol.jpg","contentUrl":"https:\/\/mallorcaglobalmag.es\/wp-content\/uploads\/Audiencia-Rey-Armengol.jpg","width":630,"height":390,"caption":"audiencia"},{"@type":"BreadcrumbList","@id":"https:\/\/mallorcaglobalmag.es\/en\/audiencia-rey-felipe-mallorca-armengol\/#breadcrumb","itemListElement":[{"@type":"ListItem","position":1,"name":"Portada","item":"https:\/\/mallorcaglobalmag.es\/en\/"},{"@type":"ListItem","position":2,"name":"Audience with Armengol and Hila by King Felipe VI at the Almudaina Palace"}]},{"@type":"WebSite","@id":"https:\/\/mallorcaglobalmag.es\/#website","url":"https:\/\/mallorcaglobalmag.es\/","name":"Mallorca Global Mag","description":"Revista de informaci\u00f3n general de Mallorca","potentialAction":[{"@type":"SearchAction","target":{"@type":"EntryPoint","urlTemplate":"https:\/\/mallorcaglobalmag.es\/?s={search_term_string}"},"query-input":{"@type":"PropertyValueSpecification","valueRequired":true,"valueName":"search_term_string"}}],"inLanguage":"en-US"},{"@type":"Person","@id":"https:\/\/mallorcaglobalmag.es\/#\/schema\/person\/43d7beed7d9b6f55b899266616dd0fb7","name":"Ra\u00fal Beltr\u00e1n","image":{"@type":"ImageObject","inLanguage":"en-US","@id":"https:\/\/mallorcaglobalmag.es\/#\/schema\/person\/image\/","url":"https:\/\/secure.gravatar.com\/avatar\/da2a4820a3fec7c3a48baebf7b76adba9a0ca889df675d803c6826d7308d94b8?s=96&d=mm&r=g","contentUrl":"https:\/\/secure.gravatar.com\/avatar\/da2a4820a3fec7c3a48baebf7b76adba9a0ca889df675d803c6826d7308d94b8?s=96&d=mm&r=g","caption":"Ra\u00fal Beltr\u00e1n"},"url":"https:\/\/mallorcaglobalmag.es\/en\/author\/raulbeltran\/"}]}},"_links":{"self":[{"href":"https:\/\/mallorcaglobalmag.es\/en\/wp-json\/wp\/v2\/posts\/35276","targetHints":{"allow":["GET"]}}],"collection":[{"href":"https:\/\/mallorcaglobalmag.es\/en\/wp-json\/wp\/v2\/posts"}],"about":[{"href":"https:\/\/mallorcaglobalmag.es\/en\/wp-json\/wp\/v2\/types\/post"}],"author":[{"embeddable":true,"href":"https:\/\/mallorcaglobalmag.es\/en\/wp-json\/wp\/v2\/users\/6"}],"replies":[{"embeddable":true,"href":"https:\/\/mallorcaglobalmag.es\/en\/wp-json\/wp\/v2\/comments?post=35276"}],"version-history":[{"count":3,"href":"https:\/\/mallorcaglobalmag.es\/en\/wp-json\/wp\/v2\/posts\/35276\/revisions"}],"predecessor-version":[{"id":35306,"href":"https:\/\/mallorcaglobalmag.es\/en\/wp-json\/wp\/v2\/posts\/35276\/revisions\/35306"}],"wp:featuredmedia":[{"embeddable":true,"href":"https:\/\/mallorcaglobalmag.es\/en\/wp-json\/wp\/v2\/media\/35273"}],"wp:attachment":[{"href":"https:\/\/mallorcaglobalmag.es\/en\/wp-json\/wp\/v2\/media?parent=35276"}],"wp:term":[{"taxonomy":"category","embeddable":true,"href":"https:\/\/mallorcaglobalmag.es\/en\/wp-json\/wp\/v2\/categories?post=35276"},{"taxonomy":"post_tag","embeddable":true,"href":"https:\/\/mallorcaglobalmag.es\/en\/wp-json\/wp\/v2\/tags?post=35276"}],"curies":[{"name":"wp","href":"https:\/\/api.w.org\/{rel}","templated":true}]}}