{"id":35155,"date":"2022-07-26T10:52:09","date_gmt":"2022-07-26T08:52:09","guid":{"rendered":"https:\/\/mallorcaglobalmag.es\/?p=35155"},"modified":"2022-07-26T10:55:11","modified_gmt":"2022-07-26T08:55:11","slug":"atlantida-mallorca-film-fest-2","status":"publish","type":"post","link":"https:\/\/mallorcaglobalmag.es\/en\/atlantida-mallorca-film-fest-2\/","title":{"rendered":"Atl\u00e0ntida Mallorca Film Fest: opening gala of the 12th edition"},"content":{"rendered":"<p>On Monday 25th July, the <a href=\"https:\/\/atlantidafilmfest.com\/es\">Atl\u00e0ntida Mallorca Film Fest<\/a>, one of the most important film festivals in the Balearic Islands, kicked off its big week with an opening gala in the courtyard of La Miseric\u00f2rdia in Palma. A warm ceremony, due to the heat wave we are enduring, but with a festive atmosphere: professionals from the film industry, producers, actors, directors and great personalities from Mallorcan society gathered to welcome the festival in a gala that augurs a fantastic week of cinema in Palma.<\/p>\n<p>At 8:00 pm, the doors of La Miseric\u00f2rdia opened to an excited audience. A large photocall awaited the journalists. The lights of the spotlights and flashes immortalised the poses of the directors and authorities invited to the event. Next to the photocall, a drinks bar helped the public to refresh themselves in a chill out area just before the start of the event.<\/p>\n<p>At 21:00 all eyes were on the stage for the opening speech. At the white lectern of the AMFF, the Mayor of Palma, Jos\u00e9 Hila, begins a speech to launch the great week of cinema. Then on stage, the president of the Consell de Mallorca, Catalina Cladera Cresp\u00ed, and the president of the Govern de les Illes Balears, Francina Armengol, close with a very moving inaugural speech highlighting the universal and inclusive access to culture.<\/p>\n<p><img decoding=\"async\" class=\"alignnone size-full wp-image-35143\" src=\"https:\/\/mallorcaglobalmag.es\/wp-content\/uploads\/Atlanida-2.jpeg\" alt=\"\" width=\"1600\" height=\"1069\" srcset=\"https:\/\/mallorcaglobalmag.es\/wp-content\/uploads\/Atlanida-2-200x134.jpeg 200w, https:\/\/mallorcaglobalmag.es\/wp-content\/uploads\/Atlanida-2-300x200.jpeg 300w, https:\/\/mallorcaglobalmag.es\/wp-content\/uploads\/Atlanida-2-400x267.jpeg 400w, https:\/\/mallorcaglobalmag.es\/wp-content\/uploads\/Atlanida-2-600x401.jpeg 600w, https:\/\/mallorcaglobalmag.es\/wp-content\/uploads\/Atlanida-2-768x513.jpeg 768w, https:\/\/mallorcaglobalmag.es\/wp-content\/uploads\/Atlanida-2-800x535.jpeg 800w, https:\/\/mallorcaglobalmag.es\/wp-content\/uploads\/Atlanida-2-1024x684.jpeg 1024w, https:\/\/mallorcaglobalmag.es\/wp-content\/uploads\/Atlanida-2-1200x802.jpeg 1200w, https:\/\/mallorcaglobalmag.es\/wp-content\/uploads\/Atlanida-2-1536x1026.jpeg 1536w, https:\/\/mallorcaglobalmag.es\/wp-content\/uploads\/Atlanida-2.jpeg 1600w\" sizes=\"(max-width: 1600px) 100vw, 1600px\" \/><\/p>\n<p>Joan Ripoll, founder of Filmin (the video on demand platform) and promoter of this great film festival, took to the stage to thank all the people and entities that make the continuity of this festival possible year after year: volunteers, production teams, promoters, public administrations and private companies.<\/p>\n<p>Rita Pay\u00e9s, the artist who surprised the audience with her appearance at the Goya Awards with C. Tangana, once again thrilled the audience. With her jazz influences and fusion of rhythms, the young artist offered a show that captivated the festival&#8217;s public.<\/p>\n<p>With a slight delay with respect to the program&#8217;s scheduled agenda, at 22:00, the event closed its ceremony with the screening of Ramona. The Spanish film directed by Andrea Bagney is one of the highlights of the festival. The audience and the jury were able to enjoy this dramatic genre film set in the city of Madrid, with an exquisite cast: Bruno Lastra, Francesco Carril, Lourdes Hern\u00e1ndez.<\/p>\n<p>Mallorca Caprice offers you a review <a href=\"\/?p=34814\">of the festival&#8217;s programme.<\/a><\/p>\n<p><img decoding=\"async\" class=\"size-full wp-image-35146 aligncenter\" src=\"https:\/\/mallorcaglobalmag.es\/wp-content\/uploads\/Atlantida-2.jpeg\" alt=\"\" width=\"1600\" height=\"1069\" srcset=\"https:\/\/mallorcaglobalmag.es\/wp-content\/uploads\/Atlantida-2-200x134.jpeg 200w, https:\/\/mallorcaglobalmag.es\/wp-content\/uploads\/Atlantida-2-300x200.jpeg 300w, https:\/\/mallorcaglobalmag.es\/wp-content\/uploads\/Atlantida-2-400x267.jpeg 400w, https:\/\/mallorcaglobalmag.es\/wp-content\/uploads\/Atlantida-2-600x401.jpeg 600w, https:\/\/mallorcaglobalmag.es\/wp-content\/uploads\/Atlantida-2-768x513.jpeg 768w, https:\/\/mallorcaglobalmag.es\/wp-content\/uploads\/Atlantida-2-800x535.jpeg 800w, https:\/\/mallorcaglobalmag.es\/wp-content\/uploads\/Atlantida-2-1024x684.jpeg 1024w, https:\/\/mallorcaglobalmag.es\/wp-content\/uploads\/Atlantida-2-1200x802.jpeg 1200w, https:\/\/mallorcaglobalmag.es\/wp-content\/uploads\/Atlantida-2-1536x1026.jpeg 1536w, https:\/\/mallorcaglobalmag.es\/wp-content\/uploads\/Atlantida-2.jpeg 1600w\" sizes=\"(max-width: 1600px) 100vw, 1600px\" \/><\/p>\n","protected":false},"excerpt":{"rendered":"<p>On Monday 25th July, the Atl\u00e0ntida Mallorca Film Fest, one <a href=\"https:\/\/mallorcaglobalmag.es\/en\/atlantida-mallorca-film-fest-2\/\"> [&#8230;]<\/a><\/p>\n","protected":false},"author":4,"featured_media":35149,"comment_status":"open","ping_status":"open","sticky":false,"template":"","format":"standard","meta":{"footnotes":""},"categories":[136],"tags":[],"class_list":["post-35155","post","type-post","status-publish","format-standard","has-post-thumbnail","hentry","category-blog-en"],"yoast_head":"<!-- This site is optimized with the Yoast SEO plugin v25.2 - https:\/\/yoast.com\/wordpress\/plugins\/seo\/ -->\n<title>Atl\u00e0ntida Mallorca Film Fest: opening gala of the 12th edition - Mallorca Global Mag<\/title>\n<meta name=\"description\" content=\"El Atl\u00e0ntida Mallorca Film Fest, uno de los festivales de cine m\u00e1s relevantes de las Balears, estrenaba su gran semana con una gala inaugural\" \/>\n<meta name=\"robots\" content=\"index, follow, max-snippet:-1, max-image-preview:large, max-video-preview:-1\" \/>\n<link rel=\"canonical\" href=\"https:\/\/mallorcaglobalmag.es\/en\/atlantida-mallorca-film-fest-2\/\" \/>\n<meta property=\"og:locale\" content=\"en_US\" \/>\n<meta property=\"og:type\" content=\"article\" \/>\n<meta property=\"og:title\" content=\"Atl\u00e0ntida Mallorca Film Fest: opening gala of the 12th edition - Mallorca Global Mag\" \/>\n<meta property=\"og:description\" content=\"El Atl\u00e0ntida Mallorca Film Fest, uno de los festivales de cine m\u00e1s relevantes de las Balears, estrenaba su gran semana con una gala inaugural\" \/>\n<meta property=\"og:url\" content=\"https:\/\/mallorcaglobalmag.es\/en\/atlantida-mallorca-film-fest-2\/\" \/>\n<meta property=\"og:site_name\" content=\"Mallorca Global Mag\" \/>\n<meta property=\"article:published_time\" content=\"2022-07-26T08:52:09+00:00\" \/>\n<meta property=\"article:modified_time\" content=\"2022-07-26T08:55:11+00:00\" \/>\n<meta property=\"og:image\" content=\"https:\/\/mallorcaglobalmag.es\/wp-content\/uploads\/Atlantida-1.jpeg\" \/>\n\t<meta property=\"og:image:width\" content=\"1600\" \/>\n\t<meta property=\"og:image:height\" content=\"1069\" \/>\n\t<meta property=\"og:image:type\" content=\"image\/jpeg\" \/>\n<meta name=\"author\" content=\"Redacci\u00f3n\" \/>\n<meta name=\"twitter:card\" content=\"summary_large_image\" \/>\n<meta name=\"twitter:label1\" content=\"Written by\" \/>\n\t<meta name=\"twitter:data1\" content=\"Redacci\u00f3n\" \/>\n\t<meta name=\"twitter:label2\" content=\"Est. reading time\" \/>\n\t<meta name=\"twitter:data2\" content=\"3 minutes\" \/>\n<script type=\"application\/ld+json\" class=\"yoast-schema-graph\">{\"@context\":\"https:\/\/schema.org\",\"@graph\":[{\"@type\":\"WebPage\",\"@id\":\"https:\/\/mallorcaglobalmag.es\/en\/atlantida-mallorca-film-fest-2\/\",\"url\":\"https:\/\/mallorcaglobalmag.es\/en\/atlantida-mallorca-film-fest-2\/\",\"name\":\"Atl\u00e0ntida Mallorca Film Fest: opening gala of the 12th edition - Mallorca Global Mag\",\"isPartOf\":{\"@id\":\"https:\/\/mallorcaglobalmag.es\/#website\"},\"primaryImageOfPage\":{\"@id\":\"https:\/\/mallorcaglobalmag.es\/en\/atlantida-mallorca-film-fest-2\/#primaryimage\"},\"image\":{\"@id\":\"https:\/\/mallorcaglobalmag.es\/en\/atlantida-mallorca-film-fest-2\/#primaryimage\"},\"thumbnailUrl\":\"https:\/\/mallorcaglobalmag.es\/wp-content\/uploads\/Atlantida-1.jpeg\",\"datePublished\":\"2022-07-26T08:52:09+00:00\",\"dateModified\":\"2022-07-26T08:55:11+00:00\",\"author\":{\"@id\":\"https:\/\/mallorcaglobalmag.es\/#\/schema\/person\/9a3cf523d44bd4905a14be13db051907\"},\"description\":\"El Atl\u00e0ntida Mallorca Film Fest, uno de los festivales de cine m\u00e1s relevantes de las Balears, estrenaba su gran semana con una gala inaugural\",\"breadcrumb\":{\"@id\":\"https:\/\/mallorcaglobalmag.es\/en\/atlantida-mallorca-film-fest-2\/#breadcrumb\"},\"inLanguage\":\"en-US\",\"potentialAction\":[{\"@type\":\"ReadAction\",\"target\":[\"https:\/\/mallorcaglobalmag.es\/en\/atlantida-mallorca-film-fest-2\/\"]}]},{\"@type\":\"ImageObject\",\"inLanguage\":\"en-US\",\"@id\":\"https:\/\/mallorcaglobalmag.es\/en\/atlantida-mallorca-film-fest-2\/#primaryimage\",\"url\":\"https:\/\/mallorcaglobalmag.es\/wp-content\/uploads\/Atlantida-1.jpeg\",\"contentUrl\":\"https:\/\/mallorcaglobalmag.es\/wp-content\/uploads\/Atlantida-1.jpeg\",\"width\":1600,\"height\":1069},{\"@type\":\"BreadcrumbList\",\"@id\":\"https:\/\/mallorcaglobalmag.es\/en\/atlantida-mallorca-film-fest-2\/#breadcrumb\",\"itemListElement\":[{\"@type\":\"ListItem\",\"position\":1,\"name\":\"Portada\",\"item\":\"https:\/\/mallorcaglobalmag.es\/en\/\"},{\"@type\":\"ListItem\",\"position\":2,\"name\":\"Atl\u00e0ntida Mallorca Film Fest: opening gala of the 12th edition\"}]},{\"@type\":\"WebSite\",\"@id\":\"https:\/\/mallorcaglobalmag.es\/#website\",\"url\":\"https:\/\/mallorcaglobalmag.es\/\",\"name\":\"Mallorca Global Mag\",\"description\":\"Revista de informaci\u00f3n general de Mallorca\",\"potentialAction\":[{\"@type\":\"SearchAction\",\"target\":{\"@type\":\"EntryPoint\",\"urlTemplate\":\"https:\/\/mallorcaglobalmag.es\/?s={search_term_string}\"},\"query-input\":{\"@type\":\"PropertyValueSpecification\",\"valueRequired\":true,\"valueName\":\"search_term_string\"}}],\"inLanguage\":\"en-US\"},{\"@type\":\"Person\",\"@id\":\"https:\/\/mallorcaglobalmag.es\/#\/schema\/person\/9a3cf523d44bd4905a14be13db051907\",\"name\":\"Redacci\u00f3n\",\"image\":{\"@type\":\"ImageObject\",\"inLanguage\":\"en-US\",\"@id\":\"https:\/\/mallorcaglobalmag.es\/#\/schema\/person\/image\/\",\"url\":\"https:\/\/secure.gravatar.com\/avatar\/54a4bcd1a68eccdda3505d7ee5d6ebb8e5dd78095a07d388940305fac2e49572?s=96&d=mm&r=g\",\"contentUrl\":\"https:\/\/secure.gravatar.com\/avatar\/54a4bcd1a68eccdda3505d7ee5d6ebb8e5dd78095a07d388940305fac2e49572?s=96&d=mm&r=g\",\"caption\":\"Redacci\u00f3n\"},\"url\":\"https:\/\/mallorcaglobalmag.es\/en\/author\/elena\/\"}]}<\/script>\n<!-- \/ Yoast SEO plugin. -->","yoast_head_json":{"title":"Atl\u00e0ntida Mallorca Film Fest: opening gala of the 12th edition - Mallorca Global Mag","description":"El Atl\u00e0ntida Mallorca Film Fest, uno de los festivales de cine m\u00e1s relevantes de las Balears, estrenaba su gran semana con una gala inaugural","robots":{"index":"index","follow":"follow","max-snippet":"max-snippet:-1","max-image-preview":"max-image-preview:large","max-video-preview":"max-video-preview:-1"},"canonical":"https:\/\/mallorcaglobalmag.es\/en\/atlantida-mallorca-film-fest-2\/","og_locale":"en_US","og_type":"article","og_title":"Atl\u00e0ntida Mallorca Film Fest: opening gala of the 12th edition - Mallorca Global Mag","og_description":"El Atl\u00e0ntida Mallorca Film Fest, uno de los festivales de cine m\u00e1s relevantes de las Balears, estrenaba su gran semana con una gala inaugural","og_url":"https:\/\/mallorcaglobalmag.es\/en\/atlantida-mallorca-film-fest-2\/","og_site_name":"Mallorca Global Mag","article_published_time":"2022-07-26T08:52:09+00:00","article_modified_time":"2022-07-26T08:55:11+00:00","og_image":[{"width":1600,"height":1069,"url":"https:\/\/mallorcaglobalmag.es\/wp-content\/uploads\/Atlantida-1.jpeg","type":"image\/jpeg"}],"author":"Redacci\u00f3n","twitter_card":"summary_large_image","twitter_misc":{"Written by":"Redacci\u00f3n","Est. reading time":"3 minutes"},"schema":{"@context":"https:\/\/schema.org","@graph":[{"@type":"WebPage","@id":"https:\/\/mallorcaglobalmag.es\/en\/atlantida-mallorca-film-fest-2\/","url":"https:\/\/mallorcaglobalmag.es\/en\/atlantida-mallorca-film-fest-2\/","name":"Atl\u00e0ntida Mallorca Film Fest: opening gala of the 12th edition - Mallorca Global Mag","isPartOf":{"@id":"https:\/\/mallorcaglobalmag.es\/#website"},"primaryImageOfPage":{"@id":"https:\/\/mallorcaglobalmag.es\/en\/atlantida-mallorca-film-fest-2\/#primaryimage"},"image":{"@id":"https:\/\/mallorcaglobalmag.es\/en\/atlantida-mallorca-film-fest-2\/#primaryimage"},"thumbnailUrl":"https:\/\/mallorcaglobalmag.es\/wp-content\/uploads\/Atlantida-1.jpeg","datePublished":"2022-07-26T08:52:09+00:00","dateModified":"2022-07-26T08:55:11+00:00","author":{"@id":"https:\/\/mallorcaglobalmag.es\/#\/schema\/person\/9a3cf523d44bd4905a14be13db051907"},"description":"El Atl\u00e0ntida Mallorca Film Fest, uno de los festivales de cine m\u00e1s relevantes de las Balears, estrenaba su gran semana con una gala inaugural","breadcrumb":{"@id":"https:\/\/mallorcaglobalmag.es\/en\/atlantida-mallorca-film-fest-2\/#breadcrumb"},"inLanguage":"en-US","potentialAction":[{"@type":"ReadAction","target":["https:\/\/mallorcaglobalmag.es\/en\/atlantida-mallorca-film-fest-2\/"]}]},{"@type":"ImageObject","inLanguage":"en-US","@id":"https:\/\/mallorcaglobalmag.es\/en\/atlantida-mallorca-film-fest-2\/#primaryimage","url":"https:\/\/mallorcaglobalmag.es\/wp-content\/uploads\/Atlantida-1.jpeg","contentUrl":"https:\/\/mallorcaglobalmag.es\/wp-content\/uploads\/Atlantida-1.jpeg","width":1600,"height":1069},{"@type":"BreadcrumbList","@id":"https:\/\/mallorcaglobalmag.es\/en\/atlantida-mallorca-film-fest-2\/#breadcrumb","itemListElement":[{"@type":"ListItem","position":1,"name":"Portada","item":"https:\/\/mallorcaglobalmag.es\/en\/"},{"@type":"ListItem","position":2,"name":"Atl\u00e0ntida Mallorca Film Fest: opening gala of the 12th edition"}]},{"@type":"WebSite","@id":"https:\/\/mallorcaglobalmag.es\/#website","url":"https:\/\/mallorcaglobalmag.es\/","name":"Mallorca Global Mag","description":"Revista de informaci\u00f3n general de Mallorca","potentialAction":[{"@type":"SearchAction","target":{"@type":"EntryPoint","urlTemplate":"https:\/\/mallorcaglobalmag.es\/?s={search_term_string}"},"query-input":{"@type":"PropertyValueSpecification","valueRequired":true,"valueName":"search_term_string"}}],"inLanguage":"en-US"},{"@type":"Person","@id":"https:\/\/mallorcaglobalmag.es\/#\/schema\/person\/9a3cf523d44bd4905a14be13db051907","name":"Redacci\u00f3n","image":{"@type":"ImageObject","inLanguage":"en-US","@id":"https:\/\/mallorcaglobalmag.es\/#\/schema\/person\/image\/","url":"https:\/\/secure.gravatar.com\/avatar\/54a4bcd1a68eccdda3505d7ee5d6ebb8e5dd78095a07d388940305fac2e49572?s=96&d=mm&r=g","contentUrl":"https:\/\/secure.gravatar.com\/avatar\/54a4bcd1a68eccdda3505d7ee5d6ebb8e5dd78095a07d388940305fac2e49572?s=96&d=mm&r=g","caption":"Redacci\u00f3n"},"url":"https:\/\/mallorcaglobalmag.es\/en\/author\/elena\/"}]}},"_links":{"self":[{"href":"https:\/\/mallorcaglobalmag.es\/en\/wp-json\/wp\/v2\/posts\/35155","targetHints":{"allow":["GET"]}}],"collection":[{"href":"https:\/\/mallorcaglobalmag.es\/en\/wp-json\/wp\/v2\/posts"}],"about":[{"href":"https:\/\/mallorcaglobalmag.es\/en\/wp-json\/wp\/v2\/types\/post"}],"author":[{"embeddable":true,"href":"https:\/\/mallorcaglobalmag.es\/en\/wp-json\/wp\/v2\/users\/4"}],"replies":[{"embeddable":true,"href":"https:\/\/mallorcaglobalmag.es\/en\/wp-json\/wp\/v2\/comments?post=35155"}],"version-history":[{"count":2,"href":"https:\/\/mallorcaglobalmag.es\/en\/wp-json\/wp\/v2\/posts\/35155\/revisions"}],"predecessor-version":[{"id":35157,"href":"https:\/\/mallorcaglobalmag.es\/en\/wp-json\/wp\/v2\/posts\/35155\/revisions\/35157"}],"wp:featuredmedia":[{"embeddable":true,"href":"https:\/\/mallorcaglobalmag.es\/en\/wp-json\/wp\/v2\/media\/35149"}],"wp:attachment":[{"href":"https:\/\/mallorcaglobalmag.es\/en\/wp-json\/wp\/v2\/media?parent=35155"}],"wp:term":[{"taxonomy":"category","embeddable":true,"href":"https:\/\/mallorcaglobalmag.es\/en\/wp-json\/wp\/v2\/categories?post=35155"},{"taxonomy":"post_tag","embeddable":true,"href":"https:\/\/mallorcaglobalmag.es\/en\/wp-json\/wp\/v2\/tags?post=35155"}],"curies":[{"name":"wp","href":"https:\/\/api.w.org\/{rel}","templated":true}]}}