{"id":32603,"date":"2022-03-09T03:04:08","date_gmt":"2022-03-09T02:04:08","guid":{"rendered":"https:\/\/mallorcaglobalmag.es\/palma-celebra-a-paco-de-lucia-con-un-festival-de-flamenco\/"},"modified":"2022-03-09T09:31:59","modified_gmt":"2022-03-09T08:31:59","slug":"palma-celebra-a-paco-de-lucia-con-un-festival-de-flamenco","status":"publish","type":"post","link":"https:\/\/mallorcaglobalmag.es\/en\/palma-celebra-a-paco-de-lucia-con-un-festival-de-flamenco\/","title":{"rendered":"Palma celebrates Paco de Luc\u00eda with a flamenco festival"},"content":{"rendered":"<p>From March 9 to 13, the first edition of the Paco de Luc\u00eda Festival will be held in Palma with young flamenco figures and prominent figures, such as the Sole\u00e0 brothers and Kiki Morente.<\/p>\n<p>The famous guitarist, who died in 2014, considered Mallorca to be &#8220;paradise&#8221;. So it was. Together with his wife, Gabriela Canseco, he spent the last and happiest years of his life in Mallorca, where his home and his studio are located. His figure is also celebrated in Can Balaguer until March 27 with a guitar exhibition.<\/p>\n<div id=\"attachment_32578\" style=\"width: 1034px\" class=\"wp-caption aligncenter\"><img decoding=\"async\" aria-describedby=\"caption-attachment-32578\" class=\"wp-image-32578 size-full\" src=\"https:\/\/mallorcaglobalmag.es\/wp-content\/uploads\/Paco-de-Lucia.jpg\" alt=\"\" width=\"1024\" height=\"768\" srcset=\"https:\/\/mallorcaglobalmag.es\/wp-content\/uploads\/Paco-de-Lucia-200x150.jpg 200w, https:\/\/mallorcaglobalmag.es\/wp-content\/uploads\/Paco-de-Lucia-300x225.jpg 300w, https:\/\/mallorcaglobalmag.es\/wp-content\/uploads\/Paco-de-Lucia-400x300.jpg 400w, https:\/\/mallorcaglobalmag.es\/wp-content\/uploads\/Paco-de-Lucia-600x450.jpg 600w, https:\/\/mallorcaglobalmag.es\/wp-content\/uploads\/Paco-de-Lucia-768x576.jpg 768w, https:\/\/mallorcaglobalmag.es\/wp-content\/uploads\/Paco-de-Lucia-800x600.jpg 800w, https:\/\/mallorcaglobalmag.es\/wp-content\/uploads\/Paco-de-Lucia.jpg 1024w\" sizes=\"(max-width: 1024px) 100vw, 1024px\" \/><p id=\"caption-attachment-32578\" class=\"wp-caption-text\">Paco de Luc\u00eda and his guitar. Photo: Paco de Luc\u00eda Foundation.<\/p><\/div>\n<h1>Sole\u00e1 and Kiki Morente: March 9 at the Teatro Principal in Palma<\/h1>\n<p>The brothers present &#8220;Two hearts at a time&#8221;, a project in which they begin a walk through the concept of &#8220;tradition-translation&#8221; each with their own personality. Both Sole\u00e1 and Kiki come together, fusing their own universes into one, that of music and freedom.<\/p>\n<div id=\"attachment_32575\" style=\"width: 693px\" class=\"wp-caption aligncenter\"><img decoding=\"async\" aria-describedby=\"caption-attachment-32575\" class=\"wp-image-32575 size-large\" src=\"https:\/\/mallorcaglobalmag.es\/wp-content\/uploads\/\/SOLEA-MORENTE-Raquel-Calvo-01-683x1024.jpg\" alt=\"\" width=\"683\" height=\"1024\" srcset=\"https:\/\/mallorcaglobalmag.es\/wp-content\/uploads\/SOLEA-MORENTE-Raquel-Calvo-01-200x300.jpg 200w, https:\/\/mallorcaglobalmag.es\/wp-content\/uploads\/SOLEA-MORENTE-Raquel-Calvo-01-400x600.jpg 400w, https:\/\/mallorcaglobalmag.es\/wp-content\/uploads\/SOLEA-MORENTE-Raquel-Calvo-01-600x900.jpg 600w, https:\/\/mallorcaglobalmag.es\/wp-content\/uploads\/SOLEA-MORENTE-Raquel-Calvo-01-683x1024.jpg 683w, https:\/\/mallorcaglobalmag.es\/wp-content\/uploads\/SOLEA-MORENTE-Raquel-Calvo-01-768x1152.jpg 768w, https:\/\/mallorcaglobalmag.es\/wp-content\/uploads\/SOLEA-MORENTE-Raquel-Calvo-01-800x1200.jpg 800w, https:\/\/mallorcaglobalmag.es\/wp-content\/uploads\/SOLEA-MORENTE-Raquel-Calvo-01-1024x1536.jpg 1024w, https:\/\/mallorcaglobalmag.es\/wp-content\/uploads\/SOLEA-MORENTE-Raquel-Calvo-01-1200x1800.jpg 1200w, https:\/\/mallorcaglobalmag.es\/wp-content\/uploads\/SOLEA-MORENTE-Raquel-Calvo-01.jpg 1280w\" sizes=\"(max-width: 683px) 100vw, 683px\" \/><p id=\"caption-attachment-32575\" class=\"wp-caption-text\">Sole\u00e1 Morente. Photo Raquel Calvo.<\/p><\/div>\n<h2>Ni\u00f1o de Elche: March 10 at the Teatro Principal in Palma<\/h2>\n<p>Francisco Contreras Molina, known as &#8220;Ni\u00f1o de Elche&#8221;, is a musician specialized in flamenco music, one of the innovators of the genre. He offers a repertoire and aesthetic forms that were part of the structure that today forms the new singer. An evening where the duende is once again that demon master of ceremonies that makes flamenco an irreversible act.<\/p>\n<h2>Israel Fern\u00e1ndez and Diego Del Morao: March 11 at the Xesc Forteza Theater<\/h2>\n<p>Israel Fern\u00e1ndez and Diego del Morao form one of the leading couples in current flamenco, and they are sought after in the best venues and festivals of the genre. After working together for a while, they now embark on \u201cAmor\u201d, this record project with the desire to capture all the personality that they both treasure.<\/p>\n<div id=\"attachment_32581\" style=\"width: 1034px\" class=\"wp-caption aligncenter\"><img decoding=\"async\" aria-describedby=\"caption-attachment-32581\" class=\"wp-image-32581 size-large\" src=\"https:\/\/mallorcaglobalmag.es\/wp-content\/uploads\/\/Tremendita-@CarmenAlmirante-1024x683.jpg\" alt=\"\" width=\"1024\" height=\"683\" srcset=\"https:\/\/mallorcaglobalmag.es\/wp-content\/uploads\/Tremendita-@CarmenAlmirante-200x133.jpg 200w, https:\/\/mallorcaglobalmag.es\/wp-content\/uploads\/Tremendita-@CarmenAlmirante-300x200.jpg 300w, https:\/\/mallorcaglobalmag.es\/wp-content\/uploads\/Tremendita-@CarmenAlmirante-400x267.jpg 400w, https:\/\/mallorcaglobalmag.es\/wp-content\/uploads\/Tremendita-@CarmenAlmirante-600x400.jpg 600w, https:\/\/mallorcaglobalmag.es\/wp-content\/uploads\/Tremendita-@CarmenAlmirante-768x512.jpg 768w, https:\/\/mallorcaglobalmag.es\/wp-content\/uploads\/Tremendita-@CarmenAlmirante-800x533.jpg 800w, https:\/\/mallorcaglobalmag.es\/wp-content\/uploads\/Tremendita-@CarmenAlmirante-1024x683.jpg 1024w, https:\/\/mallorcaglobalmag.es\/wp-content\/uploads\/Tremendita-@CarmenAlmirante-1200x800.jpg 1200w, https:\/\/mallorcaglobalmag.es\/wp-content\/uploads\/Tremendita-@CarmenAlmirante-1536x1024.jpg 1536w, https:\/\/mallorcaglobalmag.es\/wp-content\/uploads\/Tremendita-@CarmenAlmirante.jpg 1920w\" sizes=\"(max-width: 1024px) 100vw, 1024px\" \/><p id=\"caption-attachment-32581\" class=\"wp-caption-text\">La &#8220;tremendita&#8221;. Photo: Carmen Almirante.<\/p><\/div>\n<h2>Rosario Guerrero, \u201cla tremendita\u201d: March 12 at the Xesc Forteza Theater<\/h2>\n<p>Singer born in Triana, Seville (1984), as well as a performer, Rosario assumes the role of composer, producer, lyricist and multi-instrumentalist (she accompanies herself with guitar, electric bass and percussion). According to critics, she is one of the great innovators of current flamenco and an icon of the new times of flamenco art.<\/p>\n<p>With Tremenda (2021) he reviews and investigates cante jondo, a creative proposal that leads to a heterogeneous musical space, free from stylistic ties and rules, where tradition is narrowed from impurity, to endow it with sonorities, &#8216;a priori&#8217; far removed from traditional flamenco.<\/p>\n<h2>Miguel Fern\u00e1ndez &#8216;El Yiyo&#8217;: March 13 at the Xesc Forteza Theater<\/h2>\n<p>Miguel Fern\u00e1ndez Ribas, better known to the public as El Yiyo, is a young dancer who is only 25 years old, but has dedicated more than 17 years to professional dance. Member of a gypsy family from Ja\u00e9n, he is pure instinct and art. He has starred in more than 20 plays, and at just 11 years old he completed his first international tour. There is no doubt that El Yiyo is one of the dancers with the greatest projection on the current scene.<\/p>\n<p>His new show, \u201cJubilee\u201d, is an invitation to the public to join his new party. It is a new resurgence where he shows unpublished facets developed together with his dance team that, through the desire to share the celebration again, transforms the show into a family party, without neglecting his own personal style. .<\/p>\n","protected":false},"excerpt":{"rendered":"<p>From March 9 to 13, the first edition of the <a href=\"https:\/\/mallorcaglobalmag.es\/en\/palma-celebra-a-paco-de-lucia-con-un-festival-de-flamenco\/\"> [&#8230;]<\/a><\/p>\n","protected":false},"author":4,"featured_media":32578,"comment_status":"open","ping_status":"open","sticky":false,"template":"","format":"standard","meta":{"footnotes":""},"categories":[136],"tags":[],"class_list":["post-32603","post","type-post","status-publish","format-standard","has-post-thumbnail","hentry","category-blog-en"],"yoast_head":"<!-- This site is optimized with the Yoast SEO plugin v25.2 - https:\/\/yoast.com\/wordpress\/plugins\/seo\/ -->\n<title>Festival Paco de Luc\u00eda en Palma - Mallorca Global Mag<\/title>\n<meta name=\"description\" content=\"Del 9 al 13 de marzo se realiza en Palma el Festival Paco de Luc\u00eda con j\u00f3venes figuras del flamenco y referente como Sole\u00e0 y Kiki Morente.\" \/>\n<meta name=\"robots\" content=\"index, follow, max-snippet:-1, max-image-preview:large, max-video-preview:-1\" \/>\n<link rel=\"canonical\" href=\"https:\/\/mallorcaglobalmag.es\/en\/palma-celebra-a-paco-de-lucia-con-un-festival-de-flamenco\/\" \/>\n<meta property=\"og:locale\" content=\"en_US\" \/>\n<meta property=\"og:type\" content=\"article\" \/>\n<meta property=\"og:title\" content=\"Festival Paco de Luc\u00eda en Palma - Mallorca Global Mag\" \/>\n<meta property=\"og:description\" content=\"Del 9 al 13 de marzo se realiza en Palma el Festival Paco de Luc\u00eda con j\u00f3venes figuras del flamenco y referente como Sole\u00e0 y Kiki Morente.\" \/>\n<meta property=\"og:url\" content=\"https:\/\/mallorcaglobalmag.es\/en\/palma-celebra-a-paco-de-lucia-con-un-festival-de-flamenco\/\" \/>\n<meta property=\"og:site_name\" content=\"Mallorca Global Mag\" \/>\n<meta property=\"article:published_time\" content=\"2022-03-09T02:04:08+00:00\" \/>\n<meta property=\"article:modified_time\" content=\"2022-03-09T08:31:59+00:00\" \/>\n<meta property=\"og:image\" content=\"https:\/\/mallorcaglobalmag.es\/wp-content\/uploads\/Paco-de-Lucia.jpg\" \/>\n\t<meta property=\"og:image:width\" content=\"1024\" \/>\n\t<meta property=\"og:image:height\" content=\"768\" \/>\n\t<meta property=\"og:image:type\" content=\"image\/jpeg\" \/>\n<meta name=\"author\" content=\"Redacci\u00f3n\" \/>\n<meta name=\"twitter:card\" content=\"summary_large_image\" \/>\n<meta name=\"twitter:label1\" content=\"Written by\" \/>\n\t<meta name=\"twitter:data1\" content=\"Redacci\u00f3n\" \/>\n\t<meta name=\"twitter:label2\" content=\"Est. reading time\" \/>\n\t<meta name=\"twitter:data2\" content=\"4 minutes\" \/>\n<script type=\"application\/ld+json\" class=\"yoast-schema-graph\">{\"@context\":\"https:\/\/schema.org\",\"@graph\":[{\"@type\":\"WebPage\",\"@id\":\"https:\/\/mallorcaglobalmag.es\/en\/palma-celebra-a-paco-de-lucia-con-un-festival-de-flamenco\/\",\"url\":\"https:\/\/mallorcaglobalmag.es\/en\/palma-celebra-a-paco-de-lucia-con-un-festival-de-flamenco\/\",\"name\":\"Festival Paco de Luc\u00eda en Palma - Mallorca Global Mag\",\"isPartOf\":{\"@id\":\"https:\/\/mallorcaglobalmag.es\/#website\"},\"primaryImageOfPage\":{\"@id\":\"https:\/\/mallorcaglobalmag.es\/en\/palma-celebra-a-paco-de-lucia-con-un-festival-de-flamenco\/#primaryimage\"},\"image\":{\"@id\":\"https:\/\/mallorcaglobalmag.es\/en\/palma-celebra-a-paco-de-lucia-con-un-festival-de-flamenco\/#primaryimage\"},\"thumbnailUrl\":\"https:\/\/mallorcaglobalmag.es\/wp-content\/uploads\/Paco-de-Lucia.jpg\",\"datePublished\":\"2022-03-09T02:04:08+00:00\",\"dateModified\":\"2022-03-09T08:31:59+00:00\",\"author\":{\"@id\":\"https:\/\/mallorcaglobalmag.es\/#\/schema\/person\/9a3cf523d44bd4905a14be13db051907\"},\"description\":\"Del 9 al 13 de marzo se realiza en Palma el Festival Paco de Luc\u00eda con j\u00f3venes figuras del flamenco y referente como Sole\u00e0 y Kiki Morente.\",\"breadcrumb\":{\"@id\":\"https:\/\/mallorcaglobalmag.es\/en\/palma-celebra-a-paco-de-lucia-con-un-festival-de-flamenco\/#breadcrumb\"},\"inLanguage\":\"en-US\",\"potentialAction\":[{\"@type\":\"ReadAction\",\"target\":[\"https:\/\/mallorcaglobalmag.es\/en\/palma-celebra-a-paco-de-lucia-con-un-festival-de-flamenco\/\"]}]},{\"@type\":\"ImageObject\",\"inLanguage\":\"en-US\",\"@id\":\"https:\/\/mallorcaglobalmag.es\/en\/palma-celebra-a-paco-de-lucia-con-un-festival-de-flamenco\/#primaryimage\",\"url\":\"https:\/\/mallorcaglobalmag.es\/wp-content\/uploads\/Paco-de-Lucia.jpg\",\"contentUrl\":\"https:\/\/mallorcaglobalmag.es\/wp-content\/uploads\/Paco-de-Lucia.jpg\",\"width\":1024,\"height\":768,\"caption\":\"Paco de Luc\u00eda y su guitarra. Foto: Fundaci\u00f3n Paco de Luc\u00eda.\"},{\"@type\":\"BreadcrumbList\",\"@id\":\"https:\/\/mallorcaglobalmag.es\/en\/palma-celebra-a-paco-de-lucia-con-un-festival-de-flamenco\/#breadcrumb\",\"itemListElement\":[{\"@type\":\"ListItem\",\"position\":1,\"name\":\"Portada\",\"item\":\"https:\/\/mallorcaglobalmag.es\/en\/\"},{\"@type\":\"ListItem\",\"position\":2,\"name\":\"Palma celebrates Paco de Luc\u00eda with a flamenco festival\"}]},{\"@type\":\"WebSite\",\"@id\":\"https:\/\/mallorcaglobalmag.es\/#website\",\"url\":\"https:\/\/mallorcaglobalmag.es\/\",\"name\":\"Mallorca Global Mag\",\"description\":\"Revista de informaci\u00f3n general de Mallorca\",\"potentialAction\":[{\"@type\":\"SearchAction\",\"target\":{\"@type\":\"EntryPoint\",\"urlTemplate\":\"https:\/\/mallorcaglobalmag.es\/?s={search_term_string}\"},\"query-input\":{\"@type\":\"PropertyValueSpecification\",\"valueRequired\":true,\"valueName\":\"search_term_string\"}}],\"inLanguage\":\"en-US\"},{\"@type\":\"Person\",\"@id\":\"https:\/\/mallorcaglobalmag.es\/#\/schema\/person\/9a3cf523d44bd4905a14be13db051907\",\"name\":\"Redacci\u00f3n\",\"image\":{\"@type\":\"ImageObject\",\"inLanguage\":\"en-US\",\"@id\":\"https:\/\/mallorcaglobalmag.es\/#\/schema\/person\/image\/\",\"url\":\"https:\/\/secure.gravatar.com\/avatar\/54a4bcd1a68eccdda3505d7ee5d6ebb8e5dd78095a07d388940305fac2e49572?s=96&d=mm&r=g\",\"contentUrl\":\"https:\/\/secure.gravatar.com\/avatar\/54a4bcd1a68eccdda3505d7ee5d6ebb8e5dd78095a07d388940305fac2e49572?s=96&d=mm&r=g\",\"caption\":\"Redacci\u00f3n\"},\"url\":\"https:\/\/mallorcaglobalmag.es\/en\/author\/elena\/\"}]}<\/script>\n<!-- \/ Yoast SEO plugin. -->","yoast_head_json":{"title":"Festival Paco de Luc\u00eda en Palma - Mallorca Global Mag","description":"Del 9 al 13 de marzo se realiza en Palma el Festival Paco de Luc\u00eda con j\u00f3venes figuras del flamenco y referente como Sole\u00e0 y Kiki Morente.","robots":{"index":"index","follow":"follow","max-snippet":"max-snippet:-1","max-image-preview":"max-image-preview:large","max-video-preview":"max-video-preview:-1"},"canonical":"https:\/\/mallorcaglobalmag.es\/en\/palma-celebra-a-paco-de-lucia-con-un-festival-de-flamenco\/","og_locale":"en_US","og_type":"article","og_title":"Festival Paco de Luc\u00eda en Palma - Mallorca Global Mag","og_description":"Del 9 al 13 de marzo se realiza en Palma el Festival Paco de Luc\u00eda con j\u00f3venes figuras del flamenco y referente como Sole\u00e0 y Kiki Morente.","og_url":"https:\/\/mallorcaglobalmag.es\/en\/palma-celebra-a-paco-de-lucia-con-un-festival-de-flamenco\/","og_site_name":"Mallorca Global Mag","article_published_time":"2022-03-09T02:04:08+00:00","article_modified_time":"2022-03-09T08:31:59+00:00","og_image":[{"width":1024,"height":768,"url":"https:\/\/mallorcaglobalmag.es\/wp-content\/uploads\/Paco-de-Lucia.jpg","type":"image\/jpeg"}],"author":"Redacci\u00f3n","twitter_card":"summary_large_image","twitter_misc":{"Written by":"Redacci\u00f3n","Est. reading time":"4 minutes"},"schema":{"@context":"https:\/\/schema.org","@graph":[{"@type":"WebPage","@id":"https:\/\/mallorcaglobalmag.es\/en\/palma-celebra-a-paco-de-lucia-con-un-festival-de-flamenco\/","url":"https:\/\/mallorcaglobalmag.es\/en\/palma-celebra-a-paco-de-lucia-con-un-festival-de-flamenco\/","name":"Festival Paco de Luc\u00eda en Palma - Mallorca Global Mag","isPartOf":{"@id":"https:\/\/mallorcaglobalmag.es\/#website"},"primaryImageOfPage":{"@id":"https:\/\/mallorcaglobalmag.es\/en\/palma-celebra-a-paco-de-lucia-con-un-festival-de-flamenco\/#primaryimage"},"image":{"@id":"https:\/\/mallorcaglobalmag.es\/en\/palma-celebra-a-paco-de-lucia-con-un-festival-de-flamenco\/#primaryimage"},"thumbnailUrl":"https:\/\/mallorcaglobalmag.es\/wp-content\/uploads\/Paco-de-Lucia.jpg","datePublished":"2022-03-09T02:04:08+00:00","dateModified":"2022-03-09T08:31:59+00:00","author":{"@id":"https:\/\/mallorcaglobalmag.es\/#\/schema\/person\/9a3cf523d44bd4905a14be13db051907"},"description":"Del 9 al 13 de marzo se realiza en Palma el Festival Paco de Luc\u00eda con j\u00f3venes figuras del flamenco y referente como Sole\u00e0 y Kiki Morente.","breadcrumb":{"@id":"https:\/\/mallorcaglobalmag.es\/en\/palma-celebra-a-paco-de-lucia-con-un-festival-de-flamenco\/#breadcrumb"},"inLanguage":"en-US","potentialAction":[{"@type":"ReadAction","target":["https:\/\/mallorcaglobalmag.es\/en\/palma-celebra-a-paco-de-lucia-con-un-festival-de-flamenco\/"]}]},{"@type":"ImageObject","inLanguage":"en-US","@id":"https:\/\/mallorcaglobalmag.es\/en\/palma-celebra-a-paco-de-lucia-con-un-festival-de-flamenco\/#primaryimage","url":"https:\/\/mallorcaglobalmag.es\/wp-content\/uploads\/Paco-de-Lucia.jpg","contentUrl":"https:\/\/mallorcaglobalmag.es\/wp-content\/uploads\/Paco-de-Lucia.jpg","width":1024,"height":768,"caption":"Paco de Luc\u00eda y su guitarra. Foto: Fundaci\u00f3n Paco de Luc\u00eda."},{"@type":"BreadcrumbList","@id":"https:\/\/mallorcaglobalmag.es\/en\/palma-celebra-a-paco-de-lucia-con-un-festival-de-flamenco\/#breadcrumb","itemListElement":[{"@type":"ListItem","position":1,"name":"Portada","item":"https:\/\/mallorcaglobalmag.es\/en\/"},{"@type":"ListItem","position":2,"name":"Palma celebrates Paco de Luc\u00eda with a flamenco festival"}]},{"@type":"WebSite","@id":"https:\/\/mallorcaglobalmag.es\/#website","url":"https:\/\/mallorcaglobalmag.es\/","name":"Mallorca Global Mag","description":"Revista de informaci\u00f3n general de Mallorca","potentialAction":[{"@type":"SearchAction","target":{"@type":"EntryPoint","urlTemplate":"https:\/\/mallorcaglobalmag.es\/?s={search_term_string}"},"query-input":{"@type":"PropertyValueSpecification","valueRequired":true,"valueName":"search_term_string"}}],"inLanguage":"en-US"},{"@type":"Person","@id":"https:\/\/mallorcaglobalmag.es\/#\/schema\/person\/9a3cf523d44bd4905a14be13db051907","name":"Redacci\u00f3n","image":{"@type":"ImageObject","inLanguage":"en-US","@id":"https:\/\/mallorcaglobalmag.es\/#\/schema\/person\/image\/","url":"https:\/\/secure.gravatar.com\/avatar\/54a4bcd1a68eccdda3505d7ee5d6ebb8e5dd78095a07d388940305fac2e49572?s=96&d=mm&r=g","contentUrl":"https:\/\/secure.gravatar.com\/avatar\/54a4bcd1a68eccdda3505d7ee5d6ebb8e5dd78095a07d388940305fac2e49572?s=96&d=mm&r=g","caption":"Redacci\u00f3n"},"url":"https:\/\/mallorcaglobalmag.es\/en\/author\/elena\/"}]}},"_links":{"self":[{"href":"https:\/\/mallorcaglobalmag.es\/en\/wp-json\/wp\/v2\/posts\/32603","targetHints":{"allow":["GET"]}}],"collection":[{"href":"https:\/\/mallorcaglobalmag.es\/en\/wp-json\/wp\/v2\/posts"}],"about":[{"href":"https:\/\/mallorcaglobalmag.es\/en\/wp-json\/wp\/v2\/types\/post"}],"author":[{"embeddable":true,"href":"https:\/\/mallorcaglobalmag.es\/en\/wp-json\/wp\/v2\/users\/4"}],"replies":[{"embeddable":true,"href":"https:\/\/mallorcaglobalmag.es\/en\/wp-json\/wp\/v2\/comments?post=32603"}],"version-history":[{"count":3,"href":"https:\/\/mallorcaglobalmag.es\/en\/wp-json\/wp\/v2\/posts\/32603\/revisions"}],"predecessor-version":[{"id":32606,"href":"https:\/\/mallorcaglobalmag.es\/en\/wp-json\/wp\/v2\/posts\/32603\/revisions\/32606"}],"wp:featuredmedia":[{"embeddable":true,"href":"https:\/\/mallorcaglobalmag.es\/en\/wp-json\/wp\/v2\/media\/32578"}],"wp:attachment":[{"href":"https:\/\/mallorcaglobalmag.es\/en\/wp-json\/wp\/v2\/media?parent=32603"}],"wp:term":[{"taxonomy":"category","embeddable":true,"href":"https:\/\/mallorcaglobalmag.es\/en\/wp-json\/wp\/v2\/categories?post=32603"},{"taxonomy":"post_tag","embeddable":true,"href":"https:\/\/mallorcaglobalmag.es\/en\/wp-json\/wp\/v2\/tags?post=32603"}],"curies":[{"name":"wp","href":"https:\/\/api.w.org\/{rel}","templated":true}]}}