{"id":32475,"date":"2022-03-03T09:03:59","date_gmt":"2022-03-03T08:03:59","guid":{"rendered":"https:\/\/mallorcaglobalmag.es\/can-balaguer-acoge-una-muestra-fotografica-sobre-las-guitarras-de-paco-de-lucia\/"},"modified":"2022-03-03T10:36:08","modified_gmt":"2022-03-03T09:36:08","slug":"can-balaguer-acoge-una-muestra-fotografica-sobre-las-guitarras-de-paco-de-lucia","status":"publish","type":"post","link":"https:\/\/mallorcaglobalmag.es\/en\/can-balaguer-acoge-una-muestra-fotografica-sobre-las-guitarras-de-paco-de-lucia\/","title":{"rendered":"Can Balaguer hosts a photographic exhibition on the guitars of Paco de Luc\u00eda"},"content":{"rendered":"<p id=\"tw-target-text\" class=\"tw-data-text tw-text-large tw-ta\" dir=\"ltr\" data-placeholder=\"Traducci\u00f3n\"><span class=\"Y2IQFc\" lang=\"en\">Can Balaguer hosts until March 27 the exhibition &#8220;Against the strings. Paco de Luc\u00eda&#8217;s guitars&#8221;. The exhibition, which is part of the Paco de Luc\u00eda Festival, brings together forty photographs of the musician&#8217;s guitars, taken by Tomeu Coll, Oto Marabel and the musician&#8217;s widow, Gabriela Canseco. <\/span><\/p>\n<p class=\"tw-data-text tw-text-large tw-ta\" dir=\"ltr\" data-placeholder=\"Traducci\u00f3n\"><span class=\"Y2IQFc\" lang=\"en\">&#8220;We wanted the guitars to be present at the festival,&#8221; said the organizer of this event, Soledad Besc\u00f3s, who stressed that these instruments &#8220;had never been presented&#8221; in public. For his part, the photographer and curator of the exhibition, Tomeu Coll, explained that it was decided to leave a graphic document of the guitars that Paco de Luc\u00eda had in Mallorca before his move to Madrid. &#8220;We&#8217;ve taken some of the guitars out for a walk and placed them in places he liked, related to trees and light,&#8221; he added. <\/span><\/p>\n<p class=\"tw-data-text tw-text-large tw-ta\" dir=\"ltr\" data-placeholder=\"Traducci\u00f3n\"><span class=\"Y2IQFc\" lang=\"en\">The photographs have been taken in places such as the Sant Jordi plain, Campos or corners of the Serra de Tramuntana. The luthier Antonio Morales also attended the presentation of the exhibition and recalled his collaboration with de Luc\u00eda. &#8220;Working with him was easy and difficult. He was very demanding and had an incredible ear, but he didn&#8217;t put pressure on you,&#8221; he said, adding that the last thing the guitarist had in mind was &#8220;the beauty of the materials.&#8221; &#8220;The important thing for him was how the guitar sounded, the balance, the balance, the sensations&#8230; He wasn&#8217;t obsessive with the materials, but he was with the tunings,&#8221; he said. <\/span><\/p>\n<p class=\"tw-data-text tw-text-large tw-ta\" dir=\"ltr\" data-placeholder=\"Traducci\u00f3n\"><span class=\"Y2IQFc\" lang=\"en\">In addition to the images of the guitars, this exhibition, which forms part of the Paco de Luc\u00eda Festival programme, also offers a series of intimate portraits of the guitarist at different times, made by his wife, Gabriela Canseco. Canseco&#8217;s images reveal an intimate Paco and testify to moments before the concerts, in which the musician needed to relax and think about things that calmed him down in some way. Regarding the photographs of the guitars, they are divided into two sections. <\/span><\/p>\n<p class=\"tw-data-text tw-text-large tw-ta\" dir=\"ltr\" data-placeholder=\"Traducci\u00f3n\"><span class=\"Y2IQFc\" lang=\"en\">The first is dedicated to these instruments in representative spaces of the place where he lived and where he kept them. Second, you will be able to see details of the guitars and appreciate the excellence of the design, materials and manufacture. <\/span><\/p>\n<div id=\"attachment_32465\" style=\"width: 1610px\" class=\"wp-caption alignnone\"><img decoding=\"async\" aria-describedby=\"caption-attachment-32465\" class=\"wp-image-32465 size-full\" src=\"https:\/\/mallorcaglobalmag.es\/wp-content\/uploads\/0_146534_1.jpeg\" alt=\"\" width=\"1600\" height=\"1200\" srcset=\"https:\/\/mallorcaglobalmag.es\/wp-content\/uploads\/0_146534_1-200x150.jpeg 200w, https:\/\/mallorcaglobalmag.es\/wp-content\/uploads\/0_146534_1-300x225.jpeg 300w, https:\/\/mallorcaglobalmag.es\/wp-content\/uploads\/0_146534_1-400x300.jpeg 400w, https:\/\/mallorcaglobalmag.es\/wp-content\/uploads\/0_146534_1-600x450.jpeg 600w, https:\/\/mallorcaglobalmag.es\/wp-content\/uploads\/0_146534_1-768x576.jpeg 768w, https:\/\/mallorcaglobalmag.es\/wp-content\/uploads\/0_146534_1-800x600.jpeg 800w, https:\/\/mallorcaglobalmag.es\/wp-content\/uploads\/0_146534_1-1024x768.jpeg 1024w, https:\/\/mallorcaglobalmag.es\/wp-content\/uploads\/0_146534_1-1200x900.jpeg 1200w, https:\/\/mallorcaglobalmag.es\/wp-content\/uploads\/0_146534_1-1536x1152.jpeg 1536w, https:\/\/mallorcaglobalmag.es\/wp-content\/uploads\/0_146534_1.jpeg 1600w\" sizes=\"(max-width: 1600px) 100vw, 1600px\" \/><p id=\"caption-attachment-32465\" class=\"wp-caption-text\">Fot\u00f3grafos, familiares del m\u00fasico y organizadores, en la exposici\u00f3n sobre Paco de Lucia. Foto: Ajuntament de Palma.<\/p><\/div>\n","protected":false},"excerpt":{"rendered":"<p>Can Balaguer hosts until March 27 the exhibition &#8220;Against the <a href=\"https:\/\/mallorcaglobalmag.es\/en\/can-balaguer-acoge-una-muestra-fotografica-sobre-las-guitarras-de-paco-de-lucia\/\"> [&#8230;]<\/a><\/p>\n","protected":false},"author":4,"featured_media":32465,"comment_status":"open","ping_status":"open","sticky":false,"template":"","format":"standard","meta":{"footnotes":""},"categories":[136],"tags":[],"class_list":["post-32475","post","type-post","status-publish","format-standard","has-post-thumbnail","hentry","category-blog-en"],"yoast_head":"<!-- This site is optimized with the Yoast SEO plugin v25.2 - https:\/\/yoast.com\/wordpress\/plugins\/seo\/ -->\n<title>Can Balaguer hosts a photographic exhibition on the guitars of Paco de Luc\u00eda - Mallorca Global Mag<\/title>\n<meta name=\"robots\" content=\"index, follow, max-snippet:-1, max-image-preview:large, max-video-preview:-1\" \/>\n<link rel=\"canonical\" href=\"https:\/\/mallorcaglobalmag.es\/can-balaguer-acoge-una-muestra-fotografica-sobre-las-guitarras-de-paco-de-lucia\/\" \/>\n<meta property=\"og:locale\" content=\"en_US\" \/>\n<meta property=\"og:type\" content=\"article\" \/>\n<meta property=\"og:title\" content=\"Can Balaguer hosts a photographic exhibition on the guitars of Paco de Luc\u00eda - Mallorca Global Mag\" \/>\n<meta property=\"og:description\" content=\"Can Balaguer hosts until March 27 the exhibition &#8220;Against the [...]\" \/>\n<meta property=\"og:url\" content=\"https:\/\/mallorcaglobalmag.es\/can-balaguer-acoge-una-muestra-fotografica-sobre-las-guitarras-de-paco-de-lucia\/\" \/>\n<meta property=\"og:site_name\" content=\"Mallorca Global Mag\" \/>\n<meta property=\"article:published_time\" content=\"2022-03-03T08:03:59+00:00\" \/>\n<meta property=\"article:modified_time\" content=\"2022-03-03T09:36:08+00:00\" \/>\n<meta property=\"og:image\" content=\"https:\/\/mallorcaglobalmag.es\/wp-content\/uploads\/0_146534_1.jpeg\" \/>\n\t<meta property=\"og:image:width\" content=\"1600\" \/>\n\t<meta property=\"og:image:height\" content=\"1200\" \/>\n\t<meta property=\"og:image:type\" content=\"image\/jpeg\" \/>\n<meta name=\"author\" content=\"Redacci\u00f3n\" \/>\n<meta name=\"twitter:card\" content=\"summary_large_image\" \/>\n<meta name=\"twitter:label1\" content=\"Written by\" \/>\n\t<meta name=\"twitter:data1\" content=\"Redacci\u00f3n\" \/>\n\t<meta name=\"twitter:label2\" content=\"Est. reading time\" \/>\n\t<meta name=\"twitter:data2\" content=\"2 minutes\" \/>\n<script type=\"application\/ld+json\" class=\"yoast-schema-graph\">{\"@context\":\"https:\/\/schema.org\",\"@graph\":[{\"@type\":\"WebPage\",\"@id\":\"https:\/\/mallorcaglobalmag.es\/can-balaguer-acoge-una-muestra-fotografica-sobre-las-guitarras-de-paco-de-lucia\/\",\"url\":\"https:\/\/mallorcaglobalmag.es\/can-balaguer-acoge-una-muestra-fotografica-sobre-las-guitarras-de-paco-de-lucia\/\",\"name\":\"Can Balaguer hosts a photographic exhibition on the guitars of Paco de Luc\u00eda - Mallorca Global Mag\",\"isPartOf\":{\"@id\":\"https:\/\/mallorcaglobalmag.es\/#website\"},\"primaryImageOfPage\":{\"@id\":\"https:\/\/mallorcaglobalmag.es\/can-balaguer-acoge-una-muestra-fotografica-sobre-las-guitarras-de-paco-de-lucia\/#primaryimage\"},\"image\":{\"@id\":\"https:\/\/mallorcaglobalmag.es\/can-balaguer-acoge-una-muestra-fotografica-sobre-las-guitarras-de-paco-de-lucia\/#primaryimage\"},\"thumbnailUrl\":\"https:\/\/mallorcaglobalmag.es\/wp-content\/uploads\/0_146534_1.jpeg\",\"datePublished\":\"2022-03-03T08:03:59+00:00\",\"dateModified\":\"2022-03-03T09:36:08+00:00\",\"author\":{\"@id\":\"https:\/\/mallorcaglobalmag.es\/#\/schema\/person\/9a3cf523d44bd4905a14be13db051907\"},\"breadcrumb\":{\"@id\":\"https:\/\/mallorcaglobalmag.es\/can-balaguer-acoge-una-muestra-fotografica-sobre-las-guitarras-de-paco-de-lucia\/#breadcrumb\"},\"inLanguage\":\"en-US\",\"potentialAction\":[{\"@type\":\"ReadAction\",\"target\":[\"https:\/\/mallorcaglobalmag.es\/can-balaguer-acoge-una-muestra-fotografica-sobre-las-guitarras-de-paco-de-lucia\/\"]}]},{\"@type\":\"ImageObject\",\"inLanguage\":\"en-US\",\"@id\":\"https:\/\/mallorcaglobalmag.es\/can-balaguer-acoge-una-muestra-fotografica-sobre-las-guitarras-de-paco-de-lucia\/#primaryimage\",\"url\":\"https:\/\/mallorcaglobalmag.es\/wp-content\/uploads\/0_146534_1.jpeg\",\"contentUrl\":\"https:\/\/mallorcaglobalmag.es\/wp-content\/uploads\/0_146534_1.jpeg\",\"width\":1600,\"height\":1200},{\"@type\":\"BreadcrumbList\",\"@id\":\"https:\/\/mallorcaglobalmag.es\/can-balaguer-acoge-una-muestra-fotografica-sobre-las-guitarras-de-paco-de-lucia\/#breadcrumb\",\"itemListElement\":[{\"@type\":\"ListItem\",\"position\":1,\"name\":\"Portada\",\"item\":\"https:\/\/mallorcaglobalmag.es\/en\/\"},{\"@type\":\"ListItem\",\"position\":2,\"name\":\"Can Balaguer hosts a photographic exhibition on the guitars of Paco de Luc\u00eda\"}]},{\"@type\":\"WebSite\",\"@id\":\"https:\/\/mallorcaglobalmag.es\/#website\",\"url\":\"https:\/\/mallorcaglobalmag.es\/\",\"name\":\"Mallorca Global Mag\",\"description\":\"Revista de informaci\u00f3n general de Mallorca\",\"potentialAction\":[{\"@type\":\"SearchAction\",\"target\":{\"@type\":\"EntryPoint\",\"urlTemplate\":\"https:\/\/mallorcaglobalmag.es\/?s={search_term_string}\"},\"query-input\":{\"@type\":\"PropertyValueSpecification\",\"valueRequired\":true,\"valueName\":\"search_term_string\"}}],\"inLanguage\":\"en-US\"},{\"@type\":\"Person\",\"@id\":\"https:\/\/mallorcaglobalmag.es\/#\/schema\/person\/9a3cf523d44bd4905a14be13db051907\",\"name\":\"Redacci\u00f3n\",\"image\":{\"@type\":\"ImageObject\",\"inLanguage\":\"en-US\",\"@id\":\"https:\/\/mallorcaglobalmag.es\/#\/schema\/person\/image\/\",\"url\":\"https:\/\/secure.gravatar.com\/avatar\/54a4bcd1a68eccdda3505d7ee5d6ebb8e5dd78095a07d388940305fac2e49572?s=96&d=mm&r=g\",\"contentUrl\":\"https:\/\/secure.gravatar.com\/avatar\/54a4bcd1a68eccdda3505d7ee5d6ebb8e5dd78095a07d388940305fac2e49572?s=96&d=mm&r=g\",\"caption\":\"Redacci\u00f3n\"},\"url\":\"https:\/\/mallorcaglobalmag.es\/en\/author\/elena\/\"}]}<\/script>\n<!-- \/ Yoast SEO plugin. -->","yoast_head_json":{"title":"Can Balaguer hosts a photographic exhibition on the guitars of Paco de Luc\u00eda - Mallorca Global Mag","robots":{"index":"index","follow":"follow","max-snippet":"max-snippet:-1","max-image-preview":"max-image-preview:large","max-video-preview":"max-video-preview:-1"},"canonical":"https:\/\/mallorcaglobalmag.es\/can-balaguer-acoge-una-muestra-fotografica-sobre-las-guitarras-de-paco-de-lucia\/","og_locale":"en_US","og_type":"article","og_title":"Can Balaguer hosts a photographic exhibition on the guitars of Paco de Luc\u00eda - Mallorca Global Mag","og_description":"Can Balaguer hosts until March 27 the exhibition &#8220;Against the [...]","og_url":"https:\/\/mallorcaglobalmag.es\/can-balaguer-acoge-una-muestra-fotografica-sobre-las-guitarras-de-paco-de-lucia\/","og_site_name":"Mallorca Global Mag","article_published_time":"2022-03-03T08:03:59+00:00","article_modified_time":"2022-03-03T09:36:08+00:00","og_image":[{"width":1600,"height":1200,"url":"https:\/\/mallorcaglobalmag.es\/wp-content\/uploads\/0_146534_1.jpeg","type":"image\/jpeg"}],"author":"Redacci\u00f3n","twitter_card":"summary_large_image","twitter_misc":{"Written by":"Redacci\u00f3n","Est. reading time":"2 minutes"},"schema":{"@context":"https:\/\/schema.org","@graph":[{"@type":"WebPage","@id":"https:\/\/mallorcaglobalmag.es\/can-balaguer-acoge-una-muestra-fotografica-sobre-las-guitarras-de-paco-de-lucia\/","url":"https:\/\/mallorcaglobalmag.es\/can-balaguer-acoge-una-muestra-fotografica-sobre-las-guitarras-de-paco-de-lucia\/","name":"Can Balaguer hosts a photographic exhibition on the guitars of Paco de Luc\u00eda - Mallorca Global Mag","isPartOf":{"@id":"https:\/\/mallorcaglobalmag.es\/#website"},"primaryImageOfPage":{"@id":"https:\/\/mallorcaglobalmag.es\/can-balaguer-acoge-una-muestra-fotografica-sobre-las-guitarras-de-paco-de-lucia\/#primaryimage"},"image":{"@id":"https:\/\/mallorcaglobalmag.es\/can-balaguer-acoge-una-muestra-fotografica-sobre-las-guitarras-de-paco-de-lucia\/#primaryimage"},"thumbnailUrl":"https:\/\/mallorcaglobalmag.es\/wp-content\/uploads\/0_146534_1.jpeg","datePublished":"2022-03-03T08:03:59+00:00","dateModified":"2022-03-03T09:36:08+00:00","author":{"@id":"https:\/\/mallorcaglobalmag.es\/#\/schema\/person\/9a3cf523d44bd4905a14be13db051907"},"breadcrumb":{"@id":"https:\/\/mallorcaglobalmag.es\/can-balaguer-acoge-una-muestra-fotografica-sobre-las-guitarras-de-paco-de-lucia\/#breadcrumb"},"inLanguage":"en-US","potentialAction":[{"@type":"ReadAction","target":["https:\/\/mallorcaglobalmag.es\/can-balaguer-acoge-una-muestra-fotografica-sobre-las-guitarras-de-paco-de-lucia\/"]}]},{"@type":"ImageObject","inLanguage":"en-US","@id":"https:\/\/mallorcaglobalmag.es\/can-balaguer-acoge-una-muestra-fotografica-sobre-las-guitarras-de-paco-de-lucia\/#primaryimage","url":"https:\/\/mallorcaglobalmag.es\/wp-content\/uploads\/0_146534_1.jpeg","contentUrl":"https:\/\/mallorcaglobalmag.es\/wp-content\/uploads\/0_146534_1.jpeg","width":1600,"height":1200},{"@type":"BreadcrumbList","@id":"https:\/\/mallorcaglobalmag.es\/can-balaguer-acoge-una-muestra-fotografica-sobre-las-guitarras-de-paco-de-lucia\/#breadcrumb","itemListElement":[{"@type":"ListItem","position":1,"name":"Portada","item":"https:\/\/mallorcaglobalmag.es\/en\/"},{"@type":"ListItem","position":2,"name":"Can Balaguer hosts a photographic exhibition on the guitars of Paco de Luc\u00eda"}]},{"@type":"WebSite","@id":"https:\/\/mallorcaglobalmag.es\/#website","url":"https:\/\/mallorcaglobalmag.es\/","name":"Mallorca Global Mag","description":"Revista de informaci\u00f3n general de Mallorca","potentialAction":[{"@type":"SearchAction","target":{"@type":"EntryPoint","urlTemplate":"https:\/\/mallorcaglobalmag.es\/?s={search_term_string}"},"query-input":{"@type":"PropertyValueSpecification","valueRequired":true,"valueName":"search_term_string"}}],"inLanguage":"en-US"},{"@type":"Person","@id":"https:\/\/mallorcaglobalmag.es\/#\/schema\/person\/9a3cf523d44bd4905a14be13db051907","name":"Redacci\u00f3n","image":{"@type":"ImageObject","inLanguage":"en-US","@id":"https:\/\/mallorcaglobalmag.es\/#\/schema\/person\/image\/","url":"https:\/\/secure.gravatar.com\/avatar\/54a4bcd1a68eccdda3505d7ee5d6ebb8e5dd78095a07d388940305fac2e49572?s=96&d=mm&r=g","contentUrl":"https:\/\/secure.gravatar.com\/avatar\/54a4bcd1a68eccdda3505d7ee5d6ebb8e5dd78095a07d388940305fac2e49572?s=96&d=mm&r=g","caption":"Redacci\u00f3n"},"url":"https:\/\/mallorcaglobalmag.es\/en\/author\/elena\/"}]}},"_links":{"self":[{"href":"https:\/\/mallorcaglobalmag.es\/en\/wp-json\/wp\/v2\/posts\/32475","targetHints":{"allow":["GET"]}}],"collection":[{"href":"https:\/\/mallorcaglobalmag.es\/en\/wp-json\/wp\/v2\/posts"}],"about":[{"href":"https:\/\/mallorcaglobalmag.es\/en\/wp-json\/wp\/v2\/types\/post"}],"author":[{"embeddable":true,"href":"https:\/\/mallorcaglobalmag.es\/en\/wp-json\/wp\/v2\/users\/4"}],"replies":[{"embeddable":true,"href":"https:\/\/mallorcaglobalmag.es\/en\/wp-json\/wp\/v2\/comments?post=32475"}],"version-history":[{"count":3,"href":"https:\/\/mallorcaglobalmag.es\/en\/wp-json\/wp\/v2\/posts\/32475\/revisions"}],"predecessor-version":[{"id":32478,"href":"https:\/\/mallorcaglobalmag.es\/en\/wp-json\/wp\/v2\/posts\/32475\/revisions\/32478"}],"wp:featuredmedia":[{"embeddable":true,"href":"https:\/\/mallorcaglobalmag.es\/en\/wp-json\/wp\/v2\/media\/32465"}],"wp:attachment":[{"href":"https:\/\/mallorcaglobalmag.es\/en\/wp-json\/wp\/v2\/media?parent=32475"}],"wp:term":[{"taxonomy":"category","embeddable":true,"href":"https:\/\/mallorcaglobalmag.es\/en\/wp-json\/wp\/v2\/categories?post=32475"},{"taxonomy":"post_tag","embeddable":true,"href":"https:\/\/mallorcaglobalmag.es\/en\/wp-json\/wp\/v2\/tags?post=32475"}],"curies":[{"name":"wp","href":"https:\/\/api.w.org\/{rel}","templated":true}]}}