{"id":32062,"date":"2022-02-14T16:17:36","date_gmt":"2022-02-14T15:17:36","guid":{"rendered":"https:\/\/mallorcaglobalmag.es\/el-arquitecto-elias-torres-y-la-escritora-maria-antonia-oliver-medallas-de-oro-de-balears-2022\/"},"modified":"2022-02-15T13:36:33","modified_gmt":"2022-02-15T12:36:33","slug":"el-arquitecto-elias-torres-y-la-escritora-maria-antonia-oliver-medallas-de-oro-de-balears-2022","status":"publish","type":"post","link":"https:\/\/mallorcaglobalmag.es\/en\/el-arquitecto-elias-torres-y-la-escritora-maria-antonia-oliver-medallas-de-oro-de-balears-2022\/","title":{"rendered":"The architect El\u00edas Torres and the writer Maria Ant\u00f2nia Oliver, Balearic gold medals 2022"},"content":{"rendered":"<p>The architect El\u00edas Torres and the writer Maria Ant\u00f2nia Oliver, Balearic gold medals 2022<\/p>\n<p>The Consell de Govern has agreed to award this year two gold medals from the Autonomous Community of the Balearic Islands: one posthumously to the writer Maria Ant\u00f2nia Oliver and the other to El\u00edas Torres i Tur.<\/p>\n<p>The Gold Medal is the highest award granted by the Autonomous Community of the Balearic Islands, and its purpose is to honor the merits achieved, individually or collectively, by natural or legal persons who have distinguished themselves by their personal or professional career in the defense, promotion or fostering of the institutions and general interests of the autonomous community of the Balearic Islands, and whose work has had a special projection outside the scope of the Balearic Islands.<\/p>\n<p>Maria Ant\u00f2nia Oliver (Manacor, December 4, 1946 &#8211; Sencelles, February 10, 2022) is a writer who began to stand out in the 1970s. She began in literature with novels focused on the problem of transformations in society in Mallorca, with a fantastic and dreamlike base.<\/p>\n<p>Her narrative is varied and gives a special role to women. One of her most outstanding productions is in the field of crime novels, in which she produces the series of the Majorcan detective based in Barcelona, \u200b\u200bL\u00f2nia Guiu, and who touches on issues of social criticism in a fast-paced environment.<\/p>\n<div id=\"attachment_31950\" style=\"width: 1034px\" class=\"wp-caption aligncenter\"><img decoding=\"async\" aria-describedby=\"caption-attachment-31950\" class=\"wp-image-31950 size-large\" src=\"https:\/\/mallorcaglobalmag.es\/wp-content\/uploads\/\/escritora-1024x682.jpg\" alt=\"\" width=\"1024\" height=\"682\" srcset=\"https:\/\/mallorcaglobalmag.es\/wp-content\/uploads\/escritora-200x133.jpg 200w, https:\/\/mallorcaglobalmag.es\/wp-content\/uploads\/escritora-300x200.jpg 300w, https:\/\/mallorcaglobalmag.es\/wp-content\/uploads\/escritora-400x266.jpg 400w, https:\/\/mallorcaglobalmag.es\/wp-content\/uploads\/escritora-600x399.jpg 600w, https:\/\/mallorcaglobalmag.es\/wp-content\/uploads\/escritora-768x511.jpg 768w, https:\/\/mallorcaglobalmag.es\/wp-content\/uploads\/escritora-800x533.jpg 800w, https:\/\/mallorcaglobalmag.es\/wp-content\/uploads\/escritora-1024x682.jpg 1024w, https:\/\/mallorcaglobalmag.es\/wp-content\/uploads\/escritora-1200x799.jpg 1200w, https:\/\/mallorcaglobalmag.es\/wp-content\/uploads\/escritora-1536x1022.jpg 1536w, https:\/\/mallorcaglobalmag.es\/wp-content\/uploads\/escritora.jpg 1920w\" sizes=\"(max-width: 1024px) 100vw, 1024px\" \/><p id=\"caption-attachment-31950\" class=\"wp-caption-text\">The writer Maria Antonia Oliver. Photo: GOIB.<\/p><\/div>\n<p>El\u00edas Torres i Tur (Ibiza, 1944) is an Ibizan architect. He holds a doctorate from the Barcelona School of Architecture and is currently a professor at the Polytechnic University of Catalonia since 1979. He has also been a visiting professor at Harvard University and the University of California at Los Angeles (UCLA), and a resident at the Spanish Academy of Rome (1990).<\/p>\n<p>Among his most outstanding projects are the houses of the Olympic Village in Barcelona, \u200b\u200bthe restoration of Park G\u00fcell in Barcelona, \u200b\u200bthe Rauchwerk house in New Orleans (1986), the annex to the Kumamoto Museum in Japan (1992), the Plaza del Foro in Barcelona (2004) or the Ses Voltes space in Palma. He has received the FAD Award in 1986, 1988 and 1992. In 2008 he received the Ramon Llull Award, and in 2016 the Spanish National Architecture Award.<\/p>\n<div id=\"attachment_32052\" style=\"width: 788px\" class=\"wp-caption aligncenter\"><img decoding=\"async\" aria-describedby=\"caption-attachment-32052\" class=\"wp-image-32052 size-full\" src=\"https:\/\/mallorcaglobalmag.es\/wp-content\/uploads\/torres.jpg\" alt=\"\" width=\"778\" height=\"631\" srcset=\"https:\/\/mallorcaglobalmag.es\/wp-content\/uploads\/torres-200x162.jpg 200w, https:\/\/mallorcaglobalmag.es\/wp-content\/uploads\/torres-300x243.jpg 300w, https:\/\/mallorcaglobalmag.es\/wp-content\/uploads\/torres-400x324.jpg 400w, https:\/\/mallorcaglobalmag.es\/wp-content\/uploads\/torres-600x487.jpg 600w, https:\/\/mallorcaglobalmag.es\/wp-content\/uploads\/torres-768x623.jpg 768w, https:\/\/mallorcaglobalmag.es\/wp-content\/uploads\/torres.jpg 778w\" sizes=\"(max-width: 778px) 100vw, 778px\" \/><p id=\"caption-attachment-32052\" class=\"wp-caption-text\">The architect El\u00edas Torres i Tur. Photo: IB3.<\/p><\/div>\n<p>&nbsp;<\/p>\n<p>&nbsp;<\/p>\n<p>&nbsp;<\/p>\n<p>&nbsp;<\/p>\n","protected":false},"excerpt":{"rendered":"<p>The architect El\u00edas Torres and the writer Maria Ant\u00f2nia Oliver, <a href=\"https:\/\/mallorcaglobalmag.es\/en\/el-arquitecto-elias-torres-y-la-escritora-maria-antonia-oliver-medallas-de-oro-de-balears-2022\/\"> [&#8230;]<\/a><\/p>\n","protected":false},"author":4,"featured_media":32052,"comment_status":"open","ping_status":"open","sticky":false,"template":"","format":"standard","meta":{"footnotes":""},"categories":[136],"tags":[],"class_list":["post-32062","post","type-post","status-publish","format-standard","has-post-thumbnail","hentry","category-blog-en"],"yoast_head":"<!-- This site is optimized with the Yoast SEO plugin v25.2 - https:\/\/yoast.com\/wordpress\/plugins\/seo\/ -->\n<title>The architect El\u00edas Torres and the writer Maria Ant\u00f2nia Oliver, Balearic gold medals 2022 - Mallorca Global Mag<\/title>\n<meta name=\"robots\" content=\"index, follow, max-snippet:-1, max-image-preview:large, max-video-preview:-1\" \/>\n<link rel=\"canonical\" href=\"https:\/\/mallorcaglobalmag.es\/el-arquitecto-elias-torres-y-la-escritora-maria-antonia-oliver-medallas-de-oro-de-balears-2022\/\" \/>\n<meta property=\"og:locale\" content=\"en_US\" \/>\n<meta property=\"og:type\" content=\"article\" \/>\n<meta property=\"og:title\" content=\"The architect El\u00edas Torres and the writer Maria Ant\u00f2nia Oliver, Balearic gold medals 2022 - Mallorca Global Mag\" \/>\n<meta property=\"og:description\" content=\"The architect El\u00edas Torres and the writer Maria Ant\u00f2nia Oliver, [...]\" \/>\n<meta property=\"og:url\" content=\"https:\/\/mallorcaglobalmag.es\/el-arquitecto-elias-torres-y-la-escritora-maria-antonia-oliver-medallas-de-oro-de-balears-2022\/\" \/>\n<meta property=\"og:site_name\" content=\"Mallorca Global Mag\" \/>\n<meta property=\"article:published_time\" content=\"2022-02-14T15:17:36+00:00\" \/>\n<meta property=\"article:modified_time\" content=\"2022-02-15T12:36:33+00:00\" \/>\n<meta property=\"og:image\" content=\"https:\/\/mallorcaglobalmag.es\/wp-content\/uploads\/torres.jpg\" \/>\n\t<meta property=\"og:image:width\" content=\"778\" \/>\n\t<meta property=\"og:image:height\" content=\"631\" \/>\n\t<meta property=\"og:image:type\" content=\"image\/jpeg\" \/>\n<meta name=\"author\" content=\"Redacci\u00f3n\" \/>\n<meta name=\"twitter:card\" content=\"summary_large_image\" \/>\n<meta name=\"twitter:label1\" content=\"Written by\" \/>\n\t<meta name=\"twitter:data1\" content=\"Redacci\u00f3n\" \/>\n\t<meta name=\"twitter:label2\" content=\"Est. reading time\" \/>\n\t<meta name=\"twitter:data2\" content=\"3 minutes\" \/>\n<script type=\"application\/ld+json\" class=\"yoast-schema-graph\">{\"@context\":\"https:\/\/schema.org\",\"@graph\":[{\"@type\":\"WebPage\",\"@id\":\"https:\/\/mallorcaglobalmag.es\/el-arquitecto-elias-torres-y-la-escritora-maria-antonia-oliver-medallas-de-oro-de-balears-2022\/\",\"url\":\"https:\/\/mallorcaglobalmag.es\/el-arquitecto-elias-torres-y-la-escritora-maria-antonia-oliver-medallas-de-oro-de-balears-2022\/\",\"name\":\"The architect El\u00edas Torres and the writer Maria Ant\u00f2nia Oliver, Balearic gold medals 2022 - Mallorca Global Mag\",\"isPartOf\":{\"@id\":\"https:\/\/mallorcaglobalmag.es\/#website\"},\"primaryImageOfPage\":{\"@id\":\"https:\/\/mallorcaglobalmag.es\/el-arquitecto-elias-torres-y-la-escritora-maria-antonia-oliver-medallas-de-oro-de-balears-2022\/#primaryimage\"},\"image\":{\"@id\":\"https:\/\/mallorcaglobalmag.es\/el-arquitecto-elias-torres-y-la-escritora-maria-antonia-oliver-medallas-de-oro-de-balears-2022\/#primaryimage\"},\"thumbnailUrl\":\"https:\/\/mallorcaglobalmag.es\/wp-content\/uploads\/torres.jpg\",\"datePublished\":\"2022-02-14T15:17:36+00:00\",\"dateModified\":\"2022-02-15T12:36:33+00:00\",\"author\":{\"@id\":\"https:\/\/mallorcaglobalmag.es\/#\/schema\/person\/9a3cf523d44bd4905a14be13db051907\"},\"breadcrumb\":{\"@id\":\"https:\/\/mallorcaglobalmag.es\/el-arquitecto-elias-torres-y-la-escritora-maria-antonia-oliver-medallas-de-oro-de-balears-2022\/#breadcrumb\"},\"inLanguage\":\"en-US\",\"potentialAction\":[{\"@type\":\"ReadAction\",\"target\":[\"https:\/\/mallorcaglobalmag.es\/el-arquitecto-elias-torres-y-la-escritora-maria-antonia-oliver-medallas-de-oro-de-balears-2022\/\"]}]},{\"@type\":\"ImageObject\",\"inLanguage\":\"en-US\",\"@id\":\"https:\/\/mallorcaglobalmag.es\/el-arquitecto-elias-torres-y-la-escritora-maria-antonia-oliver-medallas-de-oro-de-balears-2022\/#primaryimage\",\"url\":\"https:\/\/mallorcaglobalmag.es\/wp-content\/uploads\/torres.jpg\",\"contentUrl\":\"https:\/\/mallorcaglobalmag.es\/wp-content\/uploads\/torres.jpg\",\"width\":778,\"height\":631},{\"@type\":\"BreadcrumbList\",\"@id\":\"https:\/\/mallorcaglobalmag.es\/el-arquitecto-elias-torres-y-la-escritora-maria-antonia-oliver-medallas-de-oro-de-balears-2022\/#breadcrumb\",\"itemListElement\":[{\"@type\":\"ListItem\",\"position\":1,\"name\":\"Portada\",\"item\":\"https:\/\/mallorcaglobalmag.es\/en\/\"},{\"@type\":\"ListItem\",\"position\":2,\"name\":\"The architect El\u00edas Torres and the writer Maria Ant\u00f2nia Oliver, Balearic gold medals 2022\"}]},{\"@type\":\"WebSite\",\"@id\":\"https:\/\/mallorcaglobalmag.es\/#website\",\"url\":\"https:\/\/mallorcaglobalmag.es\/\",\"name\":\"Mallorca Global Mag\",\"description\":\"Revista de informaci\u00f3n general de Mallorca\",\"potentialAction\":[{\"@type\":\"SearchAction\",\"target\":{\"@type\":\"EntryPoint\",\"urlTemplate\":\"https:\/\/mallorcaglobalmag.es\/?s={search_term_string}\"},\"query-input\":{\"@type\":\"PropertyValueSpecification\",\"valueRequired\":true,\"valueName\":\"search_term_string\"}}],\"inLanguage\":\"en-US\"},{\"@type\":\"Person\",\"@id\":\"https:\/\/mallorcaglobalmag.es\/#\/schema\/person\/9a3cf523d44bd4905a14be13db051907\",\"name\":\"Redacci\u00f3n\",\"image\":{\"@type\":\"ImageObject\",\"inLanguage\":\"en-US\",\"@id\":\"https:\/\/mallorcaglobalmag.es\/#\/schema\/person\/image\/\",\"url\":\"https:\/\/secure.gravatar.com\/avatar\/54a4bcd1a68eccdda3505d7ee5d6ebb8e5dd78095a07d388940305fac2e49572?s=96&d=mm&r=g\",\"contentUrl\":\"https:\/\/secure.gravatar.com\/avatar\/54a4bcd1a68eccdda3505d7ee5d6ebb8e5dd78095a07d388940305fac2e49572?s=96&d=mm&r=g\",\"caption\":\"Redacci\u00f3n\"},\"url\":\"https:\/\/mallorcaglobalmag.es\/en\/author\/elena\/\"}]}<\/script>\n<!-- \/ Yoast SEO plugin. -->","yoast_head_json":{"title":"The architect El\u00edas Torres and the writer Maria Ant\u00f2nia Oliver, Balearic gold medals 2022 - Mallorca Global Mag","robots":{"index":"index","follow":"follow","max-snippet":"max-snippet:-1","max-image-preview":"max-image-preview:large","max-video-preview":"max-video-preview:-1"},"canonical":"https:\/\/mallorcaglobalmag.es\/el-arquitecto-elias-torres-y-la-escritora-maria-antonia-oliver-medallas-de-oro-de-balears-2022\/","og_locale":"en_US","og_type":"article","og_title":"The architect El\u00edas Torres and the writer Maria Ant\u00f2nia Oliver, Balearic gold medals 2022 - Mallorca Global Mag","og_description":"The architect El\u00edas Torres and the writer Maria Ant\u00f2nia Oliver, [...]","og_url":"https:\/\/mallorcaglobalmag.es\/el-arquitecto-elias-torres-y-la-escritora-maria-antonia-oliver-medallas-de-oro-de-balears-2022\/","og_site_name":"Mallorca Global Mag","article_published_time":"2022-02-14T15:17:36+00:00","article_modified_time":"2022-02-15T12:36:33+00:00","og_image":[{"width":778,"height":631,"url":"https:\/\/mallorcaglobalmag.es\/wp-content\/uploads\/torres.jpg","type":"image\/jpeg"}],"author":"Redacci\u00f3n","twitter_card":"summary_large_image","twitter_misc":{"Written by":"Redacci\u00f3n","Est. reading time":"3 minutes"},"schema":{"@context":"https:\/\/schema.org","@graph":[{"@type":"WebPage","@id":"https:\/\/mallorcaglobalmag.es\/el-arquitecto-elias-torres-y-la-escritora-maria-antonia-oliver-medallas-de-oro-de-balears-2022\/","url":"https:\/\/mallorcaglobalmag.es\/el-arquitecto-elias-torres-y-la-escritora-maria-antonia-oliver-medallas-de-oro-de-balears-2022\/","name":"The architect El\u00edas Torres and the writer Maria Ant\u00f2nia Oliver, Balearic gold medals 2022 - Mallorca Global Mag","isPartOf":{"@id":"https:\/\/mallorcaglobalmag.es\/#website"},"primaryImageOfPage":{"@id":"https:\/\/mallorcaglobalmag.es\/el-arquitecto-elias-torres-y-la-escritora-maria-antonia-oliver-medallas-de-oro-de-balears-2022\/#primaryimage"},"image":{"@id":"https:\/\/mallorcaglobalmag.es\/el-arquitecto-elias-torres-y-la-escritora-maria-antonia-oliver-medallas-de-oro-de-balears-2022\/#primaryimage"},"thumbnailUrl":"https:\/\/mallorcaglobalmag.es\/wp-content\/uploads\/torres.jpg","datePublished":"2022-02-14T15:17:36+00:00","dateModified":"2022-02-15T12:36:33+00:00","author":{"@id":"https:\/\/mallorcaglobalmag.es\/#\/schema\/person\/9a3cf523d44bd4905a14be13db051907"},"breadcrumb":{"@id":"https:\/\/mallorcaglobalmag.es\/el-arquitecto-elias-torres-y-la-escritora-maria-antonia-oliver-medallas-de-oro-de-balears-2022\/#breadcrumb"},"inLanguage":"en-US","potentialAction":[{"@type":"ReadAction","target":["https:\/\/mallorcaglobalmag.es\/el-arquitecto-elias-torres-y-la-escritora-maria-antonia-oliver-medallas-de-oro-de-balears-2022\/"]}]},{"@type":"ImageObject","inLanguage":"en-US","@id":"https:\/\/mallorcaglobalmag.es\/el-arquitecto-elias-torres-y-la-escritora-maria-antonia-oliver-medallas-de-oro-de-balears-2022\/#primaryimage","url":"https:\/\/mallorcaglobalmag.es\/wp-content\/uploads\/torres.jpg","contentUrl":"https:\/\/mallorcaglobalmag.es\/wp-content\/uploads\/torres.jpg","width":778,"height":631},{"@type":"BreadcrumbList","@id":"https:\/\/mallorcaglobalmag.es\/el-arquitecto-elias-torres-y-la-escritora-maria-antonia-oliver-medallas-de-oro-de-balears-2022\/#breadcrumb","itemListElement":[{"@type":"ListItem","position":1,"name":"Portada","item":"https:\/\/mallorcaglobalmag.es\/en\/"},{"@type":"ListItem","position":2,"name":"The architect El\u00edas Torres and the writer Maria Ant\u00f2nia Oliver, Balearic gold medals 2022"}]},{"@type":"WebSite","@id":"https:\/\/mallorcaglobalmag.es\/#website","url":"https:\/\/mallorcaglobalmag.es\/","name":"Mallorca Global Mag","description":"Revista de informaci\u00f3n general de Mallorca","potentialAction":[{"@type":"SearchAction","target":{"@type":"EntryPoint","urlTemplate":"https:\/\/mallorcaglobalmag.es\/?s={search_term_string}"},"query-input":{"@type":"PropertyValueSpecification","valueRequired":true,"valueName":"search_term_string"}}],"inLanguage":"en-US"},{"@type":"Person","@id":"https:\/\/mallorcaglobalmag.es\/#\/schema\/person\/9a3cf523d44bd4905a14be13db051907","name":"Redacci\u00f3n","image":{"@type":"ImageObject","inLanguage":"en-US","@id":"https:\/\/mallorcaglobalmag.es\/#\/schema\/person\/image\/","url":"https:\/\/secure.gravatar.com\/avatar\/54a4bcd1a68eccdda3505d7ee5d6ebb8e5dd78095a07d388940305fac2e49572?s=96&d=mm&r=g","contentUrl":"https:\/\/secure.gravatar.com\/avatar\/54a4bcd1a68eccdda3505d7ee5d6ebb8e5dd78095a07d388940305fac2e49572?s=96&d=mm&r=g","caption":"Redacci\u00f3n"},"url":"https:\/\/mallorcaglobalmag.es\/en\/author\/elena\/"}]}},"_links":{"self":[{"href":"https:\/\/mallorcaglobalmag.es\/en\/wp-json\/wp\/v2\/posts\/32062","targetHints":{"allow":["GET"]}}],"collection":[{"href":"https:\/\/mallorcaglobalmag.es\/en\/wp-json\/wp\/v2\/posts"}],"about":[{"href":"https:\/\/mallorcaglobalmag.es\/en\/wp-json\/wp\/v2\/types\/post"}],"author":[{"embeddable":true,"href":"https:\/\/mallorcaglobalmag.es\/en\/wp-json\/wp\/v2\/users\/4"}],"replies":[{"embeddable":true,"href":"https:\/\/mallorcaglobalmag.es\/en\/wp-json\/wp\/v2\/comments?post=32062"}],"version-history":[{"count":3,"href":"https:\/\/mallorcaglobalmag.es\/en\/wp-json\/wp\/v2\/posts\/32062\/revisions"}],"predecessor-version":[{"id":32065,"href":"https:\/\/mallorcaglobalmag.es\/en\/wp-json\/wp\/v2\/posts\/32062\/revisions\/32065"}],"wp:featuredmedia":[{"embeddable":true,"href":"https:\/\/mallorcaglobalmag.es\/en\/wp-json\/wp\/v2\/media\/32052"}],"wp:attachment":[{"href":"https:\/\/mallorcaglobalmag.es\/en\/wp-json\/wp\/v2\/media?parent=32062"}],"wp:term":[{"taxonomy":"category","embeddable":true,"href":"https:\/\/mallorcaglobalmag.es\/en\/wp-json\/wp\/v2\/categories?post=32062"},{"taxonomy":"post_tag","embeddable":true,"href":"https:\/\/mallorcaglobalmag.es\/en\/wp-json\/wp\/v2\/tags?post=32062"}],"curies":[{"name":"wp","href":"https:\/\/api.w.org\/{rel}","templated":true}]}}