{"id":31470,"date":"2023-01-24T09:00:55","date_gmt":"2023-01-24T08:00:55","guid":{"rendered":"https:\/\/mallorcaglobalmag.es\/?p=31470"},"modified":"2023-01-24T10:49:56","modified_gmt":"2023-01-24T09:49:56","slug":"galatzo-shelter-mallorca-consell","status":"publish","type":"post","link":"https:\/\/mallorcaglobalmag.es\/en\/galatzo-shelter-mallorca-consell\/","title":{"rendered":"The Galatz\u00f3 Shelter opens its doors to the public"},"content":{"rendered":"<p>The new Galatz\u00f3 Shelter open for overnight stays from Wednesday 25th January. This was announced in a press release by the Consell de Mallorca.<\/p>\n<p>With a surface area of 1,110.98 m\u00b2, the Galatz\u00f3 Shelter is the largest refuge for hikers in the Balearic Islands. Inside, it has <strong>50 beds in 12 rooms<\/strong>. In addition to bathrooms and showers, the new facilities include a kitchen and dining room, a living area for the guards and a multifunctional room where recreational and educational activities can be carried out.<\/p>\n<h2>Prices and opening times<\/h2>\n<p>The prices, opening hours and services of the refuge, which is the result of the refurbishment of the old ses Porqueres de Galatz\u00f3 building, are the same as those of the rest of the Consell de Mallorca network:<\/p>\n<ul>\n<li><strong>Group dormitory (with shower service): 14 \u20ac.<\/strong><\/li>\n<li><strong>Group dormitory (up to 16 years old): 9 \u20ac.<\/strong><\/li>\n<\/ul>\n<p>The councillor for Sustainability and the Environment, Aurora Ribot, said that by February the first hikers are expected to spend the night at the refuge: &#8220;There are many people who have never experienced a night in the mountains, who have never seen a starry sky. We believe that when you experience it for the first time you are never the same again&#8221;, she added.<\/p>\n<p>\u201cThis new shelter will give more life to the Ruta de Piedra en Seco and to the network of shelters, since it is located at the entrance to the Serra de Tramuntana, in an area where there were none until now\u201d. This was expressed by the president of the Consell de Mallorca, Catalina Cladera. \u201cIn addition, it links nature, hiking and a type of tourism that respects the environment that helps deseasonalize Calvi\u00e0 and Mallorca\u2019s offer. And contributes to the recovery of the Galatz\u00f3 public estate\u201d, she said.<\/p>\n<p><img decoding=\"async\" class=\"alignnone wp-image-39208\" src=\"https:\/\/mallorcaglobalmag.es\/wp-content\/uploads\/Portes1.jpg\" alt=\"Refugio Galatz\u00f3\" width=\"464\" height=\"309\" srcset=\"https:\/\/mallorcaglobalmag.es\/wp-content\/uploads\/Portes1-200x133.jpg 200w, https:\/\/mallorcaglobalmag.es\/wp-content\/uploads\/Portes1-300x200.jpg 300w, https:\/\/mallorcaglobalmag.es\/wp-content\/uploads\/Portes1-400x267.jpg 400w, https:\/\/mallorcaglobalmag.es\/wp-content\/uploads\/Portes1-600x400.jpg 600w, https:\/\/mallorcaglobalmag.es\/wp-content\/uploads\/Portes1-768x512.jpg 768w, https:\/\/mallorcaglobalmag.es\/wp-content\/uploads\/Portes1-800x533.jpg 800w, https:\/\/mallorcaglobalmag.es\/wp-content\/uploads\/Portes1-1024x683.jpg 1024w, https:\/\/mallorcaglobalmag.es\/wp-content\/uploads\/Portes1-1200x800.jpg 1200w, https:\/\/mallorcaglobalmag.es\/wp-content\/uploads\/Portes1-1536x1024.jpg 1536w, https:\/\/mallorcaglobalmag.es\/wp-content\/uploads\/Portes1.jpg 1920w\" sizes=\"(max-width: 464px) 100vw, 464px\" \/>\u00a0 \u00a0 \u00a0 <img decoding=\"async\" class=\"alignnone wp-image-39211\" src=\"https:\/\/mallorcaglobalmag.es\/wp-content\/uploads\/Portes3.jpg\" alt=\"Refugio Galatz\u00f3\" width=\"464\" height=\"309\" srcset=\"https:\/\/mallorcaglobalmag.es\/wp-content\/uploads\/Portes3-200x133.jpg 200w, https:\/\/mallorcaglobalmag.es\/wp-content\/uploads\/Portes3-300x200.jpg 300w, https:\/\/mallorcaglobalmag.es\/wp-content\/uploads\/Portes3-400x267.jpg 400w, https:\/\/mallorcaglobalmag.es\/wp-content\/uploads\/Portes3-600x400.jpg 600w, https:\/\/mallorcaglobalmag.es\/wp-content\/uploads\/Portes3-768x512.jpg 768w, https:\/\/mallorcaglobalmag.es\/wp-content\/uploads\/Portes3-800x533.jpg 800w, https:\/\/mallorcaglobalmag.es\/wp-content\/uploads\/Portes3-1024x683.jpg 1024w, https:\/\/mallorcaglobalmag.es\/wp-content\/uploads\/Portes3-1200x800.jpg 1200w, https:\/\/mallorcaglobalmag.es\/wp-content\/uploads\/Portes3-1536x1024.jpg 1536w, https:\/\/mallorcaglobalmag.es\/wp-content\/uploads\/Portes3.jpg 1920w\" sizes=\"(max-width: 464px) 100vw, 464px\" \/><\/p>\n<h2>The Galatz\u00f3 Shelter, &#8220;one of the best&#8221;<\/h2>\n<p>Representatives of the Consell visited the works of the new Galatz\u00f3 Shelter, which &#8220;will be one of the best shelters in the network&#8221;, according to the Minister Aurora Ribot. &#8220;Not only because of the incomparable environment in which it is located, but also because of the facilities&#8221;. She thus alluded to the room for events with views of the Serra that will include this new shelter. Ribot insisted on the idea that &#8220;the objective is to continue offering spaces to citizens so that nature is an alternative for sustainable leisure&#8221;.<\/p>\n<p>For his part, the mayor of Calvi\u00e0, Alfonso Rodr\u00edguez, explained that &#8220;for years, the City Council has been working to recover agricultural uses for the municipality. And turn the farm into a point of attraction in the mid and high season&#8221;. Rodr\u00edguez thanked the Consell for its commitment to the recovery of the pigsty to locate this new shelter in Galatz\u00f3.<\/p>\n<p>The farm, acquired by the Calvi\u00e0 Town Hall in 2006, has great cultural, historical and natural value. The Dry Stone Route passes through the estate on the variant that starts from Es Capdell\u00e0. Specifically, the stage from Galatz\u00f3 to the refuge of sa Coma d&#8217;en Vidal. The shelter works have been awarded to the company Obras y Promociones Comas SA.<\/p>\n","protected":false},"excerpt":{"rendered":"<p>The new Galatz\u00f3 Shelter open for overnight stays from Wednesday <a href=\"https:\/\/mallorcaglobalmag.es\/en\/galatzo-shelter-mallorca-consell\/\"> [&#8230;]<\/a><\/p>\n","protected":false},"author":6,"featured_media":39209,"comment_status":"open","ping_status":"open","sticky":false,"template":"","format":"standard","meta":{"footnotes":""},"categories":[1513],"tags":[],"class_list":["post-31470","post","type-post","status-publish","format-standard","has-post-thumbnail","hentry","category-society"],"yoast_head":"<!-- This site is optimized with the Yoast SEO plugin v25.2 - https:\/\/yoast.com\/wordpress\/plugins\/seo\/ -->\n<title>The Galatz\u00f3 Shelter will be ready in 2022 - Mallorca Global Mag<\/title>\n<meta name=\"description\" content=\"The new Galatz\u00f3 shelter will be incorporated into the Consell&#039;s network of shelters in 2022 and will have 52 accommodation places.\" \/>\n<meta name=\"robots\" content=\"index, follow, max-snippet:-1, max-image-preview:large, max-video-preview:-1\" \/>\n<link rel=\"canonical\" href=\"https:\/\/mallorcaglobalmag.es\/refugio-de-galatzo-mallorca-consell\/\" \/>\n<meta property=\"og:locale\" content=\"en_US\" \/>\n<meta property=\"og:type\" content=\"article\" \/>\n<meta property=\"og:title\" content=\"The Galatz\u00f3 Shelter will be ready in 2022 - Mallorca Global Mag\" \/>\n<meta property=\"og:description\" content=\"The new Galatz\u00f3 shelter will be incorporated into the Consell&#039;s network of shelters in 2022 and will have 52 accommodation places.\" \/>\n<meta property=\"og:url\" content=\"https:\/\/mallorcaglobalmag.es\/refugio-de-galatzo-mallorca-consell\/\" \/>\n<meta property=\"og:site_name\" content=\"Mallorca Global Mag\" \/>\n<meta property=\"article:published_time\" content=\"2023-01-24T08:00:55+00:00\" \/>\n<meta property=\"article:modified_time\" content=\"2023-01-24T09:49:56+00:00\" \/>\n<meta property=\"og:image\" content=\"https:\/\/mallorcaglobalmag.es\/wp-content\/uploads\/Portes1.jpg\" \/>\n\t<meta property=\"og:image:width\" content=\"1920\" \/>\n\t<meta property=\"og:image:height\" content=\"1280\" \/>\n\t<meta property=\"og:image:type\" content=\"image\/jpeg\" \/>\n<meta name=\"author\" content=\"Ra\u00fal Beltr\u00e1n\" \/>\n<meta name=\"twitter:card\" content=\"summary_large_image\" \/>\n<meta name=\"twitter:label1\" content=\"Written by\" \/>\n\t<meta name=\"twitter:data1\" content=\"Ra\u00fal Beltr\u00e1n\" \/>\n\t<meta name=\"twitter:label2\" content=\"Est. reading time\" \/>\n\t<meta name=\"twitter:data2\" content=\"3 minutes\" \/>\n<script type=\"application\/ld+json\" class=\"yoast-schema-graph\">{\"@context\":\"https:\/\/schema.org\",\"@graph\":[{\"@type\":\"WebPage\",\"@id\":\"https:\/\/mallorcaglobalmag.es\/refugio-de-galatzo-mallorca-consell\/\",\"url\":\"https:\/\/mallorcaglobalmag.es\/refugio-de-galatzo-mallorca-consell\/\",\"name\":\"The Galatz\u00f3 Shelter will be ready in 2022 - Mallorca Global Mag\",\"isPartOf\":{\"@id\":\"https:\/\/mallorcaglobalmag.es\/#website\"},\"primaryImageOfPage\":{\"@id\":\"https:\/\/mallorcaglobalmag.es\/refugio-de-galatzo-mallorca-consell\/#primaryimage\"},\"image\":{\"@id\":\"https:\/\/mallorcaglobalmag.es\/refugio-de-galatzo-mallorca-consell\/#primaryimage\"},\"thumbnailUrl\":\"https:\/\/mallorcaglobalmag.es\/wp-content\/uploads\/Portes1.jpg\",\"datePublished\":\"2023-01-24T08:00:55+00:00\",\"dateModified\":\"2023-01-24T09:49:56+00:00\",\"author\":{\"@id\":\"https:\/\/mallorcaglobalmag.es\/#\/schema\/person\/43d7beed7d9b6f55b899266616dd0fb7\"},\"description\":\"The new Galatz\u00f3 shelter will be incorporated into the Consell's network of shelters in 2022 and will have 52 accommodation places.\",\"breadcrumb\":{\"@id\":\"https:\/\/mallorcaglobalmag.es\/refugio-de-galatzo-mallorca-consell\/#breadcrumb\"},\"inLanguage\":\"en-US\",\"potentialAction\":[{\"@type\":\"ReadAction\",\"target\":[\"https:\/\/mallorcaglobalmag.es\/refugio-de-galatzo-mallorca-consell\/\"]}]},{\"@type\":\"ImageObject\",\"inLanguage\":\"en-US\",\"@id\":\"https:\/\/mallorcaglobalmag.es\/refugio-de-galatzo-mallorca-consell\/#primaryimage\",\"url\":\"https:\/\/mallorcaglobalmag.es\/wp-content\/uploads\/Portes1.jpg\",\"contentUrl\":\"https:\/\/mallorcaglobalmag.es\/wp-content\/uploads\/Portes1.jpg\",\"width\":1920,\"height\":1280,\"caption\":\"Refugio Galatz\u00f3\"},{\"@type\":\"BreadcrumbList\",\"@id\":\"https:\/\/mallorcaglobalmag.es\/refugio-de-galatzo-mallorca-consell\/#breadcrumb\",\"itemListElement\":[{\"@type\":\"ListItem\",\"position\":1,\"name\":\"Portada\",\"item\":\"https:\/\/mallorcaglobalmag.es\/en\/\"},{\"@type\":\"ListItem\",\"position\":2,\"name\":\"The Galatz\u00f3 Shelter opens its doors to the public\"}]},{\"@type\":\"WebSite\",\"@id\":\"https:\/\/mallorcaglobalmag.es\/#website\",\"url\":\"https:\/\/mallorcaglobalmag.es\/\",\"name\":\"Mallorca Global Mag\",\"description\":\"Revista de informaci\u00f3n general de Mallorca\",\"potentialAction\":[{\"@type\":\"SearchAction\",\"target\":{\"@type\":\"EntryPoint\",\"urlTemplate\":\"https:\/\/mallorcaglobalmag.es\/?s={search_term_string}\"},\"query-input\":{\"@type\":\"PropertyValueSpecification\",\"valueRequired\":true,\"valueName\":\"search_term_string\"}}],\"inLanguage\":\"en-US\"},{\"@type\":\"Person\",\"@id\":\"https:\/\/mallorcaglobalmag.es\/#\/schema\/person\/43d7beed7d9b6f55b899266616dd0fb7\",\"name\":\"Ra\u00fal Beltr\u00e1n\",\"image\":{\"@type\":\"ImageObject\",\"inLanguage\":\"en-US\",\"@id\":\"https:\/\/mallorcaglobalmag.es\/#\/schema\/person\/image\/\",\"url\":\"https:\/\/secure.gravatar.com\/avatar\/da2a4820a3fec7c3a48baebf7b76adba9a0ca889df675d803c6826d7308d94b8?s=96&d=mm&r=g\",\"contentUrl\":\"https:\/\/secure.gravatar.com\/avatar\/da2a4820a3fec7c3a48baebf7b76adba9a0ca889df675d803c6826d7308d94b8?s=96&d=mm&r=g\",\"caption\":\"Ra\u00fal Beltr\u00e1n\"},\"url\":\"https:\/\/mallorcaglobalmag.es\/en\/author\/raulbeltran\/\"}]}<\/script>\n<!-- \/ Yoast SEO plugin. -->","yoast_head_json":{"title":"The Galatz\u00f3 Shelter will be ready in 2022 - Mallorca Global Mag","description":"The new Galatz\u00f3 shelter will be incorporated into the Consell's network of shelters in 2022 and will have 52 accommodation places.","robots":{"index":"index","follow":"follow","max-snippet":"max-snippet:-1","max-image-preview":"max-image-preview:large","max-video-preview":"max-video-preview:-1"},"canonical":"https:\/\/mallorcaglobalmag.es\/refugio-de-galatzo-mallorca-consell\/","og_locale":"en_US","og_type":"article","og_title":"The Galatz\u00f3 Shelter will be ready in 2022 - Mallorca Global Mag","og_description":"The new Galatz\u00f3 shelter will be incorporated into the Consell's network of shelters in 2022 and will have 52 accommodation places.","og_url":"https:\/\/mallorcaglobalmag.es\/refugio-de-galatzo-mallorca-consell\/","og_site_name":"Mallorca Global Mag","article_published_time":"2023-01-24T08:00:55+00:00","article_modified_time":"2023-01-24T09:49:56+00:00","og_image":[{"width":1920,"height":1280,"url":"https:\/\/mallorcaglobalmag.es\/wp-content\/uploads\/Portes1.jpg","type":"image\/jpeg"}],"author":"Ra\u00fal Beltr\u00e1n","twitter_card":"summary_large_image","twitter_misc":{"Written by":"Ra\u00fal Beltr\u00e1n","Est. reading time":"3 minutes"},"schema":{"@context":"https:\/\/schema.org","@graph":[{"@type":"WebPage","@id":"https:\/\/mallorcaglobalmag.es\/refugio-de-galatzo-mallorca-consell\/","url":"https:\/\/mallorcaglobalmag.es\/refugio-de-galatzo-mallorca-consell\/","name":"The Galatz\u00f3 Shelter will be ready in 2022 - Mallorca Global Mag","isPartOf":{"@id":"https:\/\/mallorcaglobalmag.es\/#website"},"primaryImageOfPage":{"@id":"https:\/\/mallorcaglobalmag.es\/refugio-de-galatzo-mallorca-consell\/#primaryimage"},"image":{"@id":"https:\/\/mallorcaglobalmag.es\/refugio-de-galatzo-mallorca-consell\/#primaryimage"},"thumbnailUrl":"https:\/\/mallorcaglobalmag.es\/wp-content\/uploads\/Portes1.jpg","datePublished":"2023-01-24T08:00:55+00:00","dateModified":"2023-01-24T09:49:56+00:00","author":{"@id":"https:\/\/mallorcaglobalmag.es\/#\/schema\/person\/43d7beed7d9b6f55b899266616dd0fb7"},"description":"The new Galatz\u00f3 shelter will be incorporated into the Consell's network of shelters in 2022 and will have 52 accommodation places.","breadcrumb":{"@id":"https:\/\/mallorcaglobalmag.es\/refugio-de-galatzo-mallorca-consell\/#breadcrumb"},"inLanguage":"en-US","potentialAction":[{"@type":"ReadAction","target":["https:\/\/mallorcaglobalmag.es\/refugio-de-galatzo-mallorca-consell\/"]}]},{"@type":"ImageObject","inLanguage":"en-US","@id":"https:\/\/mallorcaglobalmag.es\/refugio-de-galatzo-mallorca-consell\/#primaryimage","url":"https:\/\/mallorcaglobalmag.es\/wp-content\/uploads\/Portes1.jpg","contentUrl":"https:\/\/mallorcaglobalmag.es\/wp-content\/uploads\/Portes1.jpg","width":1920,"height":1280,"caption":"Refugio Galatz\u00f3"},{"@type":"BreadcrumbList","@id":"https:\/\/mallorcaglobalmag.es\/refugio-de-galatzo-mallorca-consell\/#breadcrumb","itemListElement":[{"@type":"ListItem","position":1,"name":"Portada","item":"https:\/\/mallorcaglobalmag.es\/en\/"},{"@type":"ListItem","position":2,"name":"The Galatz\u00f3 Shelter opens its doors to the public"}]},{"@type":"WebSite","@id":"https:\/\/mallorcaglobalmag.es\/#website","url":"https:\/\/mallorcaglobalmag.es\/","name":"Mallorca Global Mag","description":"Revista de informaci\u00f3n general de Mallorca","potentialAction":[{"@type":"SearchAction","target":{"@type":"EntryPoint","urlTemplate":"https:\/\/mallorcaglobalmag.es\/?s={search_term_string}"},"query-input":{"@type":"PropertyValueSpecification","valueRequired":true,"valueName":"search_term_string"}}],"inLanguage":"en-US"},{"@type":"Person","@id":"https:\/\/mallorcaglobalmag.es\/#\/schema\/person\/43d7beed7d9b6f55b899266616dd0fb7","name":"Ra\u00fal Beltr\u00e1n","image":{"@type":"ImageObject","inLanguage":"en-US","@id":"https:\/\/mallorcaglobalmag.es\/#\/schema\/person\/image\/","url":"https:\/\/secure.gravatar.com\/avatar\/da2a4820a3fec7c3a48baebf7b76adba9a0ca889df675d803c6826d7308d94b8?s=96&d=mm&r=g","contentUrl":"https:\/\/secure.gravatar.com\/avatar\/da2a4820a3fec7c3a48baebf7b76adba9a0ca889df675d803c6826d7308d94b8?s=96&d=mm&r=g","caption":"Ra\u00fal Beltr\u00e1n"},"url":"https:\/\/mallorcaglobalmag.es\/en\/author\/raulbeltran\/"}]}},"_links":{"self":[{"href":"https:\/\/mallorcaglobalmag.es\/en\/wp-json\/wp\/v2\/posts\/31470","targetHints":{"allow":["GET"]}}],"collection":[{"href":"https:\/\/mallorcaglobalmag.es\/en\/wp-json\/wp\/v2\/posts"}],"about":[{"href":"https:\/\/mallorcaglobalmag.es\/en\/wp-json\/wp\/v2\/types\/post"}],"author":[{"embeddable":true,"href":"https:\/\/mallorcaglobalmag.es\/en\/wp-json\/wp\/v2\/users\/6"}],"replies":[{"embeddable":true,"href":"https:\/\/mallorcaglobalmag.es\/en\/wp-json\/wp\/v2\/comments?post=31470"}],"version-history":[{"count":3,"href":"https:\/\/mallorcaglobalmag.es\/en\/wp-json\/wp\/v2\/posts\/31470\/revisions"}],"predecessor-version":[{"id":39217,"href":"https:\/\/mallorcaglobalmag.es\/en\/wp-json\/wp\/v2\/posts\/31470\/revisions\/39217"}],"wp:featuredmedia":[{"embeddable":true,"href":"https:\/\/mallorcaglobalmag.es\/en\/wp-json\/wp\/v2\/media\/39209"}],"wp:attachment":[{"href":"https:\/\/mallorcaglobalmag.es\/en\/wp-json\/wp\/v2\/media?parent=31470"}],"wp:term":[{"taxonomy":"category","embeddable":true,"href":"https:\/\/mallorcaglobalmag.es\/en\/wp-json\/wp\/v2\/categories?post=31470"},{"taxonomy":"post_tag","embeddable":true,"href":"https:\/\/mallorcaglobalmag.es\/en\/wp-json\/wp\/v2\/tags?post=31470"}],"curies":[{"name":"wp","href":"https:\/\/api.w.org\/{rel}","templated":true}]}}