{"id":28462,"date":"2021-10-22T11:06:00","date_gmt":"2021-10-22T09:06:00","guid":{"rendered":"https:\/\/mallorcaglobalmag.es\/el-comic-nostrum-se-centra-en-la-ciencia-en-tiempos-de-pospandemia\/"},"modified":"2021-10-22T13:58:12","modified_gmt":"2021-10-22T11:58:12","slug":"el-comic-nostrum-se-centra-en-la-ciencia-en-tiempos-de-pospandemia","status":"publish","type":"post","link":"https:\/\/mallorcaglobalmag.es\/en\/el-comic-nostrum-se-centra-en-la-ciencia-en-tiempos-de-pospandemia\/","title":{"rendered":"The International Comic Nostrum festival in Mallorca focuses on science"},"content":{"rendered":"<p>The International Festival of Mallorca C\u00f2mic Nostrum 2021 in this edition joins science from humor, realism and illustration to bring it closer to society in a different way with the aim of breaking prejudices.<\/p>\n<p>The show will take place from November 4 to January 9 and includes various exhibitions at the Casal Solleric, another on Passeig del Born and a fortnight of talks, master classes and debates.<\/p>\n<p>Among the exhibitions, &#8220;Science and Comic&#8221; stands out, a collective initiative that can be seen on the Casal Solleric mezzanine. It focuses on biology, marine sciences, climate change and health. Curated by the UIB biologist, Miguel \u00c1ngel Miranda, and the cartoonist and scientific disseminator, Luis Resinas, the exhibition combines original and digital works by authors like Nivola Uy\u00e0, Tomeu Pinya, Margalida Vinyas or Pere Joan, among others.<\/p>\n<div id=\"attachment_28417\" style=\"width: 174px\" class=\"wp-caption alignleft\"><img decoding=\"async\" aria-describedby=\"caption-attachment-28417\" class=\"wp-image-28418 size-medium\" src=\"https:\/\/mallorcaglobalmag.es\/wp-content\/uploads\/\/cartell-comic-nostrum_page-0001-164x300.jpg\" alt=\"\" width=\"164\" height=\"300\" srcset=\"https:\/\/mallorcaglobalmag.es\/wp-content\/uploads\/cartell-comic-nostrum_page-0001-164x300.jpg 164w, https:\/\/mallorcaglobalmag.es\/wp-content\/uploads\/cartell-comic-nostrum_page-0001-200x365.jpg 200w, https:\/\/mallorcaglobalmag.es\/wp-content\/uploads\/cartell-comic-nostrum_page-0001-400x730.jpg 400w, https:\/\/mallorcaglobalmag.es\/wp-content\/uploads\/cartell-comic-nostrum_page-0001-561x1024.jpg 561w, https:\/\/mallorcaglobalmag.es\/wp-content\/uploads\/cartell-comic-nostrum_page-0001-600x1095.jpg 600w, https:\/\/mallorcaglobalmag.es\/wp-content\/uploads\/cartell-comic-nostrum_page-0001-768x1402.jpg 768w, https:\/\/mallorcaglobalmag.es\/wp-content\/uploads\/cartell-comic-nostrum_page-0001-800x1460.jpg 800w, https:\/\/mallorcaglobalmag.es\/wp-content\/uploads\/cartell-comic-nostrum_page-0001-842x1536.jpg 842w, https:\/\/mallorcaglobalmag.es\/wp-content\/uploads\/cartell-comic-nostrum_page-0001.jpg 1052w\" sizes=\"(max-width: 164px) 100vw, 164px\" \/><p id=\"caption-attachment-28417\" class=\"wp-caption-text\">Foto: Ajuntament de Palma<\/p><\/div>\n<p>But above all, an experiment carried out in collaboration with the Massachusetts Center for Technological Research, the most important in the world, on the creation of comics with artificial intelligence stands out.<\/p>\n<p>Another exhibition, linking science with superheroes, will also take place at Casal Solleric. Professors \u00c1lvaro Pons (UV), Jordi Ojeda (UB) and the art collector Jaume Vaquer, explore the fundamental role of science to justify the origin of superheroes through the comic pages of 40 authors. Through them, one delves into Newton&#8217;s laws of physics. Chemical and thermodynamic aspects are also analyzed<br \/>\nOutside the Solleric, on Passeig del Born, one of the festival&#8217;s highlights will be displayed. The exhibition &#8220;Science according to Forges&#8221; is a tribute to Antonio Fraguas (Forges), on the occasion of the 80th anniversary of the Higher Council for Scientific Research (CSIC). Throughout the Born, 66 science and technology cartoons by the cartoonist will be exhibited.<\/p>\n<h2>Talks, master classes and debates<\/h2>\n<p>This edition also features a fortnight of talks, master classes and debates on comics and science, which will take place on November 27 and 28 at the Escuela Superior de Dise\u00f1o. Among others, the National Comic Prize and the City of Palma Prize, Cristina Duran and Miguel \u00c1ngel Gin\u00e9, will explain their creative process. On his side, the Mallorcan Tomeu Morey, official colorist of DC Comics in Washington, will talk about his work and how his colors are seen around the world.<\/p>\n","protected":false},"excerpt":{"rendered":"<p>The International Festival of Mallorca C\u00f2mic Nostrum 2021 in this <a href=\"https:\/\/mallorcaglobalmag.es\/en\/el-comic-nostrum-se-centra-en-la-ciencia-en-tiempos-de-pospandemia\/\"> [&#8230;]<\/a><\/p>\n","protected":false},"author":4,"featured_media":28427,"comment_status":"open","ping_status":"open","sticky":false,"template":"","format":"standard","meta":{"footnotes":""},"categories":[136],"tags":[],"class_list":["post-28462","post","type-post","status-publish","format-standard","has-post-thumbnail","hentry","category-blog-en"],"yoast_head":"<!-- This site is optimized with the Yoast SEO plugin v25.2 - https:\/\/yoast.com\/wordpress\/plugins\/seo\/ -->\n<title>The International Comic Nostrum festival in Mallorca focuses on science - Mallorca Global Mag<\/title>\n<meta name=\"robots\" content=\"index, follow, max-snippet:-1, max-image-preview:large, max-video-preview:-1\" \/>\n<link rel=\"canonical\" href=\"https:\/\/mallorcaglobalmag.es\/el-comic-nostrum-se-centra-en-la-ciencia-en-tiempos-de-pospandemia\/\" \/>\n<meta property=\"og:locale\" content=\"en_US\" \/>\n<meta property=\"og:type\" content=\"article\" \/>\n<meta property=\"og:title\" content=\"The International Comic Nostrum festival in Mallorca focuses on science - Mallorca Global Mag\" \/>\n<meta property=\"og:description\" content=\"The International Festival of Mallorca C\u00f2mic Nostrum 2021 in this [...]\" \/>\n<meta property=\"og:url\" content=\"https:\/\/mallorcaglobalmag.es\/el-comic-nostrum-se-centra-en-la-ciencia-en-tiempos-de-pospandemia\/\" \/>\n<meta property=\"og:site_name\" content=\"Mallorca Global Mag\" \/>\n<meta property=\"article:published_time\" content=\"2021-10-22T09:06:00+00:00\" \/>\n<meta property=\"article:modified_time\" content=\"2021-10-22T11:58:12+00:00\" \/>\n<meta property=\"og:image\" content=\"https:\/\/mallorcaglobalmag.es\/wp-content\/uploads\/comic2-e1634896041839.jpg\" \/>\n\t<meta property=\"og:image:width\" content=\"500\" \/>\n\t<meta property=\"og:image:height\" content=\"299\" \/>\n\t<meta property=\"og:image:type\" content=\"image\/jpeg\" \/>\n<meta name=\"author\" content=\"Redacci\u00f3n\" \/>\n<meta name=\"twitter:card\" content=\"summary_large_image\" \/>\n<meta name=\"twitter:label1\" content=\"Written by\" \/>\n\t<meta name=\"twitter:data1\" content=\"Redacci\u00f3n\" \/>\n\t<meta name=\"twitter:label2\" content=\"Est. reading time\" \/>\n\t<meta name=\"twitter:data2\" content=\"2 minutes\" \/>\n<script type=\"application\/ld+json\" class=\"yoast-schema-graph\">{\"@context\":\"https:\/\/schema.org\",\"@graph\":[{\"@type\":\"WebPage\",\"@id\":\"https:\/\/mallorcaglobalmag.es\/el-comic-nostrum-se-centra-en-la-ciencia-en-tiempos-de-pospandemia\/\",\"url\":\"https:\/\/mallorcaglobalmag.es\/el-comic-nostrum-se-centra-en-la-ciencia-en-tiempos-de-pospandemia\/\",\"name\":\"The International Comic Nostrum festival in Mallorca focuses on science - Mallorca Global Mag\",\"isPartOf\":{\"@id\":\"https:\/\/mallorcaglobalmag.es\/#website\"},\"primaryImageOfPage\":{\"@id\":\"https:\/\/mallorcaglobalmag.es\/el-comic-nostrum-se-centra-en-la-ciencia-en-tiempos-de-pospandemia\/#primaryimage\"},\"image\":{\"@id\":\"https:\/\/mallorcaglobalmag.es\/el-comic-nostrum-se-centra-en-la-ciencia-en-tiempos-de-pospandemia\/#primaryimage\"},\"thumbnailUrl\":\"https:\/\/mallorcaglobalmag.es\/wp-content\/uploads\/comic2-e1634896041839.jpg\",\"datePublished\":\"2021-10-22T09:06:00+00:00\",\"dateModified\":\"2021-10-22T11:58:12+00:00\",\"author\":{\"@id\":\"https:\/\/mallorcaglobalmag.es\/#\/schema\/person\/9a3cf523d44bd4905a14be13db051907\"},\"breadcrumb\":{\"@id\":\"https:\/\/mallorcaglobalmag.es\/el-comic-nostrum-se-centra-en-la-ciencia-en-tiempos-de-pospandemia\/#breadcrumb\"},\"inLanguage\":\"en-US\",\"potentialAction\":[{\"@type\":\"ReadAction\",\"target\":[\"https:\/\/mallorcaglobalmag.es\/el-comic-nostrum-se-centra-en-la-ciencia-en-tiempos-de-pospandemia\/\"]}]},{\"@type\":\"ImageObject\",\"inLanguage\":\"en-US\",\"@id\":\"https:\/\/mallorcaglobalmag.es\/el-comic-nostrum-se-centra-en-la-ciencia-en-tiempos-de-pospandemia\/#primaryimage\",\"url\":\"https:\/\/mallorcaglobalmag.es\/wp-content\/uploads\/comic2-e1634896041839.jpg\",\"contentUrl\":\"https:\/\/mallorcaglobalmag.es\/wp-content\/uploads\/comic2-e1634896041839.jpg\",\"width\":500,\"height\":299},{\"@type\":\"BreadcrumbList\",\"@id\":\"https:\/\/mallorcaglobalmag.es\/el-comic-nostrum-se-centra-en-la-ciencia-en-tiempos-de-pospandemia\/#breadcrumb\",\"itemListElement\":[{\"@type\":\"ListItem\",\"position\":1,\"name\":\"Portada\",\"item\":\"https:\/\/mallorcaglobalmag.es\/en\/\"},{\"@type\":\"ListItem\",\"position\":2,\"name\":\"The International Comic Nostrum festival in Mallorca focuses on science\"}]},{\"@type\":\"WebSite\",\"@id\":\"https:\/\/mallorcaglobalmag.es\/#website\",\"url\":\"https:\/\/mallorcaglobalmag.es\/\",\"name\":\"Mallorca Global Mag\",\"description\":\"Revista de informaci\u00f3n general de Mallorca\",\"potentialAction\":[{\"@type\":\"SearchAction\",\"target\":{\"@type\":\"EntryPoint\",\"urlTemplate\":\"https:\/\/mallorcaglobalmag.es\/?s={search_term_string}\"},\"query-input\":{\"@type\":\"PropertyValueSpecification\",\"valueRequired\":true,\"valueName\":\"search_term_string\"}}],\"inLanguage\":\"en-US\"},{\"@type\":\"Person\",\"@id\":\"https:\/\/mallorcaglobalmag.es\/#\/schema\/person\/9a3cf523d44bd4905a14be13db051907\",\"name\":\"Redacci\u00f3n\",\"image\":{\"@type\":\"ImageObject\",\"inLanguage\":\"en-US\",\"@id\":\"https:\/\/mallorcaglobalmag.es\/#\/schema\/person\/image\/\",\"url\":\"https:\/\/secure.gravatar.com\/avatar\/54a4bcd1a68eccdda3505d7ee5d6ebb8e5dd78095a07d388940305fac2e49572?s=96&d=mm&r=g\",\"contentUrl\":\"https:\/\/secure.gravatar.com\/avatar\/54a4bcd1a68eccdda3505d7ee5d6ebb8e5dd78095a07d388940305fac2e49572?s=96&d=mm&r=g\",\"caption\":\"Redacci\u00f3n\"},\"url\":\"https:\/\/mallorcaglobalmag.es\/en\/author\/elena\/\"}]}<\/script>\n<!-- \/ Yoast SEO plugin. -->","yoast_head_json":{"title":"The International Comic Nostrum festival in Mallorca focuses on science - Mallorca Global Mag","robots":{"index":"index","follow":"follow","max-snippet":"max-snippet:-1","max-image-preview":"max-image-preview:large","max-video-preview":"max-video-preview:-1"},"canonical":"https:\/\/mallorcaglobalmag.es\/el-comic-nostrum-se-centra-en-la-ciencia-en-tiempos-de-pospandemia\/","og_locale":"en_US","og_type":"article","og_title":"The International Comic Nostrum festival in Mallorca focuses on science - Mallorca Global Mag","og_description":"The International Festival of Mallorca C\u00f2mic Nostrum 2021 in this [...]","og_url":"https:\/\/mallorcaglobalmag.es\/el-comic-nostrum-se-centra-en-la-ciencia-en-tiempos-de-pospandemia\/","og_site_name":"Mallorca Global Mag","article_published_time":"2021-10-22T09:06:00+00:00","article_modified_time":"2021-10-22T11:58:12+00:00","og_image":[{"width":500,"height":299,"url":"https:\/\/mallorcaglobalmag.es\/wp-content\/uploads\/comic2-e1634896041839.jpg","type":"image\/jpeg"}],"author":"Redacci\u00f3n","twitter_card":"summary_large_image","twitter_misc":{"Written by":"Redacci\u00f3n","Est. reading time":"2 minutes"},"schema":{"@context":"https:\/\/schema.org","@graph":[{"@type":"WebPage","@id":"https:\/\/mallorcaglobalmag.es\/el-comic-nostrum-se-centra-en-la-ciencia-en-tiempos-de-pospandemia\/","url":"https:\/\/mallorcaglobalmag.es\/el-comic-nostrum-se-centra-en-la-ciencia-en-tiempos-de-pospandemia\/","name":"The International Comic Nostrum festival in Mallorca focuses on science - Mallorca Global Mag","isPartOf":{"@id":"https:\/\/mallorcaglobalmag.es\/#website"},"primaryImageOfPage":{"@id":"https:\/\/mallorcaglobalmag.es\/el-comic-nostrum-se-centra-en-la-ciencia-en-tiempos-de-pospandemia\/#primaryimage"},"image":{"@id":"https:\/\/mallorcaglobalmag.es\/el-comic-nostrum-se-centra-en-la-ciencia-en-tiempos-de-pospandemia\/#primaryimage"},"thumbnailUrl":"https:\/\/mallorcaglobalmag.es\/wp-content\/uploads\/comic2-e1634896041839.jpg","datePublished":"2021-10-22T09:06:00+00:00","dateModified":"2021-10-22T11:58:12+00:00","author":{"@id":"https:\/\/mallorcaglobalmag.es\/#\/schema\/person\/9a3cf523d44bd4905a14be13db051907"},"breadcrumb":{"@id":"https:\/\/mallorcaglobalmag.es\/el-comic-nostrum-se-centra-en-la-ciencia-en-tiempos-de-pospandemia\/#breadcrumb"},"inLanguage":"en-US","potentialAction":[{"@type":"ReadAction","target":["https:\/\/mallorcaglobalmag.es\/el-comic-nostrum-se-centra-en-la-ciencia-en-tiempos-de-pospandemia\/"]}]},{"@type":"ImageObject","inLanguage":"en-US","@id":"https:\/\/mallorcaglobalmag.es\/el-comic-nostrum-se-centra-en-la-ciencia-en-tiempos-de-pospandemia\/#primaryimage","url":"https:\/\/mallorcaglobalmag.es\/wp-content\/uploads\/comic2-e1634896041839.jpg","contentUrl":"https:\/\/mallorcaglobalmag.es\/wp-content\/uploads\/comic2-e1634896041839.jpg","width":500,"height":299},{"@type":"BreadcrumbList","@id":"https:\/\/mallorcaglobalmag.es\/el-comic-nostrum-se-centra-en-la-ciencia-en-tiempos-de-pospandemia\/#breadcrumb","itemListElement":[{"@type":"ListItem","position":1,"name":"Portada","item":"https:\/\/mallorcaglobalmag.es\/en\/"},{"@type":"ListItem","position":2,"name":"The International Comic Nostrum festival in Mallorca focuses on science"}]},{"@type":"WebSite","@id":"https:\/\/mallorcaglobalmag.es\/#website","url":"https:\/\/mallorcaglobalmag.es\/","name":"Mallorca Global Mag","description":"Revista de informaci\u00f3n general de Mallorca","potentialAction":[{"@type":"SearchAction","target":{"@type":"EntryPoint","urlTemplate":"https:\/\/mallorcaglobalmag.es\/?s={search_term_string}"},"query-input":{"@type":"PropertyValueSpecification","valueRequired":true,"valueName":"search_term_string"}}],"inLanguage":"en-US"},{"@type":"Person","@id":"https:\/\/mallorcaglobalmag.es\/#\/schema\/person\/9a3cf523d44bd4905a14be13db051907","name":"Redacci\u00f3n","image":{"@type":"ImageObject","inLanguage":"en-US","@id":"https:\/\/mallorcaglobalmag.es\/#\/schema\/person\/image\/","url":"https:\/\/secure.gravatar.com\/avatar\/54a4bcd1a68eccdda3505d7ee5d6ebb8e5dd78095a07d388940305fac2e49572?s=96&d=mm&r=g","contentUrl":"https:\/\/secure.gravatar.com\/avatar\/54a4bcd1a68eccdda3505d7ee5d6ebb8e5dd78095a07d388940305fac2e49572?s=96&d=mm&r=g","caption":"Redacci\u00f3n"},"url":"https:\/\/mallorcaglobalmag.es\/en\/author\/elena\/"}]}},"_links":{"self":[{"href":"https:\/\/mallorcaglobalmag.es\/en\/wp-json\/wp\/v2\/posts\/28462","targetHints":{"allow":["GET"]}}],"collection":[{"href":"https:\/\/mallorcaglobalmag.es\/en\/wp-json\/wp\/v2\/posts"}],"about":[{"href":"https:\/\/mallorcaglobalmag.es\/en\/wp-json\/wp\/v2\/types\/post"}],"author":[{"embeddable":true,"href":"https:\/\/mallorcaglobalmag.es\/en\/wp-json\/wp\/v2\/users\/4"}],"replies":[{"embeddable":true,"href":"https:\/\/mallorcaglobalmag.es\/en\/wp-json\/wp\/v2\/comments?post=28462"}],"version-history":[{"count":0,"href":"https:\/\/mallorcaglobalmag.es\/en\/wp-json\/wp\/v2\/posts\/28462\/revisions"}],"wp:featuredmedia":[{"embeddable":true,"href":"https:\/\/mallorcaglobalmag.es\/en\/wp-json\/wp\/v2\/media\/28427"}],"wp:attachment":[{"href":"https:\/\/mallorcaglobalmag.es\/en\/wp-json\/wp\/v2\/media?parent=28462"}],"wp:term":[{"taxonomy":"category","embeddable":true,"href":"https:\/\/mallorcaglobalmag.es\/en\/wp-json\/wp\/v2\/categories?post=28462"},{"taxonomy":"post_tag","embeddable":true,"href":"https:\/\/mallorcaglobalmag.es\/en\/wp-json\/wp\/v2\/tags?post=28462"}],"curies":[{"name":"wp","href":"https:\/\/api.w.org\/{rel}","templated":true}]}}