{"id":28239,"date":"2021-10-18T09:46:16","date_gmt":"2021-10-18T07:46:16","guid":{"rendered":"https:\/\/mallorcaglobalmag.es\/palma-sale-a-pescar-turistas-nordicos-con-su-clima-suave-de-otono\/"},"modified":"2021-10-18T13:23:34","modified_gmt":"2021-10-18T11:23:34","slug":"palma-sale-a-pescar-turistas-nordicos-con-su-clima-suave-de-otono","status":"publish","type":"post","link":"https:\/\/mallorcaglobalmag.es\/en\/palma-sale-a-pescar-turistas-nordicos-con-su-clima-suave-de-otono\/","title":{"rendered":"Palma publishes a promotional video to \u2018fish\u2019 Nordic tourists in autumn"},"content":{"rendered":"<p>With the aim of populating Palma with tourists from Sweden, Norway and Finland in autumn, the City Council and Palma 365 promote the mild climate and the city&#8217;s qualities as a sun and beach destination in November and December.<\/p>\n<p><img decoding=\"async\" class=\"aligncenter wp-image-20347 size-large\" src=\"https:\/\/mallorcaglobalmag.es\/wp-content\/uploads\/\/playa-palma-mallorca-fase-2-1024x768.jpg\" alt=\"\" width=\"1024\" height=\"768\" srcset=\"https:\/\/mallorcaglobalmag.es\/wp-content\/uploads\/playa-palma-mallorca-fase-2-200x150.jpg 200w, https:\/\/mallorcaglobalmag.es\/wp-content\/uploads\/playa-palma-mallorca-fase-2-300x225.jpg 300w, https:\/\/mallorcaglobalmag.es\/wp-content\/uploads\/playa-palma-mallorca-fase-2-400x300.jpg 400w, https:\/\/mallorcaglobalmag.es\/wp-content\/uploads\/playa-palma-mallorca-fase-2-600x450.jpg 600w, https:\/\/mallorcaglobalmag.es\/wp-content\/uploads\/playa-palma-mallorca-fase-2-768x576.jpg 768w, https:\/\/mallorcaglobalmag.es\/wp-content\/uploads\/playa-palma-mallorca-fase-2-800x600.jpg 800w, https:\/\/mallorcaglobalmag.es\/wp-content\/uploads\/playa-palma-mallorca-fase-2-1024x768.jpg 1024w, https:\/\/mallorcaglobalmag.es\/wp-content\/uploads\/playa-palma-mallorca-fase-2-1200x900.jpg 1200w, https:\/\/mallorcaglobalmag.es\/wp-content\/uploads\/playa-palma-mallorca-fase-2-1536x1152.jpg 1536w, https:\/\/mallorcaglobalmag.es\/wp-content\/uploads\/playa-palma-mallorca-fase-2.jpg 1920w\" sizes=\"(max-width: 1024px) 100vw, 1024px\" \/><\/p>\n<p>The campaign consists of a video recorded in Playa de Palma that invites you to swim. In addition, it emphasizes the mild temperatures that are registered in the city, with an average of 26 degrees, twenty more than in the Nordic countries.<\/p>\n<div class=\"video-shortcode\"><iframe title=\"What are you waiting for?\" width=\"1100\" height=\"619\" src=\"https:\/\/www.youtube.com\/embed\/sa-Rg0Aql4k?feature=oembed\" frameborder=\"0\" allow=\"accelerometer; autoplay; clipboard-write; encrypted-media; gyroscope; picture-in-picture; web-share\" allowfullscreen><\/iframe><\/div>\n<p>The initiative, which seeks to establish Palma as a tourist destination all year round, favors seasonal adjustment and attracts tourism with greater purchasing power in the low season months.<\/p>\n<p>The measure also aims to boost the hotel sector, restaurants and small businesses, which are still recovering from the health crisis.<\/p>\n","protected":false},"excerpt":{"rendered":"<p>With the aim of populating Palma with tourists from Sweden, <a href=\"https:\/\/mallorcaglobalmag.es\/en\/palma-sale-a-pescar-turistas-nordicos-con-su-clima-suave-de-otono\/\"> [&#8230;]<\/a><\/p>\n","protected":false},"author":4,"featured_media":23706,"comment_status":"open","ping_status":"open","sticky":false,"template":"","format":"standard","meta":{"footnotes":""},"categories":[136],"tags":[],"class_list":["post-28239","post","type-post","status-publish","format-standard","has-post-thumbnail","hentry","category-blog-en"],"yoast_head":"<!-- This site is optimized with the Yoast SEO plugin v25.2 - https:\/\/yoast.com\/wordpress\/plugins\/seo\/ -->\n<title>Palma apunta en oto\u00f1o a los pa\u00edses n\u00f2rdicos - Mallorca Global Mag<\/title>\n<meta name=\"description\" content=\"Palma lanza una campa\u00f1a promocional en oto\u00f1o que apunta a los pa\u00edses n\u00f3rdicos. Clima templado, sol y playa en noviembre y diciembre.\" \/>\n<meta name=\"robots\" content=\"index, follow, max-snippet:-1, max-image-preview:large, max-video-preview:-1\" \/>\n<link rel=\"canonical\" href=\"https:\/\/mallorcaglobalmag.es\/palma-sale-a-pescar-turistas-nordicos-con-su-clima-suave-de-otono\/\" \/>\n<meta property=\"og:locale\" content=\"en_US\" \/>\n<meta property=\"og:type\" content=\"article\" \/>\n<meta property=\"og:title\" content=\"Palma apunta en oto\u00f1o a los pa\u00edses n\u00f2rdicos - Mallorca Global Mag\" \/>\n<meta property=\"og:description\" content=\"Palma lanza una campa\u00f1a promocional en oto\u00f1o que apunta a los pa\u00edses n\u00f3rdicos. Clima templado, sol y playa en noviembre y diciembre.\" \/>\n<meta property=\"og:url\" content=\"https:\/\/mallorcaglobalmag.es\/palma-sale-a-pescar-turistas-nordicos-con-su-clima-suave-de-otono\/\" \/>\n<meta property=\"og:site_name\" content=\"Mallorca Global Mag\" \/>\n<meta property=\"article:published_time\" content=\"2021-10-18T07:46:16+00:00\" \/>\n<meta property=\"article:modified_time\" content=\"2021-10-18T11:23:34+00:00\" \/>\n<meta property=\"og:image\" content=\"https:\/\/mallorcaglobalmag.es\/wp-content\/uploads\/Playa-de-Palma.-R.-Beltr\u00e1n.jpg\" \/>\n\t<meta property=\"og:image:width\" content=\"1920\" \/>\n\t<meta property=\"og:image:height\" content=\"1080\" \/>\n\t<meta property=\"og:image:type\" content=\"image\/jpeg\" \/>\n<meta name=\"author\" content=\"Redacci\u00f3n\" \/>\n<meta name=\"twitter:card\" content=\"summary_large_image\" \/>\n<meta name=\"twitter:label1\" content=\"Written by\" \/>\n\t<meta name=\"twitter:data1\" content=\"Redacci\u00f3n\" \/>\n\t<meta name=\"twitter:label2\" content=\"Est. reading time\" \/>\n\t<meta name=\"twitter:data2\" content=\"1 minute\" \/>\n<script type=\"application\/ld+json\" class=\"yoast-schema-graph\">{\"@context\":\"https:\/\/schema.org\",\"@graph\":[{\"@type\":\"WebPage\",\"@id\":\"https:\/\/mallorcaglobalmag.es\/palma-sale-a-pescar-turistas-nordicos-con-su-clima-suave-de-otono\/\",\"url\":\"https:\/\/mallorcaglobalmag.es\/palma-sale-a-pescar-turistas-nordicos-con-su-clima-suave-de-otono\/\",\"name\":\"Palma apunta en oto\u00f1o a los pa\u00edses n\u00f2rdicos - Mallorca Global Mag\",\"isPartOf\":{\"@id\":\"https:\/\/mallorcaglobalmag.es\/#website\"},\"primaryImageOfPage\":{\"@id\":\"https:\/\/mallorcaglobalmag.es\/palma-sale-a-pescar-turistas-nordicos-con-su-clima-suave-de-otono\/#primaryimage\"},\"image\":{\"@id\":\"https:\/\/mallorcaglobalmag.es\/palma-sale-a-pescar-turistas-nordicos-con-su-clima-suave-de-otono\/#primaryimage\"},\"thumbnailUrl\":\"https:\/\/mallorcaglobalmag.es\/wp-content\/uploads\/Playa-de-Palma.-R.-Beltr\u00e1n.jpg\",\"datePublished\":\"2021-10-18T07:46:16+00:00\",\"dateModified\":\"2021-10-18T11:23:34+00:00\",\"author\":{\"@id\":\"https:\/\/mallorcaglobalmag.es\/#\/schema\/person\/9a3cf523d44bd4905a14be13db051907\"},\"description\":\"Palma lanza una campa\u00f1a promocional en oto\u00f1o que apunta a los pa\u00edses n\u00f3rdicos. Clima templado, sol y playa en noviembre y diciembre.\",\"breadcrumb\":{\"@id\":\"https:\/\/mallorcaglobalmag.es\/palma-sale-a-pescar-turistas-nordicos-con-su-clima-suave-de-otono\/#breadcrumb\"},\"inLanguage\":\"en-US\",\"potentialAction\":[{\"@type\":\"ReadAction\",\"target\":[\"https:\/\/mallorcaglobalmag.es\/palma-sale-a-pescar-turistas-nordicos-con-su-clima-suave-de-otono\/\"]}]},{\"@type\":\"ImageObject\",\"inLanguage\":\"en-US\",\"@id\":\"https:\/\/mallorcaglobalmag.es\/palma-sale-a-pescar-turistas-nordicos-con-su-clima-suave-de-otono\/#primaryimage\",\"url\":\"https:\/\/mallorcaglobalmag.es\/wp-content\/uploads\/Playa-de-Palma.-R.-Beltr\u00e1n.jpg\",\"contentUrl\":\"https:\/\/mallorcaglobalmag.es\/wp-content\/uploads\/Playa-de-Palma.-R.-Beltr\u00e1n.jpg\",\"width\":1920,\"height\":1080,\"caption\":\"Playa de Palma\"},{\"@type\":\"BreadcrumbList\",\"@id\":\"https:\/\/mallorcaglobalmag.es\/palma-sale-a-pescar-turistas-nordicos-con-su-clima-suave-de-otono\/#breadcrumb\",\"itemListElement\":[{\"@type\":\"ListItem\",\"position\":1,\"name\":\"Portada\",\"item\":\"https:\/\/mallorcaglobalmag.es\/en\/\"},{\"@type\":\"ListItem\",\"position\":2,\"name\":\"Palma publishes a promotional video to \u2018fish\u2019 Nordic tourists in autumn\"}]},{\"@type\":\"WebSite\",\"@id\":\"https:\/\/mallorcaglobalmag.es\/#website\",\"url\":\"https:\/\/mallorcaglobalmag.es\/\",\"name\":\"Mallorca Global Mag\",\"description\":\"Revista de informaci\u00f3n general de Mallorca\",\"potentialAction\":[{\"@type\":\"SearchAction\",\"target\":{\"@type\":\"EntryPoint\",\"urlTemplate\":\"https:\/\/mallorcaglobalmag.es\/?s={search_term_string}\"},\"query-input\":{\"@type\":\"PropertyValueSpecification\",\"valueRequired\":true,\"valueName\":\"search_term_string\"}}],\"inLanguage\":\"en-US\"},{\"@type\":\"Person\",\"@id\":\"https:\/\/mallorcaglobalmag.es\/#\/schema\/person\/9a3cf523d44bd4905a14be13db051907\",\"name\":\"Redacci\u00f3n\",\"image\":{\"@type\":\"ImageObject\",\"inLanguage\":\"en-US\",\"@id\":\"https:\/\/mallorcaglobalmag.es\/#\/schema\/person\/image\/\",\"url\":\"https:\/\/secure.gravatar.com\/avatar\/54a4bcd1a68eccdda3505d7ee5d6ebb8e5dd78095a07d388940305fac2e49572?s=96&d=mm&r=g\",\"contentUrl\":\"https:\/\/secure.gravatar.com\/avatar\/54a4bcd1a68eccdda3505d7ee5d6ebb8e5dd78095a07d388940305fac2e49572?s=96&d=mm&r=g\",\"caption\":\"Redacci\u00f3n\"},\"url\":\"https:\/\/mallorcaglobalmag.es\/en\/author\/elena\/\"}]}<\/script>\n<!-- \/ Yoast SEO plugin. -->","yoast_head_json":{"title":"Palma apunta en oto\u00f1o a los pa\u00edses n\u00f2rdicos - Mallorca Global Mag","description":"Palma lanza una campa\u00f1a promocional en oto\u00f1o que apunta a los pa\u00edses n\u00f3rdicos. Clima templado, sol y playa en noviembre y diciembre.","robots":{"index":"index","follow":"follow","max-snippet":"max-snippet:-1","max-image-preview":"max-image-preview:large","max-video-preview":"max-video-preview:-1"},"canonical":"https:\/\/mallorcaglobalmag.es\/palma-sale-a-pescar-turistas-nordicos-con-su-clima-suave-de-otono\/","og_locale":"en_US","og_type":"article","og_title":"Palma apunta en oto\u00f1o a los pa\u00edses n\u00f2rdicos - Mallorca Global Mag","og_description":"Palma lanza una campa\u00f1a promocional en oto\u00f1o que apunta a los pa\u00edses n\u00f3rdicos. Clima templado, sol y playa en noviembre y diciembre.","og_url":"https:\/\/mallorcaglobalmag.es\/palma-sale-a-pescar-turistas-nordicos-con-su-clima-suave-de-otono\/","og_site_name":"Mallorca Global Mag","article_published_time":"2021-10-18T07:46:16+00:00","article_modified_time":"2021-10-18T11:23:34+00:00","og_image":[{"width":1920,"height":1080,"url":"https:\/\/mallorcaglobalmag.es\/wp-content\/uploads\/Playa-de-Palma.-R.-Beltr\u00e1n.jpg","type":"image\/jpeg"}],"author":"Redacci\u00f3n","twitter_card":"summary_large_image","twitter_misc":{"Written by":"Redacci\u00f3n","Est. reading time":"1 minute"},"schema":{"@context":"https:\/\/schema.org","@graph":[{"@type":"WebPage","@id":"https:\/\/mallorcaglobalmag.es\/palma-sale-a-pescar-turistas-nordicos-con-su-clima-suave-de-otono\/","url":"https:\/\/mallorcaglobalmag.es\/palma-sale-a-pescar-turistas-nordicos-con-su-clima-suave-de-otono\/","name":"Palma apunta en oto\u00f1o a los pa\u00edses n\u00f2rdicos - Mallorca Global Mag","isPartOf":{"@id":"https:\/\/mallorcaglobalmag.es\/#website"},"primaryImageOfPage":{"@id":"https:\/\/mallorcaglobalmag.es\/palma-sale-a-pescar-turistas-nordicos-con-su-clima-suave-de-otono\/#primaryimage"},"image":{"@id":"https:\/\/mallorcaglobalmag.es\/palma-sale-a-pescar-turistas-nordicos-con-su-clima-suave-de-otono\/#primaryimage"},"thumbnailUrl":"https:\/\/mallorcaglobalmag.es\/wp-content\/uploads\/Playa-de-Palma.-R.-Beltr\u00e1n.jpg","datePublished":"2021-10-18T07:46:16+00:00","dateModified":"2021-10-18T11:23:34+00:00","author":{"@id":"https:\/\/mallorcaglobalmag.es\/#\/schema\/person\/9a3cf523d44bd4905a14be13db051907"},"description":"Palma lanza una campa\u00f1a promocional en oto\u00f1o que apunta a los pa\u00edses n\u00f3rdicos. Clima templado, sol y playa en noviembre y diciembre.","breadcrumb":{"@id":"https:\/\/mallorcaglobalmag.es\/palma-sale-a-pescar-turistas-nordicos-con-su-clima-suave-de-otono\/#breadcrumb"},"inLanguage":"en-US","potentialAction":[{"@type":"ReadAction","target":["https:\/\/mallorcaglobalmag.es\/palma-sale-a-pescar-turistas-nordicos-con-su-clima-suave-de-otono\/"]}]},{"@type":"ImageObject","inLanguage":"en-US","@id":"https:\/\/mallorcaglobalmag.es\/palma-sale-a-pescar-turistas-nordicos-con-su-clima-suave-de-otono\/#primaryimage","url":"https:\/\/mallorcaglobalmag.es\/wp-content\/uploads\/Playa-de-Palma.-R.-Beltr\u00e1n.jpg","contentUrl":"https:\/\/mallorcaglobalmag.es\/wp-content\/uploads\/Playa-de-Palma.-R.-Beltr\u00e1n.jpg","width":1920,"height":1080,"caption":"Playa de Palma"},{"@type":"BreadcrumbList","@id":"https:\/\/mallorcaglobalmag.es\/palma-sale-a-pescar-turistas-nordicos-con-su-clima-suave-de-otono\/#breadcrumb","itemListElement":[{"@type":"ListItem","position":1,"name":"Portada","item":"https:\/\/mallorcaglobalmag.es\/en\/"},{"@type":"ListItem","position":2,"name":"Palma publishes a promotional video to \u2018fish\u2019 Nordic tourists in autumn"}]},{"@type":"WebSite","@id":"https:\/\/mallorcaglobalmag.es\/#website","url":"https:\/\/mallorcaglobalmag.es\/","name":"Mallorca Global Mag","description":"Revista de informaci\u00f3n general de Mallorca","potentialAction":[{"@type":"SearchAction","target":{"@type":"EntryPoint","urlTemplate":"https:\/\/mallorcaglobalmag.es\/?s={search_term_string}"},"query-input":{"@type":"PropertyValueSpecification","valueRequired":true,"valueName":"search_term_string"}}],"inLanguage":"en-US"},{"@type":"Person","@id":"https:\/\/mallorcaglobalmag.es\/#\/schema\/person\/9a3cf523d44bd4905a14be13db051907","name":"Redacci\u00f3n","image":{"@type":"ImageObject","inLanguage":"en-US","@id":"https:\/\/mallorcaglobalmag.es\/#\/schema\/person\/image\/","url":"https:\/\/secure.gravatar.com\/avatar\/54a4bcd1a68eccdda3505d7ee5d6ebb8e5dd78095a07d388940305fac2e49572?s=96&d=mm&r=g","contentUrl":"https:\/\/secure.gravatar.com\/avatar\/54a4bcd1a68eccdda3505d7ee5d6ebb8e5dd78095a07d388940305fac2e49572?s=96&d=mm&r=g","caption":"Redacci\u00f3n"},"url":"https:\/\/mallorcaglobalmag.es\/en\/author\/elena\/"}]}},"_links":{"self":[{"href":"https:\/\/mallorcaglobalmag.es\/en\/wp-json\/wp\/v2\/posts\/28239","targetHints":{"allow":["GET"]}}],"collection":[{"href":"https:\/\/mallorcaglobalmag.es\/en\/wp-json\/wp\/v2\/posts"}],"about":[{"href":"https:\/\/mallorcaglobalmag.es\/en\/wp-json\/wp\/v2\/types\/post"}],"author":[{"embeddable":true,"href":"https:\/\/mallorcaglobalmag.es\/en\/wp-json\/wp\/v2\/users\/4"}],"replies":[{"embeddable":true,"href":"https:\/\/mallorcaglobalmag.es\/en\/wp-json\/wp\/v2\/comments?post=28239"}],"version-history":[{"count":0,"href":"https:\/\/mallorcaglobalmag.es\/en\/wp-json\/wp\/v2\/posts\/28239\/revisions"}],"wp:featuredmedia":[{"embeddable":true,"href":"https:\/\/mallorcaglobalmag.es\/en\/wp-json\/wp\/v2\/media\/23706"}],"wp:attachment":[{"href":"https:\/\/mallorcaglobalmag.es\/en\/wp-json\/wp\/v2\/media?parent=28239"}],"wp:term":[{"taxonomy":"category","embeddable":true,"href":"https:\/\/mallorcaglobalmag.es\/en\/wp-json\/wp\/v2\/categories?post=28239"},{"taxonomy":"post_tag","embeddable":true,"href":"https:\/\/mallorcaglobalmag.es\/en\/wp-json\/wp\/v2\/tags?post=28239"}],"curies":[{"name":"wp","href":"https:\/\/api.w.org\/{rel}","templated":true}]}}