{"id":27782,"date":"2021-09-10T13:13:56","date_gmt":"2021-09-10T11:13:56","guid":{"rendered":"https:\/\/mallorcaglobalmag.es\/?p=27782"},"modified":"2021-09-10T13:13:56","modified_gmt":"2021-09-10T11:13:56","slug":"proyects-balearics-arquitecture-mies-van-der-rohe","status":"publish","type":"post","link":"https:\/\/mallorcaglobalmag.es\/en\/proyects-balearics-arquitecture-mies-van-der-rohe\/","title":{"rendered":"Four Balearic projects, candidates for the Mies van Der Rohe architecture award"},"content":{"rendered":"<p>The European Commission and the Fundaci\u00f3 Mies van der Rohe have announced the 85 works competing for the Award for Contemporary Architecture of the European Union &#8211; Mies van der Rohe Award 2022. Four projects from the Balearic Islands appear on the list: <strong>three in Mallorca and one in Formentera<\/strong>. These are in addition to the previous pool of nominees announced on February 2, which in total amounted to 532 works completed between October 2018 and April 2021 in 41 countries.<\/p>\n<p>The four selected Balearic projects are the following:<\/p>\n<ul>\n<li><strong>Cinc habitatges socials al carrer Regal<\/strong>, promotion of public housing of the Balearic Housing Institute (Ibavi) in Son Gotleu, Palma. The work ended in 2019 and was in charge of the architects Carles Oliver, Alfonso Reina, Antonio Mart\u00edn, Maria Ant\u00f2nia Garc\u00edas, and Xim Moy\u00e1.<\/li>\n<li><strong>Palerm House<\/strong>, by OHLAB, completed in 2019 in the town of Lloret de Vistalegre. It is the work of Jaime Oliver and Paloma Hernaiz.<\/li>\n<li><strong>Casa a Son Puig<\/strong>, by Ripoll Tiz\u00f3n Estudio de Arquitectura, in which the architects Juan Miguel Tiz\u00f3n and Jos\u00e9 Ripoll participated, in Palma.<\/li>\n<li><strong>Es Pou, a house in Formentera<\/strong>, by Mari\u00e0 Castell\u00f3 Arquitectura. Work by Mari\u00e0 Castell\u00f3 and Loreza Ruzafa, completed in 2020 in Sant Francesc, Formentera.<\/li>\n<\/ul>\n\n\t\t<style type=\"text\/css\">\n\t\t\t#gallery-1 {\n\t\t\t\tmargin: auto;\n\t\t\t}\n\t\t\t#gallery-1 .gallery-item {\n\t\t\t\tfloat: left;\n\t\t\t\tmargin-top: 10px;\n\t\t\t\ttext-align: center;\n\t\t\t\twidth: 50%;\n\t\t\t}\n\t\t\t#gallery-1 img {\n\t\t\t\tborder: 2px solid #cfcfcf;\n\t\t\t}\n\t\t\t#gallery-1 .gallery-caption {\n\t\t\t\tmargin-left: 0;\n\t\t\t}\n\t\t\t\/* see gallery_shortcode() in wp-includes\/media.php *\/\n\t\t<\/style>\n\t\t<div id='gallery-1' class='gallery galleryid-27782 gallery-columns-2 gallery-size-medium'><dl class='gallery-item'>\n\t\t\t<dt class='gallery-icon portrait'>\n\t\t\t\t<img decoding=\"async\" width=\"212\" height=\"300\" src=\"https:\/\/mallorcaglobalmag.es\/wp-content\/uploads\/cinc-habitatges-regal-212x300.jpeg\" class=\"attachment-medium size-medium\" alt=\"cinc habitatges regal\" aria-describedby=\"gallery-1-27779\" srcset=\"https:\/\/mallorcaglobalmag.es\/wp-content\/uploads\/cinc-habitatges-regal-200x283.jpeg 200w, https:\/\/mallorcaglobalmag.es\/wp-content\/uploads\/cinc-habitatges-regal-212x300.jpeg 212w, https:\/\/mallorcaglobalmag.es\/wp-content\/uploads\/cinc-habitatges-regal-400x566.jpeg 400w, https:\/\/mallorcaglobalmag.es\/wp-content\/uploads\/cinc-habitatges-regal-600x849.jpeg 600w, https:\/\/mallorcaglobalmag.es\/wp-content\/uploads\/cinc-habitatges-regal.jpeg 707w\" sizes=\"(max-width: 212px) 100vw, 212px\" \/>\n\t\t\t<\/dt>\n\t\t\t\t<dd class='wp-caption-text gallery-caption' id='gallery-1-27779'>\n\t\t\t\tCinc habitatges socials al carrer Regal. Photo: Jose Hevia.\n\t\t\t\t<\/dd><\/dl><dl class='gallery-item'>\n\t\t\t<dt class='gallery-icon landscape'>\n\t\t\t\t<img decoding=\"async\" width=\"300\" height=\"227\" src=\"https:\/\/mallorcaglobalmag.es\/wp-content\/uploads\/house-in-son-puig-mallorca-300x227.jpeg\" class=\"attachment-medium size-medium\" alt=\"house in son puig mallorca\" aria-describedby=\"gallery-1-27773\" srcset=\"https:\/\/mallorcaglobalmag.es\/wp-content\/uploads\/house-in-son-puig-mallorca-200x151.jpeg 200w, https:\/\/mallorcaglobalmag.es\/wp-content\/uploads\/house-in-son-puig-mallorca-300x227.jpeg 300w, https:\/\/mallorcaglobalmag.es\/wp-content\/uploads\/house-in-son-puig-mallorca-400x302.jpeg 400w, https:\/\/mallorcaglobalmag.es\/wp-content\/uploads\/house-in-son-puig-mallorca-600x453.jpeg 600w, https:\/\/mallorcaglobalmag.es\/wp-content\/uploads\/house-in-son-puig-mallorca-768x580.jpeg 768w, https:\/\/mallorcaglobalmag.es\/wp-content\/uploads\/house-in-son-puig-mallorca-800x604.jpeg 800w, https:\/\/mallorcaglobalmag.es\/wp-content\/uploads\/house-in-son-puig-mallorca-1024x773.jpeg 1024w, https:\/\/mallorcaglobalmag.es\/wp-content\/uploads\/house-in-son-puig-mallorca-1200x906.jpeg 1200w, https:\/\/mallorcaglobalmag.es\/wp-content\/uploads\/house-in-son-puig-mallorca-1536x1160.jpeg 1536w, https:\/\/mallorcaglobalmag.es\/wp-content\/uploads\/house-in-son-puig-mallorca.jpeg 1909w\" sizes=\"(max-width: 300px) 100vw, 300px\" \/>\n\t\t\t<\/dt>\n\t\t\t\t<dd class='wp-caption-text gallery-caption' id='gallery-1-27773'>\n\t\t\t\tCasa a Son Puig. Photo: Jose Hevia.\n\t\t\t\t<\/dd><\/dl><br style=\"clear: both\" \/><dl class='gallery-item'>\n\t\t\t<dt class='gallery-icon landscape'>\n\t\t\t\t<img decoding=\"async\" width=\"300\" height=\"212\" src=\"https:\/\/mallorcaglobalmag.es\/wp-content\/uploads\/palerm-house-mallorca-300x212.jpeg\" class=\"attachment-medium size-medium\" alt=\"palerm house mallorca\" aria-describedby=\"gallery-1-27767\" srcset=\"https:\/\/mallorcaglobalmag.es\/wp-content\/uploads\/palerm-house-mallorca-200x141.jpeg 200w, https:\/\/mallorcaglobalmag.es\/wp-content\/uploads\/palerm-house-mallorca-300x212.jpeg 300w, https:\/\/mallorcaglobalmag.es\/wp-content\/uploads\/palerm-house-mallorca-400x283.jpeg 400w, https:\/\/mallorcaglobalmag.es\/wp-content\/uploads\/palerm-house-mallorca-600x424.jpeg 600w, https:\/\/mallorcaglobalmag.es\/wp-content\/uploads\/palerm-house-mallorca-768x543.jpeg 768w, https:\/\/mallorcaglobalmag.es\/wp-content\/uploads\/palerm-house-mallorca-800x566.jpeg 800w, https:\/\/mallorcaglobalmag.es\/wp-content\/uploads\/palerm-house-mallorca.jpeg 1000w\" sizes=\"(max-width: 300px) 100vw, 300px\" \/>\n\t\t\t<\/dt>\n\t\t\t\t<dd class='wp-caption-text gallery-caption' id='gallery-1-27767'>\n\t\t\t\tPalerm House. Photo: Jose Hevia.\n\t\t\t\t<\/dd><\/dl><dl class='gallery-item'>\n\t\t\t<dt class='gallery-icon landscape'>\n\t\t\t\t<img decoding=\"async\" width=\"300\" height=\"212\" src=\"https:\/\/mallorcaglobalmag.es\/wp-content\/uploads\/es-pou-house-formentera-300x212.jpeg\" class=\"attachment-medium size-medium\" alt=\"es pou house formentera\" aria-describedby=\"gallery-1-27776\" srcset=\"https:\/\/mallorcaglobalmag.es\/wp-content\/uploads\/es-pou-house-formentera-200x141.jpeg 200w, https:\/\/mallorcaglobalmag.es\/wp-content\/uploads\/es-pou-house-formentera-300x212.jpeg 300w, https:\/\/mallorcaglobalmag.es\/wp-content\/uploads\/es-pou-house-formentera-400x283.jpeg 400w, https:\/\/mallorcaglobalmag.es\/wp-content\/uploads\/es-pou-house-formentera-600x424.jpeg 600w, https:\/\/mallorcaglobalmag.es\/wp-content\/uploads\/es-pou-house-formentera-768x543.jpeg 768w, https:\/\/mallorcaglobalmag.es\/wp-content\/uploads\/es-pou-house-formentera-800x566.jpeg 800w, https:\/\/mallorcaglobalmag.es\/wp-content\/uploads\/es-pou-house-formentera.jpeg 1000w\" sizes=\"(max-width: 300px) 100vw, 300px\" \/>\n\t\t\t<\/dt>\n\t\t\t\t<dd class='wp-caption-text gallery-caption' id='gallery-1-27776'>\n\t\t\t\tEs Pou, a house in Formentera. Photo: Mari\u00e0 Castell\u00f3.\n\t\t\t\t<\/dd><\/dl><br style=\"clear: both\" \/>\n\t\t<\/div>\n\n<p>The EU Mies Award has adapted the calendar of this edition in order to include all the works and guarantee the safety, rigor and excellence in the evaluation of all projects, taking into account the international concern for the global situation. Reviewing this second group of nominees, the organization observes a great balance between the different programs: 18% correspond to educational facilities, another 18% to single-family homes, and another 18% to mixed-use buildings. 13% corresponds to collective housing, 11% to cultural facilities, followed by office buildings, sports and leisure, urban planning, sanitary facilities, food and accommodation, religion, funeral, landscape and industry. 65% of the projects are the result of new constructions while the rest are transformations (regenerations and extensions). The percentage of new construction is 70% of the 532 works.<\/p>\n<p>This year&#8217;s edition shows a small increase in nominated young studios compared to previous editions: of the 532 works, 84% of architecture studios have more than 10 years of experience and 86% of all architects, involved in These works as authors (1542) are over 40 years old. Sixty-one authors are 65 years of age or older.<\/p>\n","protected":false},"excerpt":{"rendered":"<p>The European Commission and the Fundaci\u00f3 Mies van der Rohe <a href=\"https:\/\/mallorcaglobalmag.es\/en\/proyects-balearics-arquitecture-mies-van-der-rohe\/\"> [&#8230;]<\/a><\/p>\n","protected":false},"author":4,"featured_media":27770,"comment_status":"open","ping_status":"open","sticky":false,"template":"","format":"standard","meta":{"footnotes":""},"categories":[136],"tags":[],"class_list":["post-27782","post","type-post","status-publish","format-standard","has-post-thumbnail","hentry","category-blog-en"],"yoast_head":"<!-- This site is optimized with the Yoast SEO plugin v25.2 - https:\/\/yoast.com\/wordpress\/plugins\/seo\/ -->\n<title>Selected four Balearic architectural projects - Mallorca Global Mag<\/title>\n<meta name=\"description\" content=\"Four Balearic works compete for the European Union Prize for Contemporary Architecture - Mies van der Rohe Prize 2022.\" \/>\n<meta name=\"robots\" content=\"index, follow, max-snippet:-1, max-image-preview:large, max-video-preview:-1\" \/>\n<link rel=\"canonical\" href=\"https:\/\/mallorcaglobalmag.es\/proyectos-balears-arquitectura-mies-van-der-rohe\/\" \/>\n<meta property=\"og:locale\" content=\"en_US\" \/>\n<meta property=\"og:type\" content=\"article\" \/>\n<meta property=\"og:title\" content=\"Selected four Balearic architectural projects - Mallorca Global Mag\" \/>\n<meta property=\"og:description\" content=\"Four Balearic works compete for the European Union Prize for Contemporary Architecture - Mies van der Rohe Prize 2022.\" \/>\n<meta property=\"og:url\" content=\"https:\/\/mallorcaglobalmag.es\/proyectos-balears-arquitectura-mies-van-der-rohe\/\" \/>\n<meta property=\"og:site_name\" content=\"Mallorca Global Mag\" \/>\n<meta property=\"article:published_time\" content=\"2021-09-10T11:13:56+00:00\" \/>\n<meta property=\"og:image\" content=\"https:\/\/mallorcaglobalmag.es\/wp-content\/uploads\/palerm-house-mallorca-arquitectura.jpeg\" \/>\n\t<meta property=\"og:image:width\" content=\"1000\" \/>\n\t<meta property=\"og:image:height\" content=\"707\" \/>\n\t<meta property=\"og:image:type\" content=\"image\/jpeg\" \/>\n<meta name=\"author\" content=\"Redacci\u00f3n\" \/>\n<meta name=\"twitter:card\" content=\"summary_large_image\" \/>\n<meta name=\"twitter:label1\" content=\"Written by\" \/>\n\t<meta name=\"twitter:data1\" content=\"Redacci\u00f3n\" \/>\n\t<meta name=\"twitter:label2\" content=\"Est. reading time\" \/>\n\t<meta name=\"twitter:data2\" content=\"2 minutes\" \/>\n<script type=\"application\/ld+json\" class=\"yoast-schema-graph\">{\"@context\":\"https:\/\/schema.org\",\"@graph\":[{\"@type\":\"WebPage\",\"@id\":\"https:\/\/mallorcaglobalmag.es\/proyectos-balears-arquitectura-mies-van-der-rohe\/\",\"url\":\"https:\/\/mallorcaglobalmag.es\/proyectos-balears-arquitectura-mies-van-der-rohe\/\",\"name\":\"Selected four Balearic architectural projects - Mallorca Global Mag\",\"isPartOf\":{\"@id\":\"https:\/\/mallorcaglobalmag.es\/#website\"},\"primaryImageOfPage\":{\"@id\":\"https:\/\/mallorcaglobalmag.es\/proyectos-balears-arquitectura-mies-van-der-rohe\/#primaryimage\"},\"image\":{\"@id\":\"https:\/\/mallorcaglobalmag.es\/proyectos-balears-arquitectura-mies-van-der-rohe\/#primaryimage\"},\"thumbnailUrl\":\"https:\/\/mallorcaglobalmag.es\/wp-content\/uploads\/palerm-house-mallorca-arquitectura.jpeg\",\"datePublished\":\"2021-09-10T11:13:56+00:00\",\"author\":{\"@id\":\"https:\/\/mallorcaglobalmag.es\/#\/schema\/person\/9a3cf523d44bd4905a14be13db051907\"},\"description\":\"Four Balearic works compete for the European Union Prize for Contemporary Architecture - Mies van der Rohe Prize 2022.\",\"breadcrumb\":{\"@id\":\"https:\/\/mallorcaglobalmag.es\/proyectos-balears-arquitectura-mies-van-der-rohe\/#breadcrumb\"},\"inLanguage\":\"en-US\",\"potentialAction\":[{\"@type\":\"ReadAction\",\"target\":[\"https:\/\/mallorcaglobalmag.es\/proyectos-balears-arquitectura-mies-van-der-rohe\/\"]}]},{\"@type\":\"ImageObject\",\"inLanguage\":\"en-US\",\"@id\":\"https:\/\/mallorcaglobalmag.es\/proyectos-balears-arquitectura-mies-van-der-rohe\/#primaryimage\",\"url\":\"https:\/\/mallorcaglobalmag.es\/wp-content\/uploads\/palerm-house-mallorca-arquitectura.jpeg\",\"contentUrl\":\"https:\/\/mallorcaglobalmag.es\/wp-content\/uploads\/palerm-house-mallorca-arquitectura.jpeg\",\"width\":1000,\"height\":707,\"caption\":\"palerm house mallorca arquitectura\"},{\"@type\":\"BreadcrumbList\",\"@id\":\"https:\/\/mallorcaglobalmag.es\/proyectos-balears-arquitectura-mies-van-der-rohe\/#breadcrumb\",\"itemListElement\":[{\"@type\":\"ListItem\",\"position\":1,\"name\":\"Portada\",\"item\":\"https:\/\/mallorcaglobalmag.es\/en\/\"},{\"@type\":\"ListItem\",\"position\":2,\"name\":\"Four Balearic projects, candidates for the Mies van Der Rohe architecture award\"}]},{\"@type\":\"WebSite\",\"@id\":\"https:\/\/mallorcaglobalmag.es\/#website\",\"url\":\"https:\/\/mallorcaglobalmag.es\/\",\"name\":\"Mallorca Global Mag\",\"description\":\"Revista de informaci\u00f3n general de Mallorca\",\"potentialAction\":[{\"@type\":\"SearchAction\",\"target\":{\"@type\":\"EntryPoint\",\"urlTemplate\":\"https:\/\/mallorcaglobalmag.es\/?s={search_term_string}\"},\"query-input\":{\"@type\":\"PropertyValueSpecification\",\"valueRequired\":true,\"valueName\":\"search_term_string\"}}],\"inLanguage\":\"en-US\"},{\"@type\":\"Person\",\"@id\":\"https:\/\/mallorcaglobalmag.es\/#\/schema\/person\/9a3cf523d44bd4905a14be13db051907\",\"name\":\"Redacci\u00f3n\",\"image\":{\"@type\":\"ImageObject\",\"inLanguage\":\"en-US\",\"@id\":\"https:\/\/mallorcaglobalmag.es\/#\/schema\/person\/image\/\",\"url\":\"https:\/\/secure.gravatar.com\/avatar\/54a4bcd1a68eccdda3505d7ee5d6ebb8e5dd78095a07d388940305fac2e49572?s=96&d=mm&r=g\",\"contentUrl\":\"https:\/\/secure.gravatar.com\/avatar\/54a4bcd1a68eccdda3505d7ee5d6ebb8e5dd78095a07d388940305fac2e49572?s=96&d=mm&r=g\",\"caption\":\"Redacci\u00f3n\"},\"url\":\"https:\/\/mallorcaglobalmag.es\/en\/author\/elena\/\"}]}<\/script>\n<!-- \/ Yoast SEO plugin. -->","yoast_head_json":{"title":"Selected four Balearic architectural projects - Mallorca Global Mag","description":"Four Balearic works compete for the European Union Prize for Contemporary Architecture - Mies van der Rohe Prize 2022.","robots":{"index":"index","follow":"follow","max-snippet":"max-snippet:-1","max-image-preview":"max-image-preview:large","max-video-preview":"max-video-preview:-1"},"canonical":"https:\/\/mallorcaglobalmag.es\/proyectos-balears-arquitectura-mies-van-der-rohe\/","og_locale":"en_US","og_type":"article","og_title":"Selected four Balearic architectural projects - Mallorca Global Mag","og_description":"Four Balearic works compete for the European Union Prize for Contemporary Architecture - Mies van der Rohe Prize 2022.","og_url":"https:\/\/mallorcaglobalmag.es\/proyectos-balears-arquitectura-mies-van-der-rohe\/","og_site_name":"Mallorca Global Mag","article_published_time":"2021-09-10T11:13:56+00:00","og_image":[{"width":1000,"height":707,"url":"https:\/\/mallorcaglobalmag.es\/wp-content\/uploads\/palerm-house-mallorca-arquitectura.jpeg","type":"image\/jpeg"}],"author":"Redacci\u00f3n","twitter_card":"summary_large_image","twitter_misc":{"Written by":"Redacci\u00f3n","Est. reading time":"2 minutes"},"schema":{"@context":"https:\/\/schema.org","@graph":[{"@type":"WebPage","@id":"https:\/\/mallorcaglobalmag.es\/proyectos-balears-arquitectura-mies-van-der-rohe\/","url":"https:\/\/mallorcaglobalmag.es\/proyectos-balears-arquitectura-mies-van-der-rohe\/","name":"Selected four Balearic architectural projects - Mallorca Global Mag","isPartOf":{"@id":"https:\/\/mallorcaglobalmag.es\/#website"},"primaryImageOfPage":{"@id":"https:\/\/mallorcaglobalmag.es\/proyectos-balears-arquitectura-mies-van-der-rohe\/#primaryimage"},"image":{"@id":"https:\/\/mallorcaglobalmag.es\/proyectos-balears-arquitectura-mies-van-der-rohe\/#primaryimage"},"thumbnailUrl":"https:\/\/mallorcaglobalmag.es\/wp-content\/uploads\/palerm-house-mallorca-arquitectura.jpeg","datePublished":"2021-09-10T11:13:56+00:00","author":{"@id":"https:\/\/mallorcaglobalmag.es\/#\/schema\/person\/9a3cf523d44bd4905a14be13db051907"},"description":"Four Balearic works compete for the European Union Prize for Contemporary Architecture - Mies van der Rohe Prize 2022.","breadcrumb":{"@id":"https:\/\/mallorcaglobalmag.es\/proyectos-balears-arquitectura-mies-van-der-rohe\/#breadcrumb"},"inLanguage":"en-US","potentialAction":[{"@type":"ReadAction","target":["https:\/\/mallorcaglobalmag.es\/proyectos-balears-arquitectura-mies-van-der-rohe\/"]}]},{"@type":"ImageObject","inLanguage":"en-US","@id":"https:\/\/mallorcaglobalmag.es\/proyectos-balears-arquitectura-mies-van-der-rohe\/#primaryimage","url":"https:\/\/mallorcaglobalmag.es\/wp-content\/uploads\/palerm-house-mallorca-arquitectura.jpeg","contentUrl":"https:\/\/mallorcaglobalmag.es\/wp-content\/uploads\/palerm-house-mallorca-arquitectura.jpeg","width":1000,"height":707,"caption":"palerm house mallorca arquitectura"},{"@type":"BreadcrumbList","@id":"https:\/\/mallorcaglobalmag.es\/proyectos-balears-arquitectura-mies-van-der-rohe\/#breadcrumb","itemListElement":[{"@type":"ListItem","position":1,"name":"Portada","item":"https:\/\/mallorcaglobalmag.es\/en\/"},{"@type":"ListItem","position":2,"name":"Four Balearic projects, candidates for the Mies van Der Rohe architecture award"}]},{"@type":"WebSite","@id":"https:\/\/mallorcaglobalmag.es\/#website","url":"https:\/\/mallorcaglobalmag.es\/","name":"Mallorca Global Mag","description":"Revista de informaci\u00f3n general de Mallorca","potentialAction":[{"@type":"SearchAction","target":{"@type":"EntryPoint","urlTemplate":"https:\/\/mallorcaglobalmag.es\/?s={search_term_string}"},"query-input":{"@type":"PropertyValueSpecification","valueRequired":true,"valueName":"search_term_string"}}],"inLanguage":"en-US"},{"@type":"Person","@id":"https:\/\/mallorcaglobalmag.es\/#\/schema\/person\/9a3cf523d44bd4905a14be13db051907","name":"Redacci\u00f3n","image":{"@type":"ImageObject","inLanguage":"en-US","@id":"https:\/\/mallorcaglobalmag.es\/#\/schema\/person\/image\/","url":"https:\/\/secure.gravatar.com\/avatar\/54a4bcd1a68eccdda3505d7ee5d6ebb8e5dd78095a07d388940305fac2e49572?s=96&d=mm&r=g","contentUrl":"https:\/\/secure.gravatar.com\/avatar\/54a4bcd1a68eccdda3505d7ee5d6ebb8e5dd78095a07d388940305fac2e49572?s=96&d=mm&r=g","caption":"Redacci\u00f3n"},"url":"https:\/\/mallorcaglobalmag.es\/en\/author\/elena\/"}]}},"_links":{"self":[{"href":"https:\/\/mallorcaglobalmag.es\/en\/wp-json\/wp\/v2\/posts\/27782","targetHints":{"allow":["GET"]}}],"collection":[{"href":"https:\/\/mallorcaglobalmag.es\/en\/wp-json\/wp\/v2\/posts"}],"about":[{"href":"https:\/\/mallorcaglobalmag.es\/en\/wp-json\/wp\/v2\/types\/post"}],"author":[{"embeddable":true,"href":"https:\/\/mallorcaglobalmag.es\/en\/wp-json\/wp\/v2\/users\/4"}],"replies":[{"embeddable":true,"href":"https:\/\/mallorcaglobalmag.es\/en\/wp-json\/wp\/v2\/comments?post=27782"}],"version-history":[{"count":0,"href":"https:\/\/mallorcaglobalmag.es\/en\/wp-json\/wp\/v2\/posts\/27782\/revisions"}],"wp:featuredmedia":[{"embeddable":true,"href":"https:\/\/mallorcaglobalmag.es\/en\/wp-json\/wp\/v2\/media\/27770"}],"wp:attachment":[{"href":"https:\/\/mallorcaglobalmag.es\/en\/wp-json\/wp\/v2\/media?parent=27782"}],"wp:term":[{"taxonomy":"category","embeddable":true,"href":"https:\/\/mallorcaglobalmag.es\/en\/wp-json\/wp\/v2\/categories?post=27782"},{"taxonomy":"post_tag","embeddable":true,"href":"https:\/\/mallorcaglobalmag.es\/en\/wp-json\/wp\/v2\/tags?post=27782"}],"curies":[{"name":"wp","href":"https:\/\/api.w.org\/{rel}","templated":true}]}}