{"id":25792,"date":"2021-03-26T12:41:27","date_gmt":"2021-03-26T11:41:27","guid":{"rendered":"https:\/\/mallorcaglobalmag.es\/?p=25792"},"modified":"2021-04-27T09:04:52","modified_gmt":"2021-04-27T07:04:52","slug":"mallorca-live-festival-summer","status":"publish","type":"post","link":"https:\/\/mallorcaglobalmag.es\/en\/mallorca-live-festival-summer\/","title":{"rendered":"The Mallorca Live Festival 2021 returns as a summer concert series in June"},"content":{"rendered":"<p>The Mallorca Live Festival in 2021 will repeat the summer cycle format. This musical event thus becomes Mallorca Live Summer for the second consecutive year due to the Covid-19 pandemic. It will open with the Rozal\u00e9n concert on Friday, June 18 and will end on Sunday, August 1.<\/p>\n<p>The Mallorca music festival has presented its 2021 edition with a new image. It reinforces the Mallorca Live brand and its commitment to culture and music throughout the year on the island. While in summer the cycle of open-air concerts will take place under the Mallorca Live Summer proposal, in winter the cycle in Mallorca Live Nights will return. It will be in 2022 when it is hoped to resume the Mallorca Live Festival, the successful festival format that has animated the last summers on the island.<\/p>\n<div id=\"attachment_25756\" style=\"width: 1034px\" class=\"wp-caption aligncenter\"><img decoding=\"async\" aria-describedby=\"caption-attachment-25756\" class=\"size-large wp-image-25756\" src=\"https:\/\/mallorcaglobalmag.es\/wp-content\/uploads\/\/Mallorca-Live-Summer-Festival-2021-1024x577.jpg\" alt=\"Mallorca Live Summer Festival 2021\" width=\"1024\" height=\"577\" srcset=\"https:\/\/mallorcaglobalmag.es\/wp-content\/uploads\/Mallorca-Live-Summer-Festival-2021-200x113.jpg 200w, https:\/\/mallorcaglobalmag.es\/wp-content\/uploads\/Mallorca-Live-Summer-Festival-2021-300x169.jpg 300w, https:\/\/mallorcaglobalmag.es\/wp-content\/uploads\/Mallorca-Live-Summer-Festival-2021-400x225.jpg 400w, https:\/\/mallorcaglobalmag.es\/wp-content\/uploads\/Mallorca-Live-Summer-Festival-2021-600x338.jpg 600w, https:\/\/mallorcaglobalmag.es\/wp-content\/uploads\/Mallorca-Live-Summer-Festival-2021-768x432.jpg 768w, https:\/\/mallorcaglobalmag.es\/wp-content\/uploads\/Mallorca-Live-Summer-Festival-2021-800x450.jpg 800w, https:\/\/mallorcaglobalmag.es\/wp-content\/uploads\/Mallorca-Live-Summer-Festival-2021-1024x577.jpg 1024w, https:\/\/mallorcaglobalmag.es\/wp-content\/uploads\/Mallorca-Live-Summer-Festival-2021-1200x676.jpg 1200w, https:\/\/mallorcaglobalmag.es\/wp-content\/uploads\/Mallorca-Live-Summer-Festival-2021.jpg 1300w\" sizes=\"(max-width: 1024px) 100vw, 1024px\" \/><p id=\"caption-attachment-25756\" class=\"wp-caption-text\">Mallorca Live Summer stage, 2020 edition. Photo: Andr\u00e9s Iglesias.<\/p><\/div>\n<h2>Mallorca Live 2021 summer edition concerts<\/h2>\n<p>So far, the presence of several artists who will offer concerts in this summer cycle has been confirmed.<\/p>\n<ul>\n<li><strong>Rozal\u00e9n<\/strong>: one of the main voices of the new author song. She will be in charge of inaugurating the new Mallorca Live Summer 2021 on June 18 at the Old Aquapark in Calvi\u00e0. After having won the Goya 2021 Award for Best Original Song for \u201cQue no, que no\u201d, included in the soundtrack of the film \u201cRosa&#8217;s wedding\u201d, the singer will present her latest work in Mallorca, El arbol y el bosque.<\/li>\n<li><strong>M-Clan<\/strong>: Sunday June 20 in acoustic duo format.<\/li>\n<li><strong>Sidonie<\/strong>: Friday, June 25.<\/li>\n<li><strong>Iseo &amp; Dodosound<\/strong>: Saturday, June 26.<\/li>\n<li><strong>Fuel Fandango<\/strong>: Sunday, June 27.<\/li>\n<li><strong>Don Patricio<\/strong>: Friday, July 9.<\/li>\n<li><strong>DePedro<\/strong>: Sunday, July 11.<\/li>\n<li><strong>Amaral<\/strong>: Friday, July 26.<\/li>\n<li><strong>Prok<\/strong>: Thursday July 22<\/li>\n<li><strong>Zahara<\/strong>: will take the stage of the Aquapark in Calvi\u00e0 on Friday, July 23.<\/li>\n<li><strong>Aitana<\/strong>: presents &#8220;11 razones&#8221; on Thursday 29 July.<\/li>\n<li><strong>Raphael<\/strong>: The singer will celebrate 60 years of career on the stage of Mallorca Live Summer on July 30.<\/li>\n<\/ul>\n<p>Tickets for the Mallorca Live Summer 2021 music festival go on sale on Wednesday, March 24 on the festival&#8217;s website. This day some of the artists of a lineup that promises to be of quality and eclectic will be announced.<\/p>\n<h2>The festival format, in 2022<\/h2>\n<p>There is still no date for Mallorca Live Festival 2022: \u201cWe have a possible date, but we prefer to be prudent and confirm it when we have more security. We hope that it will be very soon \u201d, informs the organization. &#8220;We are already talking with some international artists for 2022 that you will surely love and that will make the island tremble&#8221; they assure.<\/p>\n<p>The festival continues to bet on safe culture with the endorsement of the results of last year, the first that was affected by the pandemic. More than 14,000 people attended one of the 40 concerts and DJ sessions of the Summer Edition of the festival. The organization recalls that it passed without any incidence or contagion by Covid-19. &#8220;We know that 2021 is going to be a better year for everyone: we have full confidence in the vaccination campaign and in the different concert-studies that continue to demonstrate day by day that culture is safe,&#8221; they affirmed.<\/p>\n\n\t\t<style type=\"text\/css\">\n\t\t\t#gallery-1 {\n\t\t\t\tmargin: auto;\n\t\t\t}\n\t\t\t#gallery-1 .gallery-item {\n\t\t\t\tfloat: left;\n\t\t\t\tmargin-top: 10px;\n\t\t\t\ttext-align: center;\n\t\t\t\twidth: 50%;\n\t\t\t}\n\t\t\t#gallery-1 img {\n\t\t\t\tborder: 2px solid #cfcfcf;\n\t\t\t}\n\t\t\t#gallery-1 .gallery-caption {\n\t\t\t\tmargin-left: 0;\n\t\t\t}\n\t\t\t\/* see gallery_shortcode() in wp-includes\/media.php *\/\n\t\t<\/style>\n\t\t<div id='gallery-1' class='gallery galleryid-25792 gallery-columns-2 gallery-size-medium'><dl class='gallery-item'>\n\t\t\t<dt class='gallery-icon landscape'>\n\t\t\t\t<img decoding=\"async\" width=\"300\" height=\"263\" src=\"https:\/\/mallorcaglobalmag.es\/wp-content\/uploads\/publico-mallorca-live-festival-300x263.jpg\" class=\"attachment-medium size-medium\" alt=\"p\u00fablico mallorca live festival\" aria-describedby=\"gallery-1-25760\" srcset=\"https:\/\/mallorcaglobalmag.es\/wp-content\/uploads\/publico-mallorca-live-festival-200x175.jpg 200w, https:\/\/mallorcaglobalmag.es\/wp-content\/uploads\/publico-mallorca-live-festival-300x263.jpg 300w, https:\/\/mallorcaglobalmag.es\/wp-content\/uploads\/publico-mallorca-live-festival-400x350.jpg 400w, https:\/\/mallorcaglobalmag.es\/wp-content\/uploads\/publico-mallorca-live-festival-600x525.jpg 600w, https:\/\/mallorcaglobalmag.es\/wp-content\/uploads\/publico-mallorca-live-festival-768x672.jpg 768w, https:\/\/mallorcaglobalmag.es\/wp-content\/uploads\/publico-mallorca-live-festival.jpg 800w\" sizes=\"(max-width: 300px) 100vw, 300px\" \/>\n\t\t\t<\/dt>\n\t\t\t\t<dd class='wp-caption-text gallery-caption' id='gallery-1-25760'>\n\t\t\t\tAttendees to the 2020 edition. Photo: A. I.\n\t\t\t\t<\/dd><\/dl><dl class='gallery-item'>\n\t\t\t<dt class='gallery-icon landscape'>\n\t\t\t\t<img decoding=\"async\" width=\"300\" height=\"263\" src=\"https:\/\/mallorcaglobalmag.es\/wp-content\/uploads\/medidas-mallorca-live-festival-2021-300x263.jpg\" class=\"attachment-medium size-medium\" alt=\"medidas mallorca live festival 2021\" aria-describedby=\"gallery-1-25763\" srcset=\"https:\/\/mallorcaglobalmag.es\/wp-content\/uploads\/medidas-mallorca-live-festival-2021-200x175.jpg 200w, https:\/\/mallorcaglobalmag.es\/wp-content\/uploads\/medidas-mallorca-live-festival-2021-300x263.jpg 300w, https:\/\/mallorcaglobalmag.es\/wp-content\/uploads\/medidas-mallorca-live-festival-2021-400x350.jpg 400w, https:\/\/mallorcaglobalmag.es\/wp-content\/uploads\/medidas-mallorca-live-festival-2021-600x525.jpg 600w, https:\/\/mallorcaglobalmag.es\/wp-content\/uploads\/medidas-mallorca-live-festival-2021-768x672.jpg 768w, https:\/\/mallorcaglobalmag.es\/wp-content\/uploads\/medidas-mallorca-live-festival-2021.jpg 800w\" sizes=\"(max-width: 300px) 100vw, 300px\" \/>\n\t\t\t<\/dt>\n\t\t\t\t<dd class='wp-caption-text gallery-caption' id='gallery-1-25763'>\n\t\t\t\tSecurity measures: Photos: A. I.\n\t\t\t\t<\/dd><\/dl><br style=\"clear: both\" \/>\n\t\t<\/div>\n\n","protected":false},"excerpt":{"rendered":"<p>The Mallorca Live Festival in 2021 will repeat the summer <a href=\"https:\/\/mallorcaglobalmag.es\/en\/mallorca-live-festival-summer\/\"> [&#8230;]<\/a><\/p>\n","protected":false},"author":4,"featured_media":25757,"comment_status":"open","ping_status":"open","sticky":false,"template":"","format":"standard","meta":{"footnotes":""},"categories":[136],"tags":[],"class_list":["post-25792","post","type-post","status-publish","format-standard","has-post-thumbnail","hentry","category-blog-en"],"yoast_head":"<!-- This site is optimized with the Yoast SEO plugin v25.2 - https:\/\/yoast.com\/wordpress\/plugins\/seo\/ -->\n<title>Mallorca Live Festival 2021 vuelve en junio con Rozal\u00e9n - Mallorca Global Mag<\/title>\n<meta name=\"description\" content=\"El Mallorca Live Festival de este 2021 repetir\u00e1 el formato de ciclo de verano. Rozal\u00e9n abre los conciertos el 18 de junio.\" \/>\n<meta name=\"robots\" content=\"index, follow, max-snippet:-1, max-image-preview:large, max-video-preview:-1\" \/>\n<link rel=\"canonical\" href=\"https:\/\/mallorcaglobalmag.es\/mallorca-live-festival-verano\/\" \/>\n<meta property=\"og:locale\" content=\"en_US\" \/>\n<meta property=\"og:type\" content=\"article\" \/>\n<meta property=\"og:title\" content=\"Mallorca Live Festival 2021 vuelve en junio con Rozal\u00e9n - Mallorca Global Mag\" \/>\n<meta property=\"og:description\" content=\"El Mallorca Live Festival de este 2021 repetir\u00e1 el formato de ciclo de verano. Rozal\u00e9n abre los conciertos el 18 de junio.\" \/>\n<meta property=\"og:url\" content=\"https:\/\/mallorcaglobalmag.es\/mallorca-live-festival-verano\/\" \/>\n<meta property=\"og:site_name\" content=\"Mallorca Global Mag\" \/>\n<meta property=\"article:published_time\" content=\"2021-03-26T11:41:27+00:00\" \/>\n<meta property=\"article:modified_time\" content=\"2021-04-27T07:04:52+00:00\" \/>\n<meta property=\"og:image\" content=\"https:\/\/mallorcaglobalmag.es\/wp-content\/uploads\/Mallorca-Live-Summer-Festival-2021.jpg\" \/>\n\t<meta property=\"og:image:width\" content=\"1300\" \/>\n\t<meta property=\"og:image:height\" content=\"732\" \/>\n\t<meta property=\"og:image:type\" content=\"image\/jpeg\" \/>\n<meta name=\"author\" content=\"Redacci\u00f3n\" \/>\n<meta name=\"twitter:card\" content=\"summary_large_image\" \/>\n<meta name=\"twitter:label1\" content=\"Written by\" \/>\n\t<meta name=\"twitter:data1\" content=\"Redacci\u00f3n\" \/>\n\t<meta name=\"twitter:label2\" content=\"Est. reading time\" \/>\n\t<meta name=\"twitter:data2\" content=\"3 minutes\" \/>\n<script type=\"application\/ld+json\" class=\"yoast-schema-graph\">{\"@context\":\"https:\/\/schema.org\",\"@graph\":[{\"@type\":\"WebPage\",\"@id\":\"https:\/\/mallorcaglobalmag.es\/mallorca-live-festival-verano\/\",\"url\":\"https:\/\/mallorcaglobalmag.es\/mallorca-live-festival-verano\/\",\"name\":\"Mallorca Live Festival 2021 vuelve en junio con Rozal\u00e9n - Mallorca Global Mag\",\"isPartOf\":{\"@id\":\"https:\/\/mallorcaglobalmag.es\/#website\"},\"primaryImageOfPage\":{\"@id\":\"https:\/\/mallorcaglobalmag.es\/mallorca-live-festival-verano\/#primaryimage\"},\"image\":{\"@id\":\"https:\/\/mallorcaglobalmag.es\/mallorca-live-festival-verano\/#primaryimage\"},\"thumbnailUrl\":\"https:\/\/mallorcaglobalmag.es\/wp-content\/uploads\/Mallorca-Live-Summer-Festival-2021.jpg\",\"datePublished\":\"2021-03-26T11:41:27+00:00\",\"dateModified\":\"2021-04-27T07:04:52+00:00\",\"author\":{\"@id\":\"https:\/\/mallorcaglobalmag.es\/#\/schema\/person\/9a3cf523d44bd4905a14be13db051907\"},\"description\":\"El Mallorca Live Festival de este 2021 repetir\u00e1 el formato de ciclo de verano. Rozal\u00e9n abre los conciertos el 18 de junio.\",\"breadcrumb\":{\"@id\":\"https:\/\/mallorcaglobalmag.es\/mallorca-live-festival-verano\/#breadcrumb\"},\"inLanguage\":\"en-US\",\"potentialAction\":[{\"@type\":\"ReadAction\",\"target\":[\"https:\/\/mallorcaglobalmag.es\/mallorca-live-festival-verano\/\"]}]},{\"@type\":\"ImageObject\",\"inLanguage\":\"en-US\",\"@id\":\"https:\/\/mallorcaglobalmag.es\/mallorca-live-festival-verano\/#primaryimage\",\"url\":\"https:\/\/mallorcaglobalmag.es\/wp-content\/uploads\/Mallorca-Live-Summer-Festival-2021.jpg\",\"contentUrl\":\"https:\/\/mallorcaglobalmag.es\/wp-content\/uploads\/Mallorca-Live-Summer-Festival-2021.jpg\",\"width\":1300,\"height\":732,\"caption\":\"Escenario del Mallorca Live Summer, edici\u00f3n 2020. Foto: Andr\u00e9s Iglesias.\"},{\"@type\":\"BreadcrumbList\",\"@id\":\"https:\/\/mallorcaglobalmag.es\/mallorca-live-festival-verano\/#breadcrumb\",\"itemListElement\":[{\"@type\":\"ListItem\",\"position\":1,\"name\":\"Portada\",\"item\":\"https:\/\/mallorcaglobalmag.es\/en\/\"},{\"@type\":\"ListItem\",\"position\":2,\"name\":\"The Mallorca Live Festival 2021 returns as a summer concert series in June\"}]},{\"@type\":\"WebSite\",\"@id\":\"https:\/\/mallorcaglobalmag.es\/#website\",\"url\":\"https:\/\/mallorcaglobalmag.es\/\",\"name\":\"Mallorca Global Mag\",\"description\":\"Revista de informaci\u00f3n general de Mallorca\",\"potentialAction\":[{\"@type\":\"SearchAction\",\"target\":{\"@type\":\"EntryPoint\",\"urlTemplate\":\"https:\/\/mallorcaglobalmag.es\/?s={search_term_string}\"},\"query-input\":{\"@type\":\"PropertyValueSpecification\",\"valueRequired\":true,\"valueName\":\"search_term_string\"}}],\"inLanguage\":\"en-US\"},{\"@type\":\"Person\",\"@id\":\"https:\/\/mallorcaglobalmag.es\/#\/schema\/person\/9a3cf523d44bd4905a14be13db051907\",\"name\":\"Redacci\u00f3n\",\"image\":{\"@type\":\"ImageObject\",\"inLanguage\":\"en-US\",\"@id\":\"https:\/\/mallorcaglobalmag.es\/#\/schema\/person\/image\/\",\"url\":\"https:\/\/secure.gravatar.com\/avatar\/54a4bcd1a68eccdda3505d7ee5d6ebb8e5dd78095a07d388940305fac2e49572?s=96&d=mm&r=g\",\"contentUrl\":\"https:\/\/secure.gravatar.com\/avatar\/54a4bcd1a68eccdda3505d7ee5d6ebb8e5dd78095a07d388940305fac2e49572?s=96&d=mm&r=g\",\"caption\":\"Redacci\u00f3n\"},\"url\":\"https:\/\/mallorcaglobalmag.es\/en\/author\/elena\/\"}]}<\/script>\n<!-- \/ Yoast SEO plugin. -->","yoast_head_json":{"title":"Mallorca Live Festival 2021 vuelve en junio con Rozal\u00e9n - Mallorca Global Mag","description":"El Mallorca Live Festival de este 2021 repetir\u00e1 el formato de ciclo de verano. Rozal\u00e9n abre los conciertos el 18 de junio.","robots":{"index":"index","follow":"follow","max-snippet":"max-snippet:-1","max-image-preview":"max-image-preview:large","max-video-preview":"max-video-preview:-1"},"canonical":"https:\/\/mallorcaglobalmag.es\/mallorca-live-festival-verano\/","og_locale":"en_US","og_type":"article","og_title":"Mallorca Live Festival 2021 vuelve en junio con Rozal\u00e9n - Mallorca Global Mag","og_description":"El Mallorca Live Festival de este 2021 repetir\u00e1 el formato de ciclo de verano. Rozal\u00e9n abre los conciertos el 18 de junio.","og_url":"https:\/\/mallorcaglobalmag.es\/mallorca-live-festival-verano\/","og_site_name":"Mallorca Global Mag","article_published_time":"2021-03-26T11:41:27+00:00","article_modified_time":"2021-04-27T07:04:52+00:00","og_image":[{"width":1300,"height":732,"url":"https:\/\/mallorcaglobalmag.es\/wp-content\/uploads\/Mallorca-Live-Summer-Festival-2021.jpg","type":"image\/jpeg"}],"author":"Redacci\u00f3n","twitter_card":"summary_large_image","twitter_misc":{"Written by":"Redacci\u00f3n","Est. reading time":"3 minutes"},"schema":{"@context":"https:\/\/schema.org","@graph":[{"@type":"WebPage","@id":"https:\/\/mallorcaglobalmag.es\/mallorca-live-festival-verano\/","url":"https:\/\/mallorcaglobalmag.es\/mallorca-live-festival-verano\/","name":"Mallorca Live Festival 2021 vuelve en junio con Rozal\u00e9n - Mallorca Global Mag","isPartOf":{"@id":"https:\/\/mallorcaglobalmag.es\/#website"},"primaryImageOfPage":{"@id":"https:\/\/mallorcaglobalmag.es\/mallorca-live-festival-verano\/#primaryimage"},"image":{"@id":"https:\/\/mallorcaglobalmag.es\/mallorca-live-festival-verano\/#primaryimage"},"thumbnailUrl":"https:\/\/mallorcaglobalmag.es\/wp-content\/uploads\/Mallorca-Live-Summer-Festival-2021.jpg","datePublished":"2021-03-26T11:41:27+00:00","dateModified":"2021-04-27T07:04:52+00:00","author":{"@id":"https:\/\/mallorcaglobalmag.es\/#\/schema\/person\/9a3cf523d44bd4905a14be13db051907"},"description":"El Mallorca Live Festival de este 2021 repetir\u00e1 el formato de ciclo de verano. Rozal\u00e9n abre los conciertos el 18 de junio.","breadcrumb":{"@id":"https:\/\/mallorcaglobalmag.es\/mallorca-live-festival-verano\/#breadcrumb"},"inLanguage":"en-US","potentialAction":[{"@type":"ReadAction","target":["https:\/\/mallorcaglobalmag.es\/mallorca-live-festival-verano\/"]}]},{"@type":"ImageObject","inLanguage":"en-US","@id":"https:\/\/mallorcaglobalmag.es\/mallorca-live-festival-verano\/#primaryimage","url":"https:\/\/mallorcaglobalmag.es\/wp-content\/uploads\/Mallorca-Live-Summer-Festival-2021.jpg","contentUrl":"https:\/\/mallorcaglobalmag.es\/wp-content\/uploads\/Mallorca-Live-Summer-Festival-2021.jpg","width":1300,"height":732,"caption":"Escenario del Mallorca Live Summer, edici\u00f3n 2020. Foto: Andr\u00e9s Iglesias."},{"@type":"BreadcrumbList","@id":"https:\/\/mallorcaglobalmag.es\/mallorca-live-festival-verano\/#breadcrumb","itemListElement":[{"@type":"ListItem","position":1,"name":"Portada","item":"https:\/\/mallorcaglobalmag.es\/en\/"},{"@type":"ListItem","position":2,"name":"The Mallorca Live Festival 2021 returns as a summer concert series in June"}]},{"@type":"WebSite","@id":"https:\/\/mallorcaglobalmag.es\/#website","url":"https:\/\/mallorcaglobalmag.es\/","name":"Mallorca Global Mag","description":"Revista de informaci\u00f3n general de Mallorca","potentialAction":[{"@type":"SearchAction","target":{"@type":"EntryPoint","urlTemplate":"https:\/\/mallorcaglobalmag.es\/?s={search_term_string}"},"query-input":{"@type":"PropertyValueSpecification","valueRequired":true,"valueName":"search_term_string"}}],"inLanguage":"en-US"},{"@type":"Person","@id":"https:\/\/mallorcaglobalmag.es\/#\/schema\/person\/9a3cf523d44bd4905a14be13db051907","name":"Redacci\u00f3n","image":{"@type":"ImageObject","inLanguage":"en-US","@id":"https:\/\/mallorcaglobalmag.es\/#\/schema\/person\/image\/","url":"https:\/\/secure.gravatar.com\/avatar\/54a4bcd1a68eccdda3505d7ee5d6ebb8e5dd78095a07d388940305fac2e49572?s=96&d=mm&r=g","contentUrl":"https:\/\/secure.gravatar.com\/avatar\/54a4bcd1a68eccdda3505d7ee5d6ebb8e5dd78095a07d388940305fac2e49572?s=96&d=mm&r=g","caption":"Redacci\u00f3n"},"url":"https:\/\/mallorcaglobalmag.es\/en\/author\/elena\/"}]}},"_links":{"self":[{"href":"https:\/\/mallorcaglobalmag.es\/en\/wp-json\/wp\/v2\/posts\/25792","targetHints":{"allow":["GET"]}}],"collection":[{"href":"https:\/\/mallorcaglobalmag.es\/en\/wp-json\/wp\/v2\/posts"}],"about":[{"href":"https:\/\/mallorcaglobalmag.es\/en\/wp-json\/wp\/v2\/types\/post"}],"author":[{"embeddable":true,"href":"https:\/\/mallorcaglobalmag.es\/en\/wp-json\/wp\/v2\/users\/4"}],"replies":[{"embeddable":true,"href":"https:\/\/mallorcaglobalmag.es\/en\/wp-json\/wp\/v2\/comments?post=25792"}],"version-history":[{"count":0,"href":"https:\/\/mallorcaglobalmag.es\/en\/wp-json\/wp\/v2\/posts\/25792\/revisions"}],"wp:featuredmedia":[{"embeddable":true,"href":"https:\/\/mallorcaglobalmag.es\/en\/wp-json\/wp\/v2\/media\/25757"}],"wp:attachment":[{"href":"https:\/\/mallorcaglobalmag.es\/en\/wp-json\/wp\/v2\/media?parent=25792"}],"wp:term":[{"taxonomy":"category","embeddable":true,"href":"https:\/\/mallorcaglobalmag.es\/en\/wp-json\/wp\/v2\/categories?post=25792"},{"taxonomy":"post_tag","embeddable":true,"href":"https:\/\/mallorcaglobalmag.es\/en\/wp-json\/wp\/v2\/tags?post=25792"}],"curies":[{"name":"wp","href":"https:\/\/api.w.org\/{rel}","templated":true}]}}