{"id":24059,"date":"2020-12-30T09:00:15","date_gmt":"2020-12-30T08:00:15","guid":{"rendered":"https:\/\/mallorcaglobalmag.es\/?p=24059"},"modified":"2020-12-23T13:00:52","modified_gmt":"2020-12-23T12:00:52","slug":"la-germania-500-years-since-tragic-revolt-bartomeu-bestard","status":"publish","type":"post","link":"https:\/\/mallorcaglobalmag.es\/en\/la-germania-500-years-since-tragic-revolt-bartomeu-bestard\/","title":{"rendered":"La Germania, 500 years since the tragic revolt"},"content":{"rendered":"<p><em>Text: Bartomeu Bestard.<\/em><br \/>\n<em>Photos: Arxiu Municipal de Palma.<\/em><\/p>\n<div id=\"attachment_24045\" style=\"width: 395px\" class=\"wp-caption alignleft\"><img decoding=\"async\" aria-describedby=\"caption-attachment-24045\" class=\"wp-image-24045\" src=\"https:\/\/mallorcaglobalmag.es\/wp-content\/uploads\/232Joanot-Colom.jpg\" alt=\"\" width=\"385\" height=\"457\" srcset=\"https:\/\/mallorcaglobalmag.es\/wp-content\/uploads\/232Joanot-Colom-200x237.jpg 200w, https:\/\/mallorcaglobalmag.es\/wp-content\/uploads\/232Joanot-Colom-253x300.jpg 253w, https:\/\/mallorcaglobalmag.es\/wp-content\/uploads\/232Joanot-Colom-400x475.jpg 400w, https:\/\/mallorcaglobalmag.es\/wp-content\/uploads\/232Joanot-Colom-600x712.jpg 600w, https:\/\/mallorcaglobalmag.es\/wp-content\/uploads\/232Joanot-Colom-768x912.jpg 768w, https:\/\/mallorcaglobalmag.es\/wp-content\/uploads\/232Joanot-Colom-800x950.jpg 800w, https:\/\/mallorcaglobalmag.es\/wp-content\/uploads\/232Joanot-Colom-862x1024.jpg 862w, https:\/\/mallorcaglobalmag.es\/wp-content\/uploads\/232Joanot-Colom-1200x1425.jpg 1200w, https:\/\/mallorcaglobalmag.es\/wp-content\/uploads\/232Joanot-Colom.jpg 1463w\" sizes=\"(max-width: 385px) 100vw, 385px\" \/><p id=\"caption-attachment-24045\" class=\"wp-caption-text\">Pintura de Joanot Colom, cuya cabeza se expuso en la Porta Pintada durante muchos a\u00f1os.<\/p><\/div>\n<p><span style=\"font-weight: 400;\">\u201c<\/span><i><span style=\"font-weight: 400;\">La Germania<\/span><\/i><span style=\"font-weight: 400;\">\u201d (The Revolt of the Brotherhoods) is the name given to the revolt which took place in Mallorca at the beginning of the 16<\/span><span style=\"font-weight: 400;\">th<\/span><span style=\"font-weight: 400;\"> Century. Since the second half of the 14<\/span><span style=\"font-weight: 400;\">th<\/span><span style=\"font-weight: 400;\"> Century, the kingdom of Mallorca was mired debt and the financial pressure fell in large part upon on the people of \u201c<\/span><i><span style=\"font-weight: 400;\">La Part Forana<\/span><\/i><span style=\"font-weight: 400;\">\u201d (rural areas), mostly peasants, and on the working class of Palma, who were overseen by the city\u2019s guilds. In 1520 Mallorca suffered a severe economic crisis. During the summer of that same year, word of the Valencian Germania reached the port of Palma. A seditious atmosphere, only strengthened by constant conspiracies was falling over the kingdom. On February 6<\/span><span style=\"font-weight: 400;\">th<\/span><span style=\"font-weight: 400;\">, 1521, after receiving a tip, the viceroy of the Island, Miquel de Gurrea, ordered the arrest of a group of people preparing a plot against the Crown, led by Joan Cresp\u00ed and including Joanot Colom. These arrests would trigger an insurrection.\u00a0<\/span><\/p>\n<p><span style=\"font-weight: 400;\">The following day a mob of guild craftsmen armed with muskets, pikes and crossbows easily seized Almudaina castle and with it, command of the kingdom, forcing Gurrea to free the prisoners. This was how <\/span><i><span style=\"font-weight: 400;\">La Germania<\/span><\/i><span style=\"font-weight: 400;\"> began. Fearful, the civilian oligarchy, known as <\/span><i><span style=\"font-weight: 400;\">mascarats<\/span><\/i><span style=\"font-weight: 400;\">, fled North, finding refuge in the walled city of Alc\u00fadia. Peasants from all over the island flocked to <\/span><i><span style=\"font-weight: 400;\">La Germania<\/span><\/i><span style=\"font-weight: 400;\"> &#8230; while the viceroy was forced to flee to Ibiza.<\/span><\/p>\n<p><span style=\"font-weight: 400;\">Intending to reorganize the kingdom, on April 16<\/span><span style=\"font-weight: 400;\">th<\/span><span style=\"font-weight: 400;\">, the rebels instituted a new council: the <\/span><i><span style=\"font-weight: 400;\">Consell dels Tretze<\/span><\/i><span style=\"font-weight: 400;\"> (<\/span><i><span style=\"font-weight: 400;\">la Tretzena<\/span><\/i><span style=\"font-weight: 400;\">), (<\/span><i><span style=\"font-weight: 400;\">The Council of Thirteen<\/span><\/i><span style=\"font-weight: 400;\"> or, <\/span><i><span style=\"font-weight: 400;\">The Thirteen<\/span><\/i><span style=\"font-weight: 400;\">) established by Joan Cresp\u00ed and made up of nine representatives from the city&#8217;s craftsmen and four from <\/span><i><span style=\"font-weight: 400;\">La<\/span><\/i> <i><span style=\"font-weight: 400;\">Part<\/span><\/i> <i><span style=\"font-weight: 400;\">Forana<\/span><\/i><span style=\"font-weight: 400;\">. Among the grievances which the new council had to address, the fair and balanced distribution of taxes was of most import, particularly where concerning the <\/span><i><span style=\"font-weight: 400;\">mascarats<\/span><\/i><span style=\"font-weight: 400;\">. However, sheltered behind the walls of the realm\u2019s many castles and fortresses, the <\/span><i><span style=\"font-weight: 400;\">mascarats<\/span><\/i><span style=\"font-weight: 400;\"> refused to pay what the <\/span><i><span style=\"font-weight: 400;\">Consell dels Tretze<\/span><\/i><span style=\"font-weight: 400;\"> demanded.\u00a0<\/span><\/p>\n<p><span style=\"font-weight: 400;\">Violence followed soon after. On July 29<\/span><span style=\"font-weight: 400;\">th<\/span><span style=\"font-weight: 400;\">, with the help of artillery, the mob stormed the Bellver castle where some nobles had been taking refuge. They left none alive. The insurgents also moved to take the castle of Santueri, but this time the <\/span><i><span style=\"font-weight: 400;\">mascarats<\/span><\/i><span style=\"font-weight: 400;\"> were able to resist them.<\/span><\/p>\n<p><span style=\"font-weight: 400;\">Following that Summer, the discontent of the \u201c<\/span><i><span style=\"font-weight: 400;\">agermanats\u201d<\/span><\/i><span style=\"font-weight: 400;\"> (The Brotherhood) worsened. On September 23<\/span><span style=\"font-weight: 400;\">rd<\/span><span style=\"font-weight: 400;\">, Joanot Colom deposed Joan Cresp\u00ed as the head of the insurgency. Cresp\u00ed was locked up in the Torre del \u00c1ngel of the Almudaina castle, where he was later assassinated by Francesc Colom, brother of the new leader. Joanot Colom would now take dictatorial control over <\/span><i><span style=\"font-weight: 400;\">La Germania<\/span><\/i><\/p>\n<p><span style=\"font-weight: 400;\">Colom deemed that he had to get rid of the island&#8217;s nobles and bourgeois, most of which were refugees in Alc\u00fadia. He, therefore, headed North, having the <\/span><i><span style=\"font-weight: 400;\">agermanats<\/span><\/i><span style=\"font-weight: 400;\"> attack nobles\u2019 estates on the way.<\/span><\/p>\n<div id=\"attachment_24048\" style=\"width: 451px\" class=\"wp-caption alignleft\"><img decoding=\"async\" aria-describedby=\"caption-attachment-24048\" class=\"wp-image-24048\" src=\"https:\/\/mallorcaglobalmag.es\/wp-content\/uploads\/Alc\u00fadia-pintura-al-\u00f3leo-antiguaJPG.jpg\" alt=\"\" width=\"441\" height=\"312\" srcset=\"https:\/\/mallorcaglobalmag.es\/wp-content\/uploads\/Alc\u00fadia-pintura-al-\u00f3leo-antiguaJPG-200x142.jpg 200w, https:\/\/mallorcaglobalmag.es\/wp-content\/uploads\/Alc\u00fadia-pintura-al-\u00f3leo-antiguaJPG-300x212.jpg 300w, https:\/\/mallorcaglobalmag.es\/wp-content\/uploads\/Alc\u00fadia-pintura-al-\u00f3leo-antiguaJPG-400x283.jpg 400w, https:\/\/mallorcaglobalmag.es\/wp-content\/uploads\/Alc\u00fadia-pintura-al-\u00f3leo-antiguaJPG-600x425.jpg 600w, https:\/\/mallorcaglobalmag.es\/wp-content\/uploads\/Alc\u00fadia-pintura-al-\u00f3leo-antiguaJPG-768x544.jpg 768w, https:\/\/mallorcaglobalmag.es\/wp-content\/uploads\/Alc\u00fadia-pintura-al-\u00f3leo-antiguaJPG-800x566.jpg 800w, https:\/\/mallorcaglobalmag.es\/wp-content\/uploads\/Alc\u00fadia-pintura-al-\u00f3leo-antiguaJPG-1024x725.jpg 1024w, https:\/\/mallorcaglobalmag.es\/wp-content\/uploads\/Alc\u00fadia-pintura-al-\u00f3leo-antiguaJPG-1200x849.jpg 1200w, https:\/\/mallorcaglobalmag.es\/wp-content\/uploads\/Alc\u00fadia-pintura-al-\u00f3leo-antiguaJPG.jpg 1920w\" sizes=\"(max-width: 441px) 100vw, 441px\" \/><p id=\"caption-attachment-24048\" class=\"wp-caption-text\">Antigua pintura al \u00f3leo de Alc\u00fadia<\/p><\/div>\n<div id=\"attachment_24054\" style=\"width: 613px\" class=\"wp-caption alignleft\"><img decoding=\"async\" aria-describedby=\"caption-attachment-24054\" class=\"wp-image-24054\" src=\"https:\/\/mallorcaglobalmag.es\/wp-content\/uploads\/Dibujo-del-t\u00e9rmino-muncipal-de-Palma-en-tiempos-de-la-Germania.jpg\" alt=\"\" width=\"603\" height=\"312\" srcset=\"https:\/\/mallorcaglobalmag.es\/wp-content\/uploads\/Dibujo-del-t\u00e9rmino-muncipal-de-Palma-en-tiempos-de-la-Germania-200x104.jpg 200w, https:\/\/mallorcaglobalmag.es\/wp-content\/uploads\/Dibujo-del-t\u00e9rmino-muncipal-de-Palma-en-tiempos-de-la-Germania-300x155.jpg 300w, https:\/\/mallorcaglobalmag.es\/wp-content\/uploads\/Dibujo-del-t\u00e9rmino-muncipal-de-Palma-en-tiempos-de-la-Germania-400x207.jpg 400w, https:\/\/mallorcaglobalmag.es\/wp-content\/uploads\/Dibujo-del-t\u00e9rmino-muncipal-de-Palma-en-tiempos-de-la-Germania-600x311.jpg 600w, https:\/\/mallorcaglobalmag.es\/wp-content\/uploads\/Dibujo-del-t\u00e9rmino-muncipal-de-Palma-en-tiempos-de-la-Germania-768x398.jpg 768w, https:\/\/mallorcaglobalmag.es\/wp-content\/uploads\/Dibujo-del-t\u00e9rmino-muncipal-de-Palma-en-tiempos-de-la-Germania-800x414.jpg 800w, https:\/\/mallorcaglobalmag.es\/wp-content\/uploads\/Dibujo-del-t\u00e9rmino-muncipal-de-Palma-en-tiempos-de-la-Germania-1024x530.jpg 1024w, https:\/\/mallorcaglobalmag.es\/wp-content\/uploads\/Dibujo-del-t\u00e9rmino-muncipal-de-Palma-en-tiempos-de-la-Germania-1200x621.jpg 1200w, https:\/\/mallorcaglobalmag.es\/wp-content\/uploads\/Dibujo-del-t\u00e9rmino-muncipal-de-Palma-en-tiempos-de-la-Germania.jpg 1920w\" sizes=\"(max-width: 603px) 100vw, 603px\" \/><p id=\"caption-attachment-24054\" class=\"wp-caption-text\">Dibujo del t\u00e9rmino municipal de Palma en tiempos de la Germania<\/p><\/div>\n<p>&nbsp;<\/p>\n<p>&nbsp;<\/p>\n<p>&nbsp;<\/p>\n<p>&nbsp;<\/p>\n<p>&nbsp;<\/p>\n<p>&nbsp;<\/p>\n<p>&nbsp;<\/p>\n<p>&nbsp;<\/p>\n<p>&nbsp;<\/p>\n<p><span style=\"font-weight: 400;\">Contrary to the insurgents\u2019 expectations, however, the siege of Alc\u00fadia was a failure. For the first time since the conflict broke out, the <\/span><i><span style=\"font-weight: 400;\">mascarats<\/span><\/i><span style=\"font-weight: 400;\"> felt strong. The nobility wasted no time and was quick to organize a counterattack. Troops were mobilized from Ibiza (led by Miquel de Gurrea) and from Barcelona (with the help of the <\/span><i><span style=\"font-weight: 400;\">Generalitat<\/span><\/i><span style=\"font-weight: 400;\">). For his part, the king sent Juan de Velasco in command of four galleys to &#8220;remedy the disturbance on the Mallorcan isle.&#8221; Velasco&#8217;s fleet appeared in the bay of Palma on October 13<\/span><span style=\"font-weight: 400;\">th<\/span><span style=\"font-weight: 400;\">, 1522. Aboard were two thousand men-at-arms under the orders of Ramon Carr\u00f2s de Vilaragut. The fleet anchored for two days, during which three parlays took place between Velasco and the <\/span><i><span style=\"font-weight: 400;\">agermanats<\/span><\/i><span style=\"font-weight: 400;\"> to try to negotiate an accord. However, no understanding could be reached.<\/span><\/p>\n<p><span style=\"font-weight: 400;\">The fleet weighed anchor and made for the bay of Alc\u00fadia. On October 24<\/span><span style=\"font-weight: 400;\">th<\/span><span style=\"font-weight: 400;\"> Royal assault was ordered. It began, attacking Pollen\u00e7a. There, women, children and the elderly sought refuge in the church, but the troops, rather than respecting the sanctuary, burned it down along with all inside.<\/span><\/p>\n<p><span style=\"font-weight: 400;\">Dread spread like wildfire among the rest of the island&#8217;s settlements, who surrendered in quick succession. As Carr\u00f2s de Vilaragut&#8217;s troops advanced towards Palma, hundreds of <\/span><i><span style=\"font-weight: 400;\">agermanats<\/span><\/i><span style=\"font-weight: 400;\"> were hung by the roadside. Ciutat became the last refuge of the rebels. The siege began at the beginning of December. Three months later the situation inside was unsustainable. The city capitulated on March 7<\/span><span style=\"font-weight: 400;\">th<\/span><span style=\"font-weight: 400;\">, 1523.<\/span><\/p>\n<p><span style=\"font-weight: 400;\">Viceroy Miquel de Gurrea settled in the Bellver castle \u2014 now repurposed as a prison \u2014 and from there he would spread oppression across Mallorca. Those sentenced to greater crimes were dismembered and, as an example to others, their mutilated bodies were hung in the streets for all to see. The most famous execution was that of Joanot Colom, whose head was exhibited on the <\/span><i><span style=\"font-weight: 400;\">Porta Pintada<\/span><\/i><span style=\"font-weight: 400;\"> of the walls of Palma for centuries.<\/span><\/p>\n","protected":false},"excerpt":{"rendered":"<p>Text: Bartomeu Bestard. Photos: Arxiu Municipal de Palma. \u201cLa Germania\u201d <a href=\"https:\/\/mallorcaglobalmag.es\/en\/la-germania-500-years-since-tragic-revolt-bartomeu-bestard\/\"> [&#8230;]<\/a><\/p>\n","protected":false},"author":4,"featured_media":24039,"comment_status":"open","ping_status":"open","sticky":false,"template":"","format":"standard","meta":{"footnotes":""},"categories":[136],"tags":[],"class_list":["post-24059","post","type-post","status-publish","format-standard","has-post-thumbnail","hentry","category-blog-en"],"yoast_head":"<!-- This site is optimized with the Yoast SEO plugin v25.2 - https:\/\/yoast.com\/wordpress\/plugins\/seo\/ -->\n<title>La Germania, 500 years since the tragic revolt<\/title>\n<meta name=\"description\" content=\"\u201cLa Germania\u201d (The Revolt of the Brotherhoods) is the name given to the revolt which took place in Mallorca at the beginning of the 16th Century. Since the second half of the 14th Century, the kingdom of Mallorca (...)\" \/>\n<meta name=\"robots\" content=\"index, follow, max-snippet:-1, max-image-preview:large, max-video-preview:-1\" \/>\n<link rel=\"canonical\" href=\"https:\/\/mallorcaglobalmag.es\/la-germania-500-anos-del-tragico-alzamiento-popular-bartomeu-bestard\/\" \/>\n<meta property=\"og:locale\" content=\"en_US\" \/>\n<meta property=\"og:type\" content=\"article\" \/>\n<meta property=\"og:title\" content=\"La Germania, 500 years since the tragic revolt\" \/>\n<meta property=\"og:description\" content=\"\u201cLa Germania\u201d (The Revolt of the Brotherhoods) is the name given to the revolt which took place in Mallorca at the beginning of the 16th Century. Since the second half of the 14th Century, the kingdom of Mallorca (...)\" \/>\n<meta property=\"og:url\" content=\"https:\/\/mallorcaglobalmag.es\/la-germania-500-anos-del-tragico-alzamiento-popular-bartomeu-bestard\/\" \/>\n<meta property=\"og:site_name\" content=\"Mallorca Global Mag\" \/>\n<meta property=\"article:published_time\" content=\"2020-12-30T08:00:15+00:00\" \/>\n<meta property=\"og:image\" content=\"https:\/\/mallorcaglobalmag.es\/wp-content\/uploads\/la-germania.jpg\" \/>\n\t<meta property=\"og:image:width\" content=\"634\" \/>\n\t<meta property=\"og:image:height\" content=\"360\" \/>\n\t<meta property=\"og:image:type\" content=\"image\/jpeg\" \/>\n<meta name=\"author\" content=\"Redacci\u00f3n\" \/>\n<meta name=\"twitter:card\" content=\"summary_large_image\" \/>\n<meta name=\"twitter:label1\" content=\"Written by\" \/>\n\t<meta name=\"twitter:data1\" content=\"Redacci\u00f3n\" \/>\n\t<meta name=\"twitter:label2\" content=\"Est. reading time\" \/>\n\t<meta name=\"twitter:data2\" content=\"4 minutes\" \/>\n<script type=\"application\/ld+json\" class=\"yoast-schema-graph\">{\"@context\":\"https:\/\/schema.org\",\"@graph\":[{\"@type\":\"WebPage\",\"@id\":\"https:\/\/mallorcaglobalmag.es\/la-germania-500-anos-del-tragico-alzamiento-popular-bartomeu-bestard\/\",\"url\":\"https:\/\/mallorcaglobalmag.es\/la-germania-500-anos-del-tragico-alzamiento-popular-bartomeu-bestard\/\",\"name\":\"La Germania, 500 years since the tragic revolt\",\"isPartOf\":{\"@id\":\"https:\/\/mallorcaglobalmag.es\/#website\"},\"primaryImageOfPage\":{\"@id\":\"https:\/\/mallorcaglobalmag.es\/la-germania-500-anos-del-tragico-alzamiento-popular-bartomeu-bestard\/#primaryimage\"},\"image\":{\"@id\":\"https:\/\/mallorcaglobalmag.es\/la-germania-500-anos-del-tragico-alzamiento-popular-bartomeu-bestard\/#primaryimage\"},\"thumbnailUrl\":\"https:\/\/mallorcaglobalmag.es\/wp-content\/uploads\/la-germania.jpg\",\"datePublished\":\"2020-12-30T08:00:15+00:00\",\"author\":{\"@id\":\"https:\/\/mallorcaglobalmag.es\/#\/schema\/person\/9a3cf523d44bd4905a14be13db051907\"},\"description\":\"\u201cLa Germania\u201d (The Revolt of the Brotherhoods) is the name given to the revolt which took place in Mallorca at the beginning of the 16th Century. Since the second half of the 14th Century, the kingdom of Mallorca (...)\",\"breadcrumb\":{\"@id\":\"https:\/\/mallorcaglobalmag.es\/la-germania-500-anos-del-tragico-alzamiento-popular-bartomeu-bestard\/#breadcrumb\"},\"inLanguage\":\"en-US\",\"potentialAction\":[{\"@type\":\"ReadAction\",\"target\":[\"https:\/\/mallorcaglobalmag.es\/la-germania-500-anos-del-tragico-alzamiento-popular-bartomeu-bestard\/\"]}]},{\"@type\":\"ImageObject\",\"inLanguage\":\"en-US\",\"@id\":\"https:\/\/mallorcaglobalmag.es\/la-germania-500-anos-del-tragico-alzamiento-popular-bartomeu-bestard\/#primaryimage\",\"url\":\"https:\/\/mallorcaglobalmag.es\/wp-content\/uploads\/la-germania.jpg\",\"contentUrl\":\"https:\/\/mallorcaglobalmag.es\/wp-content\/uploads\/la-germania.jpg\",\"width\":634,\"height\":360},{\"@type\":\"BreadcrumbList\",\"@id\":\"https:\/\/mallorcaglobalmag.es\/la-germania-500-anos-del-tragico-alzamiento-popular-bartomeu-bestard\/#breadcrumb\",\"itemListElement\":[{\"@type\":\"ListItem\",\"position\":1,\"name\":\"Portada\",\"item\":\"https:\/\/mallorcaglobalmag.es\/en\/\"},{\"@type\":\"ListItem\",\"position\":2,\"name\":\"La Germania, 500 years since the tragic revolt\"}]},{\"@type\":\"WebSite\",\"@id\":\"https:\/\/mallorcaglobalmag.es\/#website\",\"url\":\"https:\/\/mallorcaglobalmag.es\/\",\"name\":\"Mallorca Global Mag\",\"description\":\"Revista de informaci\u00f3n general de Mallorca\",\"potentialAction\":[{\"@type\":\"SearchAction\",\"target\":{\"@type\":\"EntryPoint\",\"urlTemplate\":\"https:\/\/mallorcaglobalmag.es\/?s={search_term_string}\"},\"query-input\":{\"@type\":\"PropertyValueSpecification\",\"valueRequired\":true,\"valueName\":\"search_term_string\"}}],\"inLanguage\":\"en-US\"},{\"@type\":\"Person\",\"@id\":\"https:\/\/mallorcaglobalmag.es\/#\/schema\/person\/9a3cf523d44bd4905a14be13db051907\",\"name\":\"Redacci\u00f3n\",\"image\":{\"@type\":\"ImageObject\",\"inLanguage\":\"en-US\",\"@id\":\"https:\/\/mallorcaglobalmag.es\/#\/schema\/person\/image\/\",\"url\":\"https:\/\/secure.gravatar.com\/avatar\/54a4bcd1a68eccdda3505d7ee5d6ebb8e5dd78095a07d388940305fac2e49572?s=96&d=mm&r=g\",\"contentUrl\":\"https:\/\/secure.gravatar.com\/avatar\/54a4bcd1a68eccdda3505d7ee5d6ebb8e5dd78095a07d388940305fac2e49572?s=96&d=mm&r=g\",\"caption\":\"Redacci\u00f3n\"},\"url\":\"https:\/\/mallorcaglobalmag.es\/en\/author\/elena\/\"}]}<\/script>\n<!-- \/ Yoast SEO plugin. -->","yoast_head_json":{"title":"La Germania, 500 years since the tragic revolt","description":"\u201cLa Germania\u201d (The Revolt of the Brotherhoods) is the name given to the revolt which took place in Mallorca at the beginning of the 16th Century. Since the second half of the 14th Century, the kingdom of Mallorca (...)","robots":{"index":"index","follow":"follow","max-snippet":"max-snippet:-1","max-image-preview":"max-image-preview:large","max-video-preview":"max-video-preview:-1"},"canonical":"https:\/\/mallorcaglobalmag.es\/la-germania-500-anos-del-tragico-alzamiento-popular-bartomeu-bestard\/","og_locale":"en_US","og_type":"article","og_title":"La Germania, 500 years since the tragic revolt","og_description":"\u201cLa Germania\u201d (The Revolt of the Brotherhoods) is the name given to the revolt which took place in Mallorca at the beginning of the 16th Century. Since the second half of the 14th Century, the kingdom of Mallorca (...)","og_url":"https:\/\/mallorcaglobalmag.es\/la-germania-500-anos-del-tragico-alzamiento-popular-bartomeu-bestard\/","og_site_name":"Mallorca Global Mag","article_published_time":"2020-12-30T08:00:15+00:00","og_image":[{"width":634,"height":360,"url":"https:\/\/mallorcaglobalmag.es\/wp-content\/uploads\/la-germania.jpg","type":"image\/jpeg"}],"author":"Redacci\u00f3n","twitter_card":"summary_large_image","twitter_misc":{"Written by":"Redacci\u00f3n","Est. reading time":"4 minutes"},"schema":{"@context":"https:\/\/schema.org","@graph":[{"@type":"WebPage","@id":"https:\/\/mallorcaglobalmag.es\/la-germania-500-anos-del-tragico-alzamiento-popular-bartomeu-bestard\/","url":"https:\/\/mallorcaglobalmag.es\/la-germania-500-anos-del-tragico-alzamiento-popular-bartomeu-bestard\/","name":"La Germania, 500 years since the tragic revolt","isPartOf":{"@id":"https:\/\/mallorcaglobalmag.es\/#website"},"primaryImageOfPage":{"@id":"https:\/\/mallorcaglobalmag.es\/la-germania-500-anos-del-tragico-alzamiento-popular-bartomeu-bestard\/#primaryimage"},"image":{"@id":"https:\/\/mallorcaglobalmag.es\/la-germania-500-anos-del-tragico-alzamiento-popular-bartomeu-bestard\/#primaryimage"},"thumbnailUrl":"https:\/\/mallorcaglobalmag.es\/wp-content\/uploads\/la-germania.jpg","datePublished":"2020-12-30T08:00:15+00:00","author":{"@id":"https:\/\/mallorcaglobalmag.es\/#\/schema\/person\/9a3cf523d44bd4905a14be13db051907"},"description":"\u201cLa Germania\u201d (The Revolt of the Brotherhoods) is the name given to the revolt which took place in Mallorca at the beginning of the 16th Century. Since the second half of the 14th Century, the kingdom of Mallorca (...)","breadcrumb":{"@id":"https:\/\/mallorcaglobalmag.es\/la-germania-500-anos-del-tragico-alzamiento-popular-bartomeu-bestard\/#breadcrumb"},"inLanguage":"en-US","potentialAction":[{"@type":"ReadAction","target":["https:\/\/mallorcaglobalmag.es\/la-germania-500-anos-del-tragico-alzamiento-popular-bartomeu-bestard\/"]}]},{"@type":"ImageObject","inLanguage":"en-US","@id":"https:\/\/mallorcaglobalmag.es\/la-germania-500-anos-del-tragico-alzamiento-popular-bartomeu-bestard\/#primaryimage","url":"https:\/\/mallorcaglobalmag.es\/wp-content\/uploads\/la-germania.jpg","contentUrl":"https:\/\/mallorcaglobalmag.es\/wp-content\/uploads\/la-germania.jpg","width":634,"height":360},{"@type":"BreadcrumbList","@id":"https:\/\/mallorcaglobalmag.es\/la-germania-500-anos-del-tragico-alzamiento-popular-bartomeu-bestard\/#breadcrumb","itemListElement":[{"@type":"ListItem","position":1,"name":"Portada","item":"https:\/\/mallorcaglobalmag.es\/en\/"},{"@type":"ListItem","position":2,"name":"La Germania, 500 years since the tragic revolt"}]},{"@type":"WebSite","@id":"https:\/\/mallorcaglobalmag.es\/#website","url":"https:\/\/mallorcaglobalmag.es\/","name":"Mallorca Global Mag","description":"Revista de informaci\u00f3n general de Mallorca","potentialAction":[{"@type":"SearchAction","target":{"@type":"EntryPoint","urlTemplate":"https:\/\/mallorcaglobalmag.es\/?s={search_term_string}"},"query-input":{"@type":"PropertyValueSpecification","valueRequired":true,"valueName":"search_term_string"}}],"inLanguage":"en-US"},{"@type":"Person","@id":"https:\/\/mallorcaglobalmag.es\/#\/schema\/person\/9a3cf523d44bd4905a14be13db051907","name":"Redacci\u00f3n","image":{"@type":"ImageObject","inLanguage":"en-US","@id":"https:\/\/mallorcaglobalmag.es\/#\/schema\/person\/image\/","url":"https:\/\/secure.gravatar.com\/avatar\/54a4bcd1a68eccdda3505d7ee5d6ebb8e5dd78095a07d388940305fac2e49572?s=96&d=mm&r=g","contentUrl":"https:\/\/secure.gravatar.com\/avatar\/54a4bcd1a68eccdda3505d7ee5d6ebb8e5dd78095a07d388940305fac2e49572?s=96&d=mm&r=g","caption":"Redacci\u00f3n"},"url":"https:\/\/mallorcaglobalmag.es\/en\/author\/elena\/"}]}},"_links":{"self":[{"href":"https:\/\/mallorcaglobalmag.es\/en\/wp-json\/wp\/v2\/posts\/24059","targetHints":{"allow":["GET"]}}],"collection":[{"href":"https:\/\/mallorcaglobalmag.es\/en\/wp-json\/wp\/v2\/posts"}],"about":[{"href":"https:\/\/mallorcaglobalmag.es\/en\/wp-json\/wp\/v2\/types\/post"}],"author":[{"embeddable":true,"href":"https:\/\/mallorcaglobalmag.es\/en\/wp-json\/wp\/v2\/users\/4"}],"replies":[{"embeddable":true,"href":"https:\/\/mallorcaglobalmag.es\/en\/wp-json\/wp\/v2\/comments?post=24059"}],"version-history":[{"count":0,"href":"https:\/\/mallorcaglobalmag.es\/en\/wp-json\/wp\/v2\/posts\/24059\/revisions"}],"wp:featuredmedia":[{"embeddable":true,"href":"https:\/\/mallorcaglobalmag.es\/en\/wp-json\/wp\/v2\/media\/24039"}],"wp:attachment":[{"href":"https:\/\/mallorcaglobalmag.es\/en\/wp-json\/wp\/v2\/media?parent=24059"}],"wp:term":[{"taxonomy":"category","embeddable":true,"href":"https:\/\/mallorcaglobalmag.es\/en\/wp-json\/wp\/v2\/categories?post=24059"},{"taxonomy":"post_tag","embeddable":true,"href":"https:\/\/mallorcaglobalmag.es\/en\/wp-json\/wp\/v2\/tags?post=24059"}],"curies":[{"name":"wp","href":"https:\/\/api.w.org\/{rel}","templated":true}]}}