{"id":22026,"date":"2020-10-15T14:01:41","date_gmt":"2020-10-15T12:01:41","guid":{"rendered":"https:\/\/mallorcaglobalmag.es\/?p=22026"},"modified":"2020-10-15T14:01:41","modified_gmt":"2020-10-15T12:01:41","slug":"teatro-de-barra-2020-show-palma","status":"publish","type":"post","link":"https:\/\/mallorcaglobalmag.es\/en\/teatro-de-barra-2020-show-palma\/","title":{"rendered":"Teatro de Barra 2020 brings the show to Blanquerna"},"content":{"rendered":"<p>The Teatro de Barra 2020 reaches its seventeenth edition this year. This show competition will take place for seven consecutive Thursdays, from October 15 to November 26 in the Blanquerna neighborhood. &#8220;Second Season&#8221; is the title of the 2020 edition, which will take <strong>small-format works to some very particular settings<\/strong> that will deal with television series.<\/p>\n<p>As a novelty, and in order to adapt to the current health situation, <strong>the days are extended and the passes are reduced<\/strong>: there will be 7 Thursdays but with 4 passes a day and not 5. The goal, according to the organizers, is to reach the same number of spectators than other years, despite the capacity being reduced to 50%.<\/p>\n<p>The price of the tickets goes up 50 cents and is set at <strong>4 euros<\/strong>. They can be purchased in advance at the Drac M\u00e0gic bookstore and the Bar In Caf\u00e9. The final will take place at the Mar y Tierra municipal theater on Friday, November 27.<\/p>\n<p>&#8220;Following in the line of decentralizing and democratizing culture, the Palma City Council is collaborating for the seventeenth edition in this theatrical proposal&#8221;, said Miquel \u00c0ngel Contreras, general director of M\u00fasica i Arts Esc\u00e8niques. &#8220;The proximity and <strong>small-format theater is a luxury for the city of Palma<\/strong>, as evidenced by the great public success achieved by the Barra Theater in each edition,&#8221; added Marcos Augusto Llad\u00f3, general director of Promoci\u00f3 i Difusi\u00f3 Cultural.<\/p>\n\n\t\t<style type=\"text\/css\">\n\t\t\t#gallery-1 {\n\t\t\t\tmargin: auto;\n\t\t\t}\n\t\t\t#gallery-1 .gallery-item {\n\t\t\t\tfloat: left;\n\t\t\t\tmargin-top: 10px;\n\t\t\t\ttext-align: center;\n\t\t\t\twidth: 50%;\n\t\t\t}\n\t\t\t#gallery-1 img {\n\t\t\t\tborder: 2px solid #cfcfcf;\n\t\t\t}\n\t\t\t#gallery-1 .gallery-caption {\n\t\t\t\tmargin-left: 0;\n\t\t\t}\n\t\t\t\/* see gallery_shortcode() in wp-includes\/media.php *\/\n\t\t<\/style>\n\t\t<div id='gallery-1' class='gallery galleryid-22026 gallery-columns-2 gallery-size-medium'><dl class='gallery-item'>\n\t\t\t<dt class='gallery-icon landscape'>\n\t\t\t\t<a data-rel=\"iLightbox[postimages]\" data-title=\"DBT XVII 2na temp A\" data-caption=\"\" href='https:\/\/mallorcaglobalmag.es\/wp-content\/uploads\/DBT-XVII-2na-temp-A.jpg'><img decoding=\"async\" width=\"300\" height=\"212\" src=\"https:\/\/mallorcaglobalmag.es\/wp-content\/uploads\/DBT-XVII-2na-temp-A-300x212.jpg\" class=\"attachment-medium size-medium\" alt=\"\" srcset=\"https:\/\/mallorcaglobalmag.es\/wp-content\/uploads\/DBT-XVII-2na-temp-A-200x141.jpg 200w, https:\/\/mallorcaglobalmag.es\/wp-content\/uploads\/DBT-XVII-2na-temp-A-300x212.jpg 300w, https:\/\/mallorcaglobalmag.es\/wp-content\/uploads\/DBT-XVII-2na-temp-A-400x282.jpg 400w, https:\/\/mallorcaglobalmag.es\/wp-content\/uploads\/DBT-XVII-2na-temp-A-600x423.jpg 600w, https:\/\/mallorcaglobalmag.es\/wp-content\/uploads\/DBT-XVII-2na-temp-A-768x542.jpg 768w, https:\/\/mallorcaglobalmag.es\/wp-content\/uploads\/DBT-XVII-2na-temp-A-800x565.jpg 800w, https:\/\/mallorcaglobalmag.es\/wp-content\/uploads\/DBT-XVII-2na-temp-A-1024x723.jpg 1024w, https:\/\/mallorcaglobalmag.es\/wp-content\/uploads\/DBT-XVII-2na-temp-A-1200x847.jpg 1200w, https:\/\/mallorcaglobalmag.es\/wp-content\/uploads\/DBT-XVII-2na-temp-A.jpg 1920w\" sizes=\"(max-width: 300px) 100vw, 300px\" \/><\/a>\n\t\t\t<\/dt><\/dl><dl class='gallery-item'>\n\t\t\t<dt class='gallery-icon landscape'>\n\t\t\t\t<a data-rel=\"iLightbox[postimages]\" data-title=\"Programa Teatro de Barra 2020 Palma\" data-caption=\"\" href='https:\/\/mallorcaglobalmag.es\/wp-content\/uploads\/Programa-Teatro-de-Barra-2020-Palma.jpg'><img decoding=\"async\" width=\"300\" height=\"212\" src=\"https:\/\/mallorcaglobalmag.es\/wp-content\/uploads\/Programa-Teatro-de-Barra-2020-Palma-300x212.jpg\" class=\"attachment-medium size-medium\" alt=\"\" srcset=\"https:\/\/mallorcaglobalmag.es\/wp-content\/uploads\/Programa-Teatro-de-Barra-2020-Palma-200x141.jpg 200w, https:\/\/mallorcaglobalmag.es\/wp-content\/uploads\/Programa-Teatro-de-Barra-2020-Palma-300x212.jpg 300w, https:\/\/mallorcaglobalmag.es\/wp-content\/uploads\/Programa-Teatro-de-Barra-2020-Palma-400x282.jpg 400w, https:\/\/mallorcaglobalmag.es\/wp-content\/uploads\/Programa-Teatro-de-Barra-2020-Palma-600x423.jpg 600w, https:\/\/mallorcaglobalmag.es\/wp-content\/uploads\/Programa-Teatro-de-Barra-2020-Palma-768x542.jpg 768w, https:\/\/mallorcaglobalmag.es\/wp-content\/uploads\/Programa-Teatro-de-Barra-2020-Palma-800x565.jpg 800w, https:\/\/mallorcaglobalmag.es\/wp-content\/uploads\/Programa-Teatro-de-Barra-2020-Palma-1024x723.jpg 1024w, https:\/\/mallorcaglobalmag.es\/wp-content\/uploads\/Programa-Teatro-de-Barra-2020-Palma-1200x847.jpg 1200w, https:\/\/mallorcaglobalmag.es\/wp-content\/uploads\/Programa-Teatro-de-Barra-2020-Palma.jpg 1920w\" sizes=\"(max-width: 300px) 100vw, 300px\" \/><\/a>\n\t\t\t<\/dt><\/dl><br style=\"clear: both\" \/>\n\t\t<\/div>\n\n","protected":false},"excerpt":{"rendered":"<p>The Teatro de Barra 2020 reaches its seventeenth edition this <a href=\"https:\/\/mallorcaglobalmag.es\/en\/teatro-de-barra-2020-show-palma\/\"> [&#8230;]<\/a><\/p>\n","protected":false},"author":4,"featured_media":22018,"comment_status":"open","ping_status":"open","sticky":false,"template":"","format":"standard","meta":{"footnotes":""},"categories":[136],"tags":[],"class_list":["post-22026","post","type-post","status-publish","format-standard","has-post-thumbnail","hentry","category-blog-en"],"yoast_head":"<!-- This site is optimized with the Yoast SEO plugin v25.2 - https:\/\/yoast.com\/wordpress\/plugins\/seo\/ -->\n<title>Teatro de Barra 2020 brings the show to Blanquerna<\/title>\n<meta name=\"description\" content=\"The Teatro de Barra 2020 reaches its seventeenth edition this year. This show competition will take place for seven consecutive Thursdays until November 26.\" \/>\n<meta name=\"robots\" content=\"index, follow, max-snippet:-1, max-image-preview:large, max-video-preview:-1\" \/>\n<link rel=\"canonical\" href=\"https:\/\/mallorcaglobalmag.es\/teatro-de-barra-2020-palma\/\" \/>\n<meta property=\"og:locale\" content=\"en_US\" \/>\n<meta property=\"og:type\" content=\"article\" \/>\n<meta property=\"og:title\" content=\"Teatro de Barra 2020 brings the show to Blanquerna\" \/>\n<meta property=\"og:description\" content=\"The Teatro de Barra 2020 reaches its seventeenth edition this year. This show competition will take place for seven consecutive Thursdays until November 26.\" \/>\n<meta property=\"og:url\" content=\"https:\/\/mallorcaglobalmag.es\/teatro-de-barra-2020-palma\/\" \/>\n<meta property=\"og:site_name\" content=\"Mallorca Global Mag\" \/>\n<meta property=\"article:published_time\" content=\"2020-10-15T12:01:41+00:00\" \/>\n<meta property=\"og:image\" content=\"https:\/\/mallorcaglobalmag.es\/wp-content\/uploads\/teatro-de-barra-2020-cartel.jpg\" \/>\n\t<meta property=\"og:image:width\" content=\"2000\" \/>\n\t<meta property=\"og:image:height\" content=\"1243\" \/>\n\t<meta property=\"og:image:type\" content=\"image\/jpeg\" \/>\n<meta name=\"author\" content=\"Redacci\u00f3n\" \/>\n<meta name=\"twitter:card\" content=\"summary_large_image\" \/>\n<meta name=\"twitter:label1\" content=\"Written by\" \/>\n\t<meta name=\"twitter:data1\" content=\"Redacci\u00f3n\" \/>\n\t<meta name=\"twitter:label2\" content=\"Est. reading time\" \/>\n\t<meta name=\"twitter:data2\" content=\"1 minute\" \/>\n<script type=\"application\/ld+json\" class=\"yoast-schema-graph\">{\"@context\":\"https:\/\/schema.org\",\"@graph\":[{\"@type\":\"WebPage\",\"@id\":\"https:\/\/mallorcaglobalmag.es\/teatro-de-barra-2020-palma\/\",\"url\":\"https:\/\/mallorcaglobalmag.es\/teatro-de-barra-2020-palma\/\",\"name\":\"Teatro de Barra 2020 brings the show to Blanquerna\",\"isPartOf\":{\"@id\":\"https:\/\/mallorcaglobalmag.es\/#website\"},\"primaryImageOfPage\":{\"@id\":\"https:\/\/mallorcaglobalmag.es\/teatro-de-barra-2020-palma\/#primaryimage\"},\"image\":{\"@id\":\"https:\/\/mallorcaglobalmag.es\/teatro-de-barra-2020-palma\/#primaryimage\"},\"thumbnailUrl\":\"https:\/\/mallorcaglobalmag.es\/wp-content\/uploads\/teatro-de-barra-2020-cartel.jpg\",\"datePublished\":\"2020-10-15T12:01:41+00:00\",\"author\":{\"@id\":\"https:\/\/mallorcaglobalmag.es\/#\/schema\/person\/9a3cf523d44bd4905a14be13db051907\"},\"description\":\"The Teatro de Barra 2020 reaches its seventeenth edition this year. This show competition will take place for seven consecutive Thursdays until November 26.\",\"breadcrumb\":{\"@id\":\"https:\/\/mallorcaglobalmag.es\/teatro-de-barra-2020-palma\/#breadcrumb\"},\"inLanguage\":\"en-US\",\"potentialAction\":[{\"@type\":\"ReadAction\",\"target\":[\"https:\/\/mallorcaglobalmag.es\/teatro-de-barra-2020-palma\/\"]}]},{\"@type\":\"ImageObject\",\"inLanguage\":\"en-US\",\"@id\":\"https:\/\/mallorcaglobalmag.es\/teatro-de-barra-2020-palma\/#primaryimage\",\"url\":\"https:\/\/mallorcaglobalmag.es\/wp-content\/uploads\/teatro-de-barra-2020-cartel.jpg\",\"contentUrl\":\"https:\/\/mallorcaglobalmag.es\/wp-content\/uploads\/teatro-de-barra-2020-cartel.jpg\",\"width\":2000,\"height\":1243,\"caption\":\"teatro de barra 2020 cartel\"},{\"@type\":\"BreadcrumbList\",\"@id\":\"https:\/\/mallorcaglobalmag.es\/teatro-de-barra-2020-palma\/#breadcrumb\",\"itemListElement\":[{\"@type\":\"ListItem\",\"position\":1,\"name\":\"Portada\",\"item\":\"https:\/\/mallorcaglobalmag.es\/en\/\"},{\"@type\":\"ListItem\",\"position\":2,\"name\":\"Teatro de Barra 2020 brings the show to Blanquerna\"}]},{\"@type\":\"WebSite\",\"@id\":\"https:\/\/mallorcaglobalmag.es\/#website\",\"url\":\"https:\/\/mallorcaglobalmag.es\/\",\"name\":\"Mallorca Global Mag\",\"description\":\"Revista de informaci\u00f3n general de Mallorca\",\"potentialAction\":[{\"@type\":\"SearchAction\",\"target\":{\"@type\":\"EntryPoint\",\"urlTemplate\":\"https:\/\/mallorcaglobalmag.es\/?s={search_term_string}\"},\"query-input\":{\"@type\":\"PropertyValueSpecification\",\"valueRequired\":true,\"valueName\":\"search_term_string\"}}],\"inLanguage\":\"en-US\"},{\"@type\":\"Person\",\"@id\":\"https:\/\/mallorcaglobalmag.es\/#\/schema\/person\/9a3cf523d44bd4905a14be13db051907\",\"name\":\"Redacci\u00f3n\",\"image\":{\"@type\":\"ImageObject\",\"inLanguage\":\"en-US\",\"@id\":\"https:\/\/mallorcaglobalmag.es\/#\/schema\/person\/image\/\",\"url\":\"https:\/\/secure.gravatar.com\/avatar\/54a4bcd1a68eccdda3505d7ee5d6ebb8e5dd78095a07d388940305fac2e49572?s=96&d=mm&r=g\",\"contentUrl\":\"https:\/\/secure.gravatar.com\/avatar\/54a4bcd1a68eccdda3505d7ee5d6ebb8e5dd78095a07d388940305fac2e49572?s=96&d=mm&r=g\",\"caption\":\"Redacci\u00f3n\"},\"url\":\"https:\/\/mallorcaglobalmag.es\/en\/author\/elena\/\"}]}<\/script>\n<!-- \/ Yoast SEO plugin. -->","yoast_head_json":{"title":"Teatro de Barra 2020 brings the show to Blanquerna","description":"The Teatro de Barra 2020 reaches its seventeenth edition this year. This show competition will take place for seven consecutive Thursdays until November 26.","robots":{"index":"index","follow":"follow","max-snippet":"max-snippet:-1","max-image-preview":"max-image-preview:large","max-video-preview":"max-video-preview:-1"},"canonical":"https:\/\/mallorcaglobalmag.es\/teatro-de-barra-2020-palma\/","og_locale":"en_US","og_type":"article","og_title":"Teatro de Barra 2020 brings the show to Blanquerna","og_description":"The Teatro de Barra 2020 reaches its seventeenth edition this year. This show competition will take place for seven consecutive Thursdays until November 26.","og_url":"https:\/\/mallorcaglobalmag.es\/teatro-de-barra-2020-palma\/","og_site_name":"Mallorca Global Mag","article_published_time":"2020-10-15T12:01:41+00:00","og_image":[{"width":2000,"height":1243,"url":"https:\/\/mallorcaglobalmag.es\/wp-content\/uploads\/teatro-de-barra-2020-cartel.jpg","type":"image\/jpeg"}],"author":"Redacci\u00f3n","twitter_card":"summary_large_image","twitter_misc":{"Written by":"Redacci\u00f3n","Est. reading time":"1 minute"},"schema":{"@context":"https:\/\/schema.org","@graph":[{"@type":"WebPage","@id":"https:\/\/mallorcaglobalmag.es\/teatro-de-barra-2020-palma\/","url":"https:\/\/mallorcaglobalmag.es\/teatro-de-barra-2020-palma\/","name":"Teatro de Barra 2020 brings the show to Blanquerna","isPartOf":{"@id":"https:\/\/mallorcaglobalmag.es\/#website"},"primaryImageOfPage":{"@id":"https:\/\/mallorcaglobalmag.es\/teatro-de-barra-2020-palma\/#primaryimage"},"image":{"@id":"https:\/\/mallorcaglobalmag.es\/teatro-de-barra-2020-palma\/#primaryimage"},"thumbnailUrl":"https:\/\/mallorcaglobalmag.es\/wp-content\/uploads\/teatro-de-barra-2020-cartel.jpg","datePublished":"2020-10-15T12:01:41+00:00","author":{"@id":"https:\/\/mallorcaglobalmag.es\/#\/schema\/person\/9a3cf523d44bd4905a14be13db051907"},"description":"The Teatro de Barra 2020 reaches its seventeenth edition this year. This show competition will take place for seven consecutive Thursdays until November 26.","breadcrumb":{"@id":"https:\/\/mallorcaglobalmag.es\/teatro-de-barra-2020-palma\/#breadcrumb"},"inLanguage":"en-US","potentialAction":[{"@type":"ReadAction","target":["https:\/\/mallorcaglobalmag.es\/teatro-de-barra-2020-palma\/"]}]},{"@type":"ImageObject","inLanguage":"en-US","@id":"https:\/\/mallorcaglobalmag.es\/teatro-de-barra-2020-palma\/#primaryimage","url":"https:\/\/mallorcaglobalmag.es\/wp-content\/uploads\/teatro-de-barra-2020-cartel.jpg","contentUrl":"https:\/\/mallorcaglobalmag.es\/wp-content\/uploads\/teatro-de-barra-2020-cartel.jpg","width":2000,"height":1243,"caption":"teatro de barra 2020 cartel"},{"@type":"BreadcrumbList","@id":"https:\/\/mallorcaglobalmag.es\/teatro-de-barra-2020-palma\/#breadcrumb","itemListElement":[{"@type":"ListItem","position":1,"name":"Portada","item":"https:\/\/mallorcaglobalmag.es\/en\/"},{"@type":"ListItem","position":2,"name":"Teatro de Barra 2020 brings the show to Blanquerna"}]},{"@type":"WebSite","@id":"https:\/\/mallorcaglobalmag.es\/#website","url":"https:\/\/mallorcaglobalmag.es\/","name":"Mallorca Global Mag","description":"Revista de informaci\u00f3n general de Mallorca","potentialAction":[{"@type":"SearchAction","target":{"@type":"EntryPoint","urlTemplate":"https:\/\/mallorcaglobalmag.es\/?s={search_term_string}"},"query-input":{"@type":"PropertyValueSpecification","valueRequired":true,"valueName":"search_term_string"}}],"inLanguage":"en-US"},{"@type":"Person","@id":"https:\/\/mallorcaglobalmag.es\/#\/schema\/person\/9a3cf523d44bd4905a14be13db051907","name":"Redacci\u00f3n","image":{"@type":"ImageObject","inLanguage":"en-US","@id":"https:\/\/mallorcaglobalmag.es\/#\/schema\/person\/image\/","url":"https:\/\/secure.gravatar.com\/avatar\/54a4bcd1a68eccdda3505d7ee5d6ebb8e5dd78095a07d388940305fac2e49572?s=96&d=mm&r=g","contentUrl":"https:\/\/secure.gravatar.com\/avatar\/54a4bcd1a68eccdda3505d7ee5d6ebb8e5dd78095a07d388940305fac2e49572?s=96&d=mm&r=g","caption":"Redacci\u00f3n"},"url":"https:\/\/mallorcaglobalmag.es\/en\/author\/elena\/"}]}},"_links":{"self":[{"href":"https:\/\/mallorcaglobalmag.es\/en\/wp-json\/wp\/v2\/posts\/22026","targetHints":{"allow":["GET"]}}],"collection":[{"href":"https:\/\/mallorcaglobalmag.es\/en\/wp-json\/wp\/v2\/posts"}],"about":[{"href":"https:\/\/mallorcaglobalmag.es\/en\/wp-json\/wp\/v2\/types\/post"}],"author":[{"embeddable":true,"href":"https:\/\/mallorcaglobalmag.es\/en\/wp-json\/wp\/v2\/users\/4"}],"replies":[{"embeddable":true,"href":"https:\/\/mallorcaglobalmag.es\/en\/wp-json\/wp\/v2\/comments?post=22026"}],"version-history":[{"count":0,"href":"https:\/\/mallorcaglobalmag.es\/en\/wp-json\/wp\/v2\/posts\/22026\/revisions"}],"wp:featuredmedia":[{"embeddable":true,"href":"https:\/\/mallorcaglobalmag.es\/en\/wp-json\/wp\/v2\/media\/22018"}],"wp:attachment":[{"href":"https:\/\/mallorcaglobalmag.es\/en\/wp-json\/wp\/v2\/media?parent=22026"}],"wp:term":[{"taxonomy":"category","embeddable":true,"href":"https:\/\/mallorcaglobalmag.es\/en\/wp-json\/wp\/v2\/categories?post=22026"},{"taxonomy":"post_tag","embeddable":true,"href":"https:\/\/mallorcaglobalmag.es\/en\/wp-json\/wp\/v2\/tags?post=22026"}],"curies":[{"name":"wp","href":"https:\/\/api.w.org\/{rel}","templated":true}]}}