{"id":21937,"date":"2020-10-07T11:35:05","date_gmt":"2020-10-07T09:35:05","guid":{"rendered":"https:\/\/mallorcaglobalmag.es\/?p=21937"},"modified":"2020-10-07T11:35:05","modified_gmt":"2020-10-07T09:35:05","slug":"mostra-de-cuines-calvia-october-2020","status":"publish","type":"post","link":"https:\/\/mallorcaglobalmag.es\/en\/mostra-de-cuines-calvia-october-2020\/","title":{"rendered":"Calvi\u00e0 promotes its gastronomy with the Mostra de Cuines 2020"},"content":{"rendered":"<p>Putting value on the gastronomy produced in the municipality and promoting Calvi\u00e0&#8217;s restaurants. With this in mind, the City Council and the Calvi\u00e0 Foundation have launched the <strong>Mostra de Cuines de Calvi\u00e0 2020<\/strong> for yet another year. An event that has attracted the most exquisite palates of Mallorca since 2008 and which takes place on the first three Fridays in October.<\/p>\n<p>The next appointment will be this Friday, October 9, in which eight restaurants in <strong>Palmanova, Magaluf and Son Ferrer<\/strong> will offer a <strong>full set menu at popular prices<\/strong> (12, 14 or 16 euros, depending on the establishment). Finally, on Friday October 16, the Mostra de Cuines de Calvi\u00e0 2020 will take place in nine restaurants in <strong>Santa Pon\u00e7a and Costa de la Calma<\/strong>.<\/p>\n<p>The restaurants offer the menu at noon, in the evening or both times, while some also offer a children&#8217;s menu, alternative, gluten-free or vegetarian. In any case, it is recommended to <strong>make a reservation in advance<\/strong> to secure a table. You can check the details of the menus <a href=\"https:\/\/visitcalvia.org\/mostra-de-cuines-de-calvia\" target=\"_blank\" rel=\"noopener\">through this link<\/a>.<\/p>\n\n\t\t<style type=\"text\/css\">\n\t\t\t#gallery-1 {\n\t\t\t\tmargin: auto;\n\t\t\t}\n\t\t\t#gallery-1 .gallery-item {\n\t\t\t\tfloat: left;\n\t\t\t\tmargin-top: 10px;\n\t\t\t\ttext-align: center;\n\t\t\t\twidth: 25%;\n\t\t\t}\n\t\t\t#gallery-1 img {\n\t\t\t\tborder: 2px solid #cfcfcf;\n\t\t\t}\n\t\t\t#gallery-1 .gallery-caption {\n\t\t\t\tmargin-left: 0;\n\t\t\t}\n\t\t\t\/* see gallery_shortcode() in wp-includes\/media.php *\/\n\t\t<\/style>\n\t\t<div id='gallery-1' class='gallery galleryid-21937 gallery-columns-4 gallery-size-medium'><dl class='gallery-item'>\n\t\t\t<dt class='gallery-icon landscape'>\n\t\t\t\t<img decoding=\"async\" width=\"300\" height=\"200\" src=\"https:\/\/mallorcaglobalmag.es\/wp-content\/uploads\/mostra-cuines-calvia-3-300x200.jpg\" class=\"attachment-medium size-medium\" alt=\"mostra cuines calvia 2020\" srcset=\"https:\/\/mallorcaglobalmag.es\/wp-content\/uploads\/mostra-cuines-calvia-3-200x133.jpg 200w, https:\/\/mallorcaglobalmag.es\/wp-content\/uploads\/mostra-cuines-calvia-3-300x200.jpg 300w, https:\/\/mallorcaglobalmag.es\/wp-content\/uploads\/mostra-cuines-calvia-3-400x267.jpg 400w, https:\/\/mallorcaglobalmag.es\/wp-content\/uploads\/mostra-cuines-calvia-3-600x400.jpg 600w, https:\/\/mallorcaglobalmag.es\/wp-content\/uploads\/mostra-cuines-calvia-3-768x512.jpg 768w, https:\/\/mallorcaglobalmag.es\/wp-content\/uploads\/mostra-cuines-calvia-3-800x533.jpg 800w, https:\/\/mallorcaglobalmag.es\/wp-content\/uploads\/mostra-cuines-calvia-3-1024x683.jpg 1024w, https:\/\/mallorcaglobalmag.es\/wp-content\/uploads\/mostra-cuines-calvia-3-1200x800.jpg 1200w, https:\/\/mallorcaglobalmag.es\/wp-content\/uploads\/mostra-cuines-calvia-3.jpg 1920w\" sizes=\"(max-width: 300px) 100vw, 300px\" \/>\n\t\t\t<\/dt><\/dl><dl class='gallery-item'>\n\t\t\t<dt class='gallery-icon landscape'>\n\t\t\t\t<img decoding=\"async\" width=\"300\" height=\"200\" src=\"https:\/\/mallorcaglobalmag.es\/wp-content\/uploads\/mostra-cuines-calvia-4-300x200.jpg\" class=\"attachment-medium size-medium\" alt=\"\" srcset=\"https:\/\/mallorcaglobalmag.es\/wp-content\/uploads\/mostra-cuines-calvia-4-200x133.jpg 200w, https:\/\/mallorcaglobalmag.es\/wp-content\/uploads\/mostra-cuines-calvia-4-300x200.jpg 300w, https:\/\/mallorcaglobalmag.es\/wp-content\/uploads\/mostra-cuines-calvia-4-400x267.jpg 400w, https:\/\/mallorcaglobalmag.es\/wp-content\/uploads\/mostra-cuines-calvia-4-600x400.jpg 600w, https:\/\/mallorcaglobalmag.es\/wp-content\/uploads\/mostra-cuines-calvia-4-768x512.jpg 768w, https:\/\/mallorcaglobalmag.es\/wp-content\/uploads\/mostra-cuines-calvia-4-800x533.jpg 800w, https:\/\/mallorcaglobalmag.es\/wp-content\/uploads\/mostra-cuines-calvia-4-1024x683.jpg 1024w, https:\/\/mallorcaglobalmag.es\/wp-content\/uploads\/mostra-cuines-calvia-4-1200x800.jpg 1200w, https:\/\/mallorcaglobalmag.es\/wp-content\/uploads\/mostra-cuines-calvia-4.jpg 1920w\" sizes=\"(max-width: 300px) 100vw, 300px\" \/>\n\t\t\t<\/dt><\/dl><dl class='gallery-item'>\n\t\t\t<dt class='gallery-icon landscape'>\n\t\t\t\t<img decoding=\"async\" width=\"300\" height=\"200\" src=\"https:\/\/mallorcaglobalmag.es\/wp-content\/uploads\/mostra-cuines-calvia-1-300x200.jpg\" class=\"attachment-medium size-medium\" alt=\"\" srcset=\"https:\/\/mallorcaglobalmag.es\/wp-content\/uploads\/mostra-cuines-calvia-1-200x133.jpg 200w, https:\/\/mallorcaglobalmag.es\/wp-content\/uploads\/mostra-cuines-calvia-1-300x200.jpg 300w, https:\/\/mallorcaglobalmag.es\/wp-content\/uploads\/mostra-cuines-calvia-1-400x267.jpg 400w, https:\/\/mallorcaglobalmag.es\/wp-content\/uploads\/mostra-cuines-calvia-1-600x400.jpg 600w, https:\/\/mallorcaglobalmag.es\/wp-content\/uploads\/mostra-cuines-calvia-1-768x512.jpg 768w, https:\/\/mallorcaglobalmag.es\/wp-content\/uploads\/mostra-cuines-calvia-1-800x533.jpg 800w, https:\/\/mallorcaglobalmag.es\/wp-content\/uploads\/mostra-cuines-calvia-1-1024x683.jpg 1024w, https:\/\/mallorcaglobalmag.es\/wp-content\/uploads\/mostra-cuines-calvia-1-1200x800.jpg 1200w, https:\/\/mallorcaglobalmag.es\/wp-content\/uploads\/mostra-cuines-calvia-1.jpg 1920w\" sizes=\"(max-width: 300px) 100vw, 300px\" \/>\n\t\t\t<\/dt><\/dl><dl class='gallery-item'>\n\t\t\t<dt class='gallery-icon landscape'>\n\t\t\t\t<img decoding=\"async\" width=\"300\" height=\"200\" src=\"https:\/\/mallorcaglobalmag.es\/wp-content\/uploads\/mostra-cuines-calvia-2-300x200.jpg\" class=\"attachment-medium size-medium\" alt=\"\" srcset=\"https:\/\/mallorcaglobalmag.es\/wp-content\/uploads\/mostra-cuines-calvia-2-200x133.jpg 200w, https:\/\/mallorcaglobalmag.es\/wp-content\/uploads\/mostra-cuines-calvia-2-300x200.jpg 300w, https:\/\/mallorcaglobalmag.es\/wp-content\/uploads\/mostra-cuines-calvia-2-400x267.jpg 400w, https:\/\/mallorcaglobalmag.es\/wp-content\/uploads\/mostra-cuines-calvia-2-600x400.jpg 600w, https:\/\/mallorcaglobalmag.es\/wp-content\/uploads\/mostra-cuines-calvia-2-768x512.jpg 768w, https:\/\/mallorcaglobalmag.es\/wp-content\/uploads\/mostra-cuines-calvia-2-800x533.jpg 800w, https:\/\/mallorcaglobalmag.es\/wp-content\/uploads\/mostra-cuines-calvia-2-1024x683.jpg 1024w, https:\/\/mallorcaglobalmag.es\/wp-content\/uploads\/mostra-cuines-calvia-2-1200x800.jpg 1200w, https:\/\/mallorcaglobalmag.es\/wp-content\/uploads\/mostra-cuines-calvia-2.jpg 1920w\" sizes=\"(max-width: 300px) 100vw, 300px\" \/>\n\t\t\t<\/dt><\/dl><br style=\"clear: both\" \/>\n\t\t<\/div>\n\n<h2>&#8220;More attendance in the restaurants&#8221;<\/h2>\n<p>The first day of the event, last Friday, October 2, \u201chas been quite satisfactory for the restaurants that are participating, despite the current circumstances, in which restrictions must also be kept in terms of capacity and distances, which reduces the number of potential customers. The restaurants had more attendance than other Fridays and, in some cases, <strong>they were able to extend the activity to the rest of the weekend<\/strong>\u201d, according to the organization.<\/p>\n<ul>\n<li>Friday October 9<\/li>\n<\/ul>\n<p><iframe src=\"https:\/\/www.google.com\/maps\/d\/embed?mid=1b8EWyWiiBajpjQDQdtbVVFLimYt-GgOH\" width=\"640\" height=\"480\" data-mce-fragment=\"1\"><\/iframe><\/p>\n<ul>\n<li>Friday October 16<\/li>\n<\/ul>\n<p><iframe src=\"https:\/\/www.google.com\/maps\/d\/embed?mid=18exW-c11s5pjckMhHoeBVIOde1cdVktL\" width=\"640\" height=\"480\" data-mce-fragment=\"1\"><\/iframe><\/p>\n","protected":false},"excerpt":{"rendered":"<p>Putting value on the gastronomy produced in the municipality and <a href=\"https:\/\/mallorcaglobalmag.es\/en\/mostra-de-cuines-calvia-october-2020\/\"> [&#8230;]<\/a><\/p>\n","protected":false},"author":4,"featured_media":21930,"comment_status":"open","ping_status":"open","sticky":false,"template":"","format":"standard","meta":{"footnotes":""},"categories":[136],"tags":[],"class_list":["post-21937","post","type-post","status-publish","format-standard","has-post-thumbnail","hentry","category-blog-en"],"yoast_head":"<!-- This site is optimized with the Yoast SEO plugin v25.2 - https:\/\/yoast.com\/wordpress\/plugins\/seo\/ -->\n<title>Mostra de Cuines Calvi\u00e0 October 2020<\/title>\n<meta name=\"description\" content=\"The Mostra de Cuines de Calvi\u00e0 2020 puts value on the gastronomy produced in the municipality and promoting Calvi\u00e0&#039;s restaurants this October.\" \/>\n<meta name=\"robots\" content=\"index, follow, max-snippet:-1, max-image-preview:large, max-video-preview:-1\" \/>\n<link rel=\"canonical\" href=\"https:\/\/mallorcaglobalmag.es\/mostra-de-cuines-calvia-2020\/\" \/>\n<meta property=\"og:locale\" content=\"en_US\" \/>\n<meta property=\"og:type\" content=\"article\" \/>\n<meta property=\"og:title\" content=\"Mostra de Cuines Calvi\u00e0 October 2020\" \/>\n<meta property=\"og:description\" content=\"The Mostra de Cuines de Calvi\u00e0 2020 puts value on the gastronomy produced in the municipality and promoting Calvi\u00e0&#039;s restaurants this October.\" \/>\n<meta property=\"og:url\" content=\"https:\/\/mallorcaglobalmag.es\/mostra-de-cuines-calvia-2020\/\" \/>\n<meta property=\"og:site_name\" content=\"Mallorca Global Mag\" \/>\n<meta property=\"article:published_time\" content=\"2020-10-07T09:35:05+00:00\" \/>\n<meta property=\"og:image\" content=\"https:\/\/mallorcaglobalmag.es\/wp-content\/uploads\/mostra-cuines-calvia-3.jpg\" \/>\n\t<meta property=\"og:image:width\" content=\"1920\" \/>\n\t<meta property=\"og:image:height\" content=\"1280\" \/>\n\t<meta property=\"og:image:type\" content=\"image\/jpeg\" \/>\n<meta name=\"author\" content=\"Redacci\u00f3n\" \/>\n<meta name=\"twitter:card\" content=\"summary_large_image\" \/>\n<meta name=\"twitter:label1\" content=\"Written by\" \/>\n\t<meta name=\"twitter:data1\" content=\"Redacci\u00f3n\" \/>\n\t<meta name=\"twitter:label2\" content=\"Est. reading time\" \/>\n\t<meta name=\"twitter:data2\" content=\"1 minute\" \/>\n<script type=\"application\/ld+json\" class=\"yoast-schema-graph\">{\"@context\":\"https:\/\/schema.org\",\"@graph\":[{\"@type\":\"WebPage\",\"@id\":\"https:\/\/mallorcaglobalmag.es\/mostra-de-cuines-calvia-2020\/\",\"url\":\"https:\/\/mallorcaglobalmag.es\/mostra-de-cuines-calvia-2020\/\",\"name\":\"Mostra de Cuines Calvi\u00e0 October 2020\",\"isPartOf\":{\"@id\":\"https:\/\/mallorcaglobalmag.es\/#website\"},\"primaryImageOfPage\":{\"@id\":\"https:\/\/mallorcaglobalmag.es\/mostra-de-cuines-calvia-2020\/#primaryimage\"},\"image\":{\"@id\":\"https:\/\/mallorcaglobalmag.es\/mostra-de-cuines-calvia-2020\/#primaryimage\"},\"thumbnailUrl\":\"https:\/\/mallorcaglobalmag.es\/wp-content\/uploads\/mostra-cuines-calvia-3.jpg\",\"datePublished\":\"2020-10-07T09:35:05+00:00\",\"author\":{\"@id\":\"https:\/\/mallorcaglobalmag.es\/#\/schema\/person\/9a3cf523d44bd4905a14be13db051907\"},\"description\":\"The Mostra de Cuines de Calvi\u00e0 2020 puts value on the gastronomy produced in the municipality and promoting Calvi\u00e0's restaurants this October.\",\"breadcrumb\":{\"@id\":\"https:\/\/mallorcaglobalmag.es\/mostra-de-cuines-calvia-2020\/#breadcrumb\"},\"inLanguage\":\"en-US\",\"potentialAction\":[{\"@type\":\"ReadAction\",\"target\":[\"https:\/\/mallorcaglobalmag.es\/mostra-de-cuines-calvia-2020\/\"]}]},{\"@type\":\"ImageObject\",\"inLanguage\":\"en-US\",\"@id\":\"https:\/\/mallorcaglobalmag.es\/mostra-de-cuines-calvia-2020\/#primaryimage\",\"url\":\"https:\/\/mallorcaglobalmag.es\/wp-content\/uploads\/mostra-cuines-calvia-3.jpg\",\"contentUrl\":\"https:\/\/mallorcaglobalmag.es\/wp-content\/uploads\/mostra-cuines-calvia-3.jpg\",\"width\":1920,\"height\":1280,\"caption\":\"mostra cuines calvia 2020\"},{\"@type\":\"BreadcrumbList\",\"@id\":\"https:\/\/mallorcaglobalmag.es\/mostra-de-cuines-calvia-2020\/#breadcrumb\",\"itemListElement\":[{\"@type\":\"ListItem\",\"position\":1,\"name\":\"Portada\",\"item\":\"https:\/\/mallorcaglobalmag.es\/en\/\"},{\"@type\":\"ListItem\",\"position\":2,\"name\":\"Calvi\u00e0 promotes its gastronomy with the Mostra de Cuines 2020\"}]},{\"@type\":\"WebSite\",\"@id\":\"https:\/\/mallorcaglobalmag.es\/#website\",\"url\":\"https:\/\/mallorcaglobalmag.es\/\",\"name\":\"Mallorca Global Mag\",\"description\":\"Revista de informaci\u00f3n general de Mallorca\",\"potentialAction\":[{\"@type\":\"SearchAction\",\"target\":{\"@type\":\"EntryPoint\",\"urlTemplate\":\"https:\/\/mallorcaglobalmag.es\/?s={search_term_string}\"},\"query-input\":{\"@type\":\"PropertyValueSpecification\",\"valueRequired\":true,\"valueName\":\"search_term_string\"}}],\"inLanguage\":\"en-US\"},{\"@type\":\"Person\",\"@id\":\"https:\/\/mallorcaglobalmag.es\/#\/schema\/person\/9a3cf523d44bd4905a14be13db051907\",\"name\":\"Redacci\u00f3n\",\"image\":{\"@type\":\"ImageObject\",\"inLanguage\":\"en-US\",\"@id\":\"https:\/\/mallorcaglobalmag.es\/#\/schema\/person\/image\/\",\"url\":\"https:\/\/secure.gravatar.com\/avatar\/54a4bcd1a68eccdda3505d7ee5d6ebb8e5dd78095a07d388940305fac2e49572?s=96&d=mm&r=g\",\"contentUrl\":\"https:\/\/secure.gravatar.com\/avatar\/54a4bcd1a68eccdda3505d7ee5d6ebb8e5dd78095a07d388940305fac2e49572?s=96&d=mm&r=g\",\"caption\":\"Redacci\u00f3n\"},\"url\":\"https:\/\/mallorcaglobalmag.es\/en\/author\/elena\/\"}]}<\/script>\n<!-- \/ Yoast SEO plugin. -->","yoast_head_json":{"title":"Mostra de Cuines Calvi\u00e0 October 2020","description":"The Mostra de Cuines de Calvi\u00e0 2020 puts value on the gastronomy produced in the municipality and promoting Calvi\u00e0's restaurants this October.","robots":{"index":"index","follow":"follow","max-snippet":"max-snippet:-1","max-image-preview":"max-image-preview:large","max-video-preview":"max-video-preview:-1"},"canonical":"https:\/\/mallorcaglobalmag.es\/mostra-de-cuines-calvia-2020\/","og_locale":"en_US","og_type":"article","og_title":"Mostra de Cuines Calvi\u00e0 October 2020","og_description":"The Mostra de Cuines de Calvi\u00e0 2020 puts value on the gastronomy produced in the municipality and promoting Calvi\u00e0's restaurants this October.","og_url":"https:\/\/mallorcaglobalmag.es\/mostra-de-cuines-calvia-2020\/","og_site_name":"Mallorca Global Mag","article_published_time":"2020-10-07T09:35:05+00:00","og_image":[{"width":1920,"height":1280,"url":"https:\/\/mallorcaglobalmag.es\/wp-content\/uploads\/mostra-cuines-calvia-3.jpg","type":"image\/jpeg"}],"author":"Redacci\u00f3n","twitter_card":"summary_large_image","twitter_misc":{"Written by":"Redacci\u00f3n","Est. reading time":"1 minute"},"schema":{"@context":"https:\/\/schema.org","@graph":[{"@type":"WebPage","@id":"https:\/\/mallorcaglobalmag.es\/mostra-de-cuines-calvia-2020\/","url":"https:\/\/mallorcaglobalmag.es\/mostra-de-cuines-calvia-2020\/","name":"Mostra de Cuines Calvi\u00e0 October 2020","isPartOf":{"@id":"https:\/\/mallorcaglobalmag.es\/#website"},"primaryImageOfPage":{"@id":"https:\/\/mallorcaglobalmag.es\/mostra-de-cuines-calvia-2020\/#primaryimage"},"image":{"@id":"https:\/\/mallorcaglobalmag.es\/mostra-de-cuines-calvia-2020\/#primaryimage"},"thumbnailUrl":"https:\/\/mallorcaglobalmag.es\/wp-content\/uploads\/mostra-cuines-calvia-3.jpg","datePublished":"2020-10-07T09:35:05+00:00","author":{"@id":"https:\/\/mallorcaglobalmag.es\/#\/schema\/person\/9a3cf523d44bd4905a14be13db051907"},"description":"The Mostra de Cuines de Calvi\u00e0 2020 puts value on the gastronomy produced in the municipality and promoting Calvi\u00e0's restaurants this October.","breadcrumb":{"@id":"https:\/\/mallorcaglobalmag.es\/mostra-de-cuines-calvia-2020\/#breadcrumb"},"inLanguage":"en-US","potentialAction":[{"@type":"ReadAction","target":["https:\/\/mallorcaglobalmag.es\/mostra-de-cuines-calvia-2020\/"]}]},{"@type":"ImageObject","inLanguage":"en-US","@id":"https:\/\/mallorcaglobalmag.es\/mostra-de-cuines-calvia-2020\/#primaryimage","url":"https:\/\/mallorcaglobalmag.es\/wp-content\/uploads\/mostra-cuines-calvia-3.jpg","contentUrl":"https:\/\/mallorcaglobalmag.es\/wp-content\/uploads\/mostra-cuines-calvia-3.jpg","width":1920,"height":1280,"caption":"mostra cuines calvia 2020"},{"@type":"BreadcrumbList","@id":"https:\/\/mallorcaglobalmag.es\/mostra-de-cuines-calvia-2020\/#breadcrumb","itemListElement":[{"@type":"ListItem","position":1,"name":"Portada","item":"https:\/\/mallorcaglobalmag.es\/en\/"},{"@type":"ListItem","position":2,"name":"Calvi\u00e0 promotes its gastronomy with the Mostra de Cuines 2020"}]},{"@type":"WebSite","@id":"https:\/\/mallorcaglobalmag.es\/#website","url":"https:\/\/mallorcaglobalmag.es\/","name":"Mallorca Global Mag","description":"Revista de informaci\u00f3n general de Mallorca","potentialAction":[{"@type":"SearchAction","target":{"@type":"EntryPoint","urlTemplate":"https:\/\/mallorcaglobalmag.es\/?s={search_term_string}"},"query-input":{"@type":"PropertyValueSpecification","valueRequired":true,"valueName":"search_term_string"}}],"inLanguage":"en-US"},{"@type":"Person","@id":"https:\/\/mallorcaglobalmag.es\/#\/schema\/person\/9a3cf523d44bd4905a14be13db051907","name":"Redacci\u00f3n","image":{"@type":"ImageObject","inLanguage":"en-US","@id":"https:\/\/mallorcaglobalmag.es\/#\/schema\/person\/image\/","url":"https:\/\/secure.gravatar.com\/avatar\/54a4bcd1a68eccdda3505d7ee5d6ebb8e5dd78095a07d388940305fac2e49572?s=96&d=mm&r=g","contentUrl":"https:\/\/secure.gravatar.com\/avatar\/54a4bcd1a68eccdda3505d7ee5d6ebb8e5dd78095a07d388940305fac2e49572?s=96&d=mm&r=g","caption":"Redacci\u00f3n"},"url":"https:\/\/mallorcaglobalmag.es\/en\/author\/elena\/"}]}},"_links":{"self":[{"href":"https:\/\/mallorcaglobalmag.es\/en\/wp-json\/wp\/v2\/posts\/21937","targetHints":{"allow":["GET"]}}],"collection":[{"href":"https:\/\/mallorcaglobalmag.es\/en\/wp-json\/wp\/v2\/posts"}],"about":[{"href":"https:\/\/mallorcaglobalmag.es\/en\/wp-json\/wp\/v2\/types\/post"}],"author":[{"embeddable":true,"href":"https:\/\/mallorcaglobalmag.es\/en\/wp-json\/wp\/v2\/users\/4"}],"replies":[{"embeddable":true,"href":"https:\/\/mallorcaglobalmag.es\/en\/wp-json\/wp\/v2\/comments?post=21937"}],"version-history":[{"count":0,"href":"https:\/\/mallorcaglobalmag.es\/en\/wp-json\/wp\/v2\/posts\/21937\/revisions"}],"wp:featuredmedia":[{"embeddable":true,"href":"https:\/\/mallorcaglobalmag.es\/en\/wp-json\/wp\/v2\/media\/21930"}],"wp:attachment":[{"href":"https:\/\/mallorcaglobalmag.es\/en\/wp-json\/wp\/v2\/media?parent=21937"}],"wp:term":[{"taxonomy":"category","embeddable":true,"href":"https:\/\/mallorcaglobalmag.es\/en\/wp-json\/wp\/v2\/categories?post=21937"},{"taxonomy":"post_tag","embeddable":true,"href":"https:\/\/mallorcaglobalmag.es\/en\/wp-json\/wp\/v2\/tags?post=21937"}],"curies":[{"name":"wp","href":"https:\/\/api.w.org\/{rel}","templated":true}]}}