{"id":157715,"date":"2026-09-03T09:47:35","date_gmt":"2026-09-03T07:47:35","guid":{"rendered":"https:\/\/mallorcaglobalmag.es\/concentracion-ceuta-palma\/"},"modified":"2026-09-03T12:21:38","modified_gmt":"2026-09-03T10:21:38","slug":"concentracion-ceuta-palma","status":"publish","type":"post","link":"https:\/\/mallorcaglobalmag.es\/en\/concentracion-ceuta-palma\/","title":{"rendered":"Thousands gather in Palma in support of Ceuta"},"content":{"rendered":"<p>Thousands of people took part on Wednesday in the <strong>rally in support of Ceuta in Palma<\/strong>, held in <strong>Pla\u00e7a de Cort<\/strong> to show their support and solidarity with the autonomous city. Attendance figures varied considerably depending on the source: <strong>Palma City Council<\/strong> put the turnout at <strong>19,000 people<\/strong>, while the <strong>Government Delegation<\/strong>, based on figures from the <strong>National Police<\/strong>, estimated it at around <strong>8,000<\/strong>.<\/p>\n<div id=\"attachment_157710\" style=\"width: 1010px\" class=\"wp-caption aligncenter\"><img decoding=\"async\" aria-describedby=\"caption-attachment-157710\" class=\"size-full wp-image-157710\" src=\"https:\/\/mallorcaglobalmag.es\/wp-content\/uploads\/2026\/09\/Concentracion-Ceuta-2026.webp\" alt=\"rally in support of Ceuta in Palma\" width=\"1000\" height=\"667\" \/><p id=\"caption-attachment-157710\" class=\"wp-caption-text\">The rally in support of Ceuta in Palma drew around 8,000 people, according to the Government Delegation. Photo: Palma City Council.<\/p><\/div>\n<p>The rally was called by the Spanish Federation of Municipalities and Provinces (FEMP) in response to the situation in Ceuta following the mass irregular entry of thousands of people across the border on 30 and 31 July. The event also brought together institutional representatives and members of the Ceuta community living in Mallorca.<\/p>\n<h2>Institutional support for Ceuta from Palma<\/h2>\n<p>The mayor of Palma, <strong>Jaime Mart\u00ednez Llabr\u00e9s<\/strong>, read out the manifesto issued by Spanish local councils in support of Ceuta. During his speech, he said that &#8220;<strong>Ceuta is not alone<\/strong>&#8221; and conveyed Palma&#8217;s &#8220;<strong>firm and unequivocal support<\/strong>&#8221; for the autonomous city and its residents.<\/p>\n<p>The manifesto highlighted the response of Ceuta&#8217;s society to the situation and recognised the work of professionals and public servants responsible for ensuring security, essential services and peaceful coexistence. It also reaffirmed the defence of Spain&#8217;s territorial integrity and Spanish sovereignty over Ceuta.<\/p>\n<p>Those attending the rally in support of Ceuta in Palma included the president of the <strong>Govern de les Illes Balears (Government of the Balearic Islands)<\/strong>, <strong>Marga Prohens<\/strong>; a delegation of councillors from Palma City Council; and representatives of the Ceuta community living in Mallorca.<\/p>\n<div id=\"attachment_157712\" style=\"width: 1010px\" class=\"wp-caption aligncenter\"><img decoding=\"async\" aria-describedby=\"caption-attachment-157712\" class=\"size-full wp-image-157712\" src=\"https:\/\/mallorcaglobalmag.es\/wp-content\/uploads\/2026\/09\/Concentracion-Ceuta-2026-autoridades.webp\" alt=\"rally in support of Ceuta in Palma\" width=\"1000\" height=\"667\" \/><p id=\"caption-attachment-157712\" class=\"wp-caption-text\">Marga Prohens, president of the Government of the Balearic Islands, and Jaime Mart\u00ednez Llabr\u00e9s, mayor of Palma, during the rally in Cort. Photo: Palma City Council.<\/p><\/div>\n<p>The event concluded with performances of the Spanish National Anthem and the Anthem of Ceuta, both played by the <strong>Banda Municipal de Palma (Palma Municipal Band)<\/strong>.<\/p>\n","protected":false},"excerpt":{"rendered":"<p>Thousands of people took part on Wednesday in the rally <a href=\"https:\/\/mallorcaglobalmag.es\/en\/concentracion-ceuta-palma\/\"> [&#8230;]<\/a><\/p>\n","protected":false},"author":4,"featured_media":157711,"comment_status":"open","ping_status":"open","sticky":false,"template":"","format":"standard","meta":{"footnotes":""},"categories":[136],"tags":[],"class_list":["post-157715","post","type-post","status-publish","format-standard","has-post-thumbnail","hentry","category-blog-en"],"yoast_head":"<!-- This site is optimized with the Yoast SEO plugin v25.2 - https:\/\/yoast.com\/wordpress\/plugins\/seo\/ -->\n<title>Thousands gather in Palma in support of Ceuta - Mallorca Global Mag<\/title>\n<meta name=\"description\" content=\"The rally in support of Ceuta in Palma drew 19,000 people according to Palma City Council and 8,000 according to National Police figures.\" \/>\n<meta name=\"robots\" content=\"index, follow, max-snippet:-1, max-image-preview:large, max-video-preview:-1\" \/>\n<link rel=\"canonical\" href=\"https:\/\/mallorcaglobalmag.es\/en\/concentracion-ceuta-palma\/\" \/>\n<meta property=\"og:locale\" content=\"en_US\" \/>\n<meta property=\"og:type\" content=\"article\" \/>\n<meta property=\"og:title\" content=\"Thousands gather in Palma in support of Ceuta - Mallorca Global Mag\" \/>\n<meta property=\"og:description\" content=\"The rally in support of Ceuta in Palma drew 19,000 people according to Palma City Council and 8,000 according to National Police figures.\" \/>\n<meta property=\"og:url\" content=\"https:\/\/mallorcaglobalmag.es\/en\/concentracion-ceuta-palma\/\" \/>\n<meta property=\"og:site_name\" content=\"Mallorca Global Mag\" \/>\n<meta property=\"article:published_time\" content=\"2026-09-03T07:47:35+00:00\" \/>\n<meta property=\"article:modified_time\" content=\"2026-09-03T10:21:38+00:00\" \/>\n<meta property=\"og:image\" content=\"https:\/\/mallorcaglobalmag.es\/wp-content\/uploads\/2026\/09\/Concentracion-Ceuta-2026.webp\" \/>\n\t<meta property=\"og:image:width\" content=\"1000\" \/>\n\t<meta property=\"og:image:height\" content=\"667\" \/>\n\t<meta property=\"og:image:type\" content=\"image\/webp\" \/>\n<meta name=\"author\" content=\"Redacci\u00f3n\" \/>\n<meta name=\"twitter:card\" content=\"summary_large_image\" \/>\n<meta name=\"twitter:label1\" content=\"Written by\" \/>\n\t<meta name=\"twitter:data1\" content=\"Redacci\u00f3n\" \/>\n\t<meta name=\"twitter:label2\" content=\"Est. reading time\" \/>\n\t<meta name=\"twitter:data2\" content=\"3 minutes\" \/>\n<script type=\"application\/ld+json\" class=\"yoast-schema-graph\">{\"@context\":\"https:\/\/schema.org\",\"@graph\":[{\"@type\":\"WebPage\",\"@id\":\"https:\/\/mallorcaglobalmag.es\/en\/concentracion-ceuta-palma\/\",\"url\":\"https:\/\/mallorcaglobalmag.es\/en\/concentracion-ceuta-palma\/\",\"name\":\"Thousands gather in Palma in support of Ceuta - Mallorca Global Mag\",\"isPartOf\":{\"@id\":\"https:\/\/mallorcaglobalmag.es\/#website\"},\"primaryImageOfPage\":{\"@id\":\"https:\/\/mallorcaglobalmag.es\/en\/concentracion-ceuta-palma\/#primaryimage\"},\"image\":{\"@id\":\"https:\/\/mallorcaglobalmag.es\/en\/concentracion-ceuta-palma\/#primaryimage\"},\"thumbnailUrl\":\"https:\/\/mallorcaglobalmag.es\/wp-content\/uploads\/2026\/09\/Concentracion-Ceuta-2026.webp\",\"datePublished\":\"2026-09-03T07:47:35+00:00\",\"dateModified\":\"2026-09-03T10:21:38+00:00\",\"author\":{\"@id\":\"https:\/\/mallorcaglobalmag.es\/#\/schema\/person\/9a3cf523d44bd4905a14be13db051907\"},\"description\":\"The rally in support of Ceuta in Palma drew 19,000 people according to Palma City Council and 8,000 according to National Police figures.\",\"breadcrumb\":{\"@id\":\"https:\/\/mallorcaglobalmag.es\/en\/concentracion-ceuta-palma\/#breadcrumb\"},\"inLanguage\":\"en-US\",\"potentialAction\":[{\"@type\":\"ReadAction\",\"target\":[\"https:\/\/mallorcaglobalmag.es\/en\/concentracion-ceuta-palma\/\"]}]},{\"@type\":\"ImageObject\",\"inLanguage\":\"en-US\",\"@id\":\"https:\/\/mallorcaglobalmag.es\/en\/concentracion-ceuta-palma\/#primaryimage\",\"url\":\"https:\/\/mallorcaglobalmag.es\/wp-content\/uploads\/2026\/09\/Concentracion-Ceuta-2026.webp\",\"contentUrl\":\"https:\/\/mallorcaglobalmag.es\/wp-content\/uploads\/2026\/09\/Concentracion-Ceuta-2026.webp\",\"width\":1000,\"height\":667,\"caption\":\"La concentraci\u00f3n por Ceuta en Palma reuni\u00f3 a unas 8.000 personas, seg\u00fan la Delegaci\u00f3n de Gobierno. Foto: Ajuntament de Palma.\"},{\"@type\":\"BreadcrumbList\",\"@id\":\"https:\/\/mallorcaglobalmag.es\/en\/concentracion-ceuta-palma\/#breadcrumb\",\"itemListElement\":[{\"@type\":\"ListItem\",\"position\":1,\"name\":\"Portada\",\"item\":\"https:\/\/mallorcaglobalmag.es\/en\/\"},{\"@type\":\"ListItem\",\"position\":2,\"name\":\"Thousands gather in Palma in support of Ceuta\"}]},{\"@type\":\"WebSite\",\"@id\":\"https:\/\/mallorcaglobalmag.es\/#website\",\"url\":\"https:\/\/mallorcaglobalmag.es\/\",\"name\":\"Mallorca Global Mag\",\"description\":\"Revista de informaci\u00f3n general de Mallorca\",\"potentialAction\":[{\"@type\":\"SearchAction\",\"target\":{\"@type\":\"EntryPoint\",\"urlTemplate\":\"https:\/\/mallorcaglobalmag.es\/?s={search_term_string}\"},\"query-input\":{\"@type\":\"PropertyValueSpecification\",\"valueRequired\":true,\"valueName\":\"search_term_string\"}}],\"inLanguage\":\"en-US\"},{\"@type\":\"Person\",\"@id\":\"https:\/\/mallorcaglobalmag.es\/#\/schema\/person\/9a3cf523d44bd4905a14be13db051907\",\"name\":\"Redacci\u00f3n\",\"image\":{\"@type\":\"ImageObject\",\"inLanguage\":\"en-US\",\"@id\":\"https:\/\/mallorcaglobalmag.es\/#\/schema\/person\/image\/\",\"url\":\"https:\/\/secure.gravatar.com\/avatar\/54a4bcd1a68eccdda3505d7ee5d6ebb8e5dd78095a07d388940305fac2e49572?s=96&d=mm&r=g\",\"contentUrl\":\"https:\/\/secure.gravatar.com\/avatar\/54a4bcd1a68eccdda3505d7ee5d6ebb8e5dd78095a07d388940305fac2e49572?s=96&d=mm&r=g\",\"caption\":\"Redacci\u00f3n\"},\"url\":\"https:\/\/mallorcaglobalmag.es\/en\/author\/elena\/\"}]}<\/script>\n<!-- \/ Yoast SEO plugin. -->","yoast_head_json":{"title":"Thousands gather in Palma in support of Ceuta - Mallorca Global Mag","description":"The rally in support of Ceuta in Palma drew 19,000 people according to Palma City Council and 8,000 according to National Police figures.","robots":{"index":"index","follow":"follow","max-snippet":"max-snippet:-1","max-image-preview":"max-image-preview:large","max-video-preview":"max-video-preview:-1"},"canonical":"https:\/\/mallorcaglobalmag.es\/en\/concentracion-ceuta-palma\/","og_locale":"en_US","og_type":"article","og_title":"Thousands gather in Palma in support of Ceuta - Mallorca Global Mag","og_description":"The rally in support of Ceuta in Palma drew 19,000 people according to Palma City Council and 8,000 according to National Police figures.","og_url":"https:\/\/mallorcaglobalmag.es\/en\/concentracion-ceuta-palma\/","og_site_name":"Mallorca Global Mag","article_published_time":"2026-09-03T07:47:35+00:00","article_modified_time":"2026-09-03T10:21:38+00:00","og_image":[{"width":1000,"height":667,"url":"https:\/\/mallorcaglobalmag.es\/wp-content\/uploads\/2026\/09\/Concentracion-Ceuta-2026.webp","type":"image\/webp"}],"author":"Redacci\u00f3n","twitter_card":"summary_large_image","twitter_misc":{"Written by":"Redacci\u00f3n","Est. reading time":"3 minutes"},"schema":{"@context":"https:\/\/schema.org","@graph":[{"@type":"WebPage","@id":"https:\/\/mallorcaglobalmag.es\/en\/concentracion-ceuta-palma\/","url":"https:\/\/mallorcaglobalmag.es\/en\/concentracion-ceuta-palma\/","name":"Thousands gather in Palma in support of Ceuta - Mallorca Global Mag","isPartOf":{"@id":"https:\/\/mallorcaglobalmag.es\/#website"},"primaryImageOfPage":{"@id":"https:\/\/mallorcaglobalmag.es\/en\/concentracion-ceuta-palma\/#primaryimage"},"image":{"@id":"https:\/\/mallorcaglobalmag.es\/en\/concentracion-ceuta-palma\/#primaryimage"},"thumbnailUrl":"https:\/\/mallorcaglobalmag.es\/wp-content\/uploads\/2026\/09\/Concentracion-Ceuta-2026.webp","datePublished":"2026-09-03T07:47:35+00:00","dateModified":"2026-09-03T10:21:38+00:00","author":{"@id":"https:\/\/mallorcaglobalmag.es\/#\/schema\/person\/9a3cf523d44bd4905a14be13db051907"},"description":"The rally in support of Ceuta in Palma drew 19,000 people according to Palma City Council and 8,000 according to National Police figures.","breadcrumb":{"@id":"https:\/\/mallorcaglobalmag.es\/en\/concentracion-ceuta-palma\/#breadcrumb"},"inLanguage":"en-US","potentialAction":[{"@type":"ReadAction","target":["https:\/\/mallorcaglobalmag.es\/en\/concentracion-ceuta-palma\/"]}]},{"@type":"ImageObject","inLanguage":"en-US","@id":"https:\/\/mallorcaglobalmag.es\/en\/concentracion-ceuta-palma\/#primaryimage","url":"https:\/\/mallorcaglobalmag.es\/wp-content\/uploads\/2026\/09\/Concentracion-Ceuta-2026.webp","contentUrl":"https:\/\/mallorcaglobalmag.es\/wp-content\/uploads\/2026\/09\/Concentracion-Ceuta-2026.webp","width":1000,"height":667,"caption":"La concentraci\u00f3n por Ceuta en Palma reuni\u00f3 a unas 8.000 personas, seg\u00fan la Delegaci\u00f3n de Gobierno. Foto: Ajuntament de Palma."},{"@type":"BreadcrumbList","@id":"https:\/\/mallorcaglobalmag.es\/en\/concentracion-ceuta-palma\/#breadcrumb","itemListElement":[{"@type":"ListItem","position":1,"name":"Portada","item":"https:\/\/mallorcaglobalmag.es\/en\/"},{"@type":"ListItem","position":2,"name":"Thousands gather in Palma in support of Ceuta"}]},{"@type":"WebSite","@id":"https:\/\/mallorcaglobalmag.es\/#website","url":"https:\/\/mallorcaglobalmag.es\/","name":"Mallorca Global Mag","description":"Revista de informaci\u00f3n general de Mallorca","potentialAction":[{"@type":"SearchAction","target":{"@type":"EntryPoint","urlTemplate":"https:\/\/mallorcaglobalmag.es\/?s={search_term_string}"},"query-input":{"@type":"PropertyValueSpecification","valueRequired":true,"valueName":"search_term_string"}}],"inLanguage":"en-US"},{"@type":"Person","@id":"https:\/\/mallorcaglobalmag.es\/#\/schema\/person\/9a3cf523d44bd4905a14be13db051907","name":"Redacci\u00f3n","image":{"@type":"ImageObject","inLanguage":"en-US","@id":"https:\/\/mallorcaglobalmag.es\/#\/schema\/person\/image\/","url":"https:\/\/secure.gravatar.com\/avatar\/54a4bcd1a68eccdda3505d7ee5d6ebb8e5dd78095a07d388940305fac2e49572?s=96&d=mm&r=g","contentUrl":"https:\/\/secure.gravatar.com\/avatar\/54a4bcd1a68eccdda3505d7ee5d6ebb8e5dd78095a07d388940305fac2e49572?s=96&d=mm&r=g","caption":"Redacci\u00f3n"},"url":"https:\/\/mallorcaglobalmag.es\/en\/author\/elena\/"}]}},"_links":{"self":[{"href":"https:\/\/mallorcaglobalmag.es\/en\/wp-json\/wp\/v2\/posts\/157715","targetHints":{"allow":["GET"]}}],"collection":[{"href":"https:\/\/mallorcaglobalmag.es\/en\/wp-json\/wp\/v2\/posts"}],"about":[{"href":"https:\/\/mallorcaglobalmag.es\/en\/wp-json\/wp\/v2\/types\/post"}],"author":[{"embeddable":true,"href":"https:\/\/mallorcaglobalmag.es\/en\/wp-json\/wp\/v2\/users\/4"}],"replies":[{"embeddable":true,"href":"https:\/\/mallorcaglobalmag.es\/en\/wp-json\/wp\/v2\/comments?post=157715"}],"version-history":[{"count":2,"href":"https:\/\/mallorcaglobalmag.es\/en\/wp-json\/wp\/v2\/posts\/157715\/revisions"}],"predecessor-version":[{"id":157717,"href":"https:\/\/mallorcaglobalmag.es\/en\/wp-json\/wp\/v2\/posts\/157715\/revisions\/157717"}],"wp:featuredmedia":[{"embeddable":true,"href":"https:\/\/mallorcaglobalmag.es\/en\/wp-json\/wp\/v2\/media\/157711"}],"wp:attachment":[{"href":"https:\/\/mallorcaglobalmag.es\/en\/wp-json\/wp\/v2\/media?parent=157715"}],"wp:term":[{"taxonomy":"category","embeddable":true,"href":"https:\/\/mallorcaglobalmag.es\/en\/wp-json\/wp\/v2\/categories?post=157715"},{"taxonomy":"post_tag","embeddable":true,"href":"https:\/\/mallorcaglobalmag.es\/en\/wp-json\/wp\/v2\/tags?post=157715"}],"curies":[{"name":"wp","href":"https:\/\/api.w.org\/{rel}","templated":true}]}}