{"id":157704,"date":"2026-09-03T11:48:44","date_gmt":"2026-09-03T09:48:44","guid":{"rendered":"https:\/\/mallorcaglobalmag.es\/festa-des-vermar-2026-binissalem\/"},"modified":"2026-09-03T12:07:04","modified_gmt":"2026-09-03T10:07:04","slug":"festa-des-vermar-2026-binissalem","status":"publish","type":"post","link":"https:\/\/mallorcaglobalmag.es\/en\/festa-des-vermar-2026-binissalem\/","title":{"rendered":"Binissalem celebra la Festa des Vermar 2026 del 5 al 27 de septiembre"},"content":{"rendered":"<p data-section-id=\"cssmfu\" data-start=\"538\" data-end=\"591\">La <strong data-start=\"3\" data-end=\"42\">Festa des Vermar 2026 de Binissalem<\/strong> celebra su <strong data-start=\"54\" data-end=\"95\">60\u00aa edici\u00f3n del 4 al 27 de septiembre<\/strong> con un amplio programa que combina tradici\u00f3n, vino, cultura, m\u00fasica y gastronom\u00eda. Durante m\u00e1s de tres semanas, el municipio acoge numerosos actos que culminan el \u00faltimo fin de semana con algunas de las citas m\u00e1s emblem\u00e1ticas de las fiestas.<\/p>\n<div id=\"attachment_109188\" style=\"width: 1010px\" class=\"wp-caption aligncenter\"><img decoding=\"async\" aria-describedby=\"caption-attachment-109188\" class=\"wp-image-109188\" src=\"https:\/\/mallorcaglobalmag.es\/wp-content\/uploads\/2024\/09\/festes-vermar-binissalem.webp\" alt=\"Festa des Vermar de Binissalem\" width=\"1000\" height=\"561\" srcset=\"https:\/\/mallorcaglobalmag.es\/wp-content\/uploads\/2024\/09\/festes-vermar-binissalem-768x431.webp 768w, https:\/\/mallorcaglobalmag.es\/wp-content\/uploads\/2024\/09\/festes-vermar-binissalem.webp 1109w\" sizes=\"(max-width: 1000px) 100vw, 1000px\" \/><p id=\"caption-attachment-109188\" class=\"wp-caption-text\">El Concurs de Trepitjar Ra\u00efm es uno de los momentos m\u00e1s esperados de la Festa del Vermar de Binissalem. Foto: Ajuntament de Binissalem.<\/p><\/div>\n<p data-section-id=\"cssmfu\" data-start=\"538\" data-end=\"591\">Entre las citas m\u00e1s esperadas de la LX Festa des Vermar 2026 de Binissalem se encuentran la <strong data-start=\"47\" data-end=\"100\">Festa dels Trepitjadors y la Gran batalla de ra\u00efm<\/strong>, el <strong data-start=\"105\" data-end=\"126\">Sopar a la fresca<\/strong>, la <strong data-start=\"131\" data-end=\"160\">Festa de Fideus de Vermar<\/strong> y la multitudinaria <strong data-start=\"181\" data-end=\"207\">Desfilada de Carrosses<\/strong>. La programaci\u00f3n incluye tambi\u00e9n la <strong data-start=\"244\" data-end=\"261\">Gran Revetlla<\/strong>, con <strong>Aftersuns, Baix&#8217;N&#8217;Nicotina<\/strong> y<strong> DJ Joan Campos<\/strong>, y conciertos como el de <strong data-start=\"336\" data-end=\"362\">Els Pets, Suasi y Born<\/strong>. A ellos se suman la <strong>XXI Fira del Vi<\/strong>, ballades, correfocs y numerosas actividades vinculadas a la tradici\u00f3n vitivin\u00edcola de Binissalem.<\/p>\n<p data-section-id=\"cssmfu\" data-start=\"538\" data-end=\"591\">Con seis d\u00e9cadas de historia, la Festa des Vermar de Binissalem se ha convertido en una de las grandes citas del calendario festivo del municipio. <strong data-start=\"186\" data-end=\"211\">La vendimia y el vino<\/strong> sirven de hilo conductor a unas fiestas en las que las costumbres populares conviven con propuestas musicales, culturales, gastron\u00f3micas y deportivas para todas las edades.<\/p>\n<h2 data-section-id=\"cssmfu\" data-start=\"538\" data-end=\"591\">Programa de la Festa des Vermar 2026 de Binissalem<\/h2>\n<h3 data-section-id=\"jgpb7p\" data-start=\"593\" data-end=\"620\">Viernes 4 de septiembre<\/h3>\n<ul>\n<li data-start=\"622\" data-end=\"890\"><strong data-start=\"622\" data-end=\"671\">18:30 a 20:00 \u2013 Encuentro entre vi\u00f1edos<\/strong><br data-start=\"671\" data-end=\"674\" \/>Vinya Es Cos &#8211; Bodegues Ca&#8217;n Verdura Viticultors. Actividad de tejido y ganchillo entre vi\u00f1edos. Primera copa de vino gratuita y siguientes a 3 euros. Inscripci\u00f3n previa en Taller Valdesoiro hasta el 3 de septiembre.<\/li>\n<li data-start=\"892\" data-end=\"1014\"><strong data-start=\"892\" data-end=\"981\">20:00 \u2013 Presentaci\u00f3n de la nueva indumentaria de las Vermadores i els Vermadors<\/strong><br data-start=\"981\" data-end=\"984\" \/>Casal de Cultura Can Gelabert.<\/li>\n<li data-start=\"1016\" data-end=\"1242\"><strong data-start=\"1016\" data-end=\"1051\">20:00 \u2013 Microvermada 2026<\/strong><br data-start=\"1051\" data-end=\"1054\" \/>Casal de Can Marc y Celler Vins Ripoll. Cuatro piezas de teatro breve relacionadas con el vino y las Festes des Vermar y un microconcierto. Precio: 23 euros, con una copa de vino incluida.<\/li>\n<li data-start=\"1244\" data-end=\"1518\"><strong data-start=\"1244\" data-end=\"1274\">21:00 \u2013 <em data-start=\"1260\" data-end=\"1272\">Sum Vermis<\/em><\/strong><br data-start=\"1274\" data-end=\"1277\" \/>Jard\u00ed de la Casa Lloren\u00e7 Villalonga. Espect\u00e1culo de Centaure Produccions en torno a la figura y obra de Jacint Verdaguer. Entradas: 15 euros en taquilla, 12 anticipada y 10 para residentes en Binissalem.<\/li>\n<\/ul>\n<h3 data-section-id=\"kcvwni\" data-start=\"1520\" data-end=\"1546\">S\u00e1bado 5 de septiembre<\/h3>\n<ul>\n<li data-start=\"1548\" data-end=\"1654\"><strong data-start=\"1548\" data-end=\"1583\">20:00 \u2013 Microvermada 2026<\/strong><br data-start=\"1583\" data-end=\"1586\" \/>Casal de Can Marc y Celler Vins Ripoll. Cuatro piezas de teatro breve relacionadas con el vino y las Festes des Vermar y un microconcierto. Precio: 23 euros, con una copa de vino incluida.<\/li>\n<li data-start=\"1656\" data-end=\"1783\"><strong data-start=\"1656\" data-end=\"1709\">20:30 \u2013 Concierto de Els Pets, Suasi y Born<\/strong><br data-start=\"1709\" data-end=\"1712\" \/>Pati Cobert de l&#8217;Escola Graduada.<br \/>\nEntrades en <a href=\"http:\/\/www.codetickets.com\" target=\"_blank\" rel=\"noopener\">www.codetickets.com<\/a><\/li>\n<\/ul>\n<h3 data-section-id=\"cdbu66\" data-start=\"1785\" data-end=\"1812\">Domingo 6 de septiembre<\/h3>\n<ul>\n<li data-start=\"1814\" data-end=\"1887\"><strong data-start=\"1814\" data-end=\"1864\">09:30 a 21:00 \u2013 Macro Ballada Binissalem<\/strong><br data-start=\"1864\" data-end=\"1867\" \/>Pla\u00e7a de l&#8217;Esgl\u00e9sia.\n<ul>\n<li data-section-id=\"o4mwoz\" data-start=\"1889\" data-end=\"1939\">09:00 a 10:00: concentraci\u00f3n de xeremiers.<\/li>\n<li data-section-id=\"1j4oc4m\" data-start=\"1940\" data-end=\"2004\">10:00: taller de fandangos mallorquines con Miquel Rigo.<\/li>\n<li data-section-id=\"ku5a73\" data-start=\"2005\" data-end=\"2044\">11:30: actuaci\u00f3n de <strong>Es Raiguer<\/strong>.<\/li>\n<li data-section-id=\"11ciicl\" data-start=\"2045\" data-end=\"2085\">13:00: actuaci\u00f3n de <strong>Da-li-cebes<\/strong>.<\/li>\n<li data-section-id=\"p6plmy\" data-start=\"2086\" data-end=\"2160\">14:00: tapas, vermut, cervezas de Balears, <em data-start=\"2137\" data-end=\"2150\">food trucks<\/em> y m\u00fasica.<\/li>\n<li data-section-id=\"1ge2mne\" data-start=\"2161\" data-end=\"2200\">17:00: actuaci\u00f3n de <strong>Pitxorines<\/strong>.<\/li>\n<li data-section-id=\"1c0qxsr\" data-start=\"2201\" data-end=\"2237\">18:45: actuaci\u00f3n de <strong>C\u00e0rritx<\/strong>.<\/li>\n<li data-section-id=\"gn2ut5\" data-start=\"2238\" data-end=\"2279\">20:00: clausura con<strong> Xaloc<\/strong> m\u00fasica.<\/li>\n<\/ul>\n<\/li>\n<li data-start=\"2281\" data-end=\"2396\"><strong data-start=\"2281\" data-end=\"2316\">20:00 \u2013 Microvermada 2026<\/strong><br data-start=\"2316\" data-end=\"2319\" \/>Casal de Can Marc y Celler Vins Ripoll. Cuatro piezas de teatro breve relacionadas con el vino y las Festes des Vermar y un microconcierto. Precio: 23 euros, con una copa de vino incluida.<\/li>\n<\/ul>\n<h3 class=\"PDq2pG_selectionAnchorContainer\" data-section-id=\"1s59uhj\" data-start=\"2398\" data-end=\"2423\">Lunes 7 de septiembre<\/h3>\n<ul>\n<li data-start=\"2425\" data-end=\"2589\"><strong data-start=\"2425\" data-end=\"2535\">20:00 \u2013 Presentaci\u00f3n del libro <em>Pregons i parlaments de les festes des Vermar. Binissalem 2015-2025<\/em><\/strong><br data-start=\"2535\" data-end=\"2538\" \/>Can Gelabert.<\/li>\n<\/ul>\n<h3 class=\"PDq2pG_selectionAnchorContainer\" data-section-id=\"1l0bl1\" data-start=\"2591\" data-end=\"2617\">Martes 8 de septiembre<\/h3>\n<ul>\n<li data-start=\"2619\" data-end=\"2871\"><strong data-start=\"2619\" data-end=\"2655\">21:00 \u2013 XVIII Tast de vins<\/strong><br data-start=\"2655\" data-end=\"2658\" \/>Can Gelabert. Cata dirigida por Catalina Bibiloni. Precio: 15 euros. Reserva de plazas en el Ajuntament los d\u00edas 4 y 7 de septiembre, de 09:00 a 14:00 horas. Plazas limitadas.<\/li>\n<\/ul>\n<h3 class=\"PDq2pG_selectionAnchorContainer\" data-section-id=\"1qr5x6i\" data-start=\"2873\" data-end=\"2900\">Jueves 10 de septiembre<\/h3>\n<ul>\n<li data-start=\"2902\" data-end=\"3146\"><strong data-start=\"2902\" data-end=\"2947\">21:00 \u2013 <em>Joia<\/em>, de M\u00fasica Alta Ripa<\/strong><br data-start=\"2947\" data-end=\"2950\" \/>Esgl\u00e9sia de Santa Maria de Robines. Concierto dedicado a la m\u00fasica de c\u00e1mara europea del siglo XVIII. Inscripciones a trav\u00e9s de Eventbrite y plazas limitadas.<\/li>\n<\/ul>\n<h3 class=\"PDq2pG_selectionAnchorContainer\" data-section-id=\"o6qk0h\" data-start=\"3148\" data-end=\"3176\">Viernes 11 de septiembre<\/h3>\n<ul>\n<li data-start=\"3178\" data-end=\"3446\"><strong data-start=\"3178\" data-end=\"3249\">11:30 \u2013 V Conmemoraci\u00f3n del D\u00eda Mundial de la Fotograf\u00eda 2026<\/strong><br data-start=\"3249\" data-end=\"3252\" \/>Inauguraci\u00f3n de &#8220;ELLES&#8221;, exposici\u00f3n dedicada a las mujeres que mantienen vivo el comercio tradicional de Binissalem. La muestra puede visitarse en diferentes comercios hasta el 30 de septiembre.<\/li>\n<li data-start=\"3448\" data-end=\"3536\"><strong data-start=\"3448\" data-end=\"3500\">18:00 \u2013 Taller de decoraci\u00f3n de bicicletas<\/strong><br data-start=\"3500\" data-end=\"3503\" \/>Pati Cobert de l&#8217;Escola Graduada.<\/li>\n<li data-start=\"3538\" data-end=\"3712\"><strong data-start=\"3538\" data-end=\"3608\">19:00 \u2013 Swing y concierto de Fisherman and Friends Jazz Band<\/strong><br data-start=\"3608\" data-end=\"3611\" \/>Pla\u00e7a de l&#8217;Esgl\u00e9sia. Clase abierta de swing, concierto y sesi\u00f3n posterior con DJ. Actividad gratuita.<\/li>\n<li data-start=\"3714\" data-end=\"3791\"><strong data-start=\"3714\" data-end=\"3749\">20:00 \u2013 Microvermada 2026<\/strong><br data-start=\"3749\" data-end=\"3752\" \/>Casal de Can Marc y Celler Vins Ripoll. Cuatro piezas de teatro breve relacionadas con el vino y las Festes des Vermar y un microconcierto. Precio: 23 euros, con una copa de vino incluida.<\/li>\n<li data-start=\"3793\" data-end=\"4033\"><strong data-start=\"3793\" data-end=\"3845\">21:00 \u2013 Teatro: <em data-start=\"3817\" data-end=\"3843\">Cr\u00f2niques d&#8217;un mig estiu<\/em><\/strong><br data-start=\"3845\" data-end=\"3848\" \/>Jard\u00ed de la Casa Lloren\u00e7 Villalonga. Estreno en Mallorca de la adaptaci\u00f3n de la obra de Maria-Ant\u00f2nia Oliver.<\/li>\n<\/ul>\n<h3 class=\"PDq2pG_selectionAnchorContainer\" data-section-id=\"c35qfs\" data-start=\"4035\" data-end=\"4062\">S\u00e1bado 12 de septiembre<\/h3>\n<ul>\n<li data-start=\"4064\" data-end=\"4276\"><strong data-start=\"4064\" data-end=\"4121\">09:00 \u2013 XLV Diada en bicicleta Festa des Vermar<\/strong><br data-start=\"4121\" data-end=\"4124\" \/>Salida desde el Ajuntament y recorrido por diferentes calles y caminos de Binissalem hasta Can Arab\u00ed, donde habr\u00e1 merienda. Es obligatorio llevar casco.<\/li>\n<li data-start=\"4278\" data-end=\"4419\"><strong data-start=\"4278\" data-end=\"4335\">19:00 \u2013 <\/strong>Primer partido de liga de 3\u00aa<strong data-start=\"4278\" data-end=\"4335\"> Binissalem &#8211; Sant Lloren\u00e7 des Cardassar<\/strong><br data-start=\"4335\" data-end=\"4338\" \/>Camp municipal de futbol.\u00a0 Inauguraci\u00f3n del nuevo c\u00e9sped.<\/li>\n<li data-start=\"4421\" data-end=\"4536\"><strong data-start=\"4421\" data-end=\"4456\">20:00 \u2013 Microvermada 2026<\/strong><br data-start=\"4456\" data-end=\"4459\" \/>Casal de Can Marc y Celler Vins Ripoll. Cuatro piezas de teatro breve relacionadas con el vino y las Festes des Vermar y un microconcierto. Precio: 23 euros, con una copa de vino incluida.<\/li>\n<\/ul>\n<h3 data-section-id=\"tml0qy\" data-start=\"4538\" data-end=\"4566\">Domingo 13 de septiembre<\/h3>\n<ul>\n<li data-start=\"4568\" data-end=\"4683\"><strong data-start=\"4568\" data-end=\"4613\">09:00 \u2013 Carrera ciclista II Trofeu Festes des Vermar<\/strong><br data-start=\"4613\" data-end=\"4616\" \/>Pol\u00edgon de Binissalem. Para diferentes categor\u00edas.<\/li>\n<li data-start=\"4685\" data-end=\"4760\"><strong data-start=\"4685\" data-end=\"4724\">10:00 a 14:00 \u2013 Fira d&#8217;Estocs<\/strong><br data-start=\"4724\" data-end=\"4727\" \/>Apertura de diferentes comercios.<\/li>\n<li data-start=\"4762\" data-end=\"4871\"><strong data-start=\"4762\" data-end=\"4848\">10:00 \u2013 IV Exposici\u00f3n de coches, motocicletas y tractores agr\u00edcolas cl\u00e1sicos<\/strong><br data-start=\"4848\" data-end=\"4851\" \/>Pla\u00e7a de l&#8217;Esgl\u00e9sia.<\/li>\n<li data-start=\"4873\" data-end=\"5031\"><strong data-start=\"4873\" data-end=\"4923\">10:00 \u2013 Diada a l&#8217;Aer\u00f2drom de Binissalem<\/strong><br data-start=\"4923\" data-end=\"4926\" \/>Cam\u00ed de Son Roig, km 2. Exposici\u00f3n de aeronaves, aves rapaces y actividades relacionadas con la aviaci\u00f3n.<\/li>\n<li data-start=\"5033\" data-end=\"5255\"><strong data-start=\"5033\" data-end=\"5120\">Desde las 17:30 \u2013 Festa de Sant Gall y presentaci\u00f3n de la LX Festa des Vermar<\/strong><br data-start=\"5120\" data-end=\"5123\" \/>Biniagual. Ballada dels Caparrots, misa, presentaci\u00f3n de las Vermadores i Vermadors, juegos tradicionales y actuaci\u00f3n de Sa Revetla.<\/li>\n<li data-start=\"5257\" data-end=\"5414\"><strong data-start=\"5257\" data-end=\"5292\">20:00 \u2013 Microvermada 2026<\/strong><br data-start=\"5292\" data-end=\"5295\" \/>Casal de Can Marc y Celler Vins Ripoll. Cuatro piezas de teatro breve relacionadas con el vino y las Festes des Vermar y un microconcierto. Precio: 23 euros, con una copa de vino incluida.<\/li>\n<\/ul>\n<h3 class=\"PDq2pG_selectionAnchorContainer\" data-section-id=\"qfzrdx\" data-start=\"5416\" data-end=\"5442\">Lunes 14 de septiembre<\/h3>\n<ul>\n<li data-start=\"5444\" data-end=\"5515\"><strong>Desde las 17:00<\/strong><br \/>\nPati de Can Gelabert.<\/li>\n<\/ul>\n<ul>\n<li data-start=\"5444\" data-end=\"5515\"><strong data-start=\"5444\" data-end=\"5491\">17:00 a 19:30 \u2013 Cucut. Jocs de llenya<\/strong><\/li>\n<li data-start=\"5517\" data-end=\"5563\"><strong data-start=\"5517\" data-end=\"5563\">17:30 \u2013 Cuentacuentos con Gemma Moll<\/strong><\/li>\n<li data-start=\"5565\" data-end=\"5689\"><strong data-start=\"5565\" data-end=\"5594\">18:30 \u2013 F\u00e8lix Magmo<\/strong><br data-start=\"5594\" data-end=\"5597\" \/>Actividades para p\u00fablico familiar. Plazas limitadas.<\/li>\n<\/ul>\n<h3 data-section-id=\"1f1gs0f\" data-start=\"5691\" data-end=\"5721\">Mi\u00e9rcoles 16 de septiembre<\/h3>\n<ul>\n<li data-start=\"5723\" data-end=\"5980\"><strong data-start=\"5723\" data-end=\"5871\">20:00 \u2013 Presentaci\u00f3n del libro <em>Dels Joves de Sempre als Joves des Trui (JDT): una altra revoluci\u00f3 sociocultural del jovent de Binissalem<\/em><\/strong><br data-start=\"5871\" data-end=\"5874\" \/>Casal de Can Marc. Obra de Miquel \u00c0ngel Rossell\u00f3 Bibiloni &#8220;Quini&#8221;.<\/li>\n<\/ul>\n<h3 class=\"PDq2pG_selectionAnchorContainer\" data-section-id=\"1w4kbb1\" data-start=\"5982\" data-end=\"6009\">Jueves 17 de septiembre<\/h3>\n<ul>\n<li data-start=\"6011\" data-end=\"6081\"><strong data-start=\"6011\" data-end=\"6061\">18:00 \u2013 Muestra de trabajos de <em>patchwork<\/em><\/strong><br data-start=\"6061\" data-end=\"6064\" \/>Passeig des Born.<\/li>\n<li data-start=\"6083\" data-end=\"6303\"><strong data-start=\"6083\" data-end=\"6155\">19:30 \u2013 DOcktail: Taller de tast vi i cocteleria DO Binissalem<\/strong><br data-start=\"6155\" data-end=\"6158\" \/>DO Binissalem. Cata de dos vinos y elaboraci\u00f3n de dos c\u00f3cteles acompa\u00f1ados de cocas mallorquinas. Precio: 20 euros. Solo para mayores de 18 a\u00f1os.<\/li>\n<li data-start=\"6305\" data-end=\"6493\"><strong data-start=\"6305\" data-end=\"6351\">19:30 \u2013 Inauguraci\u00f3n de exposiciones<\/strong><br data-start=\"6351\" data-end=\"6354\" \/>Can Gelabert. Apertura de <em>La veu a la m\u00e0<\/em>, de Maria del Mar Bonet, y del 47\u00e8 Certamen d&#8217;Arts Pl\u00e0stiques i Visuals Vila de Binissalem 2026.<\/li>\n<li data-start=\"6495\" data-end=\"6685\"><strong data-start=\"6495\" data-end=\"6566\">21:00 \u2013 Teatro: <em data-start=\"6519\" data-end=\"6564\">De la sal de la ferida n&#8217;he fet un tatuatge<\/em><\/strong><br data-start=\"6566\" data-end=\"6569\" \/>Jard\u00ed de la Casa Lloren\u00e7 Villalonga.<\/li>\n<\/ul>\n<h3 class=\"PDq2pG_selectionAnchorContainer\" data-section-id=\"h8ut3s\" data-start=\"6687\" data-end=\"6715\">Viernes 18 de septiembre<\/h3>\n<ul>\n<li data-start=\"6717\" data-end=\"6883\"><strong data-start=\"6717\" data-end=\"6758\">17:30 \u2013 Benvinguda a Sa Vermada<\/strong><br data-start=\"6758\" data-end=\"6761\" \/>Salida frente a las bodegas de Can Novell y recorrido por diferentes calles y plazas de Binissalem, con varias <em data-start=\"6872\" data-end=\"6882\">ballades<\/em>.<\/li>\n<li data-start=\"6885\" data-end=\"7034\"><strong data-start=\"6885\" data-end=\"6942\">19:30 \u2013 Recepci\u00f3n de las Vermadores i Vermadors<\/strong><br data-start=\"6942\" data-end=\"6945\" \/>Ajuntament. A continuaci\u00f3n, la comitiva se dirige al templo para la imposici\u00f3n de bandas.<\/li>\n<li data-start=\"7036\" data-end=\"7177\"><strong data-start=\"7036\" data-end=\"7069\">20:30\u2013 Preg\u00f3 de la Festa des Vermar 2026 de Binissalem<\/strong><br data-start=\"7069\" data-end=\"7072\" \/>Esgl\u00e9sia. A cargo de Juana Rossell\u00f3 Moy\u00e0, Toni Bestard Vidal y familia, con la actuaci\u00f3n de la Coral 3&#215;4.<\/li>\n<li data-start=\"7179\" data-end=\"7264\"><strong data-start=\"7179\" data-end=\"7240\">21:30 \u2013 Correfoc Infantil <em>Es dimoni de sa Vermada<\/em><\/strong><br data-start=\"7240\" data-end=\"7243\" \/>Pla\u00e7a de sa Quartera.<\/li>\n<li data-start=\"7266\" data-end=\"7575\"><strong data-start=\"7266\" data-end=\"7298\">22:00 \u2013 <em>In the Night<\/em><\/strong><br data-start=\"7298\" data-end=\"7301\" \/>Pati Cobert de l&#8217;Escola Graduada. La Banda de Binissalem y la Banda des Migjorn Gran presentan un concierto tributo a Txarango y Oques Grasses. Entradas anticipadas: 8 euros (<a href=\"http:\/\/ticketib.com\" target=\"_blank\" rel=\"noopener\">ticketib.com<\/a>); taquilla: 12 euros.<\/li>\n<\/ul>\n<h3 class=\"PDq2pG_selectionAnchorContainer\" data-section-id=\"aca64z\" data-start=\"7577\" data-end=\"7604\">S\u00e1bado 19 de septiembre<\/h3>\n<ul>\n<li data-start=\"7606\" data-end=\"7743\"><strong data-start=\"7606\" data-end=\"7639\">10:00 \u2013 Voltant voltant<\/strong><br data-start=\"7639\" data-end=\"7642\" \/>Pasacalles popular por la zona de la Pla\u00e7a de l&#8217;Esgl\u00e9sia como antesala de la Festa dels Trepitjadors.<\/li>\n<li data-start=\"7745\" data-end=\"7818\"><strong data-start=\"7745\" data-end=\"7783\">12:00 \u2013 Preg\u00f3 inici de festa<\/strong><br data-start=\"7783\" data-end=\"7786\" \/>Frente al balc\u00f3n del Ajuntament.\n<ul>\n<li data-start=\"7820\" data-end=\"7886\"><strong data-start=\"7820\" data-end=\"7861\">A continuaci\u00f3n \u2013 Gran batalla de ra\u00efm<\/strong><br data-start=\"7861\" data-end=\"7864\" \/>Zona del poliesportiu.<\/li>\n<\/ul>\n<\/li>\n<li data-start=\"7888\" data-end=\"8109\"><strong data-start=\"7888\" data-end=\"7941\">14:00 \u2013 XXV Dinar i Festa dels Trepitjadors<\/strong><br data-start=\"7941\" data-end=\"7944\" \/>Pla\u00e7a de l&#8217;Esgl\u00e9sia. Comida de <em data-start=\"7975\" data-end=\"7993\">fideus de vermar<\/em> y actuaciones de<strong> Horris Kamoi, Val 9, JOQSE, DJ Biel Martorell <\/strong>y<strong> DJ Stefan<\/strong>.<\/li>\n<\/ul>\n<h3 data-section-id=\"16mqsru\" data-start=\"8111\" data-end=\"8139\">Domingo 20 de septiembre<\/h3>\n<ul>\n<li data-start=\"8141\" data-end=\"8264\"><strong data-start=\"8141\" data-end=\"8187\">10:30 \u2013 LXXII Homenatge a la Vellesa<\/strong><br data-start=\"8187\" data-end=\"8190\" \/>Concentraci\u00f3n frente al Ajuntament y posterior recorrido hasta la iglesia.<\/li>\n<li data-start=\"8266\" data-end=\"8486\"><strong data-start=\"8266\" data-end=\"8314\">11:00 \u2013 Misa en homenaje a los mayores<\/strong><br data-start=\"8314\" data-end=\"8317\" \/>Con la participaci\u00f3n del Tall de Vermadors, Maria C\u00e0noves y los gigantes Jaume i Aina. Al finalizar, comida para los homenajeados en el Pati Cobert de l&#8217;Escola Graduada.<\/li>\n<li data-start=\"8488\" data-end=\"8676\"><strong data-start=\"8488\" data-end=\"8536\">17:30 \u2013 XXVI Concurs de Trepitjar Ra\u00efm<\/strong><br data-start=\"8536\" data-end=\"8539\" \/>Pla\u00e7a de l&#8217;Esgl\u00e9sia. Los participantes se concentran a las 17:00 horas en el cant\u00f3 de Can Mequis.<\/li>\n<li data-start=\"8488\" data-end=\"8676\"><strong>20:00<\/strong> <strong data-start=\"8488\" data-end=\"8536\"> \u2013 III Festival de Cinema de Binissalem<br \/>\n<\/strong>Ca Don Andreu. Proyecci\u00f3n gratuita y abierta al p\u00fablico.<\/li>\n<\/ul>\n<h3 class=\"PDq2pG_selectionAnchorContainer\" data-section-id=\"14xal99\" data-start=\"8678\" data-end=\"8705\">Martes 22 de septiembre<\/h3>\n<ul>\n<li data-start=\"8707\" data-end=\"8928\"><strong data-start=\"8707\" data-end=\"8749\">20:30 \u2013 Sopar per a la Gent Gran<\/strong><br data-start=\"8749\" data-end=\"8752\" \/>Pati Cobert de l&#8217;Escola Graduada. Para mayores de 60 a\u00f1os empadronados en Binissalem, con animaci\u00f3n musical de Biel Tous y Marga Pocov\u00ed.<\/li>\n<\/ul>\n<h3 data-section-id=\"13wrdgp\" data-start=\"8930\" data-end=\"8960\">Mi\u00e9rcoles 23 de septiembre<\/h3>\n<ul>\n<li data-start=\"8962\" data-end=\"9088\"><strong data-start=\"8962\" data-end=\"9021\">XV Cursa Rural Intervinyes Festes des Vermar Binissalem<\/strong><br data-start=\"9021\" data-end=\"9024\" \/>Salida desde Bodega Jos\u00e9 L. Ferrer. Recorrido de 6,5 kil\u00f3metros. Inscripciones: <a href=\"http:\/\/www.elitechip.\" target=\"_blank\" rel=\"noopener\">http:\/\/www.elitechip.<\/a><br \/>\nnet<\/li>\n<li data-start=\"9090\" data-end=\"9276\"><strong data-start=\"9090\" data-end=\"9124\">19:30 \u2013 Muestra de baile<\/strong><br data-start=\"9124\" data-end=\"9127\" \/>Pla\u00e7a de l&#8217;Esgl\u00e9sia. A cargo de la escuela del Tall de Vermadors y posterior baile abierto a todo el p\u00fablico.<\/li>\n<\/ul>\n<h3 class=\"PDq2pG_selectionAnchorContainer\" data-section-id=\"qfeuu5\" data-start=\"9278\" data-end=\"9305\">Jueves 24 de septiembre<\/h3>\n<ul>\n<li data-start=\"9307\" data-end=\"9518\"><strong data-start=\"9307\" data-end=\"9356\">21:00 \u2013 XLIII Festa de Fideus de Vermar<\/strong><br data-start=\"9356\" data-end=\"9359\" \/>Can Arab\u00ed. Degustaci\u00f3n de <em data-start=\"9385\" data-end=\"9403\">fideus de vermar<\/em>, actuaci\u00f3n de los Xeremiers de Binissalem y baile con la orquesta Galatz\u00f3.<\/li>\n<\/ul>\n<h3 data-section-id=\"1d2y5h2\" data-start=\"9520\" data-end=\"9548\">Viernes 25 de septiembre<\/h3>\n<ul>\n<li data-start=\"9550\" data-end=\"9606\"><strong data-start=\"9550\" data-end=\"9583\">08:00 \u2013 Mercat setmanal<\/strong><br data-start=\"9583\" data-end=\"9586\" \/>Pla\u00e7a de l&#8217;Esgl\u00e9sia.<\/li>\n<li data-start=\"9723\" data-end=\"9898\"><strong data-start=\"9723\" data-end=\"9758\">20:30 \u2013 Sopar a la fresca<\/strong><br data-start=\"9758\" data-end=\"9761\" \/>Una de las citas tradicionales de la Festa des Vermar, con cenas en las calles del municipio acompa\u00f1adas por los Xeremiers de Binissalem.<\/li>\n<\/ul>\n<h3 data-section-id=\"q1ehrz\" data-start=\"10104\" data-end=\"10131\">S\u00e1bado 26 de septiembre<\/h3>\n<ul>\n<li data-start=\"10133\" data-end=\"10257\"><strong data-start=\"10133\" data-end=\"10194\">11:30 \u2013 Partido de exhibici\u00f3n de rugby de veteranos<\/strong><br data-start=\"10194\" data-end=\"10197\" \/>Camp de futbol. Emeritus Taurus (Calvi\u00e0) &#8211; Unigans (Bilbao).<\/li>\n<li data-start=\"10259\" data-end=\"10380\"><strong data-start=\"10259\" data-end=\"10299\">17:00 \u2013 Desfilada de Carrosses<\/strong><br data-start=\"10299\" data-end=\"10302\" \/>Acompa\u00f1ada por la Associaci\u00f3 de la Tercera Edat y los Xeremiers de Binissalem.<\/li>\n<li data-start=\"10382\" data-end=\"10556\"><strong data-start=\"10382\" data-end=\"10442\">20:00 \u2013 Inauguraci\u00f3n oficial de la XXI Fira del Vi<\/strong><br data-start=\"10442\" data-end=\"10445\" \/>Parc de la Rectoria. La feria permanece abierta de 17:30 a 22:00 horas.<\/li>\n<li data-start=\"10382\" data-end=\"10556\"><strong data-start=\"9900\" data-end=\"9939\">21:00 a 03:00 \u2013 Gran Revetlla<\/strong><br data-start=\"9939\" data-end=\"9942\" \/>Pla\u00e7a de l&#8217;Esgl\u00e9sia. Actuaciones de <strong>Aftersuns, Baix&#8217;N&#8217;Nicotina<\/strong> y<strong> DJ Joan Campos<\/strong>.<\/li>\n<\/ul>\n<h3 data-section-id=\"1c056wd\" data-start=\"10558\" data-end=\"10586\">Domingo 27 de septiembre<\/h3>\n<ul>\n<li data-start=\"10588\" data-end=\"10714\"><strong data-start=\"10588\" data-end=\"10685\">09:30 \u2013 Desfilada de les Vermadores i els Vermadors dels 60 anys de la Festa des Vermar<\/strong><br data-start=\"10685\" data-end=\"10688\" \/>Salida desde Can Gelabert.<\/li>\n<li data-start=\"10716\" data-end=\"10772\"><strong data-start=\"10716\" data-end=\"10758\">10:00 \u2013 Recepci\u00f3n de autoridades<\/strong><br data-start=\"10758\" data-end=\"10761\" \/>Ajuntament.<\/li>\n<li data-start=\"10774\" data-end=\"10842\"><strong data-start=\"10774\" data-end=\"10804\">10:30 \u2013 Misa solemne<\/strong><br data-start=\"10804\" data-end=\"10807\" \/>Esgl\u00e9sia de Santa Maria de Robines.<\/li>\n<li data-start=\"10844\" data-end=\"11058\"><strong data-start=\"10844\" data-end=\"10909\">11:15 \u2013 Ofrena a Santa Maria de Robines del most novell<\/strong><br data-start=\"10909\" data-end=\"10912\" \/>Vasos de l&#8217;Esgl\u00e9sia. Participan las Vermadores i Vermadors de 2026, los gigantes Jaume i Aina, los Xeremiers de Binissalem y el Tall de Vermadors.<\/li>\n<li data-start=\"11060\" data-end=\"11124\"><strong data-start=\"11060\" data-end=\"11101\">16:30 a 20:30 \u2013 XXI Fira del Vi<\/strong><br data-start=\"11101\" data-end=\"11104\" \/>Parc de la Rectoria.<\/li>\n<li data-start=\"11126\" data-end=\"11251\"><strong data-start=\"11126\" data-end=\"11163\">19:00 \u2013 Foto de fi de festa<\/strong><br data-start=\"11163\" data-end=\"11166\" \/>Frente a sa Rectoria. A continuaci\u00f3n, <em data-start=\"11204\" data-end=\"11221\">Ballada popular<\/em> con Al-Mayurqa y Da-li-cebes.<\/li>\n<li data-start=\"11253\" data-end=\"11410\"><strong data-start=\"11253\" data-end=\"11285\">22:00 \u2013 <em>Aires de foc<\/em><\/strong><br data-start=\"11285\" data-end=\"11288\" \/>Pla\u00e7a de l&#8217;Esgl\u00e9sia. Correfoc adulto que pone el broche final a las celebraciones.<\/li>\n<\/ul>\n<p>Consulte el programa completo en <a href=\"https:\/\/www.ajbinissalem.net\/wp-content\/uploads\/2026\/09\/Programa-Vermar-2026_web.pdf\" target=\"_blank\" rel=\"noopener\"><strong>este enlace<\/strong><\/a>.<\/p>\n","protected":false},"excerpt":{"rendered":"<p>La Festa des Vermar 2026 de Binissalem celebra su 60\u00aa <a href=\"https:\/\/mallorcaglobalmag.es\/en\/festa-des-vermar-2026-binissalem\/\"> [&#8230;]<\/a><\/p>\n","protected":false},"author":4,"featured_media":157699,"comment_status":"open","ping_status":"open","sticky":false,"template":"","format":"standard","meta":{"footnotes":""},"categories":[1514],"tags":[],"class_list":["post-157704","post","type-post","status-publish","format-standard","has-post-thumbnail","hentry","category-culture"],"yoast_head":"<!-- This site is optimized with the Yoast SEO plugin v25.2 - https:\/\/yoast.com\/wordpress\/plugins\/seo\/ -->\n<title>Festa des Vermar 2026 de Binissalem: programa completo - Mallorca Global Mag<\/title>\n<meta name=\"description\" content=\"Del 5 al 27 de septiembre, la Festa des Vermar 2026 de Binissalem celebra su LX edici\u00f3n con conciertos, verbenas y tradici\u00f3n.\" \/>\n<meta name=\"robots\" content=\"index, follow, max-snippet:-1, max-image-preview:large, max-video-preview:-1\" \/>\n<link rel=\"canonical\" href=\"https:\/\/mallorcaglobalmag.es\/en\/festa-des-vermar-2026-binissalem\/\" \/>\n<meta property=\"og:locale\" content=\"en_US\" \/>\n<meta property=\"og:type\" content=\"article\" \/>\n<meta property=\"og:title\" content=\"Festa des Vermar 2026 de Binissalem: programa completo - Mallorca Global Mag\" \/>\n<meta property=\"og:description\" content=\"Del 5 al 27 de septiembre, la Festa des Vermar 2026 de Binissalem celebra su LX edici\u00f3n con conciertos, verbenas y tradici\u00f3n.\" \/>\n<meta property=\"og:url\" content=\"https:\/\/mallorcaglobalmag.es\/en\/festa-des-vermar-2026-binissalem\/\" \/>\n<meta property=\"og:site_name\" content=\"Mallorca Global Mag\" \/>\n<meta property=\"article:published_time\" content=\"2026-09-03T09:48:44+00:00\" \/>\n<meta property=\"article:modified_time\" content=\"2026-09-03T10:07:04+00:00\" \/>\n<meta property=\"og:image\" content=\"https:\/\/mallorcaglobalmag.es\/wp-content\/uploads\/2026\/09\/Festa-desl-Vermar-de-Binissalem-e1788427740483.webp\" \/>\n\t<meta property=\"og:image:width\" content=\"1000\" \/>\n\t<meta property=\"og:image:height\" content=\"1000\" \/>\n\t<meta property=\"og:image:type\" content=\"image\/webp\" \/>\n<meta name=\"author\" content=\"Redacci\u00f3n\" \/>\n<meta name=\"twitter:card\" content=\"summary_large_image\" \/>\n<meta name=\"twitter:label1\" content=\"Written by\" \/>\n\t<meta name=\"twitter:data1\" content=\"Redacci\u00f3n\" \/>\n\t<meta name=\"twitter:label2\" content=\"Est. reading time\" \/>\n\t<meta name=\"twitter:data2\" content=\"9 minutes\" \/>\n<script type=\"application\/ld+json\" class=\"yoast-schema-graph\">{\"@context\":\"https:\/\/schema.org\",\"@graph\":[{\"@type\":\"WebPage\",\"@id\":\"https:\/\/mallorcaglobalmag.es\/en\/festa-des-vermar-2026-binissalem\/\",\"url\":\"https:\/\/mallorcaglobalmag.es\/en\/festa-des-vermar-2026-binissalem\/\",\"name\":\"Festa des Vermar 2026 de Binissalem: programa completo - Mallorca Global Mag\",\"isPartOf\":{\"@id\":\"https:\/\/mallorcaglobalmag.es\/#website\"},\"primaryImageOfPage\":{\"@id\":\"https:\/\/mallorcaglobalmag.es\/en\/festa-des-vermar-2026-binissalem\/#primaryimage\"},\"image\":{\"@id\":\"https:\/\/mallorcaglobalmag.es\/en\/festa-des-vermar-2026-binissalem\/#primaryimage\"},\"thumbnailUrl\":\"https:\/\/mallorcaglobalmag.es\/wp-content\/uploads\/2026\/09\/Festa-desl-Vermar-de-Binissalem-e1788427740483.webp\",\"datePublished\":\"2026-09-03T09:48:44+00:00\",\"dateModified\":\"2026-09-03T10:07:04+00:00\",\"author\":{\"@id\":\"https:\/\/mallorcaglobalmag.es\/#\/schema\/person\/9a3cf523d44bd4905a14be13db051907\"},\"description\":\"Del 5 al 27 de septiembre, la Festa des Vermar 2026 de Binissalem celebra su LX edici\u00f3n con conciertos, verbenas y tradici\u00f3n.\",\"breadcrumb\":{\"@id\":\"https:\/\/mallorcaglobalmag.es\/en\/festa-des-vermar-2026-binissalem\/#breadcrumb\"},\"inLanguage\":\"en-US\",\"potentialAction\":[{\"@type\":\"ReadAction\",\"target\":[\"https:\/\/mallorcaglobalmag.es\/en\/festa-des-vermar-2026-binissalem\/\"]}]},{\"@type\":\"ImageObject\",\"inLanguage\":\"en-US\",\"@id\":\"https:\/\/mallorcaglobalmag.es\/en\/festa-des-vermar-2026-binissalem\/#primaryimage\",\"url\":\"https:\/\/mallorcaglobalmag.es\/wp-content\/uploads\/2026\/09\/Festa-desl-Vermar-de-Binissalem-e1788427740483.webp\",\"contentUrl\":\"https:\/\/mallorcaglobalmag.es\/wp-content\/uploads\/2026\/09\/Festa-desl-Vermar-de-Binissalem-e1788427740483.webp\",\"width\":1000,\"height\":1000,\"caption\":\"Foto: Ajuntament de Binissalem.\"},{\"@type\":\"BreadcrumbList\",\"@id\":\"https:\/\/mallorcaglobalmag.es\/en\/festa-des-vermar-2026-binissalem\/#breadcrumb\",\"itemListElement\":[{\"@type\":\"ListItem\",\"position\":1,\"name\":\"Portada\",\"item\":\"https:\/\/mallorcaglobalmag.es\/en\/\"},{\"@type\":\"ListItem\",\"position\":2,\"name\":\"Binissalem celebra la Festa des Vermar 2026 del 5 al 27 de septiembre\"}]},{\"@type\":\"WebSite\",\"@id\":\"https:\/\/mallorcaglobalmag.es\/#website\",\"url\":\"https:\/\/mallorcaglobalmag.es\/\",\"name\":\"Mallorca Global Mag\",\"description\":\"Revista de informaci\u00f3n general de Mallorca\",\"potentialAction\":[{\"@type\":\"SearchAction\",\"target\":{\"@type\":\"EntryPoint\",\"urlTemplate\":\"https:\/\/mallorcaglobalmag.es\/?s={search_term_string}\"},\"query-input\":{\"@type\":\"PropertyValueSpecification\",\"valueRequired\":true,\"valueName\":\"search_term_string\"}}],\"inLanguage\":\"en-US\"},{\"@type\":\"Person\",\"@id\":\"https:\/\/mallorcaglobalmag.es\/#\/schema\/person\/9a3cf523d44bd4905a14be13db051907\",\"name\":\"Redacci\u00f3n\",\"image\":{\"@type\":\"ImageObject\",\"inLanguage\":\"en-US\",\"@id\":\"https:\/\/mallorcaglobalmag.es\/#\/schema\/person\/image\/\",\"url\":\"https:\/\/secure.gravatar.com\/avatar\/54a4bcd1a68eccdda3505d7ee5d6ebb8e5dd78095a07d388940305fac2e49572?s=96&d=mm&r=g\",\"contentUrl\":\"https:\/\/secure.gravatar.com\/avatar\/54a4bcd1a68eccdda3505d7ee5d6ebb8e5dd78095a07d388940305fac2e49572?s=96&d=mm&r=g\",\"caption\":\"Redacci\u00f3n\"},\"url\":\"https:\/\/mallorcaglobalmag.es\/en\/author\/elena\/\"}]}<\/script>\n<!-- \/ Yoast SEO plugin. -->","yoast_head_json":{"title":"Festa des Vermar 2026 de Binissalem: programa completo - Mallorca Global Mag","description":"Del 5 al 27 de septiembre, la Festa des Vermar 2026 de Binissalem celebra su LX edici\u00f3n con conciertos, verbenas y tradici\u00f3n.","robots":{"index":"index","follow":"follow","max-snippet":"max-snippet:-1","max-image-preview":"max-image-preview:large","max-video-preview":"max-video-preview:-1"},"canonical":"https:\/\/mallorcaglobalmag.es\/en\/festa-des-vermar-2026-binissalem\/","og_locale":"en_US","og_type":"article","og_title":"Festa des Vermar 2026 de Binissalem: programa completo - Mallorca Global Mag","og_description":"Del 5 al 27 de septiembre, la Festa des Vermar 2026 de Binissalem celebra su LX edici\u00f3n con conciertos, verbenas y tradici\u00f3n.","og_url":"https:\/\/mallorcaglobalmag.es\/en\/festa-des-vermar-2026-binissalem\/","og_site_name":"Mallorca Global Mag","article_published_time":"2026-09-03T09:48:44+00:00","article_modified_time":"2026-09-03T10:07:04+00:00","og_image":[{"width":1000,"height":1000,"url":"https:\/\/mallorcaglobalmag.es\/wp-content\/uploads\/2026\/09\/Festa-desl-Vermar-de-Binissalem-e1788427740483.webp","type":"image\/webp"}],"author":"Redacci\u00f3n","twitter_card":"summary_large_image","twitter_misc":{"Written by":"Redacci\u00f3n","Est. reading time":"9 minutes"},"schema":{"@context":"https:\/\/schema.org","@graph":[{"@type":"WebPage","@id":"https:\/\/mallorcaglobalmag.es\/en\/festa-des-vermar-2026-binissalem\/","url":"https:\/\/mallorcaglobalmag.es\/en\/festa-des-vermar-2026-binissalem\/","name":"Festa des Vermar 2026 de Binissalem: programa completo - Mallorca Global Mag","isPartOf":{"@id":"https:\/\/mallorcaglobalmag.es\/#website"},"primaryImageOfPage":{"@id":"https:\/\/mallorcaglobalmag.es\/en\/festa-des-vermar-2026-binissalem\/#primaryimage"},"image":{"@id":"https:\/\/mallorcaglobalmag.es\/en\/festa-des-vermar-2026-binissalem\/#primaryimage"},"thumbnailUrl":"https:\/\/mallorcaglobalmag.es\/wp-content\/uploads\/2026\/09\/Festa-desl-Vermar-de-Binissalem-e1788427740483.webp","datePublished":"2026-09-03T09:48:44+00:00","dateModified":"2026-09-03T10:07:04+00:00","author":{"@id":"https:\/\/mallorcaglobalmag.es\/#\/schema\/person\/9a3cf523d44bd4905a14be13db051907"},"description":"Del 5 al 27 de septiembre, la Festa des Vermar 2026 de Binissalem celebra su LX edici\u00f3n con conciertos, verbenas y tradici\u00f3n.","breadcrumb":{"@id":"https:\/\/mallorcaglobalmag.es\/en\/festa-des-vermar-2026-binissalem\/#breadcrumb"},"inLanguage":"en-US","potentialAction":[{"@type":"ReadAction","target":["https:\/\/mallorcaglobalmag.es\/en\/festa-des-vermar-2026-binissalem\/"]}]},{"@type":"ImageObject","inLanguage":"en-US","@id":"https:\/\/mallorcaglobalmag.es\/en\/festa-des-vermar-2026-binissalem\/#primaryimage","url":"https:\/\/mallorcaglobalmag.es\/wp-content\/uploads\/2026\/09\/Festa-desl-Vermar-de-Binissalem-e1788427740483.webp","contentUrl":"https:\/\/mallorcaglobalmag.es\/wp-content\/uploads\/2026\/09\/Festa-desl-Vermar-de-Binissalem-e1788427740483.webp","width":1000,"height":1000,"caption":"Foto: Ajuntament de Binissalem."},{"@type":"BreadcrumbList","@id":"https:\/\/mallorcaglobalmag.es\/en\/festa-des-vermar-2026-binissalem\/#breadcrumb","itemListElement":[{"@type":"ListItem","position":1,"name":"Portada","item":"https:\/\/mallorcaglobalmag.es\/en\/"},{"@type":"ListItem","position":2,"name":"Binissalem celebra la Festa des Vermar 2026 del 5 al 27 de septiembre"}]},{"@type":"WebSite","@id":"https:\/\/mallorcaglobalmag.es\/#website","url":"https:\/\/mallorcaglobalmag.es\/","name":"Mallorca Global Mag","description":"Revista de informaci\u00f3n general de Mallorca","potentialAction":[{"@type":"SearchAction","target":{"@type":"EntryPoint","urlTemplate":"https:\/\/mallorcaglobalmag.es\/?s={search_term_string}"},"query-input":{"@type":"PropertyValueSpecification","valueRequired":true,"valueName":"search_term_string"}}],"inLanguage":"en-US"},{"@type":"Person","@id":"https:\/\/mallorcaglobalmag.es\/#\/schema\/person\/9a3cf523d44bd4905a14be13db051907","name":"Redacci\u00f3n","image":{"@type":"ImageObject","inLanguage":"en-US","@id":"https:\/\/mallorcaglobalmag.es\/#\/schema\/person\/image\/","url":"https:\/\/secure.gravatar.com\/avatar\/54a4bcd1a68eccdda3505d7ee5d6ebb8e5dd78095a07d388940305fac2e49572?s=96&d=mm&r=g","contentUrl":"https:\/\/secure.gravatar.com\/avatar\/54a4bcd1a68eccdda3505d7ee5d6ebb8e5dd78095a07d388940305fac2e49572?s=96&d=mm&r=g","caption":"Redacci\u00f3n"},"url":"https:\/\/mallorcaglobalmag.es\/en\/author\/elena\/"}]}},"_links":{"self":[{"href":"https:\/\/mallorcaglobalmag.es\/en\/wp-json\/wp\/v2\/posts\/157704","targetHints":{"allow":["GET"]}}],"collection":[{"href":"https:\/\/mallorcaglobalmag.es\/en\/wp-json\/wp\/v2\/posts"}],"about":[{"href":"https:\/\/mallorcaglobalmag.es\/en\/wp-json\/wp\/v2\/types\/post"}],"author":[{"embeddable":true,"href":"https:\/\/mallorcaglobalmag.es\/en\/wp-json\/wp\/v2\/users\/4"}],"replies":[{"embeddable":true,"href":"https:\/\/mallorcaglobalmag.es\/en\/wp-json\/wp\/v2\/comments?post=157704"}],"version-history":[{"count":3,"href":"https:\/\/mallorcaglobalmag.es\/en\/wp-json\/wp\/v2\/posts\/157704\/revisions"}],"predecessor-version":[{"id":157718,"href":"https:\/\/mallorcaglobalmag.es\/en\/wp-json\/wp\/v2\/posts\/157704\/revisions\/157718"}],"wp:featuredmedia":[{"embeddable":true,"href":"https:\/\/mallorcaglobalmag.es\/en\/wp-json\/wp\/v2\/media\/157699"}],"wp:attachment":[{"href":"https:\/\/mallorcaglobalmag.es\/en\/wp-json\/wp\/v2\/media?parent=157704"}],"wp:term":[{"taxonomy":"category","embeddable":true,"href":"https:\/\/mallorcaglobalmag.es\/en\/wp-json\/wp\/v2\/categories?post=157704"},{"taxonomy":"post_tag","embeddable":true,"href":"https:\/\/mallorcaglobalmag.es\/en\/wp-json\/wp\/v2\/tags?post=157704"}],"curies":[{"name":"wp","href":"https:\/\/api.w.org\/{rel}","templated":true}]}}