{"id":157623,"date":"2026-09-01T10:29:52","date_gmt":"2026-09-01T08:29:52","guid":{"rendered":"https:\/\/mallorcaglobalmag.es\/diada-de-mallorca-2026\/"},"modified":"2026-09-01T10:36:56","modified_gmt":"2026-09-01T08:36:56","slug":"diada-de-mallorca-2026","status":"publish","type":"post","link":"https:\/\/mallorcaglobalmag.es\/en\/diada-de-mallorca-2026\/","title":{"rendered":"Diada de Mallorca 2026 commemorates 100 years of &#8220;La Balanguera&#8221;"},"content":{"rendered":"<p><img decoding=\"async\" class=\"aligncenter wp-image-157618 size-full\" src=\"https:\/\/mallorcaglobalmag.es\/wp-content\/uploads\/2026\/09\/Diada-de-Mallorca-2026-e1788251090427.webp\" alt=\"Diada de Mallorca 2026\" width=\"596\" height=\"247\" \/><\/p>\n<p>The <strong data-start=\"3\" data-end=\"29\">Diada de Mallorca 2026 (Mallorca Day 2026)<\/strong> will be celebrated this year with a programme of activities taking place <strong data-start=\"94\" data-end=\"123\">from 6 to 13 September<\/strong> at various venues in Palma and across the rest of the island. The main date of the commemoration is <strong data-start=\"199\" data-end=\"219\">12 September<\/strong>, marking the anniversary of <strong>King Jaume II&#8217;s oath of the <em data-start=\"259\" data-end=\"293\">Carta de Privilegis i Franqueses<\/em> (Charter of Privileges and Franchises) in 1276<\/strong>, a key event in Mallorca&#8217;s history.<\/p>\n<p class=\"PDq2pG_selectionAnchorContainer\" data-start=\"527\" data-end=\"903\">One of the main features of this year&#8217;s celebrations is <strong data-start=\"608\" data-end=\"627\">&#8220;La Balanguera&#8221;<\/strong>, marking <strong>100 years since it was officially adopted as Mallorca&#8217;s anthem<\/strong>. The anniversary features prominently in the Diada programme, which includes an exhibition dedicated to the origins of the anthem, as well as activities related to the island&#8217;s history and identity.<\/p>\n<p data-start=\"527\" data-end=\"903\"><img decoding=\"async\" class=\"size-full wp-image-104831 aligncenter\" src=\"https:\/\/mallorcaglobalmag.es\/wp-content\/uploads\/20191128_Diada-Palau.webp\" alt=\"Diada de Mallorca\" width=\"780\" height=\"520\" srcset=\"https:\/\/mallorcaglobalmag.es\/wp-content\/uploads\/20191128_Diada-Palau-300x200.webp 300w, https:\/\/mallorcaglobalmag.es\/wp-content\/uploads\/20191128_Diada-Palau-768x512.webp 768w, https:\/\/mallorcaglobalmag.es\/wp-content\/uploads\/20191128_Diada-Palau.webp 780w\" sizes=\"(max-width: 780px) 100vw, 780px\" \/><\/p>\n<p data-start=\"905\" data-end=\"1157\">Activities include the premiere of the <strong>documentary &#8220;Un regne dins la mar&#8221; (&#8220;A Kingdom within the Sea&#8221;)<\/strong>, the traditional <strong>Fira d&#8217;Artesania (Craft Fair)<\/strong>, the <strong>Pujada a Lluc a Peu de la Part Forana (Part Forana Walk to Lluc)<\/strong> (more information at <a href=\"https:\/\/mallorcaglobalmag.es\/en\/pujada-lluc-peu-part-forana-2026\/\" target=\"_blank\" rel=\"noopener\"><strong>this link<\/strong><\/a>), the <strong>Premis Honors i Distincions (Honours and Distinctions Awards)<\/strong> and a <strong>re-enactment of the proclamation of Jaume II<\/strong>.<\/p>\n<h2>Diada de Mallorca 2026 programme<\/h2>\n<h3>Sunday 6 September<\/h3>\n<ul>\n<li><strong>10:00 to 13:00 \u2013 Diada esportiva (Sports Day).<\/strong><br \/>\nPoliesportiu Sant Ferran (Sant Ferran Sports Centre), Palma.<\/li>\n<\/ul>\n<h3>Wednesday 9 September<\/h3>\n<ul>\n<li><strong>19:30 \u2013 Premiere of the documentary &#8220;Un regne dins la mar&#8221;.<\/strong><br \/>\nCastell de Sant Carles (Sant Carles Castle), Palma.<\/li>\n<\/ul>\n<h3>Friday 11 September<\/h3>\n<ul>\n<li><strong>Fira d&#8217;Artesania.<\/strong><br \/>\nCentre Cultural la Miseric\u00f2rdia (La Miseric\u00f2rdia Cultural Centre), Palma.<\/li>\n<li><strong>11:00 \u2013 Exhibition &#8220;La Balanguera: Or\u00edgens d&#8217;un himne&#8221; (&#8220;La Balanguera: Origins of an Anthem&#8221;).<\/strong><br \/>\nPalau del Consell (Consell Palace), Palma.<\/li>\n<\/ul>\n<h3>Saturday 12 September<\/h3>\n<ul>\n<li><strong>Fira d&#8217;Artesania.<\/strong><br \/>\nCentre Cultural la Miseric\u00f2rdia, Palma.<\/li>\n<li><strong>19:00 \u2013 Premis Honors i Distincions del Consell de Mallorca.<\/strong><br \/>\nTeatre Principal de Palma, Palma.<\/li>\n<\/ul>\n<h3>Sunday 13 September<\/h3>\n<ul>\n<li><strong>04:00 \u2013 Pujada a Lluc a Peu de la Part Forana.<\/strong><br \/>\nPla\u00e7a des Bestiar (Pla\u00e7a des Bestiar Square), Inca.<\/li>\n<li><strong>Fira d&#8217;Artesania.<\/strong><br \/>\nCentre Cultural la Miseric\u00f2rdia, Palma.<\/li>\n<li><strong>10:30 \u2013 Re-enactment of the proclamation of Jaume II.<\/strong><br \/>\nEsgl\u00e9sia de Santa Eul\u00e0lia (Church of Santa Eul\u00e0lia), Palma.<\/li>\n<li><strong>19:00 \u2013 Theatrical guided tours.<\/strong><br \/>\nPalau del Consell, Palma.<\/li>\n<\/ul>\n<div class=\"qMYqUG_convSearchResultHighlightRoot\">\n<div class=\"\" data-turn-id-container=\"request-6a4f80d3-f990-83ed-9c1e-a2bf75419472-7\" data-is-intersecting=\"true\">\n<section class=\"text-token-text-primary w-full focus:outline-none has-data-writing-block:pointer-events-none [&amp;:has([data-writing-block])&gt;*]:pointer-events-auto R6Vx5W_threadScrollVars scroll-mb-[calc(var(--scroll-root-safe-area-inset-bottom,0px)+var(--thread-response-height))] scroll-mt-[calc(var(--header-height)+min(200px,max(70px,20svh)))]\" dir=\"auto\" data-turn-id=\"request-6a4f80d3-f990-83ed-9c1e-a2bf75419472-7\" data-turn-id-container=\"request-6a4f80d3-f990-83ed-9c1e-a2bf75419472-7\" data-testid=\"conversation-turn-26\" data-turn=\"assistant\">\n<div class=\"text-base my-auto mx-auto pb-8 [--thread-content-margin:var(--thread-content-margin-xs,calc(var(--spacing)*4))] @w-sm\/main:[--thread-content-margin:var(--thread-content-margin-sm,calc(var(--spacing)*6))] @w-lg\/main:[--thread-content-margin:var(--thread-content-margin-lg,calc(var(--spacing)*16))] px-(--thread-content-margin)\">\n<div class=\"[--thread-content-max-width:40rem] @w-lg\/main:[--thread-content-max-width:48rem] mx-auto max-w-(--thread-content-max-width) flex-1 group\/turn-messages focus-visible:outline-hidden relative flex w-full min-w-0 flex-col agent-turn\" data-conversation-screenshot-content=\"\">\n<div class=\"flex max-w-full flex-col gap-4 grow\">\n<div class=\"min-h-8 text-message relative flex w-full flex-col items-end gap-2 text-start break-words whitespace-normal outline-none keyboard-focused:focus-ring [.text-message+&amp;]:mt-1\" dir=\"auto\" tabindex=\"0\" data-message-author-role=\"assistant\" data-message-id=\"c399070a-5ef3-4dc9-b08b-cdef852e67fd\" data-message-model-slug=\"gpt-5-6\" data-turn-start-message=\"true\">\n<div class=\"flex w-full flex-col gap-1 empty:hidden\">\n<div class=\"fbskMG_root markdown prose dark:prose-invert wrap-break-word w-full light markdown-new-styling\">\n<h2 class=\"PDq2pG_selectionAnchorContainer\" data-section-id=\"ci2tf1\" data-start=\"0\" data-end=\"65\">Recipients of the Honors i Distincions de Mallorca 2026<\/h2>\n<p data-start=\"67\" data-end=\"392\">One of the main events of the Diada will be the presentation of the <strong data-start=\"129\" data-end=\"177\">Honors i Distincions del Consell de Mallorca.<\/strong> These awards recognise the achievements and work of individuals and organisations for the benefit of the island and its people. The ceremony will take place on <strong>Saturday 12 September at 19:00 at the Teatre Principal de Palma<\/strong>.<\/p>\n<p data-start=\"394\" data-end=\"617\">This year, <strong data-start=\"419\" data-end=\"474\">Rels B and Concha Buika<\/strong> will respectively be named Mallorca&#8217;s <strong>Fill Predilecte i Filla Predilecta (Favourite Son and Favourite Daughter)<\/strong>, while actor <strong data-start=\"498\" data-end=\"517\">Michael Douglas<\/strong> will receive the title of <strong>Fill Adoptiu (Adopted Son)<\/strong> in recognition of his connection with the island for almost four decades.<\/p>\n<p data-start=\"619\" data-end=\"849\">The <strong data-start=\"623\" data-end=\"642\">Premis Jaume II (Jaume II Awards)<\/strong> will recognise <strong>Encesa pels Drets Humans, Isabel Calero, Bar Bosch, Gremi de Margers de Mallorca, Museu Etnogr\u00e1fico Campos, ASNIMO, Colegio Madre Alberta, Regimiento de Infanter\u00eda Palma 47<\/strong> and <strong>Joan Mas i Vives<\/strong>.<\/p>\n<p data-start=\"851\" data-end=\"1204\" data-is-last-node=\"\" data-is-only-node=\"\">In addition, the <strong>Medalles d\u2019Honor i Gratitud (Medals of Honour and Gratitude)<\/strong> will be awarded to <strong>Ant\u00f2nia Rossell\u00f3, Fundaci\u00f3 La Sapi\u00e8ncia, Tom\u00e0s Mart\u00ednez, Antoni Vidal Ferrando, Toni Ballador, Hipercentro, Can Company, Grup d\u2019Empreses Roig, Pere Sampol, Ant\u00f2nia Matamalas, Cucorba, Miguel Jos\u00e9 Dey\u00e0 Bauz\u00e0, Montserrat Pons i Boscana, Federaci\u00f3 Balear de Tir de Fona<\/strong> and <strong>Tomeu Penya<\/strong>.<\/p>\n<\/div>\n<\/div>\n<\/div>\n<\/div>\n<\/div>\n<\/div>\n<\/section>\n<\/div>\n<\/div>\n<h2 class=\"PDq2pG_selectionAnchorContainer\" data-section-id=\"rhd4ty\" data-start=\"0\" data-end=\"62\">Why is Diada de Mallorca celebrated on 12 September?<\/h2>\n<p data-start=\"64\" data-end=\"359\">The <strong data-start=\"67\" data-end=\"88\">Diada de Mallorca<\/strong> commemorates <strong>12 September 1276<\/strong>, when <strong>King Jaume II<\/strong> swore the <strong><em data-start=\"168\" data-end=\"202\">Carta de Privilegis i Franqueses<\/em><\/strong> at the Esgl\u00e9sia de Santa Eul\u00e0lia. This event marked the <strong>birth of the Kingdom of Mallorca<\/strong> and ushered in a new political and institutional era for the island.<\/p>\n<p data-start=\"361\" data-end=\"728\" data-is-last-node=\"\" data-is-only-node=\"\">During Jaume II&#8217;s reign, there were <strong>significant advances in the rights and freedoms of the people of Mallorca.<\/strong> The <strong>kingdom&#8217;s own institutional structures were also consolidated<\/strong>. These included the organisation of the administration, the municipal system, urban and rural planning, markets, water supply, and the creation of its own monetary and taxation systems.<\/p>\n","protected":false},"excerpt":{"rendered":"<p>The Diada de Mallorca 2026 (Mallorca Day 2026) will be <a href=\"https:\/\/mallorcaglobalmag.es\/en\/diada-de-mallorca-2026\/\"> [&#8230;]<\/a><\/p>\n","protected":false},"author":4,"featured_media":104832,"comment_status":"open","ping_status":"open","sticky":false,"template":"","format":"standard","meta":{"footnotes":""},"categories":[1514,1511],"tags":[],"class_list":["post-157623","post","type-post","status-publish","format-standard","has-post-thumbnail","hentry","category-culture","category-sports"],"yoast_head":"<!-- This site is optimized with the Yoast SEO plugin v25.2 - https:\/\/yoast.com\/wordpress\/plugins\/seo\/ -->\n<title>Diada de Mallorca 2026: programme from 6 to 13 September - Mallorca Global Mag<\/title>\n<meta name=\"description\" content=\"Discover all the events of Diada de Mallorca 2026, marking 100 years of &quot;La Balanguera&quot; and the presentation of the Honors i Distincions.\" \/>\n<meta name=\"robots\" content=\"index, follow, max-snippet:-1, max-image-preview:large, max-video-preview:-1\" \/>\n<link rel=\"canonical\" href=\"https:\/\/mallorcaglobalmag.es\/en\/diada-de-mallorca-2026\/\" \/>\n<meta property=\"og:locale\" content=\"en_US\" \/>\n<meta property=\"og:type\" content=\"article\" \/>\n<meta property=\"og:title\" content=\"Diada de Mallorca 2026: programme from 6 to 13 September - Mallorca Global Mag\" \/>\n<meta property=\"og:description\" content=\"Discover all the events of Diada de Mallorca 2026, marking 100 years of &quot;La Balanguera&quot; and the presentation of the Honors i Distincions.\" \/>\n<meta property=\"og:url\" content=\"https:\/\/mallorcaglobalmag.es\/en\/diada-de-mallorca-2026\/\" \/>\n<meta property=\"og:site_name\" content=\"Mallorca Global Mag\" \/>\n<meta property=\"article:published_time\" content=\"2026-09-01T08:29:52+00:00\" \/>\n<meta property=\"article:modified_time\" content=\"2026-09-01T08:36:56+00:00\" \/>\n<meta property=\"og:image\" content=\"https:\/\/mallorcaglobalmag.es\/wp-content\/uploads\/20191128_Diada-Palau.webp\" \/>\n\t<meta property=\"og:image:width\" content=\"780\" \/>\n\t<meta property=\"og:image:height\" content=\"520\" \/>\n\t<meta property=\"og:image:type\" content=\"image\/webp\" \/>\n<meta name=\"author\" content=\"Redacci\u00f3n\" \/>\n<meta name=\"twitter:card\" content=\"summary_large_image\" \/>\n<meta name=\"twitter:label1\" content=\"Written by\" \/>\n\t<meta name=\"twitter:data1\" content=\"Redacci\u00f3n\" \/>\n\t<meta name=\"twitter:label2\" content=\"Est. reading time\" \/>\n\t<meta name=\"twitter:data2\" content=\"4 minutes\" \/>\n<script type=\"application\/ld+json\" class=\"yoast-schema-graph\">{\"@context\":\"https:\/\/schema.org\",\"@graph\":[{\"@type\":\"WebPage\",\"@id\":\"https:\/\/mallorcaglobalmag.es\/en\/diada-de-mallorca-2026\/\",\"url\":\"https:\/\/mallorcaglobalmag.es\/en\/diada-de-mallorca-2026\/\",\"name\":\"Diada de Mallorca 2026: programme from 6 to 13 September - Mallorca Global Mag\",\"isPartOf\":{\"@id\":\"https:\/\/mallorcaglobalmag.es\/#website\"},\"primaryImageOfPage\":{\"@id\":\"https:\/\/mallorcaglobalmag.es\/en\/diada-de-mallorca-2026\/#primaryimage\"},\"image\":{\"@id\":\"https:\/\/mallorcaglobalmag.es\/en\/diada-de-mallorca-2026\/#primaryimage\"},\"thumbnailUrl\":\"https:\/\/mallorcaglobalmag.es\/wp-content\/uploads\/20191128_Diada-Palau.webp\",\"datePublished\":\"2026-09-01T08:29:52+00:00\",\"dateModified\":\"2026-09-01T08:36:56+00:00\",\"author\":{\"@id\":\"https:\/\/mallorcaglobalmag.es\/#\/schema\/person\/9a3cf523d44bd4905a14be13db051907\"},\"description\":\"Discover all the events of Diada de Mallorca 2026, marking 100 years of \\\"La Balanguera\\\" and the presentation of the Honors i Distincions.\",\"breadcrumb\":{\"@id\":\"https:\/\/mallorcaglobalmag.es\/en\/diada-de-mallorca-2026\/#breadcrumb\"},\"inLanguage\":\"en-US\",\"potentialAction\":[{\"@type\":\"ReadAction\",\"target\":[\"https:\/\/mallorcaglobalmag.es\/en\/diada-de-mallorca-2026\/\"]}]},{\"@type\":\"ImageObject\",\"inLanguage\":\"en-US\",\"@id\":\"https:\/\/mallorcaglobalmag.es\/en\/diada-de-mallorca-2026\/#primaryimage\",\"url\":\"https:\/\/mallorcaglobalmag.es\/wp-content\/uploads\/20191128_Diada-Palau.webp\",\"contentUrl\":\"https:\/\/mallorcaglobalmag.es\/wp-content\/uploads\/20191128_Diada-Palau.webp\",\"width\":780,\"height\":520,\"caption\":\"La Diada de Mallorca se traslada al 12 de septiembre\"},{\"@type\":\"BreadcrumbList\",\"@id\":\"https:\/\/mallorcaglobalmag.es\/en\/diada-de-mallorca-2026\/#breadcrumb\",\"itemListElement\":[{\"@type\":\"ListItem\",\"position\":1,\"name\":\"Portada\",\"item\":\"https:\/\/mallorcaglobalmag.es\/en\/\"},{\"@type\":\"ListItem\",\"position\":2,\"name\":\"Diada de Mallorca 2026 commemorates 100 years of &#8220;La Balanguera&#8221;\"}]},{\"@type\":\"WebSite\",\"@id\":\"https:\/\/mallorcaglobalmag.es\/#website\",\"url\":\"https:\/\/mallorcaglobalmag.es\/\",\"name\":\"Mallorca Global Mag\",\"description\":\"Revista de informaci\u00f3n general de Mallorca\",\"potentialAction\":[{\"@type\":\"SearchAction\",\"target\":{\"@type\":\"EntryPoint\",\"urlTemplate\":\"https:\/\/mallorcaglobalmag.es\/?s={search_term_string}\"},\"query-input\":{\"@type\":\"PropertyValueSpecification\",\"valueRequired\":true,\"valueName\":\"search_term_string\"}}],\"inLanguage\":\"en-US\"},{\"@type\":\"Person\",\"@id\":\"https:\/\/mallorcaglobalmag.es\/#\/schema\/person\/9a3cf523d44bd4905a14be13db051907\",\"name\":\"Redacci\u00f3n\",\"image\":{\"@type\":\"ImageObject\",\"inLanguage\":\"en-US\",\"@id\":\"https:\/\/mallorcaglobalmag.es\/#\/schema\/person\/image\/\",\"url\":\"https:\/\/secure.gravatar.com\/avatar\/54a4bcd1a68eccdda3505d7ee5d6ebb8e5dd78095a07d388940305fac2e49572?s=96&d=mm&r=g\",\"contentUrl\":\"https:\/\/secure.gravatar.com\/avatar\/54a4bcd1a68eccdda3505d7ee5d6ebb8e5dd78095a07d388940305fac2e49572?s=96&d=mm&r=g\",\"caption\":\"Redacci\u00f3n\"},\"url\":\"https:\/\/mallorcaglobalmag.es\/en\/author\/elena\/\"}]}<\/script>\n<!-- \/ Yoast SEO plugin. -->","yoast_head_json":{"title":"Diada de Mallorca 2026: programme from 6 to 13 September - Mallorca Global Mag","description":"Discover all the events of Diada de Mallorca 2026, marking 100 years of \"La Balanguera\" and the presentation of the Honors i Distincions.","robots":{"index":"index","follow":"follow","max-snippet":"max-snippet:-1","max-image-preview":"max-image-preview:large","max-video-preview":"max-video-preview:-1"},"canonical":"https:\/\/mallorcaglobalmag.es\/en\/diada-de-mallorca-2026\/","og_locale":"en_US","og_type":"article","og_title":"Diada de Mallorca 2026: programme from 6 to 13 September - Mallorca Global Mag","og_description":"Discover all the events of Diada de Mallorca 2026, marking 100 years of \"La Balanguera\" and the presentation of the Honors i Distincions.","og_url":"https:\/\/mallorcaglobalmag.es\/en\/diada-de-mallorca-2026\/","og_site_name":"Mallorca Global Mag","article_published_time":"2026-09-01T08:29:52+00:00","article_modified_time":"2026-09-01T08:36:56+00:00","og_image":[{"width":780,"height":520,"url":"https:\/\/mallorcaglobalmag.es\/wp-content\/uploads\/20191128_Diada-Palau.webp","type":"image\/webp"}],"author":"Redacci\u00f3n","twitter_card":"summary_large_image","twitter_misc":{"Written by":"Redacci\u00f3n","Est. reading time":"4 minutes"},"schema":{"@context":"https:\/\/schema.org","@graph":[{"@type":"WebPage","@id":"https:\/\/mallorcaglobalmag.es\/en\/diada-de-mallorca-2026\/","url":"https:\/\/mallorcaglobalmag.es\/en\/diada-de-mallorca-2026\/","name":"Diada de Mallorca 2026: programme from 6 to 13 September - Mallorca Global Mag","isPartOf":{"@id":"https:\/\/mallorcaglobalmag.es\/#website"},"primaryImageOfPage":{"@id":"https:\/\/mallorcaglobalmag.es\/en\/diada-de-mallorca-2026\/#primaryimage"},"image":{"@id":"https:\/\/mallorcaglobalmag.es\/en\/diada-de-mallorca-2026\/#primaryimage"},"thumbnailUrl":"https:\/\/mallorcaglobalmag.es\/wp-content\/uploads\/20191128_Diada-Palau.webp","datePublished":"2026-09-01T08:29:52+00:00","dateModified":"2026-09-01T08:36:56+00:00","author":{"@id":"https:\/\/mallorcaglobalmag.es\/#\/schema\/person\/9a3cf523d44bd4905a14be13db051907"},"description":"Discover all the events of Diada de Mallorca 2026, marking 100 years of \"La Balanguera\" and the presentation of the Honors i Distincions.","breadcrumb":{"@id":"https:\/\/mallorcaglobalmag.es\/en\/diada-de-mallorca-2026\/#breadcrumb"},"inLanguage":"en-US","potentialAction":[{"@type":"ReadAction","target":["https:\/\/mallorcaglobalmag.es\/en\/diada-de-mallorca-2026\/"]}]},{"@type":"ImageObject","inLanguage":"en-US","@id":"https:\/\/mallorcaglobalmag.es\/en\/diada-de-mallorca-2026\/#primaryimage","url":"https:\/\/mallorcaglobalmag.es\/wp-content\/uploads\/20191128_Diada-Palau.webp","contentUrl":"https:\/\/mallorcaglobalmag.es\/wp-content\/uploads\/20191128_Diada-Palau.webp","width":780,"height":520,"caption":"La Diada de Mallorca se traslada al 12 de septiembre"},{"@type":"BreadcrumbList","@id":"https:\/\/mallorcaglobalmag.es\/en\/diada-de-mallorca-2026\/#breadcrumb","itemListElement":[{"@type":"ListItem","position":1,"name":"Portada","item":"https:\/\/mallorcaglobalmag.es\/en\/"},{"@type":"ListItem","position":2,"name":"Diada de Mallorca 2026 commemorates 100 years of &#8220;La Balanguera&#8221;"}]},{"@type":"WebSite","@id":"https:\/\/mallorcaglobalmag.es\/#website","url":"https:\/\/mallorcaglobalmag.es\/","name":"Mallorca Global Mag","description":"Revista de informaci\u00f3n general de Mallorca","potentialAction":[{"@type":"SearchAction","target":{"@type":"EntryPoint","urlTemplate":"https:\/\/mallorcaglobalmag.es\/?s={search_term_string}"},"query-input":{"@type":"PropertyValueSpecification","valueRequired":true,"valueName":"search_term_string"}}],"inLanguage":"en-US"},{"@type":"Person","@id":"https:\/\/mallorcaglobalmag.es\/#\/schema\/person\/9a3cf523d44bd4905a14be13db051907","name":"Redacci\u00f3n","image":{"@type":"ImageObject","inLanguage":"en-US","@id":"https:\/\/mallorcaglobalmag.es\/#\/schema\/person\/image\/","url":"https:\/\/secure.gravatar.com\/avatar\/54a4bcd1a68eccdda3505d7ee5d6ebb8e5dd78095a07d388940305fac2e49572?s=96&d=mm&r=g","contentUrl":"https:\/\/secure.gravatar.com\/avatar\/54a4bcd1a68eccdda3505d7ee5d6ebb8e5dd78095a07d388940305fac2e49572?s=96&d=mm&r=g","caption":"Redacci\u00f3n"},"url":"https:\/\/mallorcaglobalmag.es\/en\/author\/elena\/"}]}},"_links":{"self":[{"href":"https:\/\/mallorcaglobalmag.es\/en\/wp-json\/wp\/v2\/posts\/157623","targetHints":{"allow":["GET"]}}],"collection":[{"href":"https:\/\/mallorcaglobalmag.es\/en\/wp-json\/wp\/v2\/posts"}],"about":[{"href":"https:\/\/mallorcaglobalmag.es\/en\/wp-json\/wp\/v2\/types\/post"}],"author":[{"embeddable":true,"href":"https:\/\/mallorcaglobalmag.es\/en\/wp-json\/wp\/v2\/users\/4"}],"replies":[{"embeddable":true,"href":"https:\/\/mallorcaglobalmag.es\/en\/wp-json\/wp\/v2\/comments?post=157623"}],"version-history":[{"count":2,"href":"https:\/\/mallorcaglobalmag.es\/en\/wp-json\/wp\/v2\/posts\/157623\/revisions"}],"predecessor-version":[{"id":157625,"href":"https:\/\/mallorcaglobalmag.es\/en\/wp-json\/wp\/v2\/posts\/157623\/revisions\/157625"}],"wp:featuredmedia":[{"embeddable":true,"href":"https:\/\/mallorcaglobalmag.es\/en\/wp-json\/wp\/v2\/media\/104832"}],"wp:attachment":[{"href":"https:\/\/mallorcaglobalmag.es\/en\/wp-json\/wp\/v2\/media?parent=157623"}],"wp:term":[{"taxonomy":"category","embeddable":true,"href":"https:\/\/mallorcaglobalmag.es\/en\/wp-json\/wp\/v2\/categories?post=157623"},{"taxonomy":"post_tag","embeddable":true,"href":"https:\/\/mallorcaglobalmag.es\/en\/wp-json\/wp\/v2\/tags?post=157623"}],"curies":[{"name":"wp","href":"https:\/\/api.w.org\/{rel}","templated":true}]}}