{"id":157610,"date":"2026-08-31T14:23:28","date_gmt":"2026-08-31T12:23:28","guid":{"rendered":"https:\/\/mallorcaglobalmag.es\/pujada-lluc-peu-part-forana-2026\/"},"modified":"2026-08-31T15:03:59","modified_gmt":"2026-08-31T13:03:59","slug":"pujada-lluc-peu-part-forana-2026","status":"publish","type":"post","link":"https:\/\/mallorcaglobalmag.es\/en\/pujada-lluc-peu-part-forana-2026\/","title":{"rendered":"More than 5,000 people to take part in the Pujada a Lluc a Peu de la Part Forana 2026"},"content":{"rendered":"<p class=\"\" data-start=\"87\" data-end=\"406\"><strong>More than 5,000 people<\/strong> will take part in the <strong data-start=\"128\" data-end=\"174\">Pujada a Lluc a Peu de la Part Forana 2026 (Part Forana Walk to Lluc 2026)<\/strong>, which will be held <strong>overnight from Saturday 12 to Sunday 13 September<\/strong>. The traditional walk reaches its <strong>45th edition<\/strong> this year, with organised departures from <strong>numerous municipalities across Mallorca and the Santuari de Lluc as the destination<\/strong>.<\/p>\n<p data-start=\"87\" data-end=\"406\"><img decoding=\"async\" class=\"aligncenter wp-image-157606 size-full\" src=\"https:\/\/mallorcaglobalmag.es\/wp-content\/uploads\/2026\/08\/marcha-lluc-a-peu-2025-e1751016238218.webp\" alt=\"Pujada a Lluc a Peu de la Part Forana 2026\" width=\"880\" height=\"622\" \/><\/p>\n<p data-start=\"408\" data-end=\"788\">The <strong>Consell de Mallorca<\/strong> and representatives from <strong>45 municipalities<\/strong> have finalised coordination of the walk, particularly regarding safety, routes from each town and emergency plans. Each local council manages its own registrations and may set different departure times, meeting points and transport services for participants. Other municipalities, such as Manacor, have chosen to organise their Pujada a Lluc a Peu de la Part Forana 2026 independently.<\/p>\n<p data-start=\"408\" data-end=\"788\">The island&#8217;s Director for Strategic Projects and Institutional Relations, <strong>Maria Elena Jaume<\/strong>, described the Pujada as &#8220;<strong>a tradition that brings generations together and a true symbol of Mallorcan identity<\/strong>&#8221; and highlighted the Consell&#8217;s commitment to supporting the event each year.<\/p>\n<h3 class=\"PDq2pG_selectionAnchorContainer\" data-section-id=\"56jfge\" data-start=\"1182\" data-end=\"1249\">Pujada a Lluc a Peu de la Part Forana 2026 departure times by municipality<\/h3>\n<p data-start=\"1251\" data-end=\"1463\">Several local councils have already published their participation requirements, times, prices and services for the night of 12 to 13 September:<\/p>\n<p class=\"PDq2pG_selectionAnchorContainer\" data-start=\"717\" data-end=\"1152\"><strong data-start=\"717\" data-end=\"729\">Alc\u00fadia.<\/strong> Participation is free and there are 110 places, with priority given to registered residents. Registration is open until 4 September or until all places are filled. Departures will be at 02:30 from Port d&#8217;Alc\u00fadia, 03:00 from Alc\u00fadia and 04:00 from Inca. A return bus will leave Lluc after mass, at approximately 10:30.<\/p>\n<p data-start=\"717\" data-end=\"1152\"><strong data-start=\"0\" data-end=\"10\" data-is-only-node=\"\">B\u00fager.<\/strong> Departure will be at 03:30 from the Ajuntament. Registration is open until 13:00 on 1 September via WhatsApp on 689 30 87 22. The event T-shirt costs \u20ac3, while stocks last.<\/p>\n<p data-start=\"1154\" data-end=\"1451\"><strong data-start=\"1154\" data-end=\"1165\">Campos.<\/strong> Registration closes on 31 August. Participants will meet at 19:00 on 12 September in Pla\u00e7a Major. Prices range from \u20ac3 for the T-shirt to \u20ac10 for the option including a T-shirt and return bus transport.<\/p>\n<p data-start=\"1453\" data-end=\"1798\"><strong data-start=\"1453\" data-end=\"1462\">Inca.<\/strong> Registration will be open from 1 to 9 September, from 10:00 to 13:00, at the Ajuntament. Departure will be at 04:00 from Pla\u00e7a del Bestiar. Inca residents will receive a T-shirt, safety light and high-visibility vest while stocks last, as well as tickets for the regular transport service.<\/p>\n<p data-start=\"1453\" data-end=\"1798\"><strong data-start=\"0\" data-end=\"12\" data-is-only-node=\"\">Manacor.<\/strong> Registration is free and remains open until 8 September or until all places are filled. Those completing the entire route on foot will leave La Salle at 21:00 on 12 September. There will also be buses to Inca at 02:15 from Porto Cristo and at 03:00 from Manacor. The return journey from Lluc is scheduled for 09:00.<\/p>\n<p data-start=\"1453\" data-end=\"1798\"><strong data-start=\"0\" data-end=\"20\" data-is-only-node=\"\">Santa Margalida.<\/strong> The walk will depart from Pla\u00e7a de la Vila at 00:45. There will also be buses to Inca from Son Serra de Marina (02:45), Can Picafort (03:00) and Santa Margalida (03:15). The return journey from Lluc will be at 09:00. Registration costs \u20ac5, includes refreshments and is open until 8 September.<\/p>\n<p data-start=\"1453\" data-end=\"1798\"><strong data-start=\"96\" data-end=\"121\">Santa Maria del Cam\u00ed.<\/strong> The walk will depart at 00:00, although participants can also travel by bus to Inca, departing at 03:00. The return journey from Lluc is scheduled for 08:00. Registration must be completed in person and is open until 9 September at the Ajuntament&#8217;s Punt d&#8217;Informaci\u00f3. Bus places are limited and cost \u20ac5 for residents and \u20ac10 for non-residents.<\/p>\n<p data-start=\"1453\" data-end=\"1798\"><strong data-start=\"82\" data-end=\"98\">Ses Salines.<\/strong> Departure will be at 20:00 on 12 September from Pla\u00e7a de la Constituci\u00f3 in Col\u00f2nia de Sant Jordi and at 21:10 from Escoles Velles in Ses Salines. Registration is open until 7 September and costs \u20ac11 for adults and \u20ac6 for children under 12, including bus transport, the offering and a T-shirt. The return journey is scheduled after mass, at around 10:00.<\/p>\n<p data-start=\"1800\" data-end=\"2057\"><strong data-start=\"1800\" data-end=\"1810\">Sineu.<\/strong> Registration is open until 31 August at the Ajuntament offices. It costs \u20ac10 and includes <em data-start=\"1929\" data-end=\"1938\">berenar<\/em> (a snack), a T-shirt and return bus transport. No specific departure time has been published.<\/p>\n<p data-start=\"2059\" data-end=\"2421\"><strong data-start=\"2059\" data-end=\"2075\">Son Servera.<\/strong> Registration remains open until 4 September at the Virginia Torrecilla Sports Centre and costs \u20ac6, including a T-shirt and bus transport. The walk will depart from Pla\u00e7a de Sant Joan at 17:30. There will also be a bus to Inca at 02:45, with departure from there at 04:00.<\/p>\n","protected":false},"excerpt":{"rendered":"<p>More than 5,000 people will take part in the Pujada <a href=\"https:\/\/mallorcaglobalmag.es\/en\/pujada-lluc-peu-part-forana-2026\/\"> [&#8230;]<\/a><\/p>\n","protected":false},"author":4,"featured_media":157607,"comment_status":"open","ping_status":"open","sticky":false,"template":"","format":"standard","meta":{"footnotes":""},"categories":[1511],"tags":[],"class_list":["post-157610","post","type-post","status-publish","format-standard","has-post-thumbnail","hentry","category-sports"],"yoast_head":"<!-- This site is optimized with the Yoast SEO plugin v25.2 - https:\/\/yoast.com\/wordpress\/plugins\/seo\/ -->\n<title>Pujada a Lluc a Peu de la Part Forana 2026: times by municipality - Mallorca Global Mag<\/title>\n<meta name=\"description\" content=\"The 45th Pujada a Lluc a Peu de la Part Forana takes place overnight on 12-13 September, with departures from 45 Mallorca municipalities.\" \/>\n<meta name=\"robots\" content=\"index, follow, max-snippet:-1, max-image-preview:large, max-video-preview:-1\" \/>\n<link rel=\"canonical\" href=\"https:\/\/mallorcaglobalmag.es\/en\/pujada-lluc-peu-part-forana-2026\/\" \/>\n<meta property=\"og:locale\" content=\"en_US\" \/>\n<meta property=\"og:type\" content=\"article\" \/>\n<meta property=\"og:title\" content=\"Pujada a Lluc a Peu de la Part Forana 2026: times by municipality - Mallorca Global Mag\" \/>\n<meta property=\"og:description\" content=\"The 45th Pujada a Lluc a Peu de la Part Forana takes place overnight on 12-13 September, with departures from 45 Mallorca municipalities.\" \/>\n<meta property=\"og:url\" content=\"https:\/\/mallorcaglobalmag.es\/en\/pujada-lluc-peu-part-forana-2026\/\" \/>\n<meta property=\"og:site_name\" content=\"Mallorca Global Mag\" \/>\n<meta property=\"article:published_time\" content=\"2026-08-31T12:23:28+00:00\" \/>\n<meta property=\"article:modified_time\" content=\"2026-08-31T13:03:59+00:00\" \/>\n<meta property=\"og:image\" content=\"https:\/\/mallorcaglobalmag.es\/wp-content\/uploads\/2026\/08\/marcha-lluc-a-peu-2025-e1751016238218.webp\" \/>\n\t<meta property=\"og:image:width\" content=\"880\" \/>\n\t<meta property=\"og:image:height\" content=\"622\" \/>\n\t<meta property=\"og:image:type\" content=\"image\/webp\" \/>\n<meta name=\"author\" content=\"Redacci\u00f3n\" \/>\n<meta name=\"twitter:card\" content=\"summary_large_image\" \/>\n<meta name=\"twitter:label1\" content=\"Written by\" \/>\n\t<meta name=\"twitter:data1\" content=\"Redacci\u00f3n\" \/>\n\t<meta name=\"twitter:label2\" content=\"Est. reading time\" \/>\n\t<meta name=\"twitter:data2\" content=\"5 minutes\" \/>\n<script type=\"application\/ld+json\" class=\"yoast-schema-graph\">{\"@context\":\"https:\/\/schema.org\",\"@graph\":[{\"@type\":\"WebPage\",\"@id\":\"https:\/\/mallorcaglobalmag.es\/en\/pujada-lluc-peu-part-forana-2026\/\",\"url\":\"https:\/\/mallorcaglobalmag.es\/en\/pujada-lluc-peu-part-forana-2026\/\",\"name\":\"Pujada a Lluc a Peu de la Part Forana 2026: times by municipality - Mallorca Global Mag\",\"isPartOf\":{\"@id\":\"https:\/\/mallorcaglobalmag.es\/#website\"},\"primaryImageOfPage\":{\"@id\":\"https:\/\/mallorcaglobalmag.es\/en\/pujada-lluc-peu-part-forana-2026\/#primaryimage\"},\"image\":{\"@id\":\"https:\/\/mallorcaglobalmag.es\/en\/pujada-lluc-peu-part-forana-2026\/#primaryimage\"},\"thumbnailUrl\":\"https:\/\/mallorcaglobalmag.es\/wp-content\/uploads\/2026\/08\/marcha-lluc-a-peu-2025-e1751016238218.webp\",\"datePublished\":\"2026-08-31T12:23:28+00:00\",\"dateModified\":\"2026-08-31T13:03:59+00:00\",\"author\":{\"@id\":\"https:\/\/mallorcaglobalmag.es\/#\/schema\/person\/9a3cf523d44bd4905a14be13db051907\"},\"description\":\"The 45th Pujada a Lluc a Peu de la Part Forana takes place overnight on 12-13 September, with departures from 45 Mallorca municipalities.\",\"breadcrumb\":{\"@id\":\"https:\/\/mallorcaglobalmag.es\/en\/pujada-lluc-peu-part-forana-2026\/#breadcrumb\"},\"inLanguage\":\"en-US\",\"potentialAction\":[{\"@type\":\"ReadAction\",\"target\":[\"https:\/\/mallorcaglobalmag.es\/en\/pujada-lluc-peu-part-forana-2026\/\"]}]},{\"@type\":\"ImageObject\",\"inLanguage\":\"en-US\",\"@id\":\"https:\/\/mallorcaglobalmag.es\/en\/pujada-lluc-peu-part-forana-2026\/#primaryimage\",\"url\":\"https:\/\/mallorcaglobalmag.es\/wp-content\/uploads\/2026\/08\/marcha-lluc-a-peu-2025-e1751016238218.webp\",\"contentUrl\":\"https:\/\/mallorcaglobalmag.es\/wp-content\/uploads\/2026\/08\/marcha-lluc-a-peu-2025-e1751016238218.webp\",\"width\":880,\"height\":622,\"caption\":\"pujada a lluc a peu de la parta forana 2026\"},{\"@type\":\"BreadcrumbList\",\"@id\":\"https:\/\/mallorcaglobalmag.es\/en\/pujada-lluc-peu-part-forana-2026\/#breadcrumb\",\"itemListElement\":[{\"@type\":\"ListItem\",\"position\":1,\"name\":\"Portada\",\"item\":\"https:\/\/mallorcaglobalmag.es\/en\/\"},{\"@type\":\"ListItem\",\"position\":2,\"name\":\"More than 5,000 people to take part in the Pujada a Lluc a Peu de la Part Forana 2026\"}]},{\"@type\":\"WebSite\",\"@id\":\"https:\/\/mallorcaglobalmag.es\/#website\",\"url\":\"https:\/\/mallorcaglobalmag.es\/\",\"name\":\"Mallorca Global Mag\",\"description\":\"Revista de informaci\u00f3n general de Mallorca\",\"potentialAction\":[{\"@type\":\"SearchAction\",\"target\":{\"@type\":\"EntryPoint\",\"urlTemplate\":\"https:\/\/mallorcaglobalmag.es\/?s={search_term_string}\"},\"query-input\":{\"@type\":\"PropertyValueSpecification\",\"valueRequired\":true,\"valueName\":\"search_term_string\"}}],\"inLanguage\":\"en-US\"},{\"@type\":\"Person\",\"@id\":\"https:\/\/mallorcaglobalmag.es\/#\/schema\/person\/9a3cf523d44bd4905a14be13db051907\",\"name\":\"Redacci\u00f3n\",\"image\":{\"@type\":\"ImageObject\",\"inLanguage\":\"en-US\",\"@id\":\"https:\/\/mallorcaglobalmag.es\/#\/schema\/person\/image\/\",\"url\":\"https:\/\/secure.gravatar.com\/avatar\/54a4bcd1a68eccdda3505d7ee5d6ebb8e5dd78095a07d388940305fac2e49572?s=96&d=mm&r=g\",\"contentUrl\":\"https:\/\/secure.gravatar.com\/avatar\/54a4bcd1a68eccdda3505d7ee5d6ebb8e5dd78095a07d388940305fac2e49572?s=96&d=mm&r=g\",\"caption\":\"Redacci\u00f3n\"},\"url\":\"https:\/\/mallorcaglobalmag.es\/en\/author\/elena\/\"}]}<\/script>\n<!-- \/ Yoast SEO plugin. -->","yoast_head_json":{"title":"Pujada a Lluc a Peu de la Part Forana 2026: times by municipality - Mallorca Global Mag","description":"The 45th Pujada a Lluc a Peu de la Part Forana takes place overnight on 12-13 September, with departures from 45 Mallorca municipalities.","robots":{"index":"index","follow":"follow","max-snippet":"max-snippet:-1","max-image-preview":"max-image-preview:large","max-video-preview":"max-video-preview:-1"},"canonical":"https:\/\/mallorcaglobalmag.es\/en\/pujada-lluc-peu-part-forana-2026\/","og_locale":"en_US","og_type":"article","og_title":"Pujada a Lluc a Peu de la Part Forana 2026: times by municipality - Mallorca Global Mag","og_description":"The 45th Pujada a Lluc a Peu de la Part Forana takes place overnight on 12-13 September, with departures from 45 Mallorca municipalities.","og_url":"https:\/\/mallorcaglobalmag.es\/en\/pujada-lluc-peu-part-forana-2026\/","og_site_name":"Mallorca Global Mag","article_published_time":"2026-08-31T12:23:28+00:00","article_modified_time":"2026-08-31T13:03:59+00:00","og_image":[{"width":880,"height":622,"url":"https:\/\/mallorcaglobalmag.es\/wp-content\/uploads\/2026\/08\/marcha-lluc-a-peu-2025-e1751016238218.webp","type":"image\/webp"}],"author":"Redacci\u00f3n","twitter_card":"summary_large_image","twitter_misc":{"Written by":"Redacci\u00f3n","Est. reading time":"5 minutes"},"schema":{"@context":"https:\/\/schema.org","@graph":[{"@type":"WebPage","@id":"https:\/\/mallorcaglobalmag.es\/en\/pujada-lluc-peu-part-forana-2026\/","url":"https:\/\/mallorcaglobalmag.es\/en\/pujada-lluc-peu-part-forana-2026\/","name":"Pujada a Lluc a Peu de la Part Forana 2026: times by municipality - Mallorca Global Mag","isPartOf":{"@id":"https:\/\/mallorcaglobalmag.es\/#website"},"primaryImageOfPage":{"@id":"https:\/\/mallorcaglobalmag.es\/en\/pujada-lluc-peu-part-forana-2026\/#primaryimage"},"image":{"@id":"https:\/\/mallorcaglobalmag.es\/en\/pujada-lluc-peu-part-forana-2026\/#primaryimage"},"thumbnailUrl":"https:\/\/mallorcaglobalmag.es\/wp-content\/uploads\/2026\/08\/marcha-lluc-a-peu-2025-e1751016238218.webp","datePublished":"2026-08-31T12:23:28+00:00","dateModified":"2026-08-31T13:03:59+00:00","author":{"@id":"https:\/\/mallorcaglobalmag.es\/#\/schema\/person\/9a3cf523d44bd4905a14be13db051907"},"description":"The 45th Pujada a Lluc a Peu de la Part Forana takes place overnight on 12-13 September, with departures from 45 Mallorca municipalities.","breadcrumb":{"@id":"https:\/\/mallorcaglobalmag.es\/en\/pujada-lluc-peu-part-forana-2026\/#breadcrumb"},"inLanguage":"en-US","potentialAction":[{"@type":"ReadAction","target":["https:\/\/mallorcaglobalmag.es\/en\/pujada-lluc-peu-part-forana-2026\/"]}]},{"@type":"ImageObject","inLanguage":"en-US","@id":"https:\/\/mallorcaglobalmag.es\/en\/pujada-lluc-peu-part-forana-2026\/#primaryimage","url":"https:\/\/mallorcaglobalmag.es\/wp-content\/uploads\/2026\/08\/marcha-lluc-a-peu-2025-e1751016238218.webp","contentUrl":"https:\/\/mallorcaglobalmag.es\/wp-content\/uploads\/2026\/08\/marcha-lluc-a-peu-2025-e1751016238218.webp","width":880,"height":622,"caption":"pujada a lluc a peu de la parta forana 2026"},{"@type":"BreadcrumbList","@id":"https:\/\/mallorcaglobalmag.es\/en\/pujada-lluc-peu-part-forana-2026\/#breadcrumb","itemListElement":[{"@type":"ListItem","position":1,"name":"Portada","item":"https:\/\/mallorcaglobalmag.es\/en\/"},{"@type":"ListItem","position":2,"name":"More than 5,000 people to take part in the Pujada a Lluc a Peu de la Part Forana 2026"}]},{"@type":"WebSite","@id":"https:\/\/mallorcaglobalmag.es\/#website","url":"https:\/\/mallorcaglobalmag.es\/","name":"Mallorca Global Mag","description":"Revista de informaci\u00f3n general de Mallorca","potentialAction":[{"@type":"SearchAction","target":{"@type":"EntryPoint","urlTemplate":"https:\/\/mallorcaglobalmag.es\/?s={search_term_string}"},"query-input":{"@type":"PropertyValueSpecification","valueRequired":true,"valueName":"search_term_string"}}],"inLanguage":"en-US"},{"@type":"Person","@id":"https:\/\/mallorcaglobalmag.es\/#\/schema\/person\/9a3cf523d44bd4905a14be13db051907","name":"Redacci\u00f3n","image":{"@type":"ImageObject","inLanguage":"en-US","@id":"https:\/\/mallorcaglobalmag.es\/#\/schema\/person\/image\/","url":"https:\/\/secure.gravatar.com\/avatar\/54a4bcd1a68eccdda3505d7ee5d6ebb8e5dd78095a07d388940305fac2e49572?s=96&d=mm&r=g","contentUrl":"https:\/\/secure.gravatar.com\/avatar\/54a4bcd1a68eccdda3505d7ee5d6ebb8e5dd78095a07d388940305fac2e49572?s=96&d=mm&r=g","caption":"Redacci\u00f3n"},"url":"https:\/\/mallorcaglobalmag.es\/en\/author\/elena\/"}]}},"_links":{"self":[{"href":"https:\/\/mallorcaglobalmag.es\/en\/wp-json\/wp\/v2\/posts\/157610","targetHints":{"allow":["GET"]}}],"collection":[{"href":"https:\/\/mallorcaglobalmag.es\/en\/wp-json\/wp\/v2\/posts"}],"about":[{"href":"https:\/\/mallorcaglobalmag.es\/en\/wp-json\/wp\/v2\/types\/post"}],"author":[{"embeddable":true,"href":"https:\/\/mallorcaglobalmag.es\/en\/wp-json\/wp\/v2\/users\/4"}],"replies":[{"embeddable":true,"href":"https:\/\/mallorcaglobalmag.es\/en\/wp-json\/wp\/v2\/comments?post=157610"}],"version-history":[{"count":2,"href":"https:\/\/mallorcaglobalmag.es\/en\/wp-json\/wp\/v2\/posts\/157610\/revisions"}],"predecessor-version":[{"id":157612,"href":"https:\/\/mallorcaglobalmag.es\/en\/wp-json\/wp\/v2\/posts\/157610\/revisions\/157612"}],"wp:featuredmedia":[{"embeddable":true,"href":"https:\/\/mallorcaglobalmag.es\/en\/wp-json\/wp\/v2\/media\/157607"}],"wp:attachment":[{"href":"https:\/\/mallorcaglobalmag.es\/en\/wp-json\/wp\/v2\/media?parent=157610"}],"wp:term":[{"taxonomy":"category","embeddable":true,"href":"https:\/\/mallorcaglobalmag.es\/en\/wp-json\/wp\/v2\/categories?post=157610"},{"taxonomy":"post_tag","embeddable":true,"href":"https:\/\/mallorcaglobalmag.es\/en\/wp-json\/wp\/v2\/tags?post=157610"}],"curies":[{"name":"wp","href":"https:\/\/api.w.org\/{rel}","templated":true}]}}