{"id":154976,"date":"2026-04-28T12:02:10","date_gmt":"2026-04-28T10:02:10","guid":{"rendered":"https:\/\/mallorcaglobalmag.es\/?p=154976"},"modified":"2026-04-28T12:02:10","modified_gmt":"2026-04-28T10:02:10","slug":"galaxia-fontcuberta-wunderkammer-casal-solleric-palma","status":"publish","type":"post","link":"https:\/\/mallorcaglobalmag.es\/en\/galaxia-fontcuberta-wunderkammer-casal-solleric-palma\/","title":{"rendered":"The \u201cGal\u00e0xia Fontcuberta\u201d arrives in Palma with the exhibition \u201cWunderkammer\u201d at Casal Solleric"},"content":{"rendered":"<p data-start=\"343\" data-end=\"628\">Palma\u2019s Casal Solleric will inaugurate two new artistic proposals next <strong data-start=\"426\" data-end=\"448\">Thursday, 30 April<\/strong>: <strong data-start=\"483\" data-end=\"501\">\u201cWunderkammer\u201d<\/strong>, by renowned international photographer <strong data-start=\"542\" data-end=\"562\">Joan Fontcuberta<\/strong>, and <strong data-start=\"566\" data-end=\"597\">\u201cHab\u00eda en el fondo del mar\u201d<\/strong>, by artist <strong data-start=\"613\" data-end=\"627\">Nuria Mora<\/strong>.<\/p>\n<p data-start=\"630\" data-end=\"995\">The exhibitions were presented this Monday by Palma City Council\u2019s first deputy mayor and councillor for Culture, <strong data-start=\"761\" data-end=\"777\">Javier Bonet<\/strong>, accompanied by artists Joan Fontcuberta and Nuria Mora, the curators of the exhibitions, <strong data-start=\"870\" data-end=\"889\">Iv\u00e1n de la Nuez<\/strong> and <strong data-start=\"892\" data-end=\"906\">Pilar Rub\u00ed<\/strong>, and Cort\u2019s general coordinator for Culture and Tourism, <strong data-start=\"963\" data-end=\"994\">Fernando G\u00f3mez de la Cuesta<\/strong>.<\/p>\n<p data-start=\"997\" data-end=\"1184\">A delegation from the <strong data-start=\"1042\" data-end=\"1102\">Toni Catany International Photography Centre Foundation<\/strong> also attended, headed by its president, <strong data-start=\"1134\" data-end=\"1150\">Llu\u00eds Segura<\/strong>, and its director, <strong data-start=\"1167\" data-end=\"1183\">Antoni Garau<\/strong>.<\/p>\n<h2 data-section-id=\"2he6b5\" data-start=\"1186\" data-end=\"1251\">\u201cWunderkammer\u201d, one of the major highlights of Mallorca PhotoFest<\/h2>\n<p><img decoding=\"async\" class=\"size-full wp-image-154972 aligncenter\" src=\"https:\/\/mallorcaglobalmag.es\/wp-content\/uploads\/2026\/04\/Exposicio-Wunderkammer.-Joan-Fontcuberta.webp\" alt=\"The \u201cGal\u00e0xia Fontcuberta\u201d arrives in Palma with \u201cWunderkammer\u201d at Casal Solleric\" width=\"1600\" height=\"1066\" \/><\/p>\n<p data-start=\"1253\" data-end=\"1499\">The exhibition <strong data-start=\"1267\" data-end=\"1285\">\u201cWunderkammer\u201d<\/strong> forms part of the <strong data-start=\"1311\" data-end=\"1336\">\u201cGal\u00e0xia Fontcuberta\u201d<\/strong> project, created through the collaboration between Palma City Council and the Toni Catany Foundation. This proposal is structured around two venues and two complementary exhibitions.<\/p>\n<p data-start=\"1501\" data-end=\"1815\">On the one hand, <strong data-start=\"1514\" data-end=\"1532\">\u201cWunderkammer\u201d<\/strong> can be visited at <strong data-start=\"1555\" data-end=\"1573\">Casal Solleric<\/strong> until <strong data-start=\"1583\" data-end=\"1597\">5 July<\/strong>. On the other, the Toni Catany Foundation, based in Llucmajor, will host <strong data-start=\"1666\" data-end=\"1703\">\u201cLa v\u00eda l\u00e1ctea. Retratar \u00e1rboles\u201d<\/strong>, which will open on <strong data-start=\"1726\" data-end=\"1751\">Wednesday, 29 April<\/strong> and remain open to the public until <strong data-start=\"1794\" data-end=\"1814\">27 September<\/strong>.<\/p>\n<p data-start=\"1817\" data-end=\"2257\">Fontcuberta\u2019s exhibition in Palma proposes a non-linear journey through history, with references ranging from dinosaurs to the Spanish conquest of America and Darwin\u2019s research. The proposal is part of the first edition of <a href=\"https:\/\/mallorcaglobalmag.es\/en\/mallorca-photofest-2026\/\"><strong data-start=\"2067\" data-end=\"2089\">Mallorca PhotoFest<\/strong><\/a>, a festival that takes over from Palma Photo and has been launched by the gallery association <strong data-start=\"2187\" data-end=\"2213\">Art Palma Contemporani<\/strong>, with the support of institutions and organisations.<\/p>\n<p data-start=\"2259\" data-end=\"2551\">During the presentation, the councillor for Culture, Javier Bonet, highlighted \u201cthe immense honour\u201d it represents for Palma and for Casal Solleric to host the work of an artist with more than five decades of experience in photography, teaching, essay writing and exhibition curation.<\/p>\n<h2 data-section-id=\"1wg7dcn\" data-start=\"2553\" data-end=\"2619\">Joan Fontcuberta, an international benchmark in photography<\/h2>\n<p data-start=\"2621\" data-end=\"2974\">Born in Barcelona in 1955, <strong data-start=\"2650\" data-end=\"2670\">Joan Fontcuberta<\/strong> is one of the leading figures in contemporary photography. His work forms part of collections held by major international institutions such as the <strong data-start=\"2828\" data-end=\"2850\">MoMA in New York<\/strong>, the <strong data-start=\"2855\" data-end=\"2887\">Art Institute of Chicago<\/strong>, the <strong data-start=\"2892\" data-end=\"2920\">Centre Pompidou in Paris<\/strong>, the <strong data-start=\"2925\" data-end=\"2947\">MACBA in Barcelona<\/strong> and the <strong data-start=\"2953\" data-end=\"2973\">IVAM in Valencia<\/strong>.<\/p>\n<p data-start=\"2976\" data-end=\"3327\">Throughout his career, he has received major awards, including the <strong data-start=\"3057\" data-end=\"3090\">National Photography Award<\/strong> in 1998 and the prize awarded by the <strong data-start=\"3127\" data-end=\"3151\">Hasselblad Foundation<\/strong> in 2013. In 2021, he was awarded an <strong data-start=\"3183\" data-end=\"3249\">honorary doctorate by Sorbonne University in Paris<\/strong>, and in 2026 the Government of Catalonia granted him the <strong data-start=\"3304\" data-end=\"3326\">Creu de Sant Jordi<\/strong>.<\/p>\n<h2 data-section-id=\"1dly0n8\" data-start=\"3329\" data-end=\"3379\">Nuria Mora presents \u201cHab\u00eda en el fondo del mar\u201d<\/h2>\n<p data-start=\"3381\" data-end=\"3583\">Alongside Fontcuberta\u2019s exhibition, Casal Solleric will also host <strong data-start=\"3453\" data-end=\"3484\">\u201cHab\u00eda en el fondo del mar\u201d<\/strong>, an intervention by <strong data-start=\"3506\" data-end=\"3520\">Nuria Mora<\/strong> conceived specifically for this cultural space in Palma.<\/p>\n<p data-start=\"3585\" data-end=\"3781\">The proposal forms part of the programme for the new edition of <strong data-start=\"3655\" data-end=\"3668\">Biennal B<\/strong>, a cultural event promoted by the <strong data-start=\"3706\" data-end=\"3729\">Consell de Mallorca<\/strong> and <strong data-start=\"3732\" data-end=\"3780\">Es Baluard Museu d\u2019Art Contemporani de Palma<\/strong>.<\/p>\n<p data-start=\"3783\" data-end=\"4086\">Mora\u2019s intervention takes the form of an underwater setting in which visitors can discover different treasures connected to the building\u2019s architecture. The artist has developed a proposal that engages directly with the spaces of Casal Solleric and its heritage dimension.<\/p>\n<h2 data-section-id=\"w1k259\" data-start=\"4088\" data-end=\"4152\">A career linked to international contemporary art<\/h2>\n<p data-start=\"4154\" data-end=\"4529\">Born in Madrid in 1974, <strong data-start=\"4180\" data-end=\"4194\">Nuria Mora<\/strong> has a solid artistic career and has exhibited her work in international galleries and museums such as <strong data-start=\"4306\" data-end=\"4332\">Tate Modern in London<\/strong>, the <strong data-start=\"4337\" data-end=\"4385\">Museum of Contemporary Art in Johannesburg<\/strong> and the <strong data-start=\"4391\" data-end=\"4453\">Roman Forum Hall of the Ambrosian Library in Milan<\/strong>, where she developed her most recent project, entitled <strong data-start=\"4512\" data-end=\"4528\">\u201cCinderella\u201d<\/strong>.<\/p>\n<p data-start=\"4531\" data-end=\"4778\">This will not be the first time Mora has presented her work in Mallorca. The artist has previously exhibited at the <strong data-start=\"4647\" data-end=\"4678\">Pilar i Joan Mir\u00f3 Foundation<\/strong>, as well as at the <strong data-start=\"4696\" data-end=\"4732\">Joan Mir\u00f3 Foundation in Barcelona<\/strong>, <strong data-start=\"4734\" data-end=\"4753\">Matadero Madrid<\/strong> and <strong data-start=\"4756\" data-end=\"4777\">La Casa Encendida<\/strong>.<\/p>\n<p data-start=\"4780\" data-end=\"5023\">For the organisation of this exhibition, Palma City Council has collaborated with the <strong data-start=\"4881\" data-end=\"4907\">Club Mar\u00edtimo de Palma<\/strong> and <strong data-start=\"4916\" data-end=\"4938\">Gerreria Pere Coll<\/strong>, located in P\u00f2rtol, Marratx\u00ed, where the artist has been preparing her intervention.<\/p>\n","protected":false},"excerpt":{"rendered":"<p>Palma\u2019s Casal Solleric will inaugurate two new artistic proposals next <a href=\"https:\/\/mallorcaglobalmag.es\/en\/galaxia-fontcuberta-wunderkammer-casal-solleric-palma\/\"> [&#8230;]<\/a><\/p>\n","protected":false},"author":4,"featured_media":154973,"comment_status":"open","ping_status":"open","sticky":false,"template":"","format":"standard","meta":{"footnotes":""},"categories":[1514],"tags":[],"class_list":["post-154976","post","type-post","status-publish","format-standard","has-post-thumbnail","hentry","category-culture"],"yoast_head":"<!-- This site is optimized with the Yoast SEO plugin v25.2 - https:\/\/yoast.com\/wordpress\/plugins\/seo\/ -->\n<title>The \u201cGal\u00e0xia Fontcuberta\u201d arrives in Palma with \u201cWunderkammer\u201d - Mallorca Global Mag<\/title>\n<meta name=\"description\" content=\"Casal Solleric inaugurates \u201cWunderkammer\u201d, by Joan Fontcuberta, as part of Mallorca PhotoFest, alongside the intervention \u201cHab\u00eda en el fondo del mar\u201d.\" \/>\n<meta name=\"robots\" content=\"index, follow, max-snippet:-1, max-image-preview:large, max-video-preview:-1\" \/>\n<link rel=\"canonical\" href=\"https:\/\/mallorcaglobalmag.es\/en\/galaxia-fontcuberta-wunderkammer-casal-solleric-palma\/\" \/>\n<meta property=\"og:locale\" content=\"en_US\" \/>\n<meta property=\"og:type\" content=\"article\" \/>\n<meta property=\"og:title\" content=\"The \u201cGal\u00e0xia Fontcuberta\u201d arrives in Palma with \u201cWunderkammer\u201d - Mallorca Global Mag\" \/>\n<meta property=\"og:description\" content=\"Casal Solleric inaugurates \u201cWunderkammer\u201d, by Joan Fontcuberta, as part of Mallorca PhotoFest, alongside the intervention \u201cHab\u00eda en el fondo del mar\u201d.\" \/>\n<meta property=\"og:url\" content=\"https:\/\/mallorcaglobalmag.es\/en\/galaxia-fontcuberta-wunderkammer-casal-solleric-palma\/\" \/>\n<meta property=\"og:site_name\" content=\"Mallorca Global Mag\" \/>\n<meta property=\"article:published_time\" content=\"2026-04-28T10:02:10+00:00\" \/>\n<meta property=\"og:image\" content=\"https:\/\/mallorcaglobalmag.es\/wp-content\/uploads\/2026\/04\/Exposicio-Wunderkammer.-Joan-Fontcuberta.webp\" \/>\n\t<meta property=\"og:image:width\" content=\"1600\" \/>\n\t<meta property=\"og:image:height\" content=\"1066\" \/>\n\t<meta property=\"og:image:type\" content=\"image\/webp\" \/>\n<meta name=\"author\" content=\"Redacci\u00f3n\" \/>\n<meta name=\"twitter:card\" content=\"summary_large_image\" \/>\n<meta name=\"twitter:label1\" content=\"Written by\" \/>\n\t<meta name=\"twitter:data1\" content=\"Redacci\u00f3n\" \/>\n\t<meta name=\"twitter:label2\" content=\"Est. reading time\" \/>\n\t<meta name=\"twitter:data2\" content=\"4 minutes\" \/>\n<script type=\"application\/ld+json\" class=\"yoast-schema-graph\">{\"@context\":\"https:\/\/schema.org\",\"@graph\":[{\"@type\":\"WebPage\",\"@id\":\"https:\/\/mallorcaglobalmag.es\/en\/galaxia-fontcuberta-wunderkammer-casal-solleric-palma\/\",\"url\":\"https:\/\/mallorcaglobalmag.es\/en\/galaxia-fontcuberta-wunderkammer-casal-solleric-palma\/\",\"name\":\"The \u201cGal\u00e0xia Fontcuberta\u201d arrives in Palma with \u201cWunderkammer\u201d - Mallorca Global Mag\",\"isPartOf\":{\"@id\":\"https:\/\/mallorcaglobalmag.es\/#website\"},\"primaryImageOfPage\":{\"@id\":\"https:\/\/mallorcaglobalmag.es\/en\/galaxia-fontcuberta-wunderkammer-casal-solleric-palma\/#primaryimage\"},\"image\":{\"@id\":\"https:\/\/mallorcaglobalmag.es\/en\/galaxia-fontcuberta-wunderkammer-casal-solleric-palma\/#primaryimage\"},\"thumbnailUrl\":\"https:\/\/mallorcaglobalmag.es\/wp-content\/uploads\/2026\/04\/Exposicio-Wunderkammer.-Joan-Fontcuberta.webp\",\"datePublished\":\"2026-04-28T10:02:10+00:00\",\"author\":{\"@id\":\"https:\/\/mallorcaglobalmag.es\/#\/schema\/person\/9a3cf523d44bd4905a14be13db051907\"},\"description\":\"Casal Solleric inaugurates \u201cWunderkammer\u201d, by Joan Fontcuberta, as part of Mallorca PhotoFest, alongside the intervention \u201cHab\u00eda en el fondo del mar\u201d.\",\"breadcrumb\":{\"@id\":\"https:\/\/mallorcaglobalmag.es\/en\/galaxia-fontcuberta-wunderkammer-casal-solleric-palma\/#breadcrumb\"},\"inLanguage\":\"en-US\",\"potentialAction\":[{\"@type\":\"ReadAction\",\"target\":[\"https:\/\/mallorcaglobalmag.es\/en\/galaxia-fontcuberta-wunderkammer-casal-solleric-palma\/\"]}]},{\"@type\":\"ImageObject\",\"inLanguage\":\"en-US\",\"@id\":\"https:\/\/mallorcaglobalmag.es\/en\/galaxia-fontcuberta-wunderkammer-casal-solleric-palma\/#primaryimage\",\"url\":\"https:\/\/mallorcaglobalmag.es\/wp-content\/uploads\/2026\/04\/Exposicio-Wunderkammer.-Joan-Fontcuberta.webp\",\"contentUrl\":\"https:\/\/mallorcaglobalmag.es\/wp-content\/uploads\/2026\/04\/Exposicio-Wunderkammer.-Joan-Fontcuberta.webp\",\"width\":1600,\"height\":1066,\"caption\":\"La \u201cGal\u00e0xia Fontcuberta\u201d llega a Palma con \u201cWunderkammer\u201d en el Casal Solleric\"},{\"@type\":\"BreadcrumbList\",\"@id\":\"https:\/\/mallorcaglobalmag.es\/en\/galaxia-fontcuberta-wunderkammer-casal-solleric-palma\/#breadcrumb\",\"itemListElement\":[{\"@type\":\"ListItem\",\"position\":1,\"name\":\"Portada\",\"item\":\"https:\/\/mallorcaglobalmag.es\/en\/\"},{\"@type\":\"ListItem\",\"position\":2,\"name\":\"The \u201cGal\u00e0xia Fontcuberta\u201d arrives in Palma with the exhibition \u201cWunderkammer\u201d at Casal Solleric\"}]},{\"@type\":\"WebSite\",\"@id\":\"https:\/\/mallorcaglobalmag.es\/#website\",\"url\":\"https:\/\/mallorcaglobalmag.es\/\",\"name\":\"Mallorca Global Mag\",\"description\":\"Revista de informaci\u00f3n general de Mallorca\",\"potentialAction\":[{\"@type\":\"SearchAction\",\"target\":{\"@type\":\"EntryPoint\",\"urlTemplate\":\"https:\/\/mallorcaglobalmag.es\/?s={search_term_string}\"},\"query-input\":{\"@type\":\"PropertyValueSpecification\",\"valueRequired\":true,\"valueName\":\"search_term_string\"}}],\"inLanguage\":\"en-US\"},{\"@type\":\"Person\",\"@id\":\"https:\/\/mallorcaglobalmag.es\/#\/schema\/person\/9a3cf523d44bd4905a14be13db051907\",\"name\":\"Redacci\u00f3n\",\"image\":{\"@type\":\"ImageObject\",\"inLanguage\":\"en-US\",\"@id\":\"https:\/\/mallorcaglobalmag.es\/#\/schema\/person\/image\/\",\"url\":\"https:\/\/secure.gravatar.com\/avatar\/54a4bcd1a68eccdda3505d7ee5d6ebb8e5dd78095a07d388940305fac2e49572?s=96&d=mm&r=g\",\"contentUrl\":\"https:\/\/secure.gravatar.com\/avatar\/54a4bcd1a68eccdda3505d7ee5d6ebb8e5dd78095a07d388940305fac2e49572?s=96&d=mm&r=g\",\"caption\":\"Redacci\u00f3n\"},\"url\":\"https:\/\/mallorcaglobalmag.es\/en\/author\/elena\/\"}]}<\/script>\n<!-- \/ Yoast SEO plugin. -->","yoast_head_json":{"title":"The \u201cGal\u00e0xia Fontcuberta\u201d arrives in Palma with \u201cWunderkammer\u201d - Mallorca Global Mag","description":"Casal Solleric inaugurates \u201cWunderkammer\u201d, by Joan Fontcuberta, as part of Mallorca PhotoFest, alongside the intervention \u201cHab\u00eda en el fondo del mar\u201d.","robots":{"index":"index","follow":"follow","max-snippet":"max-snippet:-1","max-image-preview":"max-image-preview:large","max-video-preview":"max-video-preview:-1"},"canonical":"https:\/\/mallorcaglobalmag.es\/en\/galaxia-fontcuberta-wunderkammer-casal-solleric-palma\/","og_locale":"en_US","og_type":"article","og_title":"The \u201cGal\u00e0xia Fontcuberta\u201d arrives in Palma with \u201cWunderkammer\u201d - Mallorca Global Mag","og_description":"Casal Solleric inaugurates \u201cWunderkammer\u201d, by Joan Fontcuberta, as part of Mallorca PhotoFest, alongside the intervention \u201cHab\u00eda en el fondo del mar\u201d.","og_url":"https:\/\/mallorcaglobalmag.es\/en\/galaxia-fontcuberta-wunderkammer-casal-solleric-palma\/","og_site_name":"Mallorca Global Mag","article_published_time":"2026-04-28T10:02:10+00:00","og_image":[{"width":1600,"height":1066,"url":"https:\/\/mallorcaglobalmag.es\/wp-content\/uploads\/2026\/04\/Exposicio-Wunderkammer.-Joan-Fontcuberta.webp","type":"image\/webp"}],"author":"Redacci\u00f3n","twitter_card":"summary_large_image","twitter_misc":{"Written by":"Redacci\u00f3n","Est. reading time":"4 minutes"},"schema":{"@context":"https:\/\/schema.org","@graph":[{"@type":"WebPage","@id":"https:\/\/mallorcaglobalmag.es\/en\/galaxia-fontcuberta-wunderkammer-casal-solleric-palma\/","url":"https:\/\/mallorcaglobalmag.es\/en\/galaxia-fontcuberta-wunderkammer-casal-solleric-palma\/","name":"The \u201cGal\u00e0xia Fontcuberta\u201d arrives in Palma with \u201cWunderkammer\u201d - Mallorca Global Mag","isPartOf":{"@id":"https:\/\/mallorcaglobalmag.es\/#website"},"primaryImageOfPage":{"@id":"https:\/\/mallorcaglobalmag.es\/en\/galaxia-fontcuberta-wunderkammer-casal-solleric-palma\/#primaryimage"},"image":{"@id":"https:\/\/mallorcaglobalmag.es\/en\/galaxia-fontcuberta-wunderkammer-casal-solleric-palma\/#primaryimage"},"thumbnailUrl":"https:\/\/mallorcaglobalmag.es\/wp-content\/uploads\/2026\/04\/Exposicio-Wunderkammer.-Joan-Fontcuberta.webp","datePublished":"2026-04-28T10:02:10+00:00","author":{"@id":"https:\/\/mallorcaglobalmag.es\/#\/schema\/person\/9a3cf523d44bd4905a14be13db051907"},"description":"Casal Solleric inaugurates \u201cWunderkammer\u201d, by Joan Fontcuberta, as part of Mallorca PhotoFest, alongside the intervention \u201cHab\u00eda en el fondo del mar\u201d.","breadcrumb":{"@id":"https:\/\/mallorcaglobalmag.es\/en\/galaxia-fontcuberta-wunderkammer-casal-solleric-palma\/#breadcrumb"},"inLanguage":"en-US","potentialAction":[{"@type":"ReadAction","target":["https:\/\/mallorcaglobalmag.es\/en\/galaxia-fontcuberta-wunderkammer-casal-solleric-palma\/"]}]},{"@type":"ImageObject","inLanguage":"en-US","@id":"https:\/\/mallorcaglobalmag.es\/en\/galaxia-fontcuberta-wunderkammer-casal-solleric-palma\/#primaryimage","url":"https:\/\/mallorcaglobalmag.es\/wp-content\/uploads\/2026\/04\/Exposicio-Wunderkammer.-Joan-Fontcuberta.webp","contentUrl":"https:\/\/mallorcaglobalmag.es\/wp-content\/uploads\/2026\/04\/Exposicio-Wunderkammer.-Joan-Fontcuberta.webp","width":1600,"height":1066,"caption":"La \u201cGal\u00e0xia Fontcuberta\u201d llega a Palma con \u201cWunderkammer\u201d en el Casal Solleric"},{"@type":"BreadcrumbList","@id":"https:\/\/mallorcaglobalmag.es\/en\/galaxia-fontcuberta-wunderkammer-casal-solleric-palma\/#breadcrumb","itemListElement":[{"@type":"ListItem","position":1,"name":"Portada","item":"https:\/\/mallorcaglobalmag.es\/en\/"},{"@type":"ListItem","position":2,"name":"The \u201cGal\u00e0xia Fontcuberta\u201d arrives in Palma with the exhibition \u201cWunderkammer\u201d at Casal Solleric"}]},{"@type":"WebSite","@id":"https:\/\/mallorcaglobalmag.es\/#website","url":"https:\/\/mallorcaglobalmag.es\/","name":"Mallorca Global Mag","description":"Revista de informaci\u00f3n general de Mallorca","potentialAction":[{"@type":"SearchAction","target":{"@type":"EntryPoint","urlTemplate":"https:\/\/mallorcaglobalmag.es\/?s={search_term_string}"},"query-input":{"@type":"PropertyValueSpecification","valueRequired":true,"valueName":"search_term_string"}}],"inLanguage":"en-US"},{"@type":"Person","@id":"https:\/\/mallorcaglobalmag.es\/#\/schema\/person\/9a3cf523d44bd4905a14be13db051907","name":"Redacci\u00f3n","image":{"@type":"ImageObject","inLanguage":"en-US","@id":"https:\/\/mallorcaglobalmag.es\/#\/schema\/person\/image\/","url":"https:\/\/secure.gravatar.com\/avatar\/54a4bcd1a68eccdda3505d7ee5d6ebb8e5dd78095a07d388940305fac2e49572?s=96&d=mm&r=g","contentUrl":"https:\/\/secure.gravatar.com\/avatar\/54a4bcd1a68eccdda3505d7ee5d6ebb8e5dd78095a07d388940305fac2e49572?s=96&d=mm&r=g","caption":"Redacci\u00f3n"},"url":"https:\/\/mallorcaglobalmag.es\/en\/author\/elena\/"}]}},"_links":{"self":[{"href":"https:\/\/mallorcaglobalmag.es\/en\/wp-json\/wp\/v2\/posts\/154976","targetHints":{"allow":["GET"]}}],"collection":[{"href":"https:\/\/mallorcaglobalmag.es\/en\/wp-json\/wp\/v2\/posts"}],"about":[{"href":"https:\/\/mallorcaglobalmag.es\/en\/wp-json\/wp\/v2\/types\/post"}],"author":[{"embeddable":true,"href":"https:\/\/mallorcaglobalmag.es\/en\/wp-json\/wp\/v2\/users\/4"}],"replies":[{"embeddable":true,"href":"https:\/\/mallorcaglobalmag.es\/en\/wp-json\/wp\/v2\/comments?post=154976"}],"version-history":[{"count":1,"href":"https:\/\/mallorcaglobalmag.es\/en\/wp-json\/wp\/v2\/posts\/154976\/revisions"}],"predecessor-version":[{"id":154977,"href":"https:\/\/mallorcaglobalmag.es\/en\/wp-json\/wp\/v2\/posts\/154976\/revisions\/154977"}],"wp:featuredmedia":[{"embeddable":true,"href":"https:\/\/mallorcaglobalmag.es\/en\/wp-json\/wp\/v2\/media\/154973"}],"wp:attachment":[{"href":"https:\/\/mallorcaglobalmag.es\/en\/wp-json\/wp\/v2\/media?parent=154976"}],"wp:term":[{"taxonomy":"category","embeddable":true,"href":"https:\/\/mallorcaglobalmag.es\/en\/wp-json\/wp\/v2\/categories?post=154976"},{"taxonomy":"post_tag","embeddable":true,"href":"https:\/\/mallorcaglobalmag.es\/en\/wp-json\/wp\/v2\/tags?post=154976"}],"curies":[{"name":"wp","href":"https:\/\/api.w.org\/{rel}","templated":true}]}}