{"id":152982,"date":"2026-04-22T09:30:39","date_gmt":"2026-04-22T07:30:39","guid":{"rendered":"https:\/\/mallorcaglobalmag.es\/feria-abril-2026-palma\/"},"modified":"2026-04-22T11:17:16","modified_gmt":"2026-04-22T09:17:16","slug":"feria-abril-2026-palma","status":"publish","type":"post","link":"https:\/\/mallorcaglobalmag.es\/en\/feria-abril-2026-palma\/","title":{"rendered":"Palma\u2019s Feria de Abril 2026 takes place from 23 to 26 April at Son Fusteret"},"content":{"rendered":"<p><img decoding=\"async\" class=\"size-full wp-image-152979 aligncenter\" src=\"https:\/\/mallorcaglobalmag.es\/wp-content\/uploads\/2026\/03\/Flamenco.webp\" alt=\"Feria de Abril Palma\" width=\"1000\" height=\"667\" \/><\/p>\n<p>Palma\u2019s <strong data-start=\"119\" data-end=\"151\">Feria de Abril 2026<\/strong> is being held from <strong data-start=\"169\" data-end=\"190\">23 to 26 April<\/strong> at the <strong data-start=\"197\" data-end=\"224\">Son Fusteret venue<\/strong>, thirteen years after the last edition was held in <strong data-start=\"279\" data-end=\"287\">2013<\/strong>. The event, organised by the <strong data-start=\"318\" data-end=\"351\">Casa de Andaluc\u00eda in the Balearic Islands<\/strong> in collaboration with the <strong data-start=\"375\" data-end=\"398\">Palma City Council<\/strong>, returns with the aim of consolidating its place as \u201can <strong data-start=\"450\" data-end=\"506\">emblematic event in the city\u2019s festive calendar<\/strong>\u201d, as stated by mayor <strong data-start=\"538\" data-end=\"564\">Jaime Mart\u00ednez Llabr\u00e9s<\/strong>.<\/p>\n<p>During the four days of the fair, the venue features <strong data-start=\"624\" data-end=\"638\">14 marquees<\/strong> offering fairground music, <strong>live performances, typical food and drinks<\/strong>. Each of them brings its own atmosphere and programme, combining proposals more closely linked to Andalusian tradition with others of a more contemporary nature. The participating marquees are: <strong data-start=\"916\" data-end=\"1081\">El que faltaba, Beewi, El Patio, El Candela, Hermandad del Roc\u00edo, Pecao, Desvar\u00edo, Tinglao, Los Tigres, Decapolis, BD-5, La Rosa, Ultima Hora and Casa de Andaluc\u00eda<\/strong>.<\/p>\n<p>In addition, there will be a <strong data-start=\"1098\" data-end=\"1161\">stage with performances of sevillanas, flamenco and rumba<\/strong>, along with a range of cultural activities. The programme will also include <strong data-start=\"1237\" data-end=\"1268\">traditional Andalusian cuisine<\/strong>, the traditional <strong data-start=\"1285\" data-end=\"1301\">Rociera Mass<\/strong>, which will take place on <strong data-start=\"1323\" data-end=\"1348\">Sunday at 12:00 pm<\/strong>, and a <strong data-start=\"1356\" data-end=\"1392\">mounted police display<\/strong>.<\/p>\n<p>Entry to the venue and the marquees is <strong data-start=\"1437\" data-end=\"1449\">free<\/strong>.<\/p>\n<h2 data-start=\"1452\" data-end=\"1500\"><strong data-start=\"1452\" data-end=\"1500\">Opening hours of Palma\u2019s Feria de Abril 2026<\/strong><\/h2>\n<ul data-start=\"1501\" data-end=\"1666\">\n<li data-section-id=\"r9m9tm\" data-start=\"1501\" data-end=\"1541\">Thursday 23 April: 5:00 pm to 12:00 am<\/li>\n<li data-section-id=\"1m3yz0w\" data-start=\"1542\" data-end=\"1583\">Friday 24 April: 12:00 pm to 2:00 am<\/li>\n<li data-section-id=\"e4n857\" data-start=\"1584\" data-end=\"1624\">Saturday 25 April: 12:00 pm to 2:00 am<\/li>\n<li data-section-id=\"1ltf8o9\" data-start=\"1625\" data-end=\"1666\">Sunday 26 April: 12:00 pm to 10:00 pm<\/li>\n<\/ul>\n<h2>Venue map<\/h2>\n<p><img decoding=\"async\" class=\"size-full wp-image-154933 aligncenter\" src=\"https:\/\/mallorcaglobalmag.es\/wp-content\/uploads\/2026\/03\/Feria-de-Abril-2026-Palma-mapa.webp\" alt=\"Feria de Abril 2026 Palma\" width=\"650\" height=\"827\" \/><\/p>\n<h2>Official presentation of Palma\u2019s Feria de Abril 2026<\/h2>\n<p data-start=\"1015\" data-end=\"1349\">The official presentation of the event has taken place in the <strong data-start=\"1076\" data-end=\"1103\">Plenary Hall of Cort<\/strong> and has been chaired by the mayor of Palma, accompanied by the deputy mayor and councillor for Citizen Participation<strong data-start=\"1235\" data-end=\"1275\">, Lourdes Roca<\/strong>, and the president of the Casa de Andaluc\u00eda in the Balearic Islands,<strong data-start=\"1299\" data-end=\"1348\"> Rafael del Rey<\/strong>.<\/p>\n<p data-start=\"1351\" data-end=\"1725\">During the event, the mayor has highlighted that the return of the fair is the result of collaboration between the City Council and the Andalusian organisation, which he<strong data-start=\"1509\" data-end=\"1524\"> has described<\/strong> as &#8220;<strong data-start=\"1531\" data-end=\"1723\">a meeting point and a space for coexistence for thousands of people, helping to keep their roots and identity alive even when the fair was not held in its full form<\/strong>&#8220;.<\/p>\n<p data-start=\"1727\" data-end=\"2133\">Mart\u00ednez Llabr\u00e9s has also underlined the municipal government\u2019s commitment to &#8220;<strong data-start=\"1794\" data-end=\"1935\">building an open, diverse and welcoming city, where coexistence and respect between cultures form part of Palma\u2019s identity<\/strong>&#8220;. In this regard, he has stated that the aim is for the Feria de Abril to be &#8220;<strong data-start=\"2017\" data-end=\"2131\">an authentic space where traditions, music, gastronomy and Andalusian folklore are brought to the fore<\/strong>&#8220;.<\/p>\n<p data-start=\"2135\" data-end=\"2287\">The presentation event has also included a musical performance by <strong data-start=\"2216\" data-end=\"2249\">Miguel Crespo and Victoria Lara<\/strong>, members of the group <strong data-start=\"2273\" data-end=\"2286\">Pura Raza<\/strong>.<\/p>\n","protected":false},"excerpt":{"rendered":"<p>Palma\u2019s Feria de Abril 2026 is being held from 23 <a href=\"https:\/\/mallorcaglobalmag.es\/en\/feria-abril-2026-palma\/\"> [&#8230;]<\/a><\/p>\n","protected":false},"author":4,"featured_media":152980,"comment_status":"open","ping_status":"open","sticky":false,"template":"","format":"standard","meta":{"footnotes":""},"categories":[1514],"tags":[],"class_list":["post-152982","post","type-post","status-publish","format-standard","has-post-thumbnail","hentry","category-culture"],"yoast_head":"<!-- This site is optimized with the Yoast SEO plugin v25.2 - https:\/\/yoast.com\/wordpress\/plugins\/seo\/ -->\n<title>Palma\u2019s Feria de Abril 2026: from 23 to 26 April in Son Fusteret - Mallorca Global Mag<\/title>\n<meta name=\"description\" content=\"Palma\u2019s Feria de Abril 2026 takes place thirteen years after its last edition, featuring marquees, flamenco and Andalusian cuisine.\" \/>\n<meta name=\"robots\" content=\"index, follow, max-snippet:-1, max-image-preview:large, max-video-preview:-1\" \/>\n<link rel=\"canonical\" href=\"https:\/\/mallorcaglobalmag.es\/en\/feria-abril-2026-palma\/\" \/>\n<meta property=\"og:locale\" content=\"en_US\" \/>\n<meta property=\"og:type\" content=\"article\" \/>\n<meta property=\"og:title\" content=\"Palma\u2019s Feria de Abril 2026: from 23 to 26 April in Son Fusteret - Mallorca Global Mag\" \/>\n<meta property=\"og:description\" content=\"Palma\u2019s Feria de Abril 2026 takes place thirteen years after its last edition, featuring marquees, flamenco and Andalusian cuisine.\" \/>\n<meta property=\"og:url\" content=\"https:\/\/mallorcaglobalmag.es\/en\/feria-abril-2026-palma\/\" \/>\n<meta property=\"og:site_name\" content=\"Mallorca Global Mag\" \/>\n<meta property=\"article:published_time\" content=\"2026-04-22T07:30:39+00:00\" \/>\n<meta property=\"article:modified_time\" content=\"2026-04-22T09:17:16+00:00\" \/>\n<meta property=\"og:image\" content=\"https:\/\/mallorcaglobalmag.es\/wp-content\/uploads\/2026\/03\/Flamenco.webp\" \/>\n\t<meta property=\"og:image:width\" content=\"1000\" \/>\n\t<meta property=\"og:image:height\" content=\"667\" \/>\n\t<meta property=\"og:image:type\" content=\"image\/webp\" \/>\n<meta name=\"author\" content=\"Redacci\u00f3n\" \/>\n<meta name=\"twitter:card\" content=\"summary_large_image\" \/>\n<meta name=\"twitter:label1\" content=\"Written by\" \/>\n\t<meta name=\"twitter:data1\" content=\"Redacci\u00f3n\" \/>\n\t<meta name=\"twitter:label2\" content=\"Est. reading time\" \/>\n\t<meta name=\"twitter:data2\" content=\"2 minutes\" \/>\n<script type=\"application\/ld+json\" class=\"yoast-schema-graph\">{\"@context\":\"https:\/\/schema.org\",\"@graph\":[{\"@type\":\"WebPage\",\"@id\":\"https:\/\/mallorcaglobalmag.es\/en\/feria-abril-2026-palma\/\",\"url\":\"https:\/\/mallorcaglobalmag.es\/en\/feria-abril-2026-palma\/\",\"name\":\"Palma\u2019s Feria de Abril 2026: from 23 to 26 April in Son Fusteret - Mallorca Global Mag\",\"isPartOf\":{\"@id\":\"https:\/\/mallorcaglobalmag.es\/#website\"},\"primaryImageOfPage\":{\"@id\":\"https:\/\/mallorcaglobalmag.es\/en\/feria-abril-2026-palma\/#primaryimage\"},\"image\":{\"@id\":\"https:\/\/mallorcaglobalmag.es\/en\/feria-abril-2026-palma\/#primaryimage\"},\"thumbnailUrl\":\"https:\/\/mallorcaglobalmag.es\/wp-content\/uploads\/2026\/03\/Flamenco.webp\",\"datePublished\":\"2026-04-22T07:30:39+00:00\",\"dateModified\":\"2026-04-22T09:17:16+00:00\",\"author\":{\"@id\":\"https:\/\/mallorcaglobalmag.es\/#\/schema\/person\/9a3cf523d44bd4905a14be13db051907\"},\"description\":\"Palma\u2019s Feria de Abril 2026 takes place thirteen years after its last edition, featuring marquees, flamenco and Andalusian cuisine.\",\"breadcrumb\":{\"@id\":\"https:\/\/mallorcaglobalmag.es\/en\/feria-abril-2026-palma\/#breadcrumb\"},\"inLanguage\":\"en-US\",\"potentialAction\":[{\"@type\":\"ReadAction\",\"target\":[\"https:\/\/mallorcaglobalmag.es\/en\/feria-abril-2026-palma\/\"]}]},{\"@type\":\"ImageObject\",\"inLanguage\":\"en-US\",\"@id\":\"https:\/\/mallorcaglobalmag.es\/en\/feria-abril-2026-palma\/#primaryimage\",\"url\":\"https:\/\/mallorcaglobalmag.es\/wp-content\/uploads\/2026\/03\/Flamenco.webp\",\"contentUrl\":\"https:\/\/mallorcaglobalmag.es\/wp-content\/uploads\/2026\/03\/Flamenco.webp\",\"width\":1000,\"height\":667,\"caption\":\"Feria de Abril Palma\"},{\"@type\":\"BreadcrumbList\",\"@id\":\"https:\/\/mallorcaglobalmag.es\/en\/feria-abril-2026-palma\/#breadcrumb\",\"itemListElement\":[{\"@type\":\"ListItem\",\"position\":1,\"name\":\"Portada\",\"item\":\"https:\/\/mallorcaglobalmag.es\/en\/\"},{\"@type\":\"ListItem\",\"position\":2,\"name\":\"Palma\u2019s Feria de Abril 2026 takes place from 23 to 26 April at Son Fusteret\"}]},{\"@type\":\"WebSite\",\"@id\":\"https:\/\/mallorcaglobalmag.es\/#website\",\"url\":\"https:\/\/mallorcaglobalmag.es\/\",\"name\":\"Mallorca Global Mag\",\"description\":\"Revista de informaci\u00f3n general de Mallorca\",\"potentialAction\":[{\"@type\":\"SearchAction\",\"target\":{\"@type\":\"EntryPoint\",\"urlTemplate\":\"https:\/\/mallorcaglobalmag.es\/?s={search_term_string}\"},\"query-input\":{\"@type\":\"PropertyValueSpecification\",\"valueRequired\":true,\"valueName\":\"search_term_string\"}}],\"inLanguage\":\"en-US\"},{\"@type\":\"Person\",\"@id\":\"https:\/\/mallorcaglobalmag.es\/#\/schema\/person\/9a3cf523d44bd4905a14be13db051907\",\"name\":\"Redacci\u00f3n\",\"image\":{\"@type\":\"ImageObject\",\"inLanguage\":\"en-US\",\"@id\":\"https:\/\/mallorcaglobalmag.es\/#\/schema\/person\/image\/\",\"url\":\"https:\/\/secure.gravatar.com\/avatar\/54a4bcd1a68eccdda3505d7ee5d6ebb8e5dd78095a07d388940305fac2e49572?s=96&d=mm&r=g\",\"contentUrl\":\"https:\/\/secure.gravatar.com\/avatar\/54a4bcd1a68eccdda3505d7ee5d6ebb8e5dd78095a07d388940305fac2e49572?s=96&d=mm&r=g\",\"caption\":\"Redacci\u00f3n\"},\"url\":\"https:\/\/mallorcaglobalmag.es\/en\/author\/elena\/\"}]}<\/script>\n<!-- \/ Yoast SEO plugin. -->","yoast_head_json":{"title":"Palma\u2019s Feria de Abril 2026: from 23 to 26 April in Son Fusteret - Mallorca Global Mag","description":"Palma\u2019s Feria de Abril 2026 takes place thirteen years after its last edition, featuring marquees, flamenco and Andalusian cuisine.","robots":{"index":"index","follow":"follow","max-snippet":"max-snippet:-1","max-image-preview":"max-image-preview:large","max-video-preview":"max-video-preview:-1"},"canonical":"https:\/\/mallorcaglobalmag.es\/en\/feria-abril-2026-palma\/","og_locale":"en_US","og_type":"article","og_title":"Palma\u2019s Feria de Abril 2026: from 23 to 26 April in Son Fusteret - Mallorca Global Mag","og_description":"Palma\u2019s Feria de Abril 2026 takes place thirteen years after its last edition, featuring marquees, flamenco and Andalusian cuisine.","og_url":"https:\/\/mallorcaglobalmag.es\/en\/feria-abril-2026-palma\/","og_site_name":"Mallorca Global Mag","article_published_time":"2026-04-22T07:30:39+00:00","article_modified_time":"2026-04-22T09:17:16+00:00","og_image":[{"width":1000,"height":667,"url":"https:\/\/mallorcaglobalmag.es\/wp-content\/uploads\/2026\/03\/Flamenco.webp","type":"image\/webp"}],"author":"Redacci\u00f3n","twitter_card":"summary_large_image","twitter_misc":{"Written by":"Redacci\u00f3n","Est. reading time":"2 minutes"},"schema":{"@context":"https:\/\/schema.org","@graph":[{"@type":"WebPage","@id":"https:\/\/mallorcaglobalmag.es\/en\/feria-abril-2026-palma\/","url":"https:\/\/mallorcaglobalmag.es\/en\/feria-abril-2026-palma\/","name":"Palma\u2019s Feria de Abril 2026: from 23 to 26 April in Son Fusteret - Mallorca Global Mag","isPartOf":{"@id":"https:\/\/mallorcaglobalmag.es\/#website"},"primaryImageOfPage":{"@id":"https:\/\/mallorcaglobalmag.es\/en\/feria-abril-2026-palma\/#primaryimage"},"image":{"@id":"https:\/\/mallorcaglobalmag.es\/en\/feria-abril-2026-palma\/#primaryimage"},"thumbnailUrl":"https:\/\/mallorcaglobalmag.es\/wp-content\/uploads\/2026\/03\/Flamenco.webp","datePublished":"2026-04-22T07:30:39+00:00","dateModified":"2026-04-22T09:17:16+00:00","author":{"@id":"https:\/\/mallorcaglobalmag.es\/#\/schema\/person\/9a3cf523d44bd4905a14be13db051907"},"description":"Palma\u2019s Feria de Abril 2026 takes place thirteen years after its last edition, featuring marquees, flamenco and Andalusian cuisine.","breadcrumb":{"@id":"https:\/\/mallorcaglobalmag.es\/en\/feria-abril-2026-palma\/#breadcrumb"},"inLanguage":"en-US","potentialAction":[{"@type":"ReadAction","target":["https:\/\/mallorcaglobalmag.es\/en\/feria-abril-2026-palma\/"]}]},{"@type":"ImageObject","inLanguage":"en-US","@id":"https:\/\/mallorcaglobalmag.es\/en\/feria-abril-2026-palma\/#primaryimage","url":"https:\/\/mallorcaglobalmag.es\/wp-content\/uploads\/2026\/03\/Flamenco.webp","contentUrl":"https:\/\/mallorcaglobalmag.es\/wp-content\/uploads\/2026\/03\/Flamenco.webp","width":1000,"height":667,"caption":"Feria de Abril Palma"},{"@type":"BreadcrumbList","@id":"https:\/\/mallorcaglobalmag.es\/en\/feria-abril-2026-palma\/#breadcrumb","itemListElement":[{"@type":"ListItem","position":1,"name":"Portada","item":"https:\/\/mallorcaglobalmag.es\/en\/"},{"@type":"ListItem","position":2,"name":"Palma\u2019s Feria de Abril 2026 takes place from 23 to 26 April at Son Fusteret"}]},{"@type":"WebSite","@id":"https:\/\/mallorcaglobalmag.es\/#website","url":"https:\/\/mallorcaglobalmag.es\/","name":"Mallorca Global Mag","description":"Revista de informaci\u00f3n general de Mallorca","potentialAction":[{"@type":"SearchAction","target":{"@type":"EntryPoint","urlTemplate":"https:\/\/mallorcaglobalmag.es\/?s={search_term_string}"},"query-input":{"@type":"PropertyValueSpecification","valueRequired":true,"valueName":"search_term_string"}}],"inLanguage":"en-US"},{"@type":"Person","@id":"https:\/\/mallorcaglobalmag.es\/#\/schema\/person\/9a3cf523d44bd4905a14be13db051907","name":"Redacci\u00f3n","image":{"@type":"ImageObject","inLanguage":"en-US","@id":"https:\/\/mallorcaglobalmag.es\/#\/schema\/person\/image\/","url":"https:\/\/secure.gravatar.com\/avatar\/54a4bcd1a68eccdda3505d7ee5d6ebb8e5dd78095a07d388940305fac2e49572?s=96&d=mm&r=g","contentUrl":"https:\/\/secure.gravatar.com\/avatar\/54a4bcd1a68eccdda3505d7ee5d6ebb8e5dd78095a07d388940305fac2e49572?s=96&d=mm&r=g","caption":"Redacci\u00f3n"},"url":"https:\/\/mallorcaglobalmag.es\/en\/author\/elena\/"}]}},"_links":{"self":[{"href":"https:\/\/mallorcaglobalmag.es\/en\/wp-json\/wp\/v2\/posts\/152982","targetHints":{"allow":["GET"]}}],"collection":[{"href":"https:\/\/mallorcaglobalmag.es\/en\/wp-json\/wp\/v2\/posts"}],"about":[{"href":"https:\/\/mallorcaglobalmag.es\/en\/wp-json\/wp\/v2\/types\/post"}],"author":[{"embeddable":true,"href":"https:\/\/mallorcaglobalmag.es\/en\/wp-json\/wp\/v2\/users\/4"}],"replies":[{"embeddable":true,"href":"https:\/\/mallorcaglobalmag.es\/en\/wp-json\/wp\/v2\/comments?post=152982"}],"version-history":[{"count":3,"href":"https:\/\/mallorcaglobalmag.es\/en\/wp-json\/wp\/v2\/posts\/152982\/revisions"}],"predecessor-version":[{"id":154936,"href":"https:\/\/mallorcaglobalmag.es\/en\/wp-json\/wp\/v2\/posts\/152982\/revisions\/154936"}],"wp:featuredmedia":[{"embeddable":true,"href":"https:\/\/mallorcaglobalmag.es\/en\/wp-json\/wp\/v2\/media\/152980"}],"wp:attachment":[{"href":"https:\/\/mallorcaglobalmag.es\/en\/wp-json\/wp\/v2\/media?parent=152982"}],"wp:term":[{"taxonomy":"category","embeddable":true,"href":"https:\/\/mallorcaglobalmag.es\/en\/wp-json\/wp\/v2\/categories?post=152982"},{"taxonomy":"post_tag","embeddable":true,"href":"https:\/\/mallorcaglobalmag.es\/en\/wp-json\/wp\/v2\/tags?post=152982"}],"curies":[{"name":"wp","href":"https:\/\/api.w.org\/{rel}","templated":true}]}}