{"id":150832,"date":"2026-01-13T09:01:50","date_gmt":"2026-01-13T08:01:50","guid":{"rendered":"https:\/\/mallorcaglobalmag.es\/?p=150832"},"modified":"2026-01-13T09:02:09","modified_gmt":"2026-01-13T08:02:09","slug":"religious-vocations-mallorca-crisis-community","status":"publish","type":"post","link":"https:\/\/mallorcaglobalmag.es\/en\/religious-vocations-mallorca-crisis-community\/","title":{"rendered":"Vocations on the edge in Mallorca: Fewer priests, more community"},"content":{"rendered":"<h3 data-start=\"1364\" data-end=\"1781\">Amidst a lack of succession and efforts to keep the faith alive, the island is redrawing its pastoral map with new forms of service, cooperation and commitment<\/h3>\n<p>Text: Alba V\u00e1zquez de la Torre \/ Photo: Piter Castillo.<\/p>\n<p data-start=\"402\" data-end=\"827\"><div class=\"fusion-image-element in-legacy-container\" style=\"--awb-caption-title-font-family:var(--h2_typography-font-family);--awb-caption-title-font-weight:var(--h2_typography-font-weight);--awb-caption-title-font-style:var(--h2_typography-font-style);--awb-caption-title-size:var(--h2_typography-font-size);--awb-caption-title-transform:var(--h2_typography-text-transform);--awb-caption-title-line-height:var(--h2_typography-line-height);--awb-caption-title-letter-spacing:var(--h2_typography-letter-spacing);\"><span class=\" fusion-imageframe imageframe-none imageframe-1 hover-type-zoomin\"><img decoding=\"async\" width=\"1200\" height=\"464\" alt=\"Iglesia Parroquial de Sant Andreu vista desde la Pla\u00e7a de la Constituci\u00f3 de Santany\u00ed\" title=\"freepik__enhance__11504\" src=\"https:\/\/mallorcaglobalmag.es\/wp-content\/uploads\/2025\/12\/freepik__enhance__11502-e1765470106234.webp\" class=\"img-responsive wp-image-150753\"\/><\/span><\/div><\/p>\n<p data-start=\"402\" data-end=\"827\">There is a shortage of priests in Mallorca. The latest diocesan reports paint a clear picture: today there are fewer priests, fewer members of religious orders, and parishes that, in order to remain open, increasingly rely on the strength and initiative of the laity. In 2021, the island had 225 priests, compared with 200 registered in 2024. The number of male and female religious has also fallen, dropping from 526 to 448.<\/p>\n<p data-start=\"829\" data-end=\"1540\">But behind the statistics lie personal stories that explain \u2013and nuance\u2013 the phenomenon. One of them is that of 31-year-old <strong data-start=\"953\" data-end=\"978\">Juan Baus\u00e1 Puigserver<\/strong>, who went from serving nine parishes in the Part Forana to joining a team responsible for five (Portals, Palmanova, Magaluf, Son Ferrer and El Toro). \u201cWe organize ourselves as best we can, and in the end one priest ends up attending many parishes. It\u2019s impossible to have Mass every day in every place,\u201d Baus\u00e1 explains. What saddens him most is not having enough time for what is essential. \u201cBeing able to visit the sick and listen to those in need is very important, it gives life to the parish. But we have to divide ourselves into a thousand tasks,\u201d he adds.<\/p>\n<p data-start=\"1542\" data-end=\"1920\">Priest <strong data-start=\"1549\" data-end=\"1573\">Carlos Fuentes G\u00f3mez<\/strong>, a Franciscan, has spent 43 years between classrooms and parishes. He first came to Mallorca as summer support and today serves as rector of Es Capdell\u00e0, Santa Pon\u00e7a, Peguera and Calvi\u00e0, in addition to being the bishop\u2019s delegate for Media. His diagnosis is practical: \u201cThe reality is that vocations continue to decline, but teamwork is growing.\u201d<\/p>\n<p data-start=\"1922\" data-end=\"2436\">In the Ponent area, he explains, services have been reorganized: one single parish office, pre-baptism courses centralized in Peguera, and coordinated work with Portals and Andratx. \u201cIt\u2019s not about closing, but about adapting parish life to each town and bringing in lay people: when I arrive, everything is ready, they\u2019re fully involved,\u201d he says. Fuentes also highlights a resurgence of community life in certain places: lay movements, youth groups that accompany the elderly, and the strong presence of C\u00e1ritas.<\/p>\n<h3 data-start=\"2438\" data-end=\"2450\">Teamwork<\/h3>\n<p data-start=\"2452\" data-end=\"2911\">The shortage of priests also affects catechesis. \u201cWhen we have to schedule meetings with families and the priest, it\u2019s like doing acrobatics,\u201d says <strong data-start=\"2600\" data-end=\"2616\">Lourdes R\u00edos<\/strong>, who, together with <strong data-start=\"2637\" data-end=\"2653\">In\u00e9s Rubbini<\/strong>, is part of the catechesis team at the parish of Our Lady of Hope in Santa Pon\u00e7a. Their methods are simple and effective: activities and games. \u201cWe shouldn\u2019t scare the children, but rather help them discover a God who loves and accepts,\u201d Lourdes points out.<\/p>\n<p data-start=\"2913\" data-end=\"3517\">In\u00e9s adds the long-term goal: \u201cI want them to be left with the certainty that, if one day they need something, the Church can be a place for them. Many teenagers don\u2019t see it that way,\u201d she says. Both insist on creating \u201cpaths of continuity\u201d so that First Communion is not an exit door: children\u2019s choir, parish football teams, a youth group with social work. \u201cThere are plenty of ideas, but we need support from families and more pastoral time. Father Carlos is always rushing from one place to another because priests are scarce and everything has to be scheduled to the minute,\u201d they say with concern.<\/p>\n<h3 data-start=\"3519\" data-end=\"3553\">Why are there fewer vocations?<\/h3>\n<p data-start=\"3555\" data-end=\"4206\">Baus\u00e1 does not avoid the analysis: \u201cThere are internal and external factors.\u201d Among the former, \u201cwe haven\u2019t always given good witness: mistakes, inconsistencies, scandals that have hurt credibility.\u201d Among the latter, \u201csecularization and hedonism, which numb the deeper questions.\u201d He also notes an aging clergy and aging congregations. Even so, he insists there is hope. \u201cThere is a thirst for God among young people if you speak to them in their language and with authenticity. They\u2019re tired of fake, they need witnesses,\u201d he says. \u201cWhen we ask students about their biggest fear, 95% say loneliness, and Christianity has an answer to that,\u201d he adds.<\/p>\n<p data-start=\"4208\" data-end=\"4752\">The crisis is not only numerical but also one of identity. That is why Baus\u00e1\u2019s wish for the island is not merely to fill pews. \u201cWhat excites me more is seeing Christians rooted in Christ, unafraid to show who they are and to give a gentle witness,\u201d he emphasizes. Fuentes, meanwhile, calls for realism and creativity so that no community is left behind. And the catechists want more open doors. \u201cYou can\u2019t leave a church unlocked because of vandalism or misuse. But if it isn\u2019t open, it\u2019s hard for it to be a place of encounter,\u201d they conclude.<\/p>\n<p data-start=\"4754\" data-end=\"5008\">Everyone agrees on the same point: when the proposal is authentic, there is a response. Opening doors, adapting schedules, centralizing services, teamwork and lay leadership. And a concrete social agenda that makes the public value of the Church visible.<\/p>\n<p data-start=\"4754\" data-end=\"5008\"><a href=\"https:\/\/mallorcaglobalmag.es\/la-revista\/\" target=\"_blank\" rel=\"noopener\"><img decoding=\"async\" class=\"size-full wp-image-150636 aligncenter\" src=\"https:\/\/mallorcaglobalmag.es\/wp-content\/uploads\/2025\/12\/Footer-Adria-ENG.webp\" alt=\"Footer Adria ENG\" width=\"780\" height=\"141\" \/><\/a><\/p>\n","protected":false},"excerpt":{"rendered":"<p>Amidst a lack of succession and efforts to keep the <a href=\"https:\/\/mallorcaglobalmag.es\/en\/religious-vocations-mallorca-crisis-community\/\"> [&#8230;]<\/a><\/p>\n","protected":false},"author":2,"featured_media":150805,"comment_status":"open","ping_status":"open","sticky":false,"template":"","format":"standard","meta":{"footnotes":""},"categories":[1504,1513],"tags":[],"class_list":["post-150832","post","type-post","status-publish","format-standard","has-post-thumbnail","hentry","category-sociedad","category-society"],"yoast_head":"<!-- This site is optimized with the Yoast SEO plugin v25.2 - https:\/\/yoast.com\/wordpress\/plugins\/seo\/ -->\n<title>Vocations on the edge in Mallorca: Fewer priests, more community - Mallorca Global Mag<\/title>\n<meta name=\"description\" content=\"The shortage of priests and religious in Mallorca is redefining the pastoral landscape: new forms of community, teamwork and lay people taking centre stage.\" \/>\n<meta name=\"robots\" content=\"index, follow, max-snippet:-1, max-image-preview:large, max-video-preview:-1\" \/>\n<link rel=\"canonical\" href=\"https:\/\/mallorcaglobalmag.es\/vocaciones-religiosas-mallorca-crisis-comunidad-2\/\" \/>\n<meta property=\"og:locale\" content=\"en_US\" \/>\n<meta property=\"og:type\" content=\"article\" \/>\n<meta property=\"og:title\" content=\"Vocations on the edge in Mallorca: Fewer priests, more community - Mallorca Global Mag\" \/>\n<meta property=\"og:description\" content=\"The shortage of priests and religious in Mallorca is redefining the pastoral landscape: new forms of community, teamwork and lay people taking centre stage.\" \/>\n<meta property=\"og:url\" content=\"https:\/\/mallorcaglobalmag.es\/vocaciones-religiosas-mallorca-crisis-comunidad-2\/\" \/>\n<meta property=\"og:site_name\" content=\"Mallorca Global Mag\" \/>\n<meta property=\"article:published_time\" content=\"2026-01-13T08:01:50+00:00\" \/>\n<meta property=\"article:modified_time\" content=\"2026-01-13T08:02:09+00:00\" \/>\n<meta property=\"og:image\" content=\"https:\/\/mallorcaglobalmag.es\/wp-content\/uploads\/2025\/12\/freepik__enhance__11502-e1765470106234.webp\" \/>\n\t<meta property=\"og:image:width\" content=\"780\" \/>\n\t<meta property=\"og:image:height\" content=\"519\" \/>\n\t<meta property=\"og:image:type\" content=\"image\/webp\" \/>\n<meta name=\"author\" content=\"Mallorca Global Mag\" \/>\n<meta name=\"twitter:card\" content=\"summary_large_image\" \/>\n<meta name=\"twitter:label1\" content=\"Written by\" \/>\n\t<meta name=\"twitter:data1\" content=\"Mallorca Global Mag\" \/>\n\t<meta name=\"twitter:label2\" content=\"Est. reading time\" \/>\n\t<meta name=\"twitter:data2\" content=\"5 minutes\" \/>\n<script type=\"application\/ld+json\" class=\"yoast-schema-graph\">{\"@context\":\"https:\/\/schema.org\",\"@graph\":[{\"@type\":\"WebPage\",\"@id\":\"https:\/\/mallorcaglobalmag.es\/vocaciones-religiosas-mallorca-crisis-comunidad-2\/\",\"url\":\"https:\/\/mallorcaglobalmag.es\/vocaciones-religiosas-mallorca-crisis-comunidad-2\/\",\"name\":\"Vocations on the edge in Mallorca: Fewer priests, more community - Mallorca Global Mag\",\"isPartOf\":{\"@id\":\"https:\/\/mallorcaglobalmag.es\/#website\"},\"primaryImageOfPage\":{\"@id\":\"https:\/\/mallorcaglobalmag.es\/vocaciones-religiosas-mallorca-crisis-comunidad-2\/#primaryimage\"},\"image\":{\"@id\":\"https:\/\/mallorcaglobalmag.es\/vocaciones-religiosas-mallorca-crisis-comunidad-2\/#primaryimage\"},\"thumbnailUrl\":\"https:\/\/mallorcaglobalmag.es\/wp-content\/uploads\/2025\/12\/freepik__enhance__11502-e1765470106234.webp\",\"datePublished\":\"2026-01-13T08:01:50+00:00\",\"dateModified\":\"2026-01-13T08:02:09+00:00\",\"author\":{\"@id\":\"https:\/\/mallorcaglobalmag.es\/#\/schema\/person\/2e28dec0e3f75f19d4f9e9b7f8ff76bd\"},\"description\":\"The shortage of priests and religious in Mallorca is redefining the pastoral landscape: new forms of community, teamwork and lay people taking centre stage.\",\"breadcrumb\":{\"@id\":\"https:\/\/mallorcaglobalmag.es\/vocaciones-religiosas-mallorca-crisis-comunidad-2\/#breadcrumb\"},\"inLanguage\":\"en-US\",\"potentialAction\":[{\"@type\":\"ReadAction\",\"target\":[\"https:\/\/mallorcaglobalmag.es\/vocaciones-religiosas-mallorca-crisis-comunidad-2\/\"]}]},{\"@type\":\"ImageObject\",\"inLanguage\":\"en-US\",\"@id\":\"https:\/\/mallorcaglobalmag.es\/vocaciones-religiosas-mallorca-crisis-comunidad-2\/#primaryimage\",\"url\":\"https:\/\/mallorcaglobalmag.es\/wp-content\/uploads\/2025\/12\/freepik__enhance__11502-e1765470106234.webp\",\"contentUrl\":\"https:\/\/mallorcaglobalmag.es\/wp-content\/uploads\/2025\/12\/freepik__enhance__11502-e1765470106234.webp\",\"width\":780,\"height\":519,\"caption\":\"Juan Baus\u00e0, cuyo testimonio refleja los retos y esperanzas de la Iglesia en Mallorca.\"},{\"@type\":\"BreadcrumbList\",\"@id\":\"https:\/\/mallorcaglobalmag.es\/vocaciones-religiosas-mallorca-crisis-comunidad-2\/#breadcrumb\",\"itemListElement\":[{\"@type\":\"ListItem\",\"position\":1,\"name\":\"Portada\",\"item\":\"https:\/\/mallorcaglobalmag.es\/en\/\"},{\"@type\":\"ListItem\",\"position\":2,\"name\":\"Vocations on the edge in Mallorca: Fewer priests, more community\"}]},{\"@type\":\"WebSite\",\"@id\":\"https:\/\/mallorcaglobalmag.es\/#website\",\"url\":\"https:\/\/mallorcaglobalmag.es\/\",\"name\":\"Mallorca Global Mag\",\"description\":\"Revista de informaci\u00f3n general de Mallorca\",\"potentialAction\":[{\"@type\":\"SearchAction\",\"target\":{\"@type\":\"EntryPoint\",\"urlTemplate\":\"https:\/\/mallorcaglobalmag.es\/?s={search_term_string}\"},\"query-input\":{\"@type\":\"PropertyValueSpecification\",\"valueRequired\":true,\"valueName\":\"search_term_string\"}}],\"inLanguage\":\"en-US\"},{\"@type\":\"Person\",\"@id\":\"https:\/\/mallorcaglobalmag.es\/#\/schema\/person\/2e28dec0e3f75f19d4f9e9b7f8ff76bd\",\"name\":\"Mallorca Global Mag\",\"image\":{\"@type\":\"ImageObject\",\"inLanguage\":\"en-US\",\"@id\":\"https:\/\/mallorcaglobalmag.es\/#\/schema\/person\/image\/\",\"url\":\"https:\/\/secure.gravatar.com\/avatar\/6bc030d908f6ce901c32a088ae011f1091d5c1bbe0662d71526418b35ab10ad4?s=96&d=mm&r=g\",\"contentUrl\":\"https:\/\/secure.gravatar.com\/avatar\/6bc030d908f6ce901c32a088ae011f1091d5c1bbe0662d71526418b35ab10ad4?s=96&d=mm&r=g\",\"caption\":\"Mallorca Global Mag\"},\"sameAs\":[\"https:\/\/mallorcaglobalmag.es\/wp-admin\/\"],\"url\":\"https:\/\/mallorcaglobalmag.es\/en\/author\/joseiglesias\/\"}]}<\/script>\n<!-- \/ Yoast SEO plugin. -->","yoast_head_json":{"title":"Vocations on the edge in Mallorca: Fewer priests, more community - Mallorca Global Mag","description":"The shortage of priests and religious in Mallorca is redefining the pastoral landscape: new forms of community, teamwork and lay people taking centre stage.","robots":{"index":"index","follow":"follow","max-snippet":"max-snippet:-1","max-image-preview":"max-image-preview:large","max-video-preview":"max-video-preview:-1"},"canonical":"https:\/\/mallorcaglobalmag.es\/vocaciones-religiosas-mallorca-crisis-comunidad-2\/","og_locale":"en_US","og_type":"article","og_title":"Vocations on the edge in Mallorca: Fewer priests, more community - Mallorca Global Mag","og_description":"The shortage of priests and religious in Mallorca is redefining the pastoral landscape: new forms of community, teamwork and lay people taking centre stage.","og_url":"https:\/\/mallorcaglobalmag.es\/vocaciones-religiosas-mallorca-crisis-comunidad-2\/","og_site_name":"Mallorca Global Mag","article_published_time":"2026-01-13T08:01:50+00:00","article_modified_time":"2026-01-13T08:02:09+00:00","og_image":[{"width":780,"height":519,"url":"https:\/\/mallorcaglobalmag.es\/wp-content\/uploads\/2025\/12\/freepik__enhance__11502-e1765470106234.webp","type":"image\/webp"}],"author":"Mallorca Global Mag","twitter_card":"summary_large_image","twitter_misc":{"Written by":"Mallorca Global Mag","Est. reading time":"5 minutes"},"schema":{"@context":"https:\/\/schema.org","@graph":[{"@type":"WebPage","@id":"https:\/\/mallorcaglobalmag.es\/vocaciones-religiosas-mallorca-crisis-comunidad-2\/","url":"https:\/\/mallorcaglobalmag.es\/vocaciones-religiosas-mallorca-crisis-comunidad-2\/","name":"Vocations on the edge in Mallorca: Fewer priests, more community - Mallorca Global Mag","isPartOf":{"@id":"https:\/\/mallorcaglobalmag.es\/#website"},"primaryImageOfPage":{"@id":"https:\/\/mallorcaglobalmag.es\/vocaciones-religiosas-mallorca-crisis-comunidad-2\/#primaryimage"},"image":{"@id":"https:\/\/mallorcaglobalmag.es\/vocaciones-religiosas-mallorca-crisis-comunidad-2\/#primaryimage"},"thumbnailUrl":"https:\/\/mallorcaglobalmag.es\/wp-content\/uploads\/2025\/12\/freepik__enhance__11502-e1765470106234.webp","datePublished":"2026-01-13T08:01:50+00:00","dateModified":"2026-01-13T08:02:09+00:00","author":{"@id":"https:\/\/mallorcaglobalmag.es\/#\/schema\/person\/2e28dec0e3f75f19d4f9e9b7f8ff76bd"},"description":"The shortage of priests and religious in Mallorca is redefining the pastoral landscape: new forms of community, teamwork and lay people taking centre stage.","breadcrumb":{"@id":"https:\/\/mallorcaglobalmag.es\/vocaciones-religiosas-mallorca-crisis-comunidad-2\/#breadcrumb"},"inLanguage":"en-US","potentialAction":[{"@type":"ReadAction","target":["https:\/\/mallorcaglobalmag.es\/vocaciones-religiosas-mallorca-crisis-comunidad-2\/"]}]},{"@type":"ImageObject","inLanguage":"en-US","@id":"https:\/\/mallorcaglobalmag.es\/vocaciones-religiosas-mallorca-crisis-comunidad-2\/#primaryimage","url":"https:\/\/mallorcaglobalmag.es\/wp-content\/uploads\/2025\/12\/freepik__enhance__11502-e1765470106234.webp","contentUrl":"https:\/\/mallorcaglobalmag.es\/wp-content\/uploads\/2025\/12\/freepik__enhance__11502-e1765470106234.webp","width":780,"height":519,"caption":"Juan Baus\u00e0, cuyo testimonio refleja los retos y esperanzas de la Iglesia en Mallorca."},{"@type":"BreadcrumbList","@id":"https:\/\/mallorcaglobalmag.es\/vocaciones-religiosas-mallorca-crisis-comunidad-2\/#breadcrumb","itemListElement":[{"@type":"ListItem","position":1,"name":"Portada","item":"https:\/\/mallorcaglobalmag.es\/en\/"},{"@type":"ListItem","position":2,"name":"Vocations on the edge in Mallorca: Fewer priests, more community"}]},{"@type":"WebSite","@id":"https:\/\/mallorcaglobalmag.es\/#website","url":"https:\/\/mallorcaglobalmag.es\/","name":"Mallorca Global Mag","description":"Revista de informaci\u00f3n general de Mallorca","potentialAction":[{"@type":"SearchAction","target":{"@type":"EntryPoint","urlTemplate":"https:\/\/mallorcaglobalmag.es\/?s={search_term_string}"},"query-input":{"@type":"PropertyValueSpecification","valueRequired":true,"valueName":"search_term_string"}}],"inLanguage":"en-US"},{"@type":"Person","@id":"https:\/\/mallorcaglobalmag.es\/#\/schema\/person\/2e28dec0e3f75f19d4f9e9b7f8ff76bd","name":"Mallorca Global Mag","image":{"@type":"ImageObject","inLanguage":"en-US","@id":"https:\/\/mallorcaglobalmag.es\/#\/schema\/person\/image\/","url":"https:\/\/secure.gravatar.com\/avatar\/6bc030d908f6ce901c32a088ae011f1091d5c1bbe0662d71526418b35ab10ad4?s=96&d=mm&r=g","contentUrl":"https:\/\/secure.gravatar.com\/avatar\/6bc030d908f6ce901c32a088ae011f1091d5c1bbe0662d71526418b35ab10ad4?s=96&d=mm&r=g","caption":"Mallorca Global Mag"},"sameAs":["https:\/\/mallorcaglobalmag.es\/wp-admin\/"],"url":"https:\/\/mallorcaglobalmag.es\/en\/author\/joseiglesias\/"}]}},"_links":{"self":[{"href":"https:\/\/mallorcaglobalmag.es\/en\/wp-json\/wp\/v2\/posts\/150832","targetHints":{"allow":["GET"]}}],"collection":[{"href":"https:\/\/mallorcaglobalmag.es\/en\/wp-json\/wp\/v2\/posts"}],"about":[{"href":"https:\/\/mallorcaglobalmag.es\/en\/wp-json\/wp\/v2\/types\/post"}],"author":[{"embeddable":true,"href":"https:\/\/mallorcaglobalmag.es\/en\/wp-json\/wp\/v2\/users\/2"}],"replies":[{"embeddable":true,"href":"https:\/\/mallorcaglobalmag.es\/en\/wp-json\/wp\/v2\/comments?post=150832"}],"version-history":[{"count":9,"href":"https:\/\/mallorcaglobalmag.es\/en\/wp-json\/wp\/v2\/posts\/150832\/revisions"}],"predecessor-version":[{"id":151975,"href":"https:\/\/mallorcaglobalmag.es\/en\/wp-json\/wp\/v2\/posts\/150832\/revisions\/151975"}],"wp:featuredmedia":[{"embeddable":true,"href":"https:\/\/mallorcaglobalmag.es\/en\/wp-json\/wp\/v2\/media\/150805"}],"wp:attachment":[{"href":"https:\/\/mallorcaglobalmag.es\/en\/wp-json\/wp\/v2\/media?parent=150832"}],"wp:term":[{"taxonomy":"category","embeddable":true,"href":"https:\/\/mallorcaglobalmag.es\/en\/wp-json\/wp\/v2\/categories?post=150832"},{"taxonomy":"post_tag","embeddable":true,"href":"https:\/\/mallorcaglobalmag.es\/en\/wp-json\/wp\/v2\/tags?post=150832"}],"curies":[{"name":"wp","href":"https:\/\/api.w.org\/{rel}","templated":true}]}}