{"id":121376,"date":"2025-07-23T12:14:32","date_gmt":"2025-07-23T10:14:32","guid":{"rendered":"https:\/\/mallorcaglobalmag.es\/la-patrona-pollenca-2025\/"},"modified":"2025-07-23T12:57:09","modified_gmt":"2025-07-23T10:57:09","slug":"la-patrona-pollenca-2025","status":"publish","type":"post","link":"https:\/\/mallorcaglobalmag.es\/en\/la-patrona-pollenca-2025\/","title":{"rendered":"La Patrona de Pollen\u00e7a 2025: a week of celebration, culture and devotion"},"content":{"rendered":"<p>From <strong>26 July to 2 August<\/strong>, <strong>Pollen\u00e7a<\/strong> dresses up to celebrate one of its most beloved traditions: the <strong>Festes de La Patrona 2025<\/strong>. For more than a week, this Mallorcan town becomes a lively meeting point filled with <strong>music, colour and tradition<\/strong>, in honour of the <strong>Mare de D\u00e9u dels \u00c0ngels<\/strong>, the town\u2019s patron saint.<\/p>\n<div id=\"attachment_48004\" style=\"width: 790px\" class=\"wp-caption aligncenter\"><img decoding=\"async\" aria-describedby=\"caption-attachment-48004\" class=\"wp-image-48004 size-full\" src=\"https:\/\/mallorcaglobalmag.es\/wp-content\/uploads\/patrona-pollenca-2022-ajuntament-pollenca1-e1753265338829.jpg\" alt=\"La Patrona Pollen\u00e7a 2022\" width=\"780\" height=\"520\" \/><p id=\"caption-attachment-48004\" class=\"wp-caption-text\">Dance of the <em>cossiers<\/em>. Photo: Ajuntament de Pollen\u00e7a.<\/p><\/div>\n<p>The festive programme blends <strong>religious, cultural and leisure events<\/strong> that reflect the welcoming and participative spirit of the Pollen\u00e7a community. From <strong>children\u2019s workshops, exhibitions and concerts<\/strong> to <strong>theatre performances, parades, traditional dances and fireworks<\/strong>, the activities are designed for <strong>audiences of all ages<\/strong>.<\/p>\n<p>Highlights include the traditional <strong><em>Alborada<\/em><\/strong>, the <strong><em>ball dels Cossiers<\/em><\/strong>, the <strong><em>preg\u00f3<\/em><\/strong>, the popular <strong><em>Pa amb oli<\/em><\/strong>, the <strong><em>Dragut Fest<\/em><\/strong>, the show <em><strong>Habemus papam<\/strong><\/em> with <strong>Agust\u00edn El Casta<\/strong> and <strong>Sweet Duo<\/strong>, and the lively <strong><em>revetles<\/em><\/strong> that bring rhythm to the nights at the Pla\u00e7a Major.<\/p>\n<h2><strong>The <em>Moros i Cristians<\/em> re-enactment<\/strong><\/h2>\n<div id=\"attachment_48010\" style=\"width: 1034px\" class=\"wp-caption aligncenter\"><img decoding=\"async\" aria-describedby=\"caption-attachment-48010\" class=\"size-large wp-image-48010\" src=\"https:\/\/mallorcaglobalmag.es\/wp-content\/uploads\/\/patrona-pollenca-2022-ajuntament-pollenca5-1024x683.jpg\" alt=\"La Patrona Pollen\u00e7a 2022\" width=\"1024\" height=\"683\" \/><p id=\"caption-attachment-48010\" class=\"wp-caption-text\">Re-enactment of the <em>Moros i Cristians<\/em> battle. Photo: Ajuntament de Pollen\u00e7a.<\/p><\/div>\n<p>The high point arrives on <strong>2 August<\/strong> with the renowned <strong><em>Moros i Cristians<\/em><\/strong> re-enactment \u2014 a dramatic performance that commemorates the town\u2019s defence against the pirate Dragut. This symbolic and emotional event involves hundreds of locals dressed in traditional costumes, recreating the historical battle with pride and passion. The atmosphere, costumes and community spirit make this one of the most unforgettable moments of the festival.<\/p>\n<p>The 2025 edition of the Festes de la Patrona de Pollen\u00e7a promises once again to be a vibrant expression of Mallorcan tradition and a heartfelt celebration that brings the whole town together.<\/p>\n<h2>Programme of the Festes de La Patrona de Pollen\u00e7a 2025<\/h2>\n<h3><strong><img decoding=\"async\" class=\"size-full wp-image-121370 alignright\" src=\"https:\/\/mallorcaglobalmag.es\/wp-content\/uploads\/2025\/07\/La-Patrona-2025-cartel.webp\" alt=\"La Patrona de Pollen\u00e7a 2025\" width=\"300\" height=\"406\" \/>Saturday 26 July<\/strong><\/h3>\n<ul>\n<li>10:00 \u2013 12:00 h. Artisan demonstration of <em>espardenyes<\/em> making by Pere Parets. Location: Can Xumet.<\/li>\n<li>14:00 h. <em>Canonades<\/em>, fireworks, bell ringing and the official opening with the town crier. Parade by Banda de Cornetes i Tambors del Sold\u00e0. Location: Pla\u00e7a de Monti-sion.<\/li>\n<li>19:30 h. Parade by the Banda de Cornetes i Tambors del Sold\u00e0. Location: streets of Pollen\u00e7a.<\/li>\n<li>22:00 h. Opening speech by Mart\u00ed Solivellas Ferrer. Concert by the Banda de M\u00fasica and granizado for attendees. Location: Claustre de Sant Domingo.<\/li>\n<\/ul>\n<h3><strong>Sunday 27 July<\/strong><\/h3>\n<ul>\n<li>17:30 h. XIX Trobada dels Gegants de Mallorca. Location: Via Pollentia.<\/li>\n<li>18:00 h. Parade of the <em>gegants<\/em>. Location: Via Pollentia and surrounding streets.<\/li>\n<li>21:30 h. Performance \u201cHabemus papam\u201d with Agust\u00edn El Casta and Sweet Duo. In aid of ASPANOB. Price: \u20ac23 advance, \u20ac25 at the door. Location: Claustre de Sant Domingo.<\/li>\n<li>23:00 h. Revetla with Dinamo, Vao Com Tudo and Spicy Lovers. Location: Pla\u00e7a Major.<\/li>\n<\/ul>\n<h3><strong>Monday 28 July<\/strong><\/h3>\n<ul>\n<li>19:00 h. Gimcana jove (Grand Prix). Location: Pla\u00e7a de Ca les Monnares.<\/li>\n<li>20:00 h. Solidarity Pa amb oli. Price: \u20ac15. Location: Jardins de Joan March.<\/li>\n<li>22:00 h. Ball de pag\u00e8s by Rac\u00f3 de Tramuntana. Location: Carrer de Pere Josep C\u00e0naves.<\/li>\n<\/ul>\n<h3><strong>Tuesday 29 July<\/strong><\/h3>\n<ul>\n<li>19:00 h. Dragut Fest. Preparation for the children&#8217;s re-enactment. Location: Ca n\u2019Escarrinxo.<\/li>\n<li>19:30 h. Children\u2019s mock battle. Location: Ca n\u2019Escarrinxo.<\/li>\n<li>20:00 h. Circus performance by Cap de Fibl\u00f3. Location: Ca n\u2019Escarrinxo.<\/li>\n<li>20:30 h. Dragut Fest concert with Miss Loopita, Baobab Roots, DJ Fuaka and DJ Jahrice. Location: Ca n\u2019Escarrinxo.<\/li>\n<li>20:30 h. Ball en l\u00ednia (dress code: red and black). Location: Pla\u00e7a de Ca les Monnares.<\/li>\n<li>21:30 h. Theatre: <em>Amor de Pagesia \u201cN\u2019Aineta\u201d<\/em>. Price: \u20ac12. Location: Claustre de Sant Domingo.<\/li>\n<\/ul>\n<h3><strong>Wednesday 30 July<\/strong><\/h3>\n<ul>\n<li>19:00 h. Screening of the children\u2019s Moros i Cristians short film. Location: Club Pollen\u00e7a.<\/li>\n<li>20:00 h. Children\u2019s show by Toc i Pam. Location: Pla\u00e7a de Ca les Monnares.<\/li>\n<li>22:00 h. Charity concert by Cap Pela. Donation: \u20ac15. Location: Claustre de Sant Domingo.<\/li>\n<li>22:30 h. Ballroom dancing with Orquestra Oasis. Location: Pla\u00e7a Major.<\/li>\n<\/ul>\n<h3><strong>Thursday 31 July<\/strong><\/h3>\n<ul>\n<li>18:30 \u2013 20:30 h. Workshop and games with <em>baldufes<\/em>. Location: Carrer de Pere Josep C\u00e0naves.<\/li>\n<li>19:30 h. Presentation of the magazine <em>Cala Murta<\/em> and poetic concert. Location: Sala Ignasi Rotger.<\/li>\n<li>22:30 h. Marcha Fresca (Pla\u00e7a Major) and Fresketa (Pla\u00e7a Vella) with guest DJs.<\/li>\n<li>00:00 \u2013 05:30 h. Shuttle bus: Pollen\u00e7a \u2013 Cala Sant Vicen\u00e7 \u2013 Port de Pollen\u00e7a. TIB stops.<\/li>\n<\/ul>\n<h3><strong>Friday 1 August<\/strong><\/h3>\n<ul>\n<li>19:00 h. Storytelling <em>Un poble valent<\/em> and children\u2019s workshop. Location: Jardins de Joan March.<\/li>\n<li>20:00 h. Cercavila with caparrots, Banda de Cornetes i Tambors del Sold\u00e0 and Banda de M\u00fasica. Location: streets of Pollen\u00e7a.<\/li>\n<li>23:00 h. Revetla with Fen\u00f3menos Band, Aftersuns and Discovers. Location: Pla\u00e7a Major.<\/li>\n<li>00:00 \u2013 05:30 h. Shuttle bus: Pollen\u00e7a \u2013 Cala Sant Vicen\u00e7 \u2013 Port de Pollen\u00e7a. TIB stops.<\/li>\n<\/ul>\n<h3><strong><img decoding=\"async\" class=\"size-full wp-image-121368 alignright\" src=\"https:\/\/mallorcaglobalmag.es\/wp-content\/uploads\/2025\/07\/Festes-Patrona-Pollenca-2025-Cartel.webp\" alt=\"La Patrona de Pollen\u00e7a 2025\" width=\"300\" height=\"377\" \/>Saturday 2 August<\/strong><\/h3>\n<ul>\n<li>05:00 h. <em>Alborada<\/em> through the streets of Pollen\u00e7a (starting point: Pla\u00e7a Major).<\/li>\n<li>08:30 h. <em>Alborada<\/em> at Pla\u00e7a de Cala Molins, Cala de Sant Vicen\u00e7.<\/li>\n<li>09:15 h. <em>Alborada<\/em> in Port de Pollen\u00e7a.<\/li>\n<li>11:00 h. Major mass and <em>ball de l\u2019Oferta<\/em> by the <em>cossiers<\/em>. Location: Parish church.<\/li>\n<li>12:15 h. Ball dels Cossiers. Location: Pla\u00e7a Major.<\/li>\n<li>13:30 h. Community aperitif. Location: Ajuntament.<\/li>\n<li>17:00 h. Parade by the Tropa de Cornetes i Tambors del Sold\u00e0.<\/li>\n<li>17:30 h. Procession with the ancient image of the Patrona.<\/li>\n<li>19:00 h. Re-enactment of the Moros i Cristians battle.<\/li>\n<li>21:30 h. <em>Ted\u00e8um<\/em> and <em>Goigs<\/em> by Costa i Llobera. Location: Pla\u00e7a Major.<\/li>\n<li>23:30 h. Fireworks display.<\/li>\n<\/ul>\n","protected":false},"excerpt":{"rendered":"<p>From 26 July to 2 August, Pollen\u00e7a dresses up to <a href=\"https:\/\/mallorcaglobalmag.es\/en\/la-patrona-pollenca-2025\/\"> [&#8230;]<\/a><\/p>\n","protected":false},"author":4,"featured_media":48005,"comment_status":"open","ping_status":"open","sticky":false,"template":"","format":"standard","meta":{"footnotes":""},"categories":[1514],"tags":[],"class_list":["post-121376","post","type-post","status-publish","format-standard","has-post-thumbnail","hentry","category-culture"],"yoast_head":"<!-- This site is optimized with the Yoast SEO plugin v25.2 - https:\/\/yoast.com\/wordpress\/plugins\/seo\/ -->\n<title>La Patrona de Pollen\u00e7a 2025: check the programme of events - Mallorca Global Mag<\/title>\n<meta name=\"description\" content=\"La Patrona de Pollen\u00e7a 2025 festivities arrive with a programme full of diverse activities from 26 July to 2 August.\" \/>\n<meta name=\"robots\" content=\"index, follow, max-snippet:-1, max-image-preview:large, max-video-preview:-1\" \/>\n<link rel=\"canonical\" href=\"https:\/\/mallorcaglobalmag.es\/en\/la-patrona-pollenca-2025\/\" \/>\n<meta property=\"og:locale\" content=\"en_US\" \/>\n<meta property=\"og:type\" content=\"article\" \/>\n<meta property=\"og:title\" content=\"La Patrona de Pollen\u00e7a 2025: check the programme of events - Mallorca Global Mag\" \/>\n<meta property=\"og:description\" content=\"La Patrona de Pollen\u00e7a 2025 festivities arrive with a programme full of diverse activities from 26 July to 2 August.\" \/>\n<meta property=\"og:url\" content=\"https:\/\/mallorcaglobalmag.es\/en\/la-patrona-pollenca-2025\/\" \/>\n<meta property=\"og:site_name\" content=\"Mallorca Global Mag\" \/>\n<meta property=\"article:published_time\" content=\"2025-07-23T10:14:32+00:00\" \/>\n<meta property=\"article:modified_time\" content=\"2025-07-23T10:57:09+00:00\" \/>\n<meta property=\"og:image\" content=\"https:\/\/mallorcaglobalmag.es\/wp-content\/uploads\/patrona-pollenca-2022-ajuntament-pollenca1-e1753265338829.jpg\" \/>\n\t<meta property=\"og:image:width\" content=\"1200\" \/>\n\t<meta property=\"og:image:height\" content=\"800\" \/>\n\t<meta property=\"og:image:type\" content=\"image\/jpeg\" \/>\n<meta name=\"author\" content=\"Redacci\u00f3n\" \/>\n<meta name=\"twitter:card\" content=\"summary_large_image\" \/>\n<meta name=\"twitter:label1\" content=\"Written by\" \/>\n\t<meta name=\"twitter:data1\" content=\"Redacci\u00f3n\" \/>\n\t<meta name=\"twitter:label2\" content=\"Est. reading time\" \/>\n\t<meta name=\"twitter:data2\" content=\"5 minutes\" \/>\n<script type=\"application\/ld+json\" class=\"yoast-schema-graph\">{\"@context\":\"https:\/\/schema.org\",\"@graph\":[{\"@type\":\"WebPage\",\"@id\":\"https:\/\/mallorcaglobalmag.es\/en\/la-patrona-pollenca-2025\/\",\"url\":\"https:\/\/mallorcaglobalmag.es\/en\/la-patrona-pollenca-2025\/\",\"name\":\"La Patrona de Pollen\u00e7a 2025: check the programme of events - Mallorca Global Mag\",\"isPartOf\":{\"@id\":\"https:\/\/mallorcaglobalmag.es\/#website\"},\"primaryImageOfPage\":{\"@id\":\"https:\/\/mallorcaglobalmag.es\/en\/la-patrona-pollenca-2025\/#primaryimage\"},\"image\":{\"@id\":\"https:\/\/mallorcaglobalmag.es\/en\/la-patrona-pollenca-2025\/#primaryimage\"},\"thumbnailUrl\":\"https:\/\/mallorcaglobalmag.es\/wp-content\/uploads\/patrona-pollenca-2022-ajuntament-pollenca1-e1753265338829.jpg\",\"datePublished\":\"2025-07-23T10:14:32+00:00\",\"dateModified\":\"2025-07-23T10:57:09+00:00\",\"author\":{\"@id\":\"https:\/\/mallorcaglobalmag.es\/#\/schema\/person\/9a3cf523d44bd4905a14be13db051907\"},\"description\":\"La Patrona de Pollen\u00e7a 2025 festivities arrive with a programme full of diverse activities from 26 July to 2 August.\",\"breadcrumb\":{\"@id\":\"https:\/\/mallorcaglobalmag.es\/en\/la-patrona-pollenca-2025\/#breadcrumb\"},\"inLanguage\":\"en-US\",\"potentialAction\":[{\"@type\":\"ReadAction\",\"target\":[\"https:\/\/mallorcaglobalmag.es\/en\/la-patrona-pollenca-2025\/\"]}]},{\"@type\":\"ImageObject\",\"inLanguage\":\"en-US\",\"@id\":\"https:\/\/mallorcaglobalmag.es\/en\/la-patrona-pollenca-2025\/#primaryimage\",\"url\":\"https:\/\/mallorcaglobalmag.es\/wp-content\/uploads\/patrona-pollenca-2022-ajuntament-pollenca1-e1753265338829.jpg\",\"contentUrl\":\"https:\/\/mallorcaglobalmag.es\/wp-content\/uploads\/patrona-pollenca-2022-ajuntament-pollenca1-e1753265338829.jpg\",\"width\":1200,\"height\":800,\"caption\":\"Baile de los cossiers. Foto: Ajuntament de Pollen\u00e7a.\"},{\"@type\":\"BreadcrumbList\",\"@id\":\"https:\/\/mallorcaglobalmag.es\/en\/la-patrona-pollenca-2025\/#breadcrumb\",\"itemListElement\":[{\"@type\":\"ListItem\",\"position\":1,\"name\":\"Portada\",\"item\":\"https:\/\/mallorcaglobalmag.es\/en\/\"},{\"@type\":\"ListItem\",\"position\":2,\"name\":\"La Patrona de Pollen\u00e7a 2025: a week of celebration, culture and devotion\"}]},{\"@type\":\"WebSite\",\"@id\":\"https:\/\/mallorcaglobalmag.es\/#website\",\"url\":\"https:\/\/mallorcaglobalmag.es\/\",\"name\":\"Mallorca Global Mag\",\"description\":\"Revista de informaci\u00f3n general de Mallorca\",\"potentialAction\":[{\"@type\":\"SearchAction\",\"target\":{\"@type\":\"EntryPoint\",\"urlTemplate\":\"https:\/\/mallorcaglobalmag.es\/?s={search_term_string}\"},\"query-input\":{\"@type\":\"PropertyValueSpecification\",\"valueRequired\":true,\"valueName\":\"search_term_string\"}}],\"inLanguage\":\"en-US\"},{\"@type\":\"Person\",\"@id\":\"https:\/\/mallorcaglobalmag.es\/#\/schema\/person\/9a3cf523d44bd4905a14be13db051907\",\"name\":\"Redacci\u00f3n\",\"image\":{\"@type\":\"ImageObject\",\"inLanguage\":\"en-US\",\"@id\":\"https:\/\/mallorcaglobalmag.es\/#\/schema\/person\/image\/\",\"url\":\"https:\/\/secure.gravatar.com\/avatar\/54a4bcd1a68eccdda3505d7ee5d6ebb8e5dd78095a07d388940305fac2e49572?s=96&d=mm&r=g\",\"contentUrl\":\"https:\/\/secure.gravatar.com\/avatar\/54a4bcd1a68eccdda3505d7ee5d6ebb8e5dd78095a07d388940305fac2e49572?s=96&d=mm&r=g\",\"caption\":\"Redacci\u00f3n\"},\"url\":\"https:\/\/mallorcaglobalmag.es\/en\/author\/elena\/\"}]}<\/script>\n<!-- \/ Yoast SEO plugin. -->","yoast_head_json":{"title":"La Patrona de Pollen\u00e7a 2025: check the programme of events - Mallorca Global Mag","description":"La Patrona de Pollen\u00e7a 2025 festivities arrive with a programme full of diverse activities from 26 July to 2 August.","robots":{"index":"index","follow":"follow","max-snippet":"max-snippet:-1","max-image-preview":"max-image-preview:large","max-video-preview":"max-video-preview:-1"},"canonical":"https:\/\/mallorcaglobalmag.es\/en\/la-patrona-pollenca-2025\/","og_locale":"en_US","og_type":"article","og_title":"La Patrona de Pollen\u00e7a 2025: check the programme of events - Mallorca Global Mag","og_description":"La Patrona de Pollen\u00e7a 2025 festivities arrive with a programme full of diverse activities from 26 July to 2 August.","og_url":"https:\/\/mallorcaglobalmag.es\/en\/la-patrona-pollenca-2025\/","og_site_name":"Mallorca Global Mag","article_published_time":"2025-07-23T10:14:32+00:00","article_modified_time":"2025-07-23T10:57:09+00:00","og_image":[{"width":1200,"height":800,"url":"https:\/\/mallorcaglobalmag.es\/wp-content\/uploads\/patrona-pollenca-2022-ajuntament-pollenca1-e1753265338829.jpg","type":"image\/jpeg"}],"author":"Redacci\u00f3n","twitter_card":"summary_large_image","twitter_misc":{"Written by":"Redacci\u00f3n","Est. reading time":"5 minutes"},"schema":{"@context":"https:\/\/schema.org","@graph":[{"@type":"WebPage","@id":"https:\/\/mallorcaglobalmag.es\/en\/la-patrona-pollenca-2025\/","url":"https:\/\/mallorcaglobalmag.es\/en\/la-patrona-pollenca-2025\/","name":"La Patrona de Pollen\u00e7a 2025: check the programme of events - Mallorca Global Mag","isPartOf":{"@id":"https:\/\/mallorcaglobalmag.es\/#website"},"primaryImageOfPage":{"@id":"https:\/\/mallorcaglobalmag.es\/en\/la-patrona-pollenca-2025\/#primaryimage"},"image":{"@id":"https:\/\/mallorcaglobalmag.es\/en\/la-patrona-pollenca-2025\/#primaryimage"},"thumbnailUrl":"https:\/\/mallorcaglobalmag.es\/wp-content\/uploads\/patrona-pollenca-2022-ajuntament-pollenca1-e1753265338829.jpg","datePublished":"2025-07-23T10:14:32+00:00","dateModified":"2025-07-23T10:57:09+00:00","author":{"@id":"https:\/\/mallorcaglobalmag.es\/#\/schema\/person\/9a3cf523d44bd4905a14be13db051907"},"description":"La Patrona de Pollen\u00e7a 2025 festivities arrive with a programme full of diverse activities from 26 July to 2 August.","breadcrumb":{"@id":"https:\/\/mallorcaglobalmag.es\/en\/la-patrona-pollenca-2025\/#breadcrumb"},"inLanguage":"en-US","potentialAction":[{"@type":"ReadAction","target":["https:\/\/mallorcaglobalmag.es\/en\/la-patrona-pollenca-2025\/"]}]},{"@type":"ImageObject","inLanguage":"en-US","@id":"https:\/\/mallorcaglobalmag.es\/en\/la-patrona-pollenca-2025\/#primaryimage","url":"https:\/\/mallorcaglobalmag.es\/wp-content\/uploads\/patrona-pollenca-2022-ajuntament-pollenca1-e1753265338829.jpg","contentUrl":"https:\/\/mallorcaglobalmag.es\/wp-content\/uploads\/patrona-pollenca-2022-ajuntament-pollenca1-e1753265338829.jpg","width":1200,"height":800,"caption":"Baile de los cossiers. Foto: Ajuntament de Pollen\u00e7a."},{"@type":"BreadcrumbList","@id":"https:\/\/mallorcaglobalmag.es\/en\/la-patrona-pollenca-2025\/#breadcrumb","itemListElement":[{"@type":"ListItem","position":1,"name":"Portada","item":"https:\/\/mallorcaglobalmag.es\/en\/"},{"@type":"ListItem","position":2,"name":"La Patrona de Pollen\u00e7a 2025: a week of celebration, culture and devotion"}]},{"@type":"WebSite","@id":"https:\/\/mallorcaglobalmag.es\/#website","url":"https:\/\/mallorcaglobalmag.es\/","name":"Mallorca Global Mag","description":"Revista de informaci\u00f3n general de Mallorca","potentialAction":[{"@type":"SearchAction","target":{"@type":"EntryPoint","urlTemplate":"https:\/\/mallorcaglobalmag.es\/?s={search_term_string}"},"query-input":{"@type":"PropertyValueSpecification","valueRequired":true,"valueName":"search_term_string"}}],"inLanguage":"en-US"},{"@type":"Person","@id":"https:\/\/mallorcaglobalmag.es\/#\/schema\/person\/9a3cf523d44bd4905a14be13db051907","name":"Redacci\u00f3n","image":{"@type":"ImageObject","inLanguage":"en-US","@id":"https:\/\/mallorcaglobalmag.es\/#\/schema\/person\/image\/","url":"https:\/\/secure.gravatar.com\/avatar\/54a4bcd1a68eccdda3505d7ee5d6ebb8e5dd78095a07d388940305fac2e49572?s=96&d=mm&r=g","contentUrl":"https:\/\/secure.gravatar.com\/avatar\/54a4bcd1a68eccdda3505d7ee5d6ebb8e5dd78095a07d388940305fac2e49572?s=96&d=mm&r=g","caption":"Redacci\u00f3n"},"url":"https:\/\/mallorcaglobalmag.es\/en\/author\/elena\/"}]}},"_links":{"self":[{"href":"https:\/\/mallorcaglobalmag.es\/en\/wp-json\/wp\/v2\/posts\/121376","targetHints":{"allow":["GET"]}}],"collection":[{"href":"https:\/\/mallorcaglobalmag.es\/en\/wp-json\/wp\/v2\/posts"}],"about":[{"href":"https:\/\/mallorcaglobalmag.es\/en\/wp-json\/wp\/v2\/types\/post"}],"author":[{"embeddable":true,"href":"https:\/\/mallorcaglobalmag.es\/en\/wp-json\/wp\/v2\/users\/4"}],"replies":[{"embeddable":true,"href":"https:\/\/mallorcaglobalmag.es\/en\/wp-json\/wp\/v2\/comments?post=121376"}],"version-history":[{"count":2,"href":"https:\/\/mallorcaglobalmag.es\/en\/wp-json\/wp\/v2\/posts\/121376\/revisions"}],"predecessor-version":[{"id":121378,"href":"https:\/\/mallorcaglobalmag.es\/en\/wp-json\/wp\/v2\/posts\/121376\/revisions\/121378"}],"wp:featuredmedia":[{"embeddable":true,"href":"https:\/\/mallorcaglobalmag.es\/en\/wp-json\/wp\/v2\/media\/48005"}],"wp:attachment":[{"href":"https:\/\/mallorcaglobalmag.es\/en\/wp-json\/wp\/v2\/media?parent=121376"}],"wp:term":[{"taxonomy":"category","embeddable":true,"href":"https:\/\/mallorcaglobalmag.es\/en\/wp-json\/wp\/v2\/categories?post=121376"},{"taxonomy":"post_tag","embeddable":true,"href":"https:\/\/mallorcaglobalmag.es\/en\/wp-json\/wp\/v2\/tags?post=121376"}],"curies":[{"name":"wp","href":"https:\/\/api.w.org\/{rel}","templated":true}]}}