{"id":109644,"date":"2024-09-25T09:00:56","date_gmt":"2024-09-25T07:00:56","guid":{"rendered":"https:\/\/mallorcaglobalmag.es\/?p=109644"},"modified":"2024-09-24T12:10:20","modified_gmt":"2024-09-24T10:10:20","slug":"fira-dolca-2024-esporles","status":"publish","type":"post","link":"https:\/\/mallorcaglobalmag.es\/en\/fira-dolca-2024-esporles\/","title":{"rendered":"The Fira Dol\u00e7a 2024 in Esporles will have its own Night of Art"},"content":{"rendered":"<p>On Sunday, October 6, Esporles will celebrate the XVIII edition of the Fira Dol\u00e7a. An event that has become a true celebration of the rich pastry and local products of the Balearic Islands. This 2024, the fair promises to be even more special with the incorporation of new activities and a festive atmosphere for the whole family.<\/p>\n<p>The mayor of Esporles, Josep Ferr\u00e0, along with the councilor for Economic Promotion, Jaume Terrassa, have recently presented the fair\u2019s poster. The design is by Joan Gonz\u00e1lez, photographed by local artist Margarida Carri\u00f3. This presentation has generated great excitement among the residents and visitors of the town, who are eager to enjoy a day full of sweetness and fun.<\/p>\n<p><img decoding=\"async\" class=\"size-full wp-image-109638 aligncenter\" src=\"https:\/\/mallorcaglobalmag.es\/wp-content\/uploads\/2024\/09\/fira-dolca-esporles-2024.webp\" alt=\"fira dolca esporles 2024\" width=\"1000\" height=\"671\" \/><\/p>\n<h2>Fira Dol\u00e7a 2024: news<\/h2>\n<p>One of the most notable novelties this year will be the <strong>&#8220;Dol\u00e7a Nit de l&#8217;Art&#8221;<\/strong>, which will take place on <strong>Saturday, October 5<\/strong>. During this day, attendees will enjoy a wide variety of local works and artists, as well as a <strong>wine and cake pairing<\/strong>, thanks to the collaboration of the Denomination of Origin Pla and Llevant and the renowned pastry chef Llu\u00eds P\u00e9rez. The inauguration of an <strong>exhibition by artist Tete Matas<\/strong> will also be part of this event, which will be complemented by music and a party hosted by <strong>Verdesca<\/strong>, as an appetizer for the big celebration on Sunday.<\/p>\n<p>On the day of the Fira Dol\u00e7a 2024, Esporles will transform into a feast for the senses. Bakeries, shops, and businesses will offer a wide variety of sweets and artisanal products. Visitors will be able to taste classics of Mallorcan pastry such as <em><strong>ensa\u00efmades, crespells, coques, <\/strong><\/em><strong>ice creams<\/strong>, and an abundance of chocolate, all distributed among the colorful stalls and stands that will adorn the most central streets of Esporles.<\/p>\n<h2>Fira Dol\u00e7a Program<\/h2>\n<p><img decoding=\"async\" class=\"aligncenter wp-image-36649 size-large\" src=\"https:\/\/mallorcaglobalmag.es\/wp-content\/uploads\/\/Fira-Dolca-Esporles-Mallorca-1024x576.jpeg\" alt=\"Fira Dol\u00e7a Esporles Mallorca\" width=\"1024\" height=\"576\" srcset=\"https:\/\/mallorcaglobalmag.es\/wp-content\/uploads\/Fira-Dolca-Esporles-Mallorca-200x113.jpeg 200w, https:\/\/mallorcaglobalmag.es\/wp-content\/uploads\/Fira-Dolca-Esporles-Mallorca-300x169.jpeg 300w, https:\/\/mallorcaglobalmag.es\/wp-content\/uploads\/Fira-Dolca-Esporles-Mallorca-400x225.jpeg 400w, https:\/\/mallorcaglobalmag.es\/wp-content\/uploads\/Fira-Dolca-Esporles-Mallorca-600x338.jpeg 600w, https:\/\/mallorcaglobalmag.es\/wp-content\/uploads\/Fira-Dolca-Esporles-Mallorca-768x432.jpeg 768w, https:\/\/mallorcaglobalmag.es\/wp-content\/uploads\/Fira-Dolca-Esporles-Mallorca-800x450.jpeg 800w, https:\/\/mallorcaglobalmag.es\/wp-content\/uploads\/Fira-Dolca-Esporles-Mallorca-1024x576.jpeg 1024w, https:\/\/mallorcaglobalmag.es\/wp-content\/uploads\/Fira-Dolca-Esporles-Mallorca-1200x675.jpeg 1200w, https:\/\/mallorcaglobalmag.es\/wp-content\/uploads\/Fira-Dolca-Esporles-Mallorca-1536x864.jpeg 1536w, https:\/\/mallorcaglobalmag.es\/wp-content\/uploads\/Fira-Dolca-Esporles-Mallorca.jpeg 1920w\" sizes=\"(max-width: 1024px) 100vw, 1024px\" \/><\/p>\n<p>In addition to the gastronomic offerings, the fair will feature an extensive cultural and artistic program suitable for all audiences. Performances by the <strong>Banda Lira Esporlerina, the Rondalla Maristel\u00b7la, 9 Circ Social, and the Batucada Batukadell<\/strong>, among others, will guarantee a festive atmosphere. There will also be gatherings of embroiderers, folk dances with Es Revetlers and Ramellets, chainsaw contests, as well as showcookings with renowned chefs like Juan Antonio Fern\u00e1ndez, known for his participation in the program &#8220;5 d\u00edas&#8221; on IB3. For those interested in gluten-free cooking, Laura Albert\u00ed and Maria Xumet will conduct demonstrations.<\/p>\n<p>The little ones will also have their space, with <strong>children&#8217;s activities<\/strong>, circus exhibitions, and parades with the xeremiers and the Gegantons. Additionally, the town will be adorned with the sweetest and most fun decorations, crafted by students from the school and the Day Center, which will beautify the facade of the Town Hall and the Promenade.<\/p>\n<p>The Fira Dol\u00e7a de Esporles 2024 promises to be a true paradise for lovers of sweets and culture, offering an ideal meeting space to enjoy with family and friends. Everyone is invited to experience a different Sunday, filled with fun and sweetness at this emblematic fair.<\/p>\n","protected":false},"excerpt":{"rendered":"<p>On Sunday, October 6, Esporles will celebrate the XVIII edition <a href=\"https:\/\/mallorcaglobalmag.es\/en\/fira-dolca-2024-esporles\/\"> [&#8230;]<\/a><\/p>\n","protected":false},"author":4,"featured_media":109639,"comment_status":"open","ping_status":"open","sticky":false,"template":"","format":"standard","meta":{"footnotes":""},"categories":[1514],"tags":[],"class_list":["post-109644","post","type-post","status-publish","format-standard","has-post-thumbnail","hentry","category-culture"],"yoast_head":"<!-- This site is optimized with the Yoast SEO plugin v25.2 - https:\/\/yoast.com\/wordpress\/plugins\/seo\/ -->\n<title>The Fira Dol\u00e7a 2024 in Esporles will have its own Night of Art - Mallorca Global Mag<\/title>\n<meta name=\"description\" content=\"The Fira Dol\u00e7a 2024 in Esporles will be a feast for the senses. Discover the programme and the novelties of this fair.\" \/>\n<meta name=\"robots\" content=\"index, follow, max-snippet:-1, max-image-preview:large, max-video-preview:-1\" \/>\n<link rel=\"canonical\" href=\"https:\/\/mallorcaglobalmag.es\/fira-dolca-2024-esporles\/\" \/>\n<meta property=\"og:locale\" content=\"en_US\" \/>\n<meta property=\"og:type\" content=\"article\" \/>\n<meta property=\"og:title\" content=\"The Fira Dol\u00e7a 2024 in Esporles will have its own Night of Art - Mallorca Global Mag\" \/>\n<meta property=\"og:description\" content=\"The Fira Dol\u00e7a 2024 in Esporles will be a feast for the senses. Discover the programme and the novelties of this fair.\" \/>\n<meta property=\"og:url\" content=\"https:\/\/mallorcaglobalmag.es\/fira-dolca-2024-esporles\/\" \/>\n<meta property=\"og:site_name\" content=\"Mallorca Global Mag\" \/>\n<meta property=\"article:published_time\" content=\"2024-09-25T07:00:56+00:00\" \/>\n<meta property=\"og:image\" content=\"https:\/\/mallorcaglobalmag.es\/wp-content\/uploads\/2024\/09\/fira-dolca-esporles-2024.webp\" \/>\n\t<meta property=\"og:image:width\" content=\"1000\" \/>\n\t<meta property=\"og:image:height\" content=\"671\" \/>\n\t<meta property=\"og:image:type\" content=\"image\/webp\" \/>\n<meta name=\"author\" content=\"Redacci\u00f3n\" \/>\n<meta name=\"twitter:card\" content=\"summary_large_image\" \/>\n<meta name=\"twitter:label1\" content=\"Written by\" \/>\n\t<meta name=\"twitter:data1\" content=\"Redacci\u00f3n\" \/>\n\t<meta name=\"twitter:label2\" content=\"Est. reading time\" \/>\n\t<meta name=\"twitter:data2\" content=\"3 minutes\" \/>\n<script type=\"application\/ld+json\" class=\"yoast-schema-graph\">{\"@context\":\"https:\/\/schema.org\",\"@graph\":[{\"@type\":\"WebPage\",\"@id\":\"https:\/\/mallorcaglobalmag.es\/fira-dolca-2024-esporles\/\",\"url\":\"https:\/\/mallorcaglobalmag.es\/fira-dolca-2024-esporles\/\",\"name\":\"The Fira Dol\u00e7a 2024 in Esporles will have its own Night of Art - Mallorca Global Mag\",\"isPartOf\":{\"@id\":\"https:\/\/mallorcaglobalmag.es\/#website\"},\"primaryImageOfPage\":{\"@id\":\"https:\/\/mallorcaglobalmag.es\/fira-dolca-2024-esporles\/#primaryimage\"},\"image\":{\"@id\":\"https:\/\/mallorcaglobalmag.es\/fira-dolca-2024-esporles\/#primaryimage\"},\"thumbnailUrl\":\"https:\/\/mallorcaglobalmag.es\/wp-content\/uploads\/2024\/09\/fira-dolca-esporles-2024.webp\",\"datePublished\":\"2024-09-25T07:00:56+00:00\",\"author\":{\"@id\":\"https:\/\/mallorcaglobalmag.es\/#\/schema\/person\/9a3cf523d44bd4905a14be13db051907\"},\"description\":\"The Fira Dol\u00e7a 2024 in Esporles will be a feast for the senses. Discover the programme and the novelties of this fair.\",\"breadcrumb\":{\"@id\":\"https:\/\/mallorcaglobalmag.es\/fira-dolca-2024-esporles\/#breadcrumb\"},\"inLanguage\":\"en-US\",\"potentialAction\":[{\"@type\":\"ReadAction\",\"target\":[\"https:\/\/mallorcaglobalmag.es\/fira-dolca-2024-esporles\/\"]}]},{\"@type\":\"ImageObject\",\"inLanguage\":\"en-US\",\"@id\":\"https:\/\/mallorcaglobalmag.es\/fira-dolca-2024-esporles\/#primaryimage\",\"url\":\"https:\/\/mallorcaglobalmag.es\/wp-content\/uploads\/2024\/09\/fira-dolca-esporles-2024.webp\",\"contentUrl\":\"https:\/\/mallorcaglobalmag.es\/wp-content\/uploads\/2024\/09\/fira-dolca-esporles-2024.webp\",\"width\":1000,\"height\":671,\"caption\":\"fira dolca esporles 2024\"},{\"@type\":\"BreadcrumbList\",\"@id\":\"https:\/\/mallorcaglobalmag.es\/fira-dolca-2024-esporles\/#breadcrumb\",\"itemListElement\":[{\"@type\":\"ListItem\",\"position\":1,\"name\":\"Portada\",\"item\":\"https:\/\/mallorcaglobalmag.es\/en\/\"},{\"@type\":\"ListItem\",\"position\":2,\"name\":\"The Fira Dol\u00e7a 2024 in Esporles will have its own Night of Art\"}]},{\"@type\":\"WebSite\",\"@id\":\"https:\/\/mallorcaglobalmag.es\/#website\",\"url\":\"https:\/\/mallorcaglobalmag.es\/\",\"name\":\"Mallorca Global Mag\",\"description\":\"Revista de informaci\u00f3n general de Mallorca\",\"potentialAction\":[{\"@type\":\"SearchAction\",\"target\":{\"@type\":\"EntryPoint\",\"urlTemplate\":\"https:\/\/mallorcaglobalmag.es\/?s={search_term_string}\"},\"query-input\":{\"@type\":\"PropertyValueSpecification\",\"valueRequired\":true,\"valueName\":\"search_term_string\"}}],\"inLanguage\":\"en-US\"},{\"@type\":\"Person\",\"@id\":\"https:\/\/mallorcaglobalmag.es\/#\/schema\/person\/9a3cf523d44bd4905a14be13db051907\",\"name\":\"Redacci\u00f3n\",\"image\":{\"@type\":\"ImageObject\",\"inLanguage\":\"en-US\",\"@id\":\"https:\/\/mallorcaglobalmag.es\/#\/schema\/person\/image\/\",\"url\":\"https:\/\/secure.gravatar.com\/avatar\/54a4bcd1a68eccdda3505d7ee5d6ebb8e5dd78095a07d388940305fac2e49572?s=96&d=mm&r=g\",\"contentUrl\":\"https:\/\/secure.gravatar.com\/avatar\/54a4bcd1a68eccdda3505d7ee5d6ebb8e5dd78095a07d388940305fac2e49572?s=96&d=mm&r=g\",\"caption\":\"Redacci\u00f3n\"},\"url\":\"https:\/\/mallorcaglobalmag.es\/en\/author\/elena\/\"}]}<\/script>\n<!-- \/ Yoast SEO plugin. -->","yoast_head_json":{"title":"The Fira Dol\u00e7a 2024 in Esporles will have its own Night of Art - Mallorca Global Mag","description":"The Fira Dol\u00e7a 2024 in Esporles will be a feast for the senses. Discover the programme and the novelties of this fair.","robots":{"index":"index","follow":"follow","max-snippet":"max-snippet:-1","max-image-preview":"max-image-preview:large","max-video-preview":"max-video-preview:-1"},"canonical":"https:\/\/mallorcaglobalmag.es\/fira-dolca-2024-esporles\/","og_locale":"en_US","og_type":"article","og_title":"The Fira Dol\u00e7a 2024 in Esporles will have its own Night of Art - Mallorca Global Mag","og_description":"The Fira Dol\u00e7a 2024 in Esporles will be a feast for the senses. Discover the programme and the novelties of this fair.","og_url":"https:\/\/mallorcaglobalmag.es\/fira-dolca-2024-esporles\/","og_site_name":"Mallorca Global Mag","article_published_time":"2024-09-25T07:00:56+00:00","og_image":[{"width":1000,"height":671,"url":"https:\/\/mallorcaglobalmag.es\/wp-content\/uploads\/2024\/09\/fira-dolca-esporles-2024.webp","type":"image\/webp"}],"author":"Redacci\u00f3n","twitter_card":"summary_large_image","twitter_misc":{"Written by":"Redacci\u00f3n","Est. reading time":"3 minutes"},"schema":{"@context":"https:\/\/schema.org","@graph":[{"@type":"WebPage","@id":"https:\/\/mallorcaglobalmag.es\/fira-dolca-2024-esporles\/","url":"https:\/\/mallorcaglobalmag.es\/fira-dolca-2024-esporles\/","name":"The Fira Dol\u00e7a 2024 in Esporles will have its own Night of Art - Mallorca Global Mag","isPartOf":{"@id":"https:\/\/mallorcaglobalmag.es\/#website"},"primaryImageOfPage":{"@id":"https:\/\/mallorcaglobalmag.es\/fira-dolca-2024-esporles\/#primaryimage"},"image":{"@id":"https:\/\/mallorcaglobalmag.es\/fira-dolca-2024-esporles\/#primaryimage"},"thumbnailUrl":"https:\/\/mallorcaglobalmag.es\/wp-content\/uploads\/2024\/09\/fira-dolca-esporles-2024.webp","datePublished":"2024-09-25T07:00:56+00:00","author":{"@id":"https:\/\/mallorcaglobalmag.es\/#\/schema\/person\/9a3cf523d44bd4905a14be13db051907"},"description":"The Fira Dol\u00e7a 2024 in Esporles will be a feast for the senses. Discover the programme and the novelties of this fair.","breadcrumb":{"@id":"https:\/\/mallorcaglobalmag.es\/fira-dolca-2024-esporles\/#breadcrumb"},"inLanguage":"en-US","potentialAction":[{"@type":"ReadAction","target":["https:\/\/mallorcaglobalmag.es\/fira-dolca-2024-esporles\/"]}]},{"@type":"ImageObject","inLanguage":"en-US","@id":"https:\/\/mallorcaglobalmag.es\/fira-dolca-2024-esporles\/#primaryimage","url":"https:\/\/mallorcaglobalmag.es\/wp-content\/uploads\/2024\/09\/fira-dolca-esporles-2024.webp","contentUrl":"https:\/\/mallorcaglobalmag.es\/wp-content\/uploads\/2024\/09\/fira-dolca-esporles-2024.webp","width":1000,"height":671,"caption":"fira dolca esporles 2024"},{"@type":"BreadcrumbList","@id":"https:\/\/mallorcaglobalmag.es\/fira-dolca-2024-esporles\/#breadcrumb","itemListElement":[{"@type":"ListItem","position":1,"name":"Portada","item":"https:\/\/mallorcaglobalmag.es\/en\/"},{"@type":"ListItem","position":2,"name":"The Fira Dol\u00e7a 2024 in Esporles will have its own Night of Art"}]},{"@type":"WebSite","@id":"https:\/\/mallorcaglobalmag.es\/#website","url":"https:\/\/mallorcaglobalmag.es\/","name":"Mallorca Global Mag","description":"Revista de informaci\u00f3n general de Mallorca","potentialAction":[{"@type":"SearchAction","target":{"@type":"EntryPoint","urlTemplate":"https:\/\/mallorcaglobalmag.es\/?s={search_term_string}"},"query-input":{"@type":"PropertyValueSpecification","valueRequired":true,"valueName":"search_term_string"}}],"inLanguage":"en-US"},{"@type":"Person","@id":"https:\/\/mallorcaglobalmag.es\/#\/schema\/person\/9a3cf523d44bd4905a14be13db051907","name":"Redacci\u00f3n","image":{"@type":"ImageObject","inLanguage":"en-US","@id":"https:\/\/mallorcaglobalmag.es\/#\/schema\/person\/image\/","url":"https:\/\/secure.gravatar.com\/avatar\/54a4bcd1a68eccdda3505d7ee5d6ebb8e5dd78095a07d388940305fac2e49572?s=96&d=mm&r=g","contentUrl":"https:\/\/secure.gravatar.com\/avatar\/54a4bcd1a68eccdda3505d7ee5d6ebb8e5dd78095a07d388940305fac2e49572?s=96&d=mm&r=g","caption":"Redacci\u00f3n"},"url":"https:\/\/mallorcaglobalmag.es\/en\/author\/elena\/"}]}},"_links":{"self":[{"href":"https:\/\/mallorcaglobalmag.es\/en\/wp-json\/wp\/v2\/posts\/109644","targetHints":{"allow":["GET"]}}],"collection":[{"href":"https:\/\/mallorcaglobalmag.es\/en\/wp-json\/wp\/v2\/posts"}],"about":[{"href":"https:\/\/mallorcaglobalmag.es\/en\/wp-json\/wp\/v2\/types\/post"}],"author":[{"embeddable":true,"href":"https:\/\/mallorcaglobalmag.es\/en\/wp-json\/wp\/v2\/users\/4"}],"replies":[{"embeddable":true,"href":"https:\/\/mallorcaglobalmag.es\/en\/wp-json\/wp\/v2\/comments?post=109644"}],"version-history":[{"count":1,"href":"https:\/\/mallorcaglobalmag.es\/en\/wp-json\/wp\/v2\/posts\/109644\/revisions"}],"predecessor-version":[{"id":109645,"href":"https:\/\/mallorcaglobalmag.es\/en\/wp-json\/wp\/v2\/posts\/109644\/revisions\/109645"}],"wp:featuredmedia":[{"embeddable":true,"href":"https:\/\/mallorcaglobalmag.es\/en\/wp-json\/wp\/v2\/media\/109639"}],"wp:attachment":[{"href":"https:\/\/mallorcaglobalmag.es\/en\/wp-json\/wp\/v2\/media?parent=109644"}],"wp:term":[{"taxonomy":"category","embeddable":true,"href":"https:\/\/mallorcaglobalmag.es\/en\/wp-json\/wp\/v2\/categories?post=109644"},{"taxonomy":"post_tag","embeddable":true,"href":"https:\/\/mallorcaglobalmag.es\/en\/wp-json\/wp\/v2\/tags?post=109644"}],"curies":[{"name":"wp","href":"https:\/\/api.w.org\/{rel}","templated":true}]}}