{"id":108580,"date":"2024-08-08T19:42:07","date_gmt":"2024-08-08T17:42:07","guid":{"rendered":"https:\/\/mallorcaglobalmag.es\/bronces-olimpicos-para-los-mallorquines-joan-toni-moreno-y-marcus-cooper\/"},"modified":"2024-08-09T09:59:17","modified_gmt":"2024-08-09T07:59:17","slug":"bronces-olimpicos-para-los-mallorquines-joan-toni-moreno-y-marcus-cooper","status":"publish","type":"post","link":"https:\/\/mallorcaglobalmag.es\/en\/bronces-olimpicos-para-los-mallorquines-joan-toni-moreno-y-marcus-cooper\/","title":{"rendered":"Olympic bronze medals for Mallorcans Joan Toni Moreno and Marcus Cooper"},"content":{"rendered":"<p>The Mallorcan canoeists <strong>Joan Toni Moreno<\/strong> and <strong>Marcus Cooper Walz<\/strong> have won <strong>bronze medals<\/strong> today in the <strong>C2 500<\/strong> and <strong>K4 500<\/strong> events, respectively. This achievement represents a <strong>historic milestone<\/strong> for the sport on the island.<\/p>\n<p>The <em>pollenc\u00ed<\/em> Joan Toni Moreno, from the <strong>Reial Club N\u00e0utic Port de Pollen\u00e7a<\/strong>, and his teammate <strong><em>Diego Dom\u00ednguez<\/em><\/strong>, who also trains at the RCNPP under the guidance of <strong>Kiko Mart\u00edn<\/strong>, had to make an <strong>incredible comeback<\/strong> to claim the third spot on the podium, behind the Chinese pair Liu Hao and Ji Bowen (gold) and the Italians Grabriele Casadei and Carlo Tacchini (silver). The race was <strong>very close<\/strong>, and, in fact, the Spanish pair was in fourth position halfway through the race. This situation forced them to give their all in the final 100 meters to ultimately surpass the Russian duo by just <strong>9 hundredths of a second<\/strong>.<\/p>\n<div id=\"attachment_108553\" style=\"width: 790px\" class=\"wp-caption aligncenter\"><img decoding=\"async\" aria-describedby=\"caption-attachment-108553\" class=\"size-full wp-image-108553\" src=\"https:\/\/mallorcaglobalmag.es\/wp-content\/uploads\/2024\/08\/53910312519_8f5d9a6d80_o.webp\" alt=\"Joan Toni Moreno and Diego Dom\u00ednguez, bronze medalists in C2 500 at the Paris 2024 Olympic Games.\" width=\"780\" height=\"520\" srcset=\"https:\/\/mallorcaglobalmag.es\/wp-content\/uploads\/2024\/08\/53910312519_8f5d9a6d80_o-768x512.webp 768w, https:\/\/mallorcaglobalmag.es\/wp-content\/uploads\/2024\/08\/53910312519_8f5d9a6d80_o.webp 780w\" sizes=\"(max-width: 780px) 100vw, 780px\" \/><p id=\"caption-attachment-108553\" class=\"wp-caption-text\">Diego Dom\u00ednguez, and Joan Toni Moreno show their bronze medals in C2 500 at the Paris 2024 Olympic Games. Photo: RFEP.<\/p><\/div>\n<p>Joan Toni Moreno thus becomes the <strong>second <em>pollenc\u00ed<\/em><\/strong> in history to win an Olympic medal, following the bronze won by <strong>Sete Benavides<\/strong> in <strong>London &#8217;12<\/strong>.<\/p>\n<h2>Third olympic medal for Marcus Cooper<\/h2>\n<p>Meanwhile, Mallorcan Marcus Cooper has become one of the most decorated athletes in the history of Spanish Olympism. Cooper adds this bronze to the <strong>gold<\/strong> he won in <strong>K1 1000 in Rio &#8217;16<\/strong> and the <strong>silver in K4 500<\/strong> from Tokyo &#8217;20. This time, he has claimed the bronze in K4 500 alongside his teammates <strong>Sa\u00fal Craviotto<\/strong>, <strong>Carlos Ar\u00e9valo<\/strong>, and <strong>Rodrigo Germade<\/strong>.<\/p>\n<div id=\"attachment_108555\" style=\"width: 790px\" class=\"wp-caption aligncenter\"><img decoding=\"async\" aria-describedby=\"caption-attachment-108555\" class=\"size-full wp-image-108555\" src=\"https:\/\/mallorcaglobalmag.es\/wp-content\/uploads\/2024\/08\/53910429730_9e28dcd2b6_k.webp\" alt=\"\" width=\"780\" height=\"520\" srcset=\"https:\/\/mallorcaglobalmag.es\/wp-content\/uploads\/2024\/08\/53910429730_9e28dcd2b6_k-768x512.webp 768w, https:\/\/mallorcaglobalmag.es\/wp-content\/uploads\/2024\/08\/53910429730_9e28dcd2b6_k.webp 780w\" sizes=\"(max-width: 780px) 100vw, 780px\" \/><p id=\"caption-attachment-108555\" class=\"wp-caption-text\">Rodrigo Germade, Marcus Cooper, Carlos Ar\u00e9valo, and Sa\u00fal Craviotto display their bronze medals won in the K4 500 event. Photo: RFEP.<\/p><\/div>\n<p>The Spanish quartet <strong>started their race strongly<\/strong>, even taking the <strong>lead at the 250-meter mark<\/strong>. However, the teams from <strong>Germany<\/strong> (gold) and <strong>Australia<\/strong> (silver) increased their performance in the second half of the race, surpassing the Spaniards at the finish line. Cooper and his teammates finished just <strong>25 hundredths<\/strong> behind the Australians, securing an outstanding <strong>third place<\/strong>.<\/p>\n","protected":false},"excerpt":{"rendered":"<p>The Mallorcan canoeists Joan Toni Moreno and Marcus Cooper Walz <a href=\"https:\/\/mallorcaglobalmag.es\/en\/bronces-olimpicos-para-los-mallorquines-joan-toni-moreno-y-marcus-cooper\/\"> [&#8230;]<\/a><\/p>\n","protected":false},"author":24,"featured_media":108554,"comment_status":"open","ping_status":"open","sticky":false,"template":"","format":"standard","meta":{"footnotes":""},"categories":[1511],"tags":[],"class_list":["post-108580","post","type-post","status-publish","format-standard","has-post-thumbnail","hentry","category-sports"],"yoast_head":"<!-- This site is optimized with the Yoast SEO plugin v25.2 - https:\/\/yoast.com\/wordpress\/plugins\/seo\/ -->\n<title>Olympic bronze medals for Mallorcans Moreno and Cooper - Mallorca Global Mag<\/title>\n<meta name=\"description\" content=\"Malloquian canoeists Joan Toni Moreno and Marcus Cooper Walz have both won bronze medals at the Paris&#039;24 Olympic Games.\" \/>\n<meta name=\"robots\" content=\"index, follow, max-snippet:-1, max-image-preview:large, max-video-preview:-1\" \/>\n<link rel=\"canonical\" href=\"https:\/\/mallorcaglobalmag.es\/en\/bronces-olimpicos-para-los-mallorquines-joan-toni-moreno-y-marcus-cooper\/\" \/>\n<meta property=\"og:locale\" content=\"en_US\" \/>\n<meta property=\"og:type\" content=\"article\" \/>\n<meta property=\"og:title\" content=\"Olympic bronze medals for Mallorcans Moreno and Cooper - Mallorca Global Mag\" \/>\n<meta property=\"og:description\" content=\"Malloquian canoeists Joan Toni Moreno and Marcus Cooper Walz have both won bronze medals at the Paris&#039;24 Olympic Games.\" \/>\n<meta property=\"og:url\" content=\"https:\/\/mallorcaglobalmag.es\/en\/bronces-olimpicos-para-los-mallorquines-joan-toni-moreno-y-marcus-cooper\/\" \/>\n<meta property=\"og:site_name\" content=\"Mallorca Global Mag\" \/>\n<meta property=\"article:published_time\" content=\"2024-08-08T17:42:07+00:00\" \/>\n<meta property=\"article:modified_time\" content=\"2024-08-09T07:59:17+00:00\" \/>\n<meta property=\"og:image\" content=\"https:\/\/mallorcaglobalmag.es\/wp-content\/uploads\/2024\/08\/53910312519_8f5d9a6d80_o.webp\" \/>\n\t<meta property=\"og:image:width\" content=\"780\" \/>\n\t<meta property=\"og:image:height\" content=\"520\" \/>\n\t<meta property=\"og:image:type\" content=\"image\/webp\" \/>\n<meta name=\"author\" content=\"Jonatan Serrano\" \/>\n<meta name=\"twitter:card\" content=\"summary_large_image\" \/>\n<meta name=\"twitter:label1\" content=\"Written by\" \/>\n\t<meta name=\"twitter:data1\" content=\"Jonatan Serrano\" \/>\n\t<meta name=\"twitter:label2\" content=\"Est. reading time\" \/>\n\t<meta name=\"twitter:data2\" content=\"3 minutes\" \/>\n<script type=\"application\/ld+json\" class=\"yoast-schema-graph\">{\"@context\":\"https:\/\/schema.org\",\"@graph\":[{\"@type\":\"WebPage\",\"@id\":\"https:\/\/mallorcaglobalmag.es\/en\/bronces-olimpicos-para-los-mallorquines-joan-toni-moreno-y-marcus-cooper\/\",\"url\":\"https:\/\/mallorcaglobalmag.es\/en\/bronces-olimpicos-para-los-mallorquines-joan-toni-moreno-y-marcus-cooper\/\",\"name\":\"Olympic bronze medals for Mallorcans Moreno and Cooper - Mallorca Global Mag\",\"isPartOf\":{\"@id\":\"https:\/\/mallorcaglobalmag.es\/#website\"},\"primaryImageOfPage\":{\"@id\":\"https:\/\/mallorcaglobalmag.es\/en\/bronces-olimpicos-para-los-mallorquines-joan-toni-moreno-y-marcus-cooper\/#primaryimage\"},\"image\":{\"@id\":\"https:\/\/mallorcaglobalmag.es\/en\/bronces-olimpicos-para-los-mallorquines-joan-toni-moreno-y-marcus-cooper\/#primaryimage\"},\"thumbnailUrl\":\"https:\/\/mallorcaglobalmag.es\/wp-content\/uploads\/2024\/08\/53910312519_8f5d9a6d80_o.webp\",\"datePublished\":\"2024-08-08T17:42:07+00:00\",\"dateModified\":\"2024-08-09T07:59:17+00:00\",\"author\":{\"@id\":\"https:\/\/mallorcaglobalmag.es\/#\/schema\/person\/6db1e15f77a363f99912cd230d4a901e\"},\"description\":\"Malloquian canoeists Joan Toni Moreno and Marcus Cooper Walz have both won bronze medals at the Paris'24 Olympic Games.\",\"breadcrumb\":{\"@id\":\"https:\/\/mallorcaglobalmag.es\/en\/bronces-olimpicos-para-los-mallorquines-joan-toni-moreno-y-marcus-cooper\/#breadcrumb\"},\"inLanguage\":\"en-US\",\"potentialAction\":[{\"@type\":\"ReadAction\",\"target\":[\"https:\/\/mallorcaglobalmag.es\/en\/bronces-olimpicos-para-los-mallorquines-joan-toni-moreno-y-marcus-cooper\/\"]}]},{\"@type\":\"ImageObject\",\"inLanguage\":\"en-US\",\"@id\":\"https:\/\/mallorcaglobalmag.es\/en\/bronces-olimpicos-para-los-mallorquines-joan-toni-moreno-y-marcus-cooper\/#primaryimage\",\"url\":\"https:\/\/mallorcaglobalmag.es\/wp-content\/uploads\/2024\/08\/53910312519_8f5d9a6d80_o.webp\",\"contentUrl\":\"https:\/\/mallorcaglobalmag.es\/wp-content\/uploads\/2024\/08\/53910312519_8f5d9a6d80_o.webp\",\"width\":780,\"height\":520,\"caption\":\"Diego Dom\u00ednguez, y Joan Toni Moreno muestran sus medallas de bronce en C2 500 en los Juegos Ol\u00edmpicos de Par\u00eds 2024. Foto: RFEP.\"},{\"@type\":\"BreadcrumbList\",\"@id\":\"https:\/\/mallorcaglobalmag.es\/en\/bronces-olimpicos-para-los-mallorquines-joan-toni-moreno-y-marcus-cooper\/#breadcrumb\",\"itemListElement\":[{\"@type\":\"ListItem\",\"position\":1,\"name\":\"Portada\",\"item\":\"https:\/\/mallorcaglobalmag.es\/en\/\"},{\"@type\":\"ListItem\",\"position\":2,\"name\":\"Olympic bronze medals for Mallorcans Joan Toni Moreno and Marcus Cooper\"}]},{\"@type\":\"WebSite\",\"@id\":\"https:\/\/mallorcaglobalmag.es\/#website\",\"url\":\"https:\/\/mallorcaglobalmag.es\/\",\"name\":\"Mallorca Global Mag\",\"description\":\"Revista de informaci\u00f3n general de Mallorca\",\"potentialAction\":[{\"@type\":\"SearchAction\",\"target\":{\"@type\":\"EntryPoint\",\"urlTemplate\":\"https:\/\/mallorcaglobalmag.es\/?s={search_term_string}\"},\"query-input\":{\"@type\":\"PropertyValueSpecification\",\"valueRequired\":true,\"valueName\":\"search_term_string\"}}],\"inLanguage\":\"en-US\"},{\"@type\":\"Person\",\"@id\":\"https:\/\/mallorcaglobalmag.es\/#\/schema\/person\/6db1e15f77a363f99912cd230d4a901e\",\"name\":\"Jonatan Serrano\",\"image\":{\"@type\":\"ImageObject\",\"inLanguage\":\"en-US\",\"@id\":\"https:\/\/mallorcaglobalmag.es\/#\/schema\/person\/image\/\",\"url\":\"https:\/\/secure.gravatar.com\/avatar\/93ffc8f19f974b52601d4b459d6e87ce3a24d2001d77fc9d7e6332bdcbc51ab0?s=96&d=mm&r=g\",\"contentUrl\":\"https:\/\/secure.gravatar.com\/avatar\/93ffc8f19f974b52601d4b459d6e87ce3a24d2001d77fc9d7e6332bdcbc51ab0?s=96&d=mm&r=g\",\"caption\":\"Jonatan Serrano\"},\"url\":\"https:\/\/mallorcaglobalmag.es\/en\/author\/y9hq5qh\/\"}]}<\/script>\n<!-- \/ Yoast SEO plugin. -->","yoast_head_json":{"title":"Olympic bronze medals for Mallorcans Moreno and Cooper - Mallorca Global Mag","description":"Malloquian canoeists Joan Toni Moreno and Marcus Cooper Walz have both won bronze medals at the Paris'24 Olympic Games.","robots":{"index":"index","follow":"follow","max-snippet":"max-snippet:-1","max-image-preview":"max-image-preview:large","max-video-preview":"max-video-preview:-1"},"canonical":"https:\/\/mallorcaglobalmag.es\/en\/bronces-olimpicos-para-los-mallorquines-joan-toni-moreno-y-marcus-cooper\/","og_locale":"en_US","og_type":"article","og_title":"Olympic bronze medals for Mallorcans Moreno and Cooper - Mallorca Global Mag","og_description":"Malloquian canoeists Joan Toni Moreno and Marcus Cooper Walz have both won bronze medals at the Paris'24 Olympic Games.","og_url":"https:\/\/mallorcaglobalmag.es\/en\/bronces-olimpicos-para-los-mallorquines-joan-toni-moreno-y-marcus-cooper\/","og_site_name":"Mallorca Global Mag","article_published_time":"2024-08-08T17:42:07+00:00","article_modified_time":"2024-08-09T07:59:17+00:00","og_image":[{"width":780,"height":520,"url":"https:\/\/mallorcaglobalmag.es\/wp-content\/uploads\/2024\/08\/53910312519_8f5d9a6d80_o.webp","type":"image\/webp"}],"author":"Jonatan Serrano","twitter_card":"summary_large_image","twitter_misc":{"Written by":"Jonatan Serrano","Est. reading time":"3 minutes"},"schema":{"@context":"https:\/\/schema.org","@graph":[{"@type":"WebPage","@id":"https:\/\/mallorcaglobalmag.es\/en\/bronces-olimpicos-para-los-mallorquines-joan-toni-moreno-y-marcus-cooper\/","url":"https:\/\/mallorcaglobalmag.es\/en\/bronces-olimpicos-para-los-mallorquines-joan-toni-moreno-y-marcus-cooper\/","name":"Olympic bronze medals for Mallorcans Moreno and Cooper - Mallorca Global Mag","isPartOf":{"@id":"https:\/\/mallorcaglobalmag.es\/#website"},"primaryImageOfPage":{"@id":"https:\/\/mallorcaglobalmag.es\/en\/bronces-olimpicos-para-los-mallorquines-joan-toni-moreno-y-marcus-cooper\/#primaryimage"},"image":{"@id":"https:\/\/mallorcaglobalmag.es\/en\/bronces-olimpicos-para-los-mallorquines-joan-toni-moreno-y-marcus-cooper\/#primaryimage"},"thumbnailUrl":"https:\/\/mallorcaglobalmag.es\/wp-content\/uploads\/2024\/08\/53910312519_8f5d9a6d80_o.webp","datePublished":"2024-08-08T17:42:07+00:00","dateModified":"2024-08-09T07:59:17+00:00","author":{"@id":"https:\/\/mallorcaglobalmag.es\/#\/schema\/person\/6db1e15f77a363f99912cd230d4a901e"},"description":"Malloquian canoeists Joan Toni Moreno and Marcus Cooper Walz have both won bronze medals at the Paris'24 Olympic Games.","breadcrumb":{"@id":"https:\/\/mallorcaglobalmag.es\/en\/bronces-olimpicos-para-los-mallorquines-joan-toni-moreno-y-marcus-cooper\/#breadcrumb"},"inLanguage":"en-US","potentialAction":[{"@type":"ReadAction","target":["https:\/\/mallorcaglobalmag.es\/en\/bronces-olimpicos-para-los-mallorquines-joan-toni-moreno-y-marcus-cooper\/"]}]},{"@type":"ImageObject","inLanguage":"en-US","@id":"https:\/\/mallorcaglobalmag.es\/en\/bronces-olimpicos-para-los-mallorquines-joan-toni-moreno-y-marcus-cooper\/#primaryimage","url":"https:\/\/mallorcaglobalmag.es\/wp-content\/uploads\/2024\/08\/53910312519_8f5d9a6d80_o.webp","contentUrl":"https:\/\/mallorcaglobalmag.es\/wp-content\/uploads\/2024\/08\/53910312519_8f5d9a6d80_o.webp","width":780,"height":520,"caption":"Diego Dom\u00ednguez, y Joan Toni Moreno muestran sus medallas de bronce en C2 500 en los Juegos Ol\u00edmpicos de Par\u00eds 2024. Foto: RFEP."},{"@type":"BreadcrumbList","@id":"https:\/\/mallorcaglobalmag.es\/en\/bronces-olimpicos-para-los-mallorquines-joan-toni-moreno-y-marcus-cooper\/#breadcrumb","itemListElement":[{"@type":"ListItem","position":1,"name":"Portada","item":"https:\/\/mallorcaglobalmag.es\/en\/"},{"@type":"ListItem","position":2,"name":"Olympic bronze medals for Mallorcans Joan Toni Moreno and Marcus Cooper"}]},{"@type":"WebSite","@id":"https:\/\/mallorcaglobalmag.es\/#website","url":"https:\/\/mallorcaglobalmag.es\/","name":"Mallorca Global Mag","description":"Revista de informaci\u00f3n general de Mallorca","potentialAction":[{"@type":"SearchAction","target":{"@type":"EntryPoint","urlTemplate":"https:\/\/mallorcaglobalmag.es\/?s={search_term_string}"},"query-input":{"@type":"PropertyValueSpecification","valueRequired":true,"valueName":"search_term_string"}}],"inLanguage":"en-US"},{"@type":"Person","@id":"https:\/\/mallorcaglobalmag.es\/#\/schema\/person\/6db1e15f77a363f99912cd230d4a901e","name":"Jonatan Serrano","image":{"@type":"ImageObject","inLanguage":"en-US","@id":"https:\/\/mallorcaglobalmag.es\/#\/schema\/person\/image\/","url":"https:\/\/secure.gravatar.com\/avatar\/93ffc8f19f974b52601d4b459d6e87ce3a24d2001d77fc9d7e6332bdcbc51ab0?s=96&d=mm&r=g","contentUrl":"https:\/\/secure.gravatar.com\/avatar\/93ffc8f19f974b52601d4b459d6e87ce3a24d2001d77fc9d7e6332bdcbc51ab0?s=96&d=mm&r=g","caption":"Jonatan Serrano"},"url":"https:\/\/mallorcaglobalmag.es\/en\/author\/y9hq5qh\/"}]}},"_links":{"self":[{"href":"https:\/\/mallorcaglobalmag.es\/en\/wp-json\/wp\/v2\/posts\/108580","targetHints":{"allow":["GET"]}}],"collection":[{"href":"https:\/\/mallorcaglobalmag.es\/en\/wp-json\/wp\/v2\/posts"}],"about":[{"href":"https:\/\/mallorcaglobalmag.es\/en\/wp-json\/wp\/v2\/types\/post"}],"author":[{"embeddable":true,"href":"https:\/\/mallorcaglobalmag.es\/en\/wp-json\/wp\/v2\/users\/24"}],"replies":[{"embeddable":true,"href":"https:\/\/mallorcaglobalmag.es\/en\/wp-json\/wp\/v2\/comments?post=108580"}],"version-history":[{"count":3,"href":"https:\/\/mallorcaglobalmag.es\/en\/wp-json\/wp\/v2\/posts\/108580\/revisions"}],"predecessor-version":[{"id":108583,"href":"https:\/\/mallorcaglobalmag.es\/en\/wp-json\/wp\/v2\/posts\/108580\/revisions\/108583"}],"wp:featuredmedia":[{"embeddable":true,"href":"https:\/\/mallorcaglobalmag.es\/en\/wp-json\/wp\/v2\/media\/108554"}],"wp:attachment":[{"href":"https:\/\/mallorcaglobalmag.es\/en\/wp-json\/wp\/v2\/media?parent=108580"}],"wp:term":[{"taxonomy":"category","embeddable":true,"href":"https:\/\/mallorcaglobalmag.es\/en\/wp-json\/wp\/v2\/categories?post=108580"},{"taxonomy":"post_tag","embeddable":true,"href":"https:\/\/mallorcaglobalmag.es\/en\/wp-json\/wp\/v2\/tags?post=108580"}],"curies":[{"name":"wp","href":"https:\/\/api.w.org\/{rel}","templated":true}]}}