{"id":107945,"date":"2024-07-09T08:00:44","date_gmt":"2024-07-09T06:00:44","guid":{"rendered":"https:\/\/mallorcaglobalmag.es\/?p=107945"},"modified":"2024-07-08T13:25:26","modified_gmt":"2024-07-08T11:25:26","slug":"global-people-mallorca-2024","status":"publish","type":"post","link":"https:\/\/mallorcaglobalmag.es\/en\/global-people-mallorca-2024\/","title":{"rendered":"Global People: citizens of the world residing in Mallorca"},"content":{"rendered":"<p>Mallorca is a land of welcome for people from all over the world. Get to know their stories and the attractions of this paradise.<\/p>\n<p><img decoding=\"async\" class=\"size-full wp-image-107933 aligncenter\" src=\"https:\/\/mallorcaglobalmag.es\/wp-content\/uploads\/2024\/07\/Pierce-Broderick.webp\" alt=\"Pierce Broderick\" width=\"1000\" height=\"667\" srcset=\"https:\/\/mallorcaglobalmag.es\/wp-content\/uploads\/2024\/07\/Pierce-Broderick-177x118.webp 177w, https:\/\/mallorcaglobalmag.es\/wp-content\/uploads\/2024\/07\/Pierce-Broderick-300x200.webp 300w, https:\/\/mallorcaglobalmag.es\/wp-content\/uploads\/2024\/07\/Pierce-Broderick-460x307.webp 460w, https:\/\/mallorcaglobalmag.es\/wp-content\/uploads\/2024\/07\/Pierce-Broderick-540x360.webp 540w, https:\/\/mallorcaglobalmag.es\/wp-content\/uploads\/2024\/07\/Pierce-Broderick-768x512.webp 768w, https:\/\/mallorcaglobalmag.es\/wp-content\/uploads\/2024\/07\/Pierce-Broderick-940x627.webp 940w, https:\/\/mallorcaglobalmag.es\/wp-content\/uploads\/2024\/07\/Pierce-Broderick.webp 1000w\" sizes=\"(max-width: 1000px) 100vw, 1000px\" \/><\/p>\n<p><strong>Name<\/strong>: Pierce Broderick.<\/p>\n<p><strong>Country of birth<\/strong>: Ireland.<\/p>\n<p><strong>Time in Mallorca<\/strong>: 30 years.<\/p>\n<p><strong>Profession<\/strong>: Real Estate Businessman.<\/p>\n<p>The Managing Director of the real estate company John Taylor Palma came to Mallorca 30 years ago, after 7 years living in London. &#8220;I fell in love with someone from here and&#8230; the love is still intact&#8221;. Asked about what he likes most about the island, the Irishman assures us that &#8220;above all its people, together with the nature, the beaches, the villages, the gastronomy, the wines and Palma city&#8221;.<\/p>\n<p><img decoding=\"async\" class=\"size-full wp-image-107927 aligncenter\" src=\"https:\/\/mallorcaglobalmag.es\/wp-content\/uploads\/2024\/07\/Sarah-y-Ashley-Phillips-y-Garth-Law.webp\" alt=\"Sarah y Ashley Phillips y Garth Law\" width=\"1000\" height=\"667\" srcset=\"https:\/\/mallorcaglobalmag.es\/wp-content\/uploads\/2024\/07\/Sarah-y-Ashley-Phillips-y-Garth-Law-177x118.webp 177w, https:\/\/mallorcaglobalmag.es\/wp-content\/uploads\/2024\/07\/Sarah-y-Ashley-Phillips-y-Garth-Law-300x200.webp 300w, https:\/\/mallorcaglobalmag.es\/wp-content\/uploads\/2024\/07\/Sarah-y-Ashley-Phillips-y-Garth-Law-460x307.webp 460w, https:\/\/mallorcaglobalmag.es\/wp-content\/uploads\/2024\/07\/Sarah-y-Ashley-Phillips-y-Garth-Law-540x360.webp 540w, https:\/\/mallorcaglobalmag.es\/wp-content\/uploads\/2024\/07\/Sarah-y-Ashley-Phillips-y-Garth-Law-768x512.webp 768w, https:\/\/mallorcaglobalmag.es\/wp-content\/uploads\/2024\/07\/Sarah-y-Ashley-Phillips-y-Garth-Law-940x627.webp 940w, https:\/\/mallorcaglobalmag.es\/wp-content\/uploads\/2024\/07\/Sarah-y-Ashley-Phillips-y-Garth-Law.webp 1000w\" sizes=\"(max-width: 1000px) 100vw, 1000px\" \/><\/p>\n<p><strong>Name<\/strong>: Sarah and Ashley Phillips, Garth Law.<\/p>\n<p><strong>Country of origin<\/strong>: United Kingdom and South Africa.<\/p>\n<p><strong>Time in Mallorca<\/strong>: 30 years.<\/p>\n<p><strong>Profession<\/strong>: Businessmen.<\/p>\n<p>Sarah and Ashley Phillips are English and have been on the island for 30 years. &#8220;Our parents brought us here,&#8221; they say from the shop they run in Santa Catalina, Wave Uniforms, which sells uniforms for yacht crews. Garth Law, a South African who arrived in Mallorca in 2002, also works with them. &#8220;We love Mallorca, the climate, the people, the food, the safety&#8230;&#8221;, the three explain with a smile on their faces. &#8220;Besides, it&#8217;s a magnificent place to raise your children,&#8221; they add.<\/p>\n<p><img decoding=\"async\" class=\"size-full wp-image-107929 aligncenter\" src=\"https:\/\/mallorcaglobalmag.es\/wp-content\/uploads\/2024\/07\/Sofia-Sandin.webp\" alt=\"Sofia Sandin\" width=\"1000\" height=\"667\" srcset=\"https:\/\/mallorcaglobalmag.es\/wp-content\/uploads\/2024\/07\/Sofia-Sandin-177x118.webp 177w, https:\/\/mallorcaglobalmag.es\/wp-content\/uploads\/2024\/07\/Sofia-Sandin-300x200.webp 300w, https:\/\/mallorcaglobalmag.es\/wp-content\/uploads\/2024\/07\/Sofia-Sandin-460x307.webp 460w, https:\/\/mallorcaglobalmag.es\/wp-content\/uploads\/2024\/07\/Sofia-Sandin-540x360.webp 540w, https:\/\/mallorcaglobalmag.es\/wp-content\/uploads\/2024\/07\/Sofia-Sandin-768x512.webp 768w, https:\/\/mallorcaglobalmag.es\/wp-content\/uploads\/2024\/07\/Sofia-Sandin-940x627.webp 940w, https:\/\/mallorcaglobalmag.es\/wp-content\/uploads\/2024\/07\/Sofia-Sandin.webp 1000w\" sizes=\"(max-width: 1000px) 100vw, 1000px\" \/><\/p>\n<p><strong>Name<\/strong> : Sofia Sandin.<\/p>\n<p><strong>Country of birth<\/strong>: Sweden.<\/p>\n<p><strong>Time in Mallorca<\/strong>: One year.<\/p>\n<p><strong>Profession<\/strong>: Beauty salon owner.<\/p>\n<p>Sofia moved from Sweden to Mallorca because she needed &#8220;a change of scenery, a change of climate. Sweden is very dark and cold, I wanted better vibes, an island, a calmer place&#8221;. She is fascinated by the island&#8217;s nature, &#8220;everything is accessible; you have the sea, the city and the mountains in the same place. And good hospitals,&#8221; he says. She is now finalising the opening of her new integral beauty salon called Nume Palma.<\/p>\n<p><img decoding=\"async\" class=\"size-full wp-image-107935 aligncenter\" src=\"https:\/\/mallorcaglobalmag.es\/wp-content\/uploads\/2024\/07\/Emanuele-Spagnuolo-y-Giancarlo-Orsi.webp\" alt=\"Emanuele Spagnuolo y Giancarlo Ors\u00ed\" width=\"1000\" height=\"667\" srcset=\"https:\/\/mallorcaglobalmag.es\/wp-content\/uploads\/2024\/07\/Emanuele-Spagnuolo-y-Giancarlo-Orsi-177x118.webp 177w, https:\/\/mallorcaglobalmag.es\/wp-content\/uploads\/2024\/07\/Emanuele-Spagnuolo-y-Giancarlo-Orsi-300x200.webp 300w, https:\/\/mallorcaglobalmag.es\/wp-content\/uploads\/2024\/07\/Emanuele-Spagnuolo-y-Giancarlo-Orsi-460x307.webp 460w, https:\/\/mallorcaglobalmag.es\/wp-content\/uploads\/2024\/07\/Emanuele-Spagnuolo-y-Giancarlo-Orsi-540x360.webp 540w, https:\/\/mallorcaglobalmag.es\/wp-content\/uploads\/2024\/07\/Emanuele-Spagnuolo-y-Giancarlo-Orsi-768x512.webp 768w, https:\/\/mallorcaglobalmag.es\/wp-content\/uploads\/2024\/07\/Emanuele-Spagnuolo-y-Giancarlo-Orsi-940x627.webp 940w, https:\/\/mallorcaglobalmag.es\/wp-content\/uploads\/2024\/07\/Emanuele-Spagnuolo-y-Giancarlo-Orsi.webp 1000w\" sizes=\"(max-width: 1000px) 100vw, 1000px\" \/><\/p>\n<p><strong>Name<\/strong> : Emanuele Spagnuolo and Giancarlo Ors\u00ed.<\/p>\n<p><strong>Country of origin<\/strong>: Italy.<\/p>\n<p><strong>Time in Mallorca<\/strong>: Three years.<\/p>\n<p><strong>Profession<\/strong>: Hotel businessmen.<\/p>\n<p>The hotel and catering sector unites these two Italians living in Mallorca. &#8220;I had been in the Canary Islands and a job opportunity came up here,&#8221; says Giancarlo, who previously worked in the fashion industry for 25 years. He manages the Nap pizzeria together with Emanuele, who moved to Mallorca with his family after the pandemic. &#8220;We already knew it, we liked it, and we don&#8217;t regret it because we love the quality of life here.<\/p>\n<p><img decoding=\"async\" class=\"size-full wp-image-107925 aligncenter\" src=\"https:\/\/mallorcaglobalmag.es\/wp-content\/uploads\/2024\/07\/Ling-Ocker-y-Jenny.webp\" alt=\"Ling Ocker y Jenny\" width=\"1000\" height=\"667\" srcset=\"https:\/\/mallorcaglobalmag.es\/wp-content\/uploads\/2024\/07\/Ling-Ocker-y-Jenny-177x118.webp 177w, https:\/\/mallorcaglobalmag.es\/wp-content\/uploads\/2024\/07\/Ling-Ocker-y-Jenny-300x200.webp 300w, https:\/\/mallorcaglobalmag.es\/wp-content\/uploads\/2024\/07\/Ling-Ocker-y-Jenny-460x307.webp 460w, https:\/\/mallorcaglobalmag.es\/wp-content\/uploads\/2024\/07\/Ling-Ocker-y-Jenny-540x360.webp 540w, https:\/\/mallorcaglobalmag.es\/wp-content\/uploads\/2024\/07\/Ling-Ocker-y-Jenny-768x512.webp 768w, https:\/\/mallorcaglobalmag.es\/wp-content\/uploads\/2024\/07\/Ling-Ocker-y-Jenny-940x627.webp 940w, https:\/\/mallorcaglobalmag.es\/wp-content\/uploads\/2024\/07\/Ling-Ocker-y-Jenny.webp 1000w\" sizes=\"(max-width: 1000px) 100vw, 1000px\" \/><\/p>\n<p><strong>Name<\/strong>: Ling Ocker and Jenny.<\/p>\n<p><strong>Country of origin<\/strong>: China.<\/p>\n<p><strong>Time in Mallorca<\/strong>: Seven and a half years.<\/p>\n<p><strong>Profession<\/strong>: Chinese medicine consultants.<\/p>\n<p>These two international women met in Mallorca. Ling lived in Singapore, Germany, Poland&#8230; But here on the island she found a place that was &#8220;open, very international, with a lot of light and from which you can easily travel to other places&#8221;. Jenny highlights &#8220;the friendly nature of the people of Spain, we enjoy the lifestyle very much and I think it will be forever, I have told my husband so&#8221;. Both say they are delighted with the choice of caf\u00e9s and restaurants on the island&#8230; &#8220;Although the prices have gone up,&#8221; they add.<\/p>\n<p><img decoding=\"async\" class=\"size-full wp-image-107931 aligncenter\" src=\"https:\/\/mallorcaglobalmag.es\/wp-content\/uploads\/2024\/07\/Robert-Reijers.webp\" alt=\"Robert Reijers\" width=\"1000\" height=\"667\" srcset=\"https:\/\/mallorcaglobalmag.es\/wp-content\/uploads\/2024\/07\/Robert-Reijers-177x118.webp 177w, https:\/\/mallorcaglobalmag.es\/wp-content\/uploads\/2024\/07\/Robert-Reijers-300x200.webp 300w, https:\/\/mallorcaglobalmag.es\/wp-content\/uploads\/2024\/07\/Robert-Reijers-460x307.webp 460w, https:\/\/mallorcaglobalmag.es\/wp-content\/uploads\/2024\/07\/Robert-Reijers-540x360.webp 540w, https:\/\/mallorcaglobalmag.es\/wp-content\/uploads\/2024\/07\/Robert-Reijers-768x512.webp 768w, https:\/\/mallorcaglobalmag.es\/wp-content\/uploads\/2024\/07\/Robert-Reijers-940x627.webp 940w, https:\/\/mallorcaglobalmag.es\/wp-content\/uploads\/2024\/07\/Robert-Reijers.webp 1000w\" sizes=\"(max-width: 1000px) 100vw, 1000px\" \/><\/p>\n<p><strong>Name<\/strong>: Robert Reijers.<\/p>\n<p><strong>Country of birth<\/strong>: Sweden.<\/p>\n<p><strong>Time in Mallorca<\/strong>: 5 years.<\/p>\n<p><strong>Profession<\/strong>: Director of Sales and Partners of STCC.<\/p>\n<p>Robert is director of the STCC, Scandinavia&#8217;s leading touring car racing championship. He moved to Mallorca with his wife and dog, &#8220;first visiting a hotel, renting a flat and finally settling in Son Espanyolet&#8221;. He likes the atmosphere of Santa Catalina, but &#8220;we preferred a more local, quieter area&#8221;. His idea is to combine his life in Mallorca with his work obligations in Sweden.<\/p>\n","protected":false},"excerpt":{"rendered":"<p>Mallorca is a land of welcome for people from all <a href=\"https:\/\/mallorcaglobalmag.es\/en\/global-people-mallorca-2024\/\"> [&#8230;]<\/a><\/p>\n","protected":false},"author":6,"featured_media":107925,"comment_status":"open","ping_status":"open","sticky":false,"template":"","format":"standard","meta":{"footnotes":""},"categories":[1526,1513],"tags":[],"class_list":["post-107945","post","type-post","status-publish","format-standard","has-post-thumbnail","hentry","category-people","category-society"],"yoast_head":"<!-- This site is optimized with the Yoast SEO plugin v25.2 - https:\/\/yoast.com\/wordpress\/plugins\/seo\/ -->\n<title>Global People: citizens of the world residing in Mallorca - Mallorca Global Mag<\/title>\n<meta name=\"description\" content=\"Mallorca is a land of welcome for people from all over the world. Get to know their stories and the attractions of this paradise.\" \/>\n<meta name=\"robots\" content=\"index, follow, max-snippet:-1, max-image-preview:large, max-video-preview:-1\" \/>\n<link rel=\"canonical\" href=\"https:\/\/mallorcaglobalmag.es\/gente-global-mallorca-2024\/\" \/>\n<meta property=\"og:locale\" content=\"en_US\" \/>\n<meta property=\"og:type\" content=\"article\" \/>\n<meta property=\"og:title\" content=\"Global People: citizens of the world residing in Mallorca - Mallorca Global Mag\" \/>\n<meta property=\"og:description\" content=\"Mallorca is a land of welcome for people from all over the world. Get to know their stories and the attractions of this paradise.\" \/>\n<meta property=\"og:url\" content=\"https:\/\/mallorcaglobalmag.es\/gente-global-mallorca-2024\/\" \/>\n<meta property=\"og:site_name\" content=\"Mallorca Global Mag\" \/>\n<meta property=\"article:published_time\" content=\"2024-07-09T06:00:44+00:00\" \/>\n<meta property=\"og:image\" content=\"https:\/\/mallorcaglobalmag.es\/wp-content\/uploads\/2024\/07\/Ling-Ocker-y-Jenny.webp\" \/>\n\t<meta property=\"og:image:width\" content=\"1000\" \/>\n\t<meta property=\"og:image:height\" content=\"667\" \/>\n\t<meta property=\"og:image:type\" content=\"image\/webp\" \/>\n<meta name=\"author\" content=\"Ra\u00fal Beltr\u00e1n\" \/>\n<meta name=\"twitter:card\" content=\"summary_large_image\" \/>\n<meta name=\"twitter:label1\" content=\"Written by\" \/>\n\t<meta name=\"twitter:data1\" content=\"Ra\u00fal Beltr\u00e1n\" \/>\n\t<meta name=\"twitter:label2\" content=\"Est. reading time\" \/>\n\t<meta name=\"twitter:data2\" content=\"5 minutes\" \/>\n<script type=\"application\/ld+json\" class=\"yoast-schema-graph\">{\"@context\":\"https:\/\/schema.org\",\"@graph\":[{\"@type\":\"WebPage\",\"@id\":\"https:\/\/mallorcaglobalmag.es\/gente-global-mallorca-2024\/\",\"url\":\"https:\/\/mallorcaglobalmag.es\/gente-global-mallorca-2024\/\",\"name\":\"Global People: citizens of the world residing in Mallorca - Mallorca Global Mag\",\"isPartOf\":{\"@id\":\"https:\/\/mallorcaglobalmag.es\/#website\"},\"primaryImageOfPage\":{\"@id\":\"https:\/\/mallorcaglobalmag.es\/gente-global-mallorca-2024\/#primaryimage\"},\"image\":{\"@id\":\"https:\/\/mallorcaglobalmag.es\/gente-global-mallorca-2024\/#primaryimage\"},\"thumbnailUrl\":\"https:\/\/mallorcaglobalmag.es\/wp-content\/uploads\/2024\/07\/Ling-Ocker-y-Jenny.webp\",\"datePublished\":\"2024-07-09T06:00:44+00:00\",\"author\":{\"@id\":\"https:\/\/mallorcaglobalmag.es\/#\/schema\/person\/43d7beed7d9b6f55b899266616dd0fb7\"},\"description\":\"Mallorca is a land of welcome for people from all over the world. Get to know their stories and the attractions of this paradise.\",\"breadcrumb\":{\"@id\":\"https:\/\/mallorcaglobalmag.es\/gente-global-mallorca-2024\/#breadcrumb\"},\"inLanguage\":\"en-US\",\"potentialAction\":[{\"@type\":\"ReadAction\",\"target\":[\"https:\/\/mallorcaglobalmag.es\/gente-global-mallorca-2024\/\"]}]},{\"@type\":\"ImageObject\",\"inLanguage\":\"en-US\",\"@id\":\"https:\/\/mallorcaglobalmag.es\/gente-global-mallorca-2024\/#primaryimage\",\"url\":\"https:\/\/mallorcaglobalmag.es\/wp-content\/uploads\/2024\/07\/Ling-Ocker-y-Jenny.webp\",\"contentUrl\":\"https:\/\/mallorcaglobalmag.es\/wp-content\/uploads\/2024\/07\/Ling-Ocker-y-Jenny.webp\",\"width\":1000,\"height\":667,\"caption\":\"Ling Ocker y Jenny\"},{\"@type\":\"BreadcrumbList\",\"@id\":\"https:\/\/mallorcaglobalmag.es\/gente-global-mallorca-2024\/#breadcrumb\",\"itemListElement\":[{\"@type\":\"ListItem\",\"position\":1,\"name\":\"Portada\",\"item\":\"https:\/\/mallorcaglobalmag.es\/en\/\"},{\"@type\":\"ListItem\",\"position\":2,\"name\":\"Global People: citizens of the world residing in Mallorca\"}]},{\"@type\":\"WebSite\",\"@id\":\"https:\/\/mallorcaglobalmag.es\/#website\",\"url\":\"https:\/\/mallorcaglobalmag.es\/\",\"name\":\"Mallorca Global Mag\",\"description\":\"Revista de informaci\u00f3n general de Mallorca\",\"potentialAction\":[{\"@type\":\"SearchAction\",\"target\":{\"@type\":\"EntryPoint\",\"urlTemplate\":\"https:\/\/mallorcaglobalmag.es\/?s={search_term_string}\"},\"query-input\":{\"@type\":\"PropertyValueSpecification\",\"valueRequired\":true,\"valueName\":\"search_term_string\"}}],\"inLanguage\":\"en-US\"},{\"@type\":\"Person\",\"@id\":\"https:\/\/mallorcaglobalmag.es\/#\/schema\/person\/43d7beed7d9b6f55b899266616dd0fb7\",\"name\":\"Ra\u00fal Beltr\u00e1n\",\"image\":{\"@type\":\"ImageObject\",\"inLanguage\":\"en-US\",\"@id\":\"https:\/\/mallorcaglobalmag.es\/#\/schema\/person\/image\/\",\"url\":\"https:\/\/secure.gravatar.com\/avatar\/da2a4820a3fec7c3a48baebf7b76adba9a0ca889df675d803c6826d7308d94b8?s=96&d=mm&r=g\",\"contentUrl\":\"https:\/\/secure.gravatar.com\/avatar\/da2a4820a3fec7c3a48baebf7b76adba9a0ca889df675d803c6826d7308d94b8?s=96&d=mm&r=g\",\"caption\":\"Ra\u00fal Beltr\u00e1n\"},\"url\":\"https:\/\/mallorcaglobalmag.es\/en\/author\/raulbeltran\/\"}]}<\/script>\n<!-- \/ Yoast SEO plugin. -->","yoast_head_json":{"title":"Global People: citizens of the world residing in Mallorca - Mallorca Global Mag","description":"Mallorca is a land of welcome for people from all over the world. Get to know their stories and the attractions of this paradise.","robots":{"index":"index","follow":"follow","max-snippet":"max-snippet:-1","max-image-preview":"max-image-preview:large","max-video-preview":"max-video-preview:-1"},"canonical":"https:\/\/mallorcaglobalmag.es\/gente-global-mallorca-2024\/","og_locale":"en_US","og_type":"article","og_title":"Global People: citizens of the world residing in Mallorca - Mallorca Global Mag","og_description":"Mallorca is a land of welcome for people from all over the world. Get to know their stories and the attractions of this paradise.","og_url":"https:\/\/mallorcaglobalmag.es\/gente-global-mallorca-2024\/","og_site_name":"Mallorca Global Mag","article_published_time":"2024-07-09T06:00:44+00:00","og_image":[{"width":1000,"height":667,"url":"https:\/\/mallorcaglobalmag.es\/wp-content\/uploads\/2024\/07\/Ling-Ocker-y-Jenny.webp","type":"image\/webp"}],"author":"Ra\u00fal Beltr\u00e1n","twitter_card":"summary_large_image","twitter_misc":{"Written by":"Ra\u00fal Beltr\u00e1n","Est. reading time":"5 minutes"},"schema":{"@context":"https:\/\/schema.org","@graph":[{"@type":"WebPage","@id":"https:\/\/mallorcaglobalmag.es\/gente-global-mallorca-2024\/","url":"https:\/\/mallorcaglobalmag.es\/gente-global-mallorca-2024\/","name":"Global People: citizens of the world residing in Mallorca - Mallorca Global Mag","isPartOf":{"@id":"https:\/\/mallorcaglobalmag.es\/#website"},"primaryImageOfPage":{"@id":"https:\/\/mallorcaglobalmag.es\/gente-global-mallorca-2024\/#primaryimage"},"image":{"@id":"https:\/\/mallorcaglobalmag.es\/gente-global-mallorca-2024\/#primaryimage"},"thumbnailUrl":"https:\/\/mallorcaglobalmag.es\/wp-content\/uploads\/2024\/07\/Ling-Ocker-y-Jenny.webp","datePublished":"2024-07-09T06:00:44+00:00","author":{"@id":"https:\/\/mallorcaglobalmag.es\/#\/schema\/person\/43d7beed7d9b6f55b899266616dd0fb7"},"description":"Mallorca is a land of welcome for people from all over the world. Get to know their stories and the attractions of this paradise.","breadcrumb":{"@id":"https:\/\/mallorcaglobalmag.es\/gente-global-mallorca-2024\/#breadcrumb"},"inLanguage":"en-US","potentialAction":[{"@type":"ReadAction","target":["https:\/\/mallorcaglobalmag.es\/gente-global-mallorca-2024\/"]}]},{"@type":"ImageObject","inLanguage":"en-US","@id":"https:\/\/mallorcaglobalmag.es\/gente-global-mallorca-2024\/#primaryimage","url":"https:\/\/mallorcaglobalmag.es\/wp-content\/uploads\/2024\/07\/Ling-Ocker-y-Jenny.webp","contentUrl":"https:\/\/mallorcaglobalmag.es\/wp-content\/uploads\/2024\/07\/Ling-Ocker-y-Jenny.webp","width":1000,"height":667,"caption":"Ling Ocker y Jenny"},{"@type":"BreadcrumbList","@id":"https:\/\/mallorcaglobalmag.es\/gente-global-mallorca-2024\/#breadcrumb","itemListElement":[{"@type":"ListItem","position":1,"name":"Portada","item":"https:\/\/mallorcaglobalmag.es\/en\/"},{"@type":"ListItem","position":2,"name":"Global People: citizens of the world residing in Mallorca"}]},{"@type":"WebSite","@id":"https:\/\/mallorcaglobalmag.es\/#website","url":"https:\/\/mallorcaglobalmag.es\/","name":"Mallorca Global Mag","description":"Revista de informaci\u00f3n general de Mallorca","potentialAction":[{"@type":"SearchAction","target":{"@type":"EntryPoint","urlTemplate":"https:\/\/mallorcaglobalmag.es\/?s={search_term_string}"},"query-input":{"@type":"PropertyValueSpecification","valueRequired":true,"valueName":"search_term_string"}}],"inLanguage":"en-US"},{"@type":"Person","@id":"https:\/\/mallorcaglobalmag.es\/#\/schema\/person\/43d7beed7d9b6f55b899266616dd0fb7","name":"Ra\u00fal Beltr\u00e1n","image":{"@type":"ImageObject","inLanguage":"en-US","@id":"https:\/\/mallorcaglobalmag.es\/#\/schema\/person\/image\/","url":"https:\/\/secure.gravatar.com\/avatar\/da2a4820a3fec7c3a48baebf7b76adba9a0ca889df675d803c6826d7308d94b8?s=96&d=mm&r=g","contentUrl":"https:\/\/secure.gravatar.com\/avatar\/da2a4820a3fec7c3a48baebf7b76adba9a0ca889df675d803c6826d7308d94b8?s=96&d=mm&r=g","caption":"Ra\u00fal Beltr\u00e1n"},"url":"https:\/\/mallorcaglobalmag.es\/en\/author\/raulbeltran\/"}]}},"_links":{"self":[{"href":"https:\/\/mallorcaglobalmag.es\/en\/wp-json\/wp\/v2\/posts\/107945","targetHints":{"allow":["GET"]}}],"collection":[{"href":"https:\/\/mallorcaglobalmag.es\/en\/wp-json\/wp\/v2\/posts"}],"about":[{"href":"https:\/\/mallorcaglobalmag.es\/en\/wp-json\/wp\/v2\/types\/post"}],"author":[{"embeddable":true,"href":"https:\/\/mallorcaglobalmag.es\/en\/wp-json\/wp\/v2\/users\/6"}],"replies":[{"embeddable":true,"href":"https:\/\/mallorcaglobalmag.es\/en\/wp-json\/wp\/v2\/comments?post=107945"}],"version-history":[{"count":1,"href":"https:\/\/mallorcaglobalmag.es\/en\/wp-json\/wp\/v2\/posts\/107945\/revisions"}],"predecessor-version":[{"id":107947,"href":"https:\/\/mallorcaglobalmag.es\/en\/wp-json\/wp\/v2\/posts\/107945\/revisions\/107947"}],"wp:featuredmedia":[{"embeddable":true,"href":"https:\/\/mallorcaglobalmag.es\/en\/wp-json\/wp\/v2\/media\/107925"}],"wp:attachment":[{"href":"https:\/\/mallorcaglobalmag.es\/en\/wp-json\/wp\/v2\/media?parent=107945"}],"wp:term":[{"taxonomy":"category","embeddable":true,"href":"https:\/\/mallorcaglobalmag.es\/en\/wp-json\/wp\/v2\/categories?post=107945"},{"taxonomy":"post_tag","embeddable":true,"href":"https:\/\/mallorcaglobalmag.es\/en\/wp-json\/wp\/v2\/tags?post=107945"}],"curies":[{"name":"wp","href":"https:\/\/api.w.org\/{rel}","templated":true}]}}