{"id":100542,"date":"2023-10-18T16:24:17","date_gmt":"2023-10-18T14:24:17","guid":{"rendered":"https:\/\/mallorcaglobalmag.es\/?p=100542"},"modified":"2023-10-18T16:25:12","modified_gmt":"2023-10-18T14:25:12","slug":"night-of-the-churches-2023-mallorca","status":"publish","type":"post","link":"https:\/\/mallorcaglobalmag.es\/en\/night-of-the-churches-2023-mallorca\/","title":{"rendered":"The Night of the Churches will open several churches in Mallorca to the public"},"content":{"rendered":"<p>The 3rd edition of the Night of the Churches will open several churches in Palma and the part forana this Friday, 20th October. The event is organised by the Bishopric of Mallorca and the Fundaci\u00f3 Amics del Patrimoni (Friends of Heritage Foundation). The president of the Foundation, Joan Guaita, and the episcopal vicar of Historical and Cultural Heritage, Mn. Francesc Vicens, explained that the Nit de les Esgl\u00e9sies is an initiative that took place in Mallorca for the first time in 2019. It then followed the example of other European cities. In the first two editions it has been a great success with the participation of hundreds of people who have attended the event.<\/p>\n<p>Between 20:00 and 23:00 on Friday, the churches participating this year will remain open, illuminated only by candlelight and in silence. The aim is to make the churches available to people in a different way to the rest of the year. The initiative, explained the vicar, aims to create an experience &#8220;of austerity and contemplation of the heritage, from a different perspective, with different eyes, more aesthetic and original, as they were and as the churches were intended&#8221;.<\/p>\n<p>For his part, Joan Guaita stressed that this is an opportunity to &#8220;mimic and be seduced by the beauty of our religious and artistic heritage&#8221;, and added that this initiative &#8220;allows us, once again, to highlight the value of our conservation efforts&#8221;.<\/p>\n<h2>Temples open on the Night of the Churches in Mallorca<\/h2>\n<p><img decoding=\"async\" class=\"size-full wp-image-100538 aligncenter\" src=\"https:\/\/mallorcaglobalmag.es\/wp-content\/uploads\/noche-de-las-iglesias-mallorca-2023.jpg\" alt=\"noche de las iglesias mallorca 2023\" width=\"1200\" height=\"800\" srcset=\"https:\/\/mallorcaglobalmag.es\/wp-content\/uploads\/noche-de-las-iglesias-mallorca-2023-200x133.jpg 200w, https:\/\/mallorcaglobalmag.es\/wp-content\/uploads\/noche-de-las-iglesias-mallorca-2023-300x200.jpg 300w, https:\/\/mallorcaglobalmag.es\/wp-content\/uploads\/noche-de-las-iglesias-mallorca-2023-400x267.jpg 400w, https:\/\/mallorcaglobalmag.es\/wp-content\/uploads\/noche-de-las-iglesias-mallorca-2023-600x400.jpg 600w, https:\/\/mallorcaglobalmag.es\/wp-content\/uploads\/noche-de-las-iglesias-mallorca-2023-768x512.jpg 768w, https:\/\/mallorcaglobalmag.es\/wp-content\/uploads\/noche-de-las-iglesias-mallorca-2023-800x533.jpg 800w, https:\/\/mallorcaglobalmag.es\/wp-content\/uploads\/noche-de-las-iglesias-mallorca-2023-1024x683.jpg 1024w, https:\/\/mallorcaglobalmag.es\/wp-content\/uploads\/noche-de-las-iglesias-mallorca-2023.jpg 1200w\" sizes=\"(max-width: 1200px) 100vw, 1200px\" \/><\/p>\n<p>The churches that are once again taking part are, in Palma: Sant Felip Neri, the basilica of Sant Francesc, and the convent church of Mare de D\u00e9u del Socors. In Santany\u00ed, the chapel of Roser; in Petra, the convent of Sant Bernad\u00ed; in Felanitx, the convent of Sant Agust\u00ed; the church of Sant Jordi in Pollen\u00e7a; and the convent of Sant Vicen\u00e7 Ferrer in Manacor. The churches that have been incorporated this year are Sant Crist\u00f2fol in Biniali; the convent of La Caritat in Sencelles; and the parish church of Sant Bartomeu in S\u00f3ller.<\/p>\n<p>Although the visits during the Night of the Churches are free and without capacity limits, in Palma it is proposed to begin at 20:00 in Sant Felip Neri. Then continue on to Sant Francesc and finish at Socors, going in groups. This was explained by Mn. Francesc Vicens, who said that it takes a while for the eyes to get used to the darkness, to the natural light and for &#8220;the noise that we all carry inside us to become silence&#8221;. The experience aims to &#8220;encourage spontaneity&#8221; and allow &#8220;without any intervention or direction, this space, its beauty, to do what it has to do within oneself, an effect that will be different in each person&#8221;, in short, he concluded, that &#8220;the silence and the light speak for themselves without the need to add anything else&#8221;.<\/p>\n","protected":false},"excerpt":{"rendered":"<p>The 3rd edition of the Night of the Churches will <a href=\"https:\/\/mallorcaglobalmag.es\/en\/night-of-the-churches-2023-mallorca\/\"> [&#8230;]<\/a><\/p>\n","protected":false},"author":6,"featured_media":100539,"comment_status":"open","ping_status":"open","sticky":false,"template":"","format":"standard","meta":{"footnotes":""},"categories":[1514],"tags":[],"class_list":["post-100542","post","type-post","status-publish","format-standard","has-post-thumbnail","hentry","category-culture"],"yoast_head":"<!-- This site is optimized with the Yoast SEO plugin v25.2 - https:\/\/yoast.com\/wordpress\/plugins\/seo\/ -->\n<title>Night of the Churches in Mallorca 2023 - Mallorca Global Mag<\/title>\n<meta name=\"description\" content=\"The 3rd edition of the Night of the Churches will open several churches in Palma and the part forana this Friday, 20th October.\" \/>\n<meta name=\"robots\" content=\"index, follow, max-snippet:-1, max-image-preview:large, max-video-preview:-1\" \/>\n<link rel=\"canonical\" href=\"https:\/\/mallorcaglobalmag.es\/en\/night-of-the-churches-2023-mallorca\/\" \/>\n<meta property=\"og:locale\" content=\"en_US\" \/>\n<meta property=\"og:type\" content=\"article\" \/>\n<meta property=\"og:title\" content=\"Night of the Churches in Mallorca 2023 - Mallorca Global Mag\" \/>\n<meta property=\"og:description\" content=\"The 3rd edition of the Night of the Churches will open several churches in Palma and the part forana this Friday, 20th October.\" \/>\n<meta property=\"og:url\" content=\"https:\/\/mallorcaglobalmag.es\/en\/night-of-the-churches-2023-mallorca\/\" \/>\n<meta property=\"og:site_name\" content=\"Mallorca Global Mag\" \/>\n<meta property=\"article:published_time\" content=\"2023-10-18T14:24:17+00:00\" \/>\n<meta property=\"article:modified_time\" content=\"2023-10-18T14:25:12+00:00\" \/>\n<meta property=\"og:image\" content=\"https:\/\/mallorcaglobalmag.es\/wp-content\/uploads\/noche-de-las-iglesias-mallorca-2023.jpg\" \/>\n\t<meta property=\"og:image:width\" content=\"1200\" \/>\n\t<meta property=\"og:image:height\" content=\"800\" \/>\n\t<meta property=\"og:image:type\" content=\"image\/jpeg\" \/>\n<meta name=\"author\" content=\"Ra\u00fal Beltr\u00e1n\" \/>\n<meta name=\"twitter:card\" content=\"summary_large_image\" \/>\n<meta name=\"twitter:label1\" content=\"Written by\" \/>\n\t<meta name=\"twitter:data1\" content=\"Ra\u00fal Beltr\u00e1n\" \/>\n\t<meta name=\"twitter:label2\" content=\"Est. reading time\" \/>\n\t<meta name=\"twitter:data2\" content=\"3 minutes\" \/>\n<script type=\"application\/ld+json\" class=\"yoast-schema-graph\">{\"@context\":\"https:\/\/schema.org\",\"@graph\":[{\"@type\":\"WebPage\",\"@id\":\"https:\/\/mallorcaglobalmag.es\/en\/night-of-the-churches-2023-mallorca\/\",\"url\":\"https:\/\/mallorcaglobalmag.es\/en\/night-of-the-churches-2023-mallorca\/\",\"name\":\"Night of the Churches in Mallorca 2023 - Mallorca Global Mag\",\"isPartOf\":{\"@id\":\"https:\/\/mallorcaglobalmag.es\/#website\"},\"primaryImageOfPage\":{\"@id\":\"https:\/\/mallorcaglobalmag.es\/en\/night-of-the-churches-2023-mallorca\/#primaryimage\"},\"image\":{\"@id\":\"https:\/\/mallorcaglobalmag.es\/en\/night-of-the-churches-2023-mallorca\/#primaryimage\"},\"thumbnailUrl\":\"https:\/\/mallorcaglobalmag.es\/wp-content\/uploads\/noche-de-las-iglesias-mallorca-2023.jpg\",\"datePublished\":\"2023-10-18T14:24:17+00:00\",\"dateModified\":\"2023-10-18T14:25:12+00:00\",\"author\":{\"@id\":\"https:\/\/mallorcaglobalmag.es\/#\/schema\/person\/43d7beed7d9b6f55b899266616dd0fb7\"},\"description\":\"The 3rd edition of the Night of the Churches will open several churches in Palma and the part forana this Friday, 20th October.\",\"breadcrumb\":{\"@id\":\"https:\/\/mallorcaglobalmag.es\/en\/night-of-the-churches-2023-mallorca\/#breadcrumb\"},\"inLanguage\":\"en-US\",\"potentialAction\":[{\"@type\":\"ReadAction\",\"target\":[\"https:\/\/mallorcaglobalmag.es\/en\/night-of-the-churches-2023-mallorca\/\"]}]},{\"@type\":\"ImageObject\",\"inLanguage\":\"en-US\",\"@id\":\"https:\/\/mallorcaglobalmag.es\/en\/night-of-the-churches-2023-mallorca\/#primaryimage\",\"url\":\"https:\/\/mallorcaglobalmag.es\/wp-content\/uploads\/noche-de-las-iglesias-mallorca-2023.jpg\",\"contentUrl\":\"https:\/\/mallorcaglobalmag.es\/wp-content\/uploads\/noche-de-las-iglesias-mallorca-2023.jpg\",\"width\":1200,\"height\":800,\"caption\":\"noche de las iglesias mallorca 2023\"},{\"@type\":\"BreadcrumbList\",\"@id\":\"https:\/\/mallorcaglobalmag.es\/en\/night-of-the-churches-2023-mallorca\/#breadcrumb\",\"itemListElement\":[{\"@type\":\"ListItem\",\"position\":1,\"name\":\"Portada\",\"item\":\"https:\/\/mallorcaglobalmag.es\/en\/\"},{\"@type\":\"ListItem\",\"position\":2,\"name\":\"The Night of the Churches will open several churches in Mallorca to the public\"}]},{\"@type\":\"WebSite\",\"@id\":\"https:\/\/mallorcaglobalmag.es\/#website\",\"url\":\"https:\/\/mallorcaglobalmag.es\/\",\"name\":\"Mallorca Global Mag\",\"description\":\"Revista de informaci\u00f3n general de Mallorca\",\"potentialAction\":[{\"@type\":\"SearchAction\",\"target\":{\"@type\":\"EntryPoint\",\"urlTemplate\":\"https:\/\/mallorcaglobalmag.es\/?s={search_term_string}\"},\"query-input\":{\"@type\":\"PropertyValueSpecification\",\"valueRequired\":true,\"valueName\":\"search_term_string\"}}],\"inLanguage\":\"en-US\"},{\"@type\":\"Person\",\"@id\":\"https:\/\/mallorcaglobalmag.es\/#\/schema\/person\/43d7beed7d9b6f55b899266616dd0fb7\",\"name\":\"Ra\u00fal Beltr\u00e1n\",\"image\":{\"@type\":\"ImageObject\",\"inLanguage\":\"en-US\",\"@id\":\"https:\/\/mallorcaglobalmag.es\/#\/schema\/person\/image\/\",\"url\":\"https:\/\/secure.gravatar.com\/avatar\/da2a4820a3fec7c3a48baebf7b76adba9a0ca889df675d803c6826d7308d94b8?s=96&d=mm&r=g\",\"contentUrl\":\"https:\/\/secure.gravatar.com\/avatar\/da2a4820a3fec7c3a48baebf7b76adba9a0ca889df675d803c6826d7308d94b8?s=96&d=mm&r=g\",\"caption\":\"Ra\u00fal Beltr\u00e1n\"},\"url\":\"https:\/\/mallorcaglobalmag.es\/en\/author\/raulbeltran\/\"}]}<\/script>\n<!-- \/ Yoast SEO plugin. -->","yoast_head_json":{"title":"Night of the Churches in Mallorca 2023 - Mallorca Global Mag","description":"The 3rd edition of the Night of the Churches will open several churches in Palma and the part forana this Friday, 20th October.","robots":{"index":"index","follow":"follow","max-snippet":"max-snippet:-1","max-image-preview":"max-image-preview:large","max-video-preview":"max-video-preview:-1"},"canonical":"https:\/\/mallorcaglobalmag.es\/en\/night-of-the-churches-2023-mallorca\/","og_locale":"en_US","og_type":"article","og_title":"Night of the Churches in Mallorca 2023 - Mallorca Global Mag","og_description":"The 3rd edition of the Night of the Churches will open several churches in Palma and the part forana this Friday, 20th October.","og_url":"https:\/\/mallorcaglobalmag.es\/en\/night-of-the-churches-2023-mallorca\/","og_site_name":"Mallorca Global Mag","article_published_time":"2023-10-18T14:24:17+00:00","article_modified_time":"2023-10-18T14:25:12+00:00","og_image":[{"width":1200,"height":800,"url":"https:\/\/mallorcaglobalmag.es\/wp-content\/uploads\/noche-de-las-iglesias-mallorca-2023.jpg","type":"image\/jpeg"}],"author":"Ra\u00fal Beltr\u00e1n","twitter_card":"summary_large_image","twitter_misc":{"Written by":"Ra\u00fal Beltr\u00e1n","Est. reading time":"3 minutes"},"schema":{"@context":"https:\/\/schema.org","@graph":[{"@type":"WebPage","@id":"https:\/\/mallorcaglobalmag.es\/en\/night-of-the-churches-2023-mallorca\/","url":"https:\/\/mallorcaglobalmag.es\/en\/night-of-the-churches-2023-mallorca\/","name":"Night of the Churches in Mallorca 2023 - Mallorca Global Mag","isPartOf":{"@id":"https:\/\/mallorcaglobalmag.es\/#website"},"primaryImageOfPage":{"@id":"https:\/\/mallorcaglobalmag.es\/en\/night-of-the-churches-2023-mallorca\/#primaryimage"},"image":{"@id":"https:\/\/mallorcaglobalmag.es\/en\/night-of-the-churches-2023-mallorca\/#primaryimage"},"thumbnailUrl":"https:\/\/mallorcaglobalmag.es\/wp-content\/uploads\/noche-de-las-iglesias-mallorca-2023.jpg","datePublished":"2023-10-18T14:24:17+00:00","dateModified":"2023-10-18T14:25:12+00:00","author":{"@id":"https:\/\/mallorcaglobalmag.es\/#\/schema\/person\/43d7beed7d9b6f55b899266616dd0fb7"},"description":"The 3rd edition of the Night of the Churches will open several churches in Palma and the part forana this Friday, 20th October.","breadcrumb":{"@id":"https:\/\/mallorcaglobalmag.es\/en\/night-of-the-churches-2023-mallorca\/#breadcrumb"},"inLanguage":"en-US","potentialAction":[{"@type":"ReadAction","target":["https:\/\/mallorcaglobalmag.es\/en\/night-of-the-churches-2023-mallorca\/"]}]},{"@type":"ImageObject","inLanguage":"en-US","@id":"https:\/\/mallorcaglobalmag.es\/en\/night-of-the-churches-2023-mallorca\/#primaryimage","url":"https:\/\/mallorcaglobalmag.es\/wp-content\/uploads\/noche-de-las-iglesias-mallorca-2023.jpg","contentUrl":"https:\/\/mallorcaglobalmag.es\/wp-content\/uploads\/noche-de-las-iglesias-mallorca-2023.jpg","width":1200,"height":800,"caption":"noche de las iglesias mallorca 2023"},{"@type":"BreadcrumbList","@id":"https:\/\/mallorcaglobalmag.es\/en\/night-of-the-churches-2023-mallorca\/#breadcrumb","itemListElement":[{"@type":"ListItem","position":1,"name":"Portada","item":"https:\/\/mallorcaglobalmag.es\/en\/"},{"@type":"ListItem","position":2,"name":"The Night of the Churches will open several churches in Mallorca to the public"}]},{"@type":"WebSite","@id":"https:\/\/mallorcaglobalmag.es\/#website","url":"https:\/\/mallorcaglobalmag.es\/","name":"Mallorca Global Mag","description":"Revista de informaci\u00f3n general de Mallorca","potentialAction":[{"@type":"SearchAction","target":{"@type":"EntryPoint","urlTemplate":"https:\/\/mallorcaglobalmag.es\/?s={search_term_string}"},"query-input":{"@type":"PropertyValueSpecification","valueRequired":true,"valueName":"search_term_string"}}],"inLanguage":"en-US"},{"@type":"Person","@id":"https:\/\/mallorcaglobalmag.es\/#\/schema\/person\/43d7beed7d9b6f55b899266616dd0fb7","name":"Ra\u00fal Beltr\u00e1n","image":{"@type":"ImageObject","inLanguage":"en-US","@id":"https:\/\/mallorcaglobalmag.es\/#\/schema\/person\/image\/","url":"https:\/\/secure.gravatar.com\/avatar\/da2a4820a3fec7c3a48baebf7b76adba9a0ca889df675d803c6826d7308d94b8?s=96&d=mm&r=g","contentUrl":"https:\/\/secure.gravatar.com\/avatar\/da2a4820a3fec7c3a48baebf7b76adba9a0ca889df675d803c6826d7308d94b8?s=96&d=mm&r=g","caption":"Ra\u00fal Beltr\u00e1n"},"url":"https:\/\/mallorcaglobalmag.es\/en\/author\/raulbeltran\/"}]}},"_links":{"self":[{"href":"https:\/\/mallorcaglobalmag.es\/en\/wp-json\/wp\/v2\/posts\/100542","targetHints":{"allow":["GET"]}}],"collection":[{"href":"https:\/\/mallorcaglobalmag.es\/en\/wp-json\/wp\/v2\/posts"}],"about":[{"href":"https:\/\/mallorcaglobalmag.es\/en\/wp-json\/wp\/v2\/types\/post"}],"author":[{"embeddable":true,"href":"https:\/\/mallorcaglobalmag.es\/en\/wp-json\/wp\/v2\/users\/6"}],"replies":[{"embeddable":true,"href":"https:\/\/mallorcaglobalmag.es\/en\/wp-json\/wp\/v2\/comments?post=100542"}],"version-history":[{"count":2,"href":"https:\/\/mallorcaglobalmag.es\/en\/wp-json\/wp\/v2\/posts\/100542\/revisions"}],"predecessor-version":[{"id":100544,"href":"https:\/\/mallorcaglobalmag.es\/en\/wp-json\/wp\/v2\/posts\/100542\/revisions\/100544"}],"wp:featuredmedia":[{"embeddable":true,"href":"https:\/\/mallorcaglobalmag.es\/en\/wp-json\/wp\/v2\/media\/100539"}],"wp:attachment":[{"href":"https:\/\/mallorcaglobalmag.es\/en\/wp-json\/wp\/v2\/media?parent=100542"}],"wp:term":[{"taxonomy":"category","embeddable":true,"href":"https:\/\/mallorcaglobalmag.es\/en\/wp-json\/wp\/v2\/categories?post=100542"},{"taxonomy":"post_tag","embeddable":true,"href":"https:\/\/mallorcaglobalmag.es\/en\/wp-json\/wp\/v2\/tags?post=100542"}],"curies":[{"name":"wp","href":"https:\/\/api.w.org\/{rel}","templated":true}]}}