{"id":100507,"date":"2023-10-18T10:22:41","date_gmt":"2023-10-18T08:22:41","guid":{"rendered":"https:\/\/mallorcaglobalmag.es\/beachvolley-world-tour-capdepera\/"},"modified":"2023-10-18T10:30:23","modified_gmt":"2023-10-18T08:30:23","slug":"beachvolley-world-tour-capdepera","status":"publish","type":"post","link":"https:\/\/mallorcaglobalmag.es\/en\/beachvolley-world-tour-capdepera\/","title":{"rendered":"The Beachvolley World Tour brings the beach volleyball elite to Capdepera"},"content":{"rendered":"<p>The Beachvolley World Tour, one of the most important international events of the FIVB Beach Volleyball World Circuit, returns to Mallorca after 15 years. The event, called Volley Beach Pro Tour Futures Mallorca, will be held between the 18th and 29th of October at the sports facilities of the Hotel Na Taconera, located in Font de Sa Cala (Capdepera).<\/p>\n<p>More than 120 teams from countries all over the world will compete in the men&#8217;s and women&#8217;s categories. The women&#8217;s tournament will be held from the 18th to the 22nd of October, while the men&#8217;s tournament will be held from the 25th to the 29th of October. The Volley Beach Pro Tour Futures Mallorca is one of the three most important international beach volleyball sporting events today. Its celebration in Mallorca has generated great expectation, becoming in a matter of weeks the tournament in this category with the highest number of registrations in the world.<\/p>\n<p>The last time the world tour visited the island was in 2008, when it was held in Palma. On this occasion, the event has the participation of the Capdepera Town Hall, the Balearic Beach Volleyball Federation, the Spanish Volleyball Federation and the Beachvolleybalear sports club. Free tickets are available on the website of the organising club.<\/p>\n<p><img decoding=\"async\" class=\"size-full wp-image-100498 aligncenter\" src=\"https:\/\/mallorcaglobalmag.es\/wp-content\/uploads\/volley-playa-capdepera-mallorca.jpg\" alt=\"volley playa capdepera mallorca\" width=\"1280\" height=\"851\" srcset=\"https:\/\/mallorcaglobalmag.es\/wp-content\/uploads\/volley-playa-capdepera-mallorca-200x133.jpg 200w, https:\/\/mallorcaglobalmag.es\/wp-content\/uploads\/volley-playa-capdepera-mallorca-300x199.jpg 300w, https:\/\/mallorcaglobalmag.es\/wp-content\/uploads\/volley-playa-capdepera-mallorca-400x266.jpg 400w, https:\/\/mallorcaglobalmag.es\/wp-content\/uploads\/volley-playa-capdepera-mallorca-600x399.jpg 600w, https:\/\/mallorcaglobalmag.es\/wp-content\/uploads\/volley-playa-capdepera-mallorca-768x511.jpg 768w, https:\/\/mallorcaglobalmag.es\/wp-content\/uploads\/volley-playa-capdepera-mallorca-800x532.jpg 800w, https:\/\/mallorcaglobalmag.es\/wp-content\/uploads\/volley-playa-capdepera-mallorca-1024x681.jpg 1024w, https:\/\/mallorcaglobalmag.es\/wp-content\/uploads\/volley-playa-capdepera-mallorca-1200x798.jpg 1200w, https:\/\/mallorcaglobalmag.es\/wp-content\/uploads\/volley-playa-capdepera-mallorca.jpg 1280w\" sizes=\"(max-width: 1280px) 100vw, 1280px\" \/><\/p>\n","protected":false},"excerpt":{"rendered":"<p>The Beachvolley World Tour, one of the most important international <a href=\"https:\/\/mallorcaglobalmag.es\/en\/beachvolley-world-tour-capdepera\/\"> [&#8230;]<\/a><\/p>\n","protected":false},"author":6,"featured_media":100499,"comment_status":"open","ping_status":"open","sticky":false,"template":"","format":"standard","meta":{"footnotes":""},"categories":[1511],"tags":[],"class_list":["post-100507","post","type-post","status-publish","format-standard","has-post-thumbnail","hentry","category-sports"],"yoast_head":"<!-- This site is optimized with the Yoast SEO plugin v25.2 - https:\/\/yoast.com\/wordpress\/plugins\/seo\/ -->\n<title>Capdepera hosts the Beachvolley World Tour - Mallorca Global Mag<\/title>\n<meta name=\"description\" content=\"More than 120 teams from countries all over the world will compete in the men&#039;s and women&#039;s categories of the Beachvolley World Tour in Capdepera.\" \/>\n<meta name=\"robots\" content=\"index, follow, max-snippet:-1, max-image-preview:large, max-video-preview:-1\" \/>\n<link rel=\"canonical\" href=\"https:\/\/mallorcaglobalmag.es\/en\/beachvolley-world-tour-capdepera\/\" \/>\n<meta property=\"og:locale\" content=\"en_US\" \/>\n<meta property=\"og:type\" content=\"article\" \/>\n<meta property=\"og:title\" content=\"Capdepera hosts the Beachvolley World Tour - Mallorca Global Mag\" \/>\n<meta property=\"og:description\" content=\"More than 120 teams from countries all over the world will compete in the men&#039;s and women&#039;s categories of the Beachvolley World Tour in Capdepera.\" \/>\n<meta property=\"og:url\" content=\"https:\/\/mallorcaglobalmag.es\/en\/beachvolley-world-tour-capdepera\/\" \/>\n<meta property=\"og:site_name\" content=\"Mallorca Global Mag\" \/>\n<meta property=\"article:published_time\" content=\"2023-10-18T08:22:41+00:00\" \/>\n<meta property=\"article:modified_time\" content=\"2023-10-18T08:30:23+00:00\" \/>\n<meta property=\"og:image\" content=\"https:\/\/mallorcaglobalmag.es\/wp-content\/uploads\/volley-playa-capdepera-mallorca.jpg\" \/>\n\t<meta property=\"og:image:width\" content=\"1280\" \/>\n\t<meta property=\"og:image:height\" content=\"851\" \/>\n\t<meta property=\"og:image:type\" content=\"image\/jpeg\" \/>\n<meta name=\"author\" content=\"Ra\u00fal Beltr\u00e1n\" \/>\n<meta name=\"twitter:card\" content=\"summary_large_image\" \/>\n<meta name=\"twitter:label1\" content=\"Written by\" \/>\n\t<meta name=\"twitter:data1\" content=\"Ra\u00fal Beltr\u00e1n\" \/>\n\t<meta name=\"twitter:label2\" content=\"Est. reading time\" \/>\n\t<meta name=\"twitter:data2\" content=\"2 minutes\" \/>\n<script type=\"application\/ld+json\" class=\"yoast-schema-graph\">{\"@context\":\"https:\/\/schema.org\",\"@graph\":[{\"@type\":\"WebPage\",\"@id\":\"https:\/\/mallorcaglobalmag.es\/en\/beachvolley-world-tour-capdepera\/\",\"url\":\"https:\/\/mallorcaglobalmag.es\/en\/beachvolley-world-tour-capdepera\/\",\"name\":\"Capdepera hosts the Beachvolley World Tour - Mallorca Global Mag\",\"isPartOf\":{\"@id\":\"https:\/\/mallorcaglobalmag.es\/#website\"},\"primaryImageOfPage\":{\"@id\":\"https:\/\/mallorcaglobalmag.es\/en\/beachvolley-world-tour-capdepera\/#primaryimage\"},\"image\":{\"@id\":\"https:\/\/mallorcaglobalmag.es\/en\/beachvolley-world-tour-capdepera\/#primaryimage\"},\"thumbnailUrl\":\"https:\/\/mallorcaglobalmag.es\/wp-content\/uploads\/volley-playa-capdepera-mallorca.jpg\",\"datePublished\":\"2023-10-18T08:22:41+00:00\",\"dateModified\":\"2023-10-18T08:30:23+00:00\",\"author\":{\"@id\":\"https:\/\/mallorcaglobalmag.es\/#\/schema\/person\/43d7beed7d9b6f55b899266616dd0fb7\"},\"description\":\"More than 120 teams from countries all over the world will compete in the men's and women's categories of the Beachvolley World Tour in Capdepera.\",\"breadcrumb\":{\"@id\":\"https:\/\/mallorcaglobalmag.es\/en\/beachvolley-world-tour-capdepera\/#breadcrumb\"},\"inLanguage\":\"en-US\",\"potentialAction\":[{\"@type\":\"ReadAction\",\"target\":[\"https:\/\/mallorcaglobalmag.es\/en\/beachvolley-world-tour-capdepera\/\"]}]},{\"@type\":\"ImageObject\",\"inLanguage\":\"en-US\",\"@id\":\"https:\/\/mallorcaglobalmag.es\/en\/beachvolley-world-tour-capdepera\/#primaryimage\",\"url\":\"https:\/\/mallorcaglobalmag.es\/wp-content\/uploads\/volley-playa-capdepera-mallorca.jpg\",\"contentUrl\":\"https:\/\/mallorcaglobalmag.es\/wp-content\/uploads\/volley-playa-capdepera-mallorca.jpg\",\"width\":1280,\"height\":851,\"caption\":\"volley playa capdepera mallorca\"},{\"@type\":\"BreadcrumbList\",\"@id\":\"https:\/\/mallorcaglobalmag.es\/en\/beachvolley-world-tour-capdepera\/#breadcrumb\",\"itemListElement\":[{\"@type\":\"ListItem\",\"position\":1,\"name\":\"Portada\",\"item\":\"https:\/\/mallorcaglobalmag.es\/en\/\"},{\"@type\":\"ListItem\",\"position\":2,\"name\":\"The Beachvolley World Tour brings the beach volleyball elite to Capdepera\"}]},{\"@type\":\"WebSite\",\"@id\":\"https:\/\/mallorcaglobalmag.es\/#website\",\"url\":\"https:\/\/mallorcaglobalmag.es\/\",\"name\":\"Mallorca Global Mag\",\"description\":\"Revista de informaci\u00f3n general de Mallorca\",\"potentialAction\":[{\"@type\":\"SearchAction\",\"target\":{\"@type\":\"EntryPoint\",\"urlTemplate\":\"https:\/\/mallorcaglobalmag.es\/?s={search_term_string}\"},\"query-input\":{\"@type\":\"PropertyValueSpecification\",\"valueRequired\":true,\"valueName\":\"search_term_string\"}}],\"inLanguage\":\"en-US\"},{\"@type\":\"Person\",\"@id\":\"https:\/\/mallorcaglobalmag.es\/#\/schema\/person\/43d7beed7d9b6f55b899266616dd0fb7\",\"name\":\"Ra\u00fal Beltr\u00e1n\",\"image\":{\"@type\":\"ImageObject\",\"inLanguage\":\"en-US\",\"@id\":\"https:\/\/mallorcaglobalmag.es\/#\/schema\/person\/image\/\",\"url\":\"https:\/\/secure.gravatar.com\/avatar\/da2a4820a3fec7c3a48baebf7b76adba9a0ca889df675d803c6826d7308d94b8?s=96&d=mm&r=g\",\"contentUrl\":\"https:\/\/secure.gravatar.com\/avatar\/da2a4820a3fec7c3a48baebf7b76adba9a0ca889df675d803c6826d7308d94b8?s=96&d=mm&r=g\",\"caption\":\"Ra\u00fal Beltr\u00e1n\"},\"url\":\"https:\/\/mallorcaglobalmag.es\/en\/author\/raulbeltran\/\"}]}<\/script>\n<!-- \/ Yoast SEO plugin. -->","yoast_head_json":{"title":"Capdepera hosts the Beachvolley World Tour - Mallorca Global Mag","description":"More than 120 teams from countries all over the world will compete in the men's and women's categories of the Beachvolley World Tour in Capdepera.","robots":{"index":"index","follow":"follow","max-snippet":"max-snippet:-1","max-image-preview":"max-image-preview:large","max-video-preview":"max-video-preview:-1"},"canonical":"https:\/\/mallorcaglobalmag.es\/en\/beachvolley-world-tour-capdepera\/","og_locale":"en_US","og_type":"article","og_title":"Capdepera hosts the Beachvolley World Tour - Mallorca Global Mag","og_description":"More than 120 teams from countries all over the world will compete in the men's and women's categories of the Beachvolley World Tour in Capdepera.","og_url":"https:\/\/mallorcaglobalmag.es\/en\/beachvolley-world-tour-capdepera\/","og_site_name":"Mallorca Global Mag","article_published_time":"2023-10-18T08:22:41+00:00","article_modified_time":"2023-10-18T08:30:23+00:00","og_image":[{"width":1280,"height":851,"url":"https:\/\/mallorcaglobalmag.es\/wp-content\/uploads\/volley-playa-capdepera-mallorca.jpg","type":"image\/jpeg"}],"author":"Ra\u00fal Beltr\u00e1n","twitter_card":"summary_large_image","twitter_misc":{"Written by":"Ra\u00fal Beltr\u00e1n","Est. reading time":"2 minutes"},"schema":{"@context":"https:\/\/schema.org","@graph":[{"@type":"WebPage","@id":"https:\/\/mallorcaglobalmag.es\/en\/beachvolley-world-tour-capdepera\/","url":"https:\/\/mallorcaglobalmag.es\/en\/beachvolley-world-tour-capdepera\/","name":"Capdepera hosts the Beachvolley World Tour - Mallorca Global Mag","isPartOf":{"@id":"https:\/\/mallorcaglobalmag.es\/#website"},"primaryImageOfPage":{"@id":"https:\/\/mallorcaglobalmag.es\/en\/beachvolley-world-tour-capdepera\/#primaryimage"},"image":{"@id":"https:\/\/mallorcaglobalmag.es\/en\/beachvolley-world-tour-capdepera\/#primaryimage"},"thumbnailUrl":"https:\/\/mallorcaglobalmag.es\/wp-content\/uploads\/volley-playa-capdepera-mallorca.jpg","datePublished":"2023-10-18T08:22:41+00:00","dateModified":"2023-10-18T08:30:23+00:00","author":{"@id":"https:\/\/mallorcaglobalmag.es\/#\/schema\/person\/43d7beed7d9b6f55b899266616dd0fb7"},"description":"More than 120 teams from countries all over the world will compete in the men's and women's categories of the Beachvolley World Tour in Capdepera.","breadcrumb":{"@id":"https:\/\/mallorcaglobalmag.es\/en\/beachvolley-world-tour-capdepera\/#breadcrumb"},"inLanguage":"en-US","potentialAction":[{"@type":"ReadAction","target":["https:\/\/mallorcaglobalmag.es\/en\/beachvolley-world-tour-capdepera\/"]}]},{"@type":"ImageObject","inLanguage":"en-US","@id":"https:\/\/mallorcaglobalmag.es\/en\/beachvolley-world-tour-capdepera\/#primaryimage","url":"https:\/\/mallorcaglobalmag.es\/wp-content\/uploads\/volley-playa-capdepera-mallorca.jpg","contentUrl":"https:\/\/mallorcaglobalmag.es\/wp-content\/uploads\/volley-playa-capdepera-mallorca.jpg","width":1280,"height":851,"caption":"volley playa capdepera mallorca"},{"@type":"BreadcrumbList","@id":"https:\/\/mallorcaglobalmag.es\/en\/beachvolley-world-tour-capdepera\/#breadcrumb","itemListElement":[{"@type":"ListItem","position":1,"name":"Portada","item":"https:\/\/mallorcaglobalmag.es\/en\/"},{"@type":"ListItem","position":2,"name":"The Beachvolley World Tour brings the beach volleyball elite to Capdepera"}]},{"@type":"WebSite","@id":"https:\/\/mallorcaglobalmag.es\/#website","url":"https:\/\/mallorcaglobalmag.es\/","name":"Mallorca Global Mag","description":"Revista de informaci\u00f3n general de Mallorca","potentialAction":[{"@type":"SearchAction","target":{"@type":"EntryPoint","urlTemplate":"https:\/\/mallorcaglobalmag.es\/?s={search_term_string}"},"query-input":{"@type":"PropertyValueSpecification","valueRequired":true,"valueName":"search_term_string"}}],"inLanguage":"en-US"},{"@type":"Person","@id":"https:\/\/mallorcaglobalmag.es\/#\/schema\/person\/43d7beed7d9b6f55b899266616dd0fb7","name":"Ra\u00fal Beltr\u00e1n","image":{"@type":"ImageObject","inLanguage":"en-US","@id":"https:\/\/mallorcaglobalmag.es\/#\/schema\/person\/image\/","url":"https:\/\/secure.gravatar.com\/avatar\/da2a4820a3fec7c3a48baebf7b76adba9a0ca889df675d803c6826d7308d94b8?s=96&d=mm&r=g","contentUrl":"https:\/\/secure.gravatar.com\/avatar\/da2a4820a3fec7c3a48baebf7b76adba9a0ca889df675d803c6826d7308d94b8?s=96&d=mm&r=g","caption":"Ra\u00fal Beltr\u00e1n"},"url":"https:\/\/mallorcaglobalmag.es\/en\/author\/raulbeltran\/"}]}},"_links":{"self":[{"href":"https:\/\/mallorcaglobalmag.es\/en\/wp-json\/wp\/v2\/posts\/100507","targetHints":{"allow":["GET"]}}],"collection":[{"href":"https:\/\/mallorcaglobalmag.es\/en\/wp-json\/wp\/v2\/posts"}],"about":[{"href":"https:\/\/mallorcaglobalmag.es\/en\/wp-json\/wp\/v2\/types\/post"}],"author":[{"embeddable":true,"href":"https:\/\/mallorcaglobalmag.es\/en\/wp-json\/wp\/v2\/users\/6"}],"replies":[{"embeddable":true,"href":"https:\/\/mallorcaglobalmag.es\/en\/wp-json\/wp\/v2\/comments?post=100507"}],"version-history":[{"count":2,"href":"https:\/\/mallorcaglobalmag.es\/en\/wp-json\/wp\/v2\/posts\/100507\/revisions"}],"predecessor-version":[{"id":100510,"href":"https:\/\/mallorcaglobalmag.es\/en\/wp-json\/wp\/v2\/posts\/100507\/revisions\/100510"}],"wp:featuredmedia":[{"embeddable":true,"href":"https:\/\/mallorcaglobalmag.es\/en\/wp-json\/wp\/v2\/media\/100499"}],"wp:attachment":[{"href":"https:\/\/mallorcaglobalmag.es\/en\/wp-json\/wp\/v2\/media?parent=100507"}],"wp:term":[{"taxonomy":"category","embeddable":true,"href":"https:\/\/mallorcaglobalmag.es\/en\/wp-json\/wp\/v2\/categories?post=100507"},{"taxonomy":"post_tag","embeddable":true,"href":"https:\/\/mallorcaglobalmag.es\/en\/wp-json\/wp\/v2\/tags?post=100507"}],"curies":[{"name":"wp","href":"https:\/\/api.w.org\/{rel}","templated":true}]}}