{"id":100335,"date":"2023-10-13T10:51:22","date_gmt":"2023-10-13T08:51:22","guid":{"rendered":"https:\/\/mallorcaglobalmag.es\/?p=100335"},"modified":"2023-10-13T10:51:22","modified_gmt":"2023-10-13T08:51:22","slug":"palmas-can-sales-library-celebrates-women-writers-day-2023","status":"publish","type":"post","link":"https:\/\/mallorcaglobalmag.es\/en\/palmas-can-sales-library-celebrates-women-writers-day-2023\/","title":{"rendered":"Palma&#8217;s Can Sales library celebrates Women Writers&#8217; Day 2023"},"content":{"rendered":"<p>On Monday 16th October, the Can Sales Public Library of Palma is organising a collective reading on the occasion of Women Writers&#8217; Day. This year, the celebration reaches its eighth edition under the slogan &#8220;The pleasure, joy and laughter of women&#8221;. It is a commemoration promoted by the National Library of Spain (BNE), together with the Spanish Federation of Women Managers, Executives, Professionals and Entrepreneurs (FEDEPE), and Cl\u00e1sicas y Modernas, Association for the Equality of Women and Men in Culture, since 2016.<\/p>\n<p>Each year this celebration takes place on the Monday closest to the feast of Saint Teresa of Jesus (15 October) and the aim is to vindicate the work and legacy of women writers throughout history with the reading of representative fragments of their works. For each edition, a curator is appointed to select the theme from which a selection of texts by Spanish and Latin American women writers of cultural and social prestige is made. The curator of this eighth edition is the writer Marta Sanz.<\/p>\n<p>As every year, the auditorium of the BNE leads the reading of fragments by women writers, and in the Balearic Islands the Can Sales Public Library &#8211; as a library of the State Public Library Network &#8211; will take part for the eighth consecutive year.<\/p>\n<h2>Reading of fragments<\/h2>\n<p>The event, aimed at the general public, will consist of the reading of short fragments of texts written by female authors that talk about pleasure, joy, feelings, love and heartbreak. It will take place from 18:30 to 20:00 and is a free event that will also be broadcast live on the library&#8217;s Instagram channel (@bibliotecacansales). Texts by women who have played a key role in understanding our contemporary history will be read and interpreted. The more than twenty texts selected by the curator cover pleasure versus the enjoyment of nature, travel, food, knowledge; the pleasure of eroticism without guilt, of reading and writing; the sharp smile of satire and the sense of humour as a table of salvation in the worst of times&#8230;<\/p>\n<p>We will hear the words of writers as indispensable as Emilia Pardo-Baz\u00e1n, Montserrat Roig and Almudena Grandes, but also as necessary as Alfonsina Storni, Carmen Mart\u00edn Gaite, Mercedes Valdivieso, Luz Pozo and Maria Merc\u00e8 Mar\u00e7al.<\/p>\n<p>In addition, on Wednesday 18 October there will be two activities for the little ones, firstly the storytelling &#8220;La reina dels embulls&#8221; by the company Viatge al m\u00f3n de n&#8217;Aina, for children aged 4 and over, followed by a story-writing workshop for children aged 8 and over.<\/p>\n<p>&nbsp;<\/p>\n","protected":false},"excerpt":{"rendered":"<p>On Monday 16th October, the Can Sales Public Library of <a href=\"https:\/\/mallorcaglobalmag.es\/en\/palmas-can-sales-library-celebrates-women-writers-day-2023\/\"> [&#8230;]<\/a><\/p>\n","protected":false},"author":6,"featured_media":100330,"comment_status":"open","ping_status":"open","sticky":false,"template":"","format":"standard","meta":{"footnotes":""},"categories":[14],"tags":[],"class_list":["post-100335","post","type-post","status-publish","format-standard","has-post-thumbnail","hentry","category-uncategorized"],"yoast_head":"<!-- This site is optimized with the Yoast SEO plugin v25.2 - https:\/\/yoast.com\/wordpress\/plugins\/seo\/ -->\n<title>Palma&#039;s Can Sales library celebrates Women Writers&#039; Day 2023 - Mallorca Global Mag<\/title>\n<meta name=\"robots\" content=\"index, follow, max-snippet:-1, max-image-preview:large, max-video-preview:-1\" \/>\n<link rel=\"canonical\" href=\"https:\/\/mallorcaglobalmag.es\/en\/palmas-can-sales-library-celebrates-women-writers-day-2023\/\" \/>\n<meta property=\"og:locale\" content=\"en_US\" \/>\n<meta property=\"og:type\" content=\"article\" \/>\n<meta property=\"og:title\" content=\"Palma&#039;s Can Sales library celebrates Women Writers&#039; Day 2023 - Mallorca Global Mag\" \/>\n<meta property=\"og:description\" content=\"On Monday 16th October, the Can Sales Public Library of [...]\" \/>\n<meta property=\"og:url\" content=\"https:\/\/mallorcaglobalmag.es\/en\/palmas-can-sales-library-celebrates-women-writers-day-2023\/\" \/>\n<meta property=\"og:site_name\" content=\"Mallorca Global Mag\" \/>\n<meta property=\"article:published_time\" content=\"2023-10-13T08:51:22+00:00\" \/>\n<meta property=\"og:image\" content=\"https:\/\/mallorcaglobalmag.es\/wp-content\/uploads\/dia-escritoras-palma-biblioteca-Can-Sales.jpg\" \/>\n\t<meta property=\"og:image:width\" content=\"1200\" \/>\n\t<meta property=\"og:image:height\" content=\"800\" \/>\n\t<meta property=\"og:image:type\" content=\"image\/jpeg\" \/>\n<meta name=\"author\" content=\"Ra\u00fal Beltr\u00e1n\" \/>\n<meta name=\"twitter:card\" content=\"summary_large_image\" \/>\n<meta name=\"twitter:label1\" content=\"Written by\" \/>\n\t<meta name=\"twitter:data1\" content=\"Ra\u00fal Beltr\u00e1n\" \/>\n\t<meta name=\"twitter:label2\" content=\"Est. reading time\" \/>\n\t<meta name=\"twitter:data2\" content=\"2 minutes\" \/>\n<script type=\"application\/ld+json\" class=\"yoast-schema-graph\">{\"@context\":\"https:\/\/schema.org\",\"@graph\":[{\"@type\":\"WebPage\",\"@id\":\"https:\/\/mallorcaglobalmag.es\/en\/palmas-can-sales-library-celebrates-women-writers-day-2023\/\",\"url\":\"https:\/\/mallorcaglobalmag.es\/en\/palmas-can-sales-library-celebrates-women-writers-day-2023\/\",\"name\":\"Palma's Can Sales library celebrates Women Writers' Day 2023 - Mallorca Global Mag\",\"isPartOf\":{\"@id\":\"https:\/\/mallorcaglobalmag.es\/#website\"},\"primaryImageOfPage\":{\"@id\":\"https:\/\/mallorcaglobalmag.es\/en\/palmas-can-sales-library-celebrates-women-writers-day-2023\/#primaryimage\"},\"image\":{\"@id\":\"https:\/\/mallorcaglobalmag.es\/en\/palmas-can-sales-library-celebrates-women-writers-day-2023\/#primaryimage\"},\"thumbnailUrl\":\"https:\/\/mallorcaglobalmag.es\/wp-content\/uploads\/dia-escritoras-palma-biblioteca-Can-Sales.jpg\",\"datePublished\":\"2023-10-13T08:51:22+00:00\",\"author\":{\"@id\":\"https:\/\/mallorcaglobalmag.es\/#\/schema\/person\/43d7beed7d9b6f55b899266616dd0fb7\"},\"breadcrumb\":{\"@id\":\"https:\/\/mallorcaglobalmag.es\/en\/palmas-can-sales-library-celebrates-women-writers-day-2023\/#breadcrumb\"},\"inLanguage\":\"en-US\",\"potentialAction\":[{\"@type\":\"ReadAction\",\"target\":[\"https:\/\/mallorcaglobalmag.es\/en\/palmas-can-sales-library-celebrates-women-writers-day-2023\/\"]}]},{\"@type\":\"ImageObject\",\"inLanguage\":\"en-US\",\"@id\":\"https:\/\/mallorcaglobalmag.es\/en\/palmas-can-sales-library-celebrates-women-writers-day-2023\/#primaryimage\",\"url\":\"https:\/\/mallorcaglobalmag.es\/wp-content\/uploads\/dia-escritoras-palma-biblioteca-Can-Sales.jpg\",\"contentUrl\":\"https:\/\/mallorcaglobalmag.es\/wp-content\/uploads\/dia-escritoras-palma-biblioteca-Can-Sales.jpg\",\"width\":1200,\"height\":800,\"caption\":\"d\u00eda escritoras palma biblioteca Can Sales\"},{\"@type\":\"BreadcrumbList\",\"@id\":\"https:\/\/mallorcaglobalmag.es\/en\/palmas-can-sales-library-celebrates-women-writers-day-2023\/#breadcrumb\",\"itemListElement\":[{\"@type\":\"ListItem\",\"position\":1,\"name\":\"Portada\",\"item\":\"https:\/\/mallorcaglobalmag.es\/en\/\"},{\"@type\":\"ListItem\",\"position\":2,\"name\":\"Palma&#8217;s Can Sales library celebrates Women Writers&#8217; Day 2023\"}]},{\"@type\":\"WebSite\",\"@id\":\"https:\/\/mallorcaglobalmag.es\/#website\",\"url\":\"https:\/\/mallorcaglobalmag.es\/\",\"name\":\"Mallorca Global Mag\",\"description\":\"Revista de informaci\u00f3n general de Mallorca\",\"potentialAction\":[{\"@type\":\"SearchAction\",\"target\":{\"@type\":\"EntryPoint\",\"urlTemplate\":\"https:\/\/mallorcaglobalmag.es\/?s={search_term_string}\"},\"query-input\":{\"@type\":\"PropertyValueSpecification\",\"valueRequired\":true,\"valueName\":\"search_term_string\"}}],\"inLanguage\":\"en-US\"},{\"@type\":\"Person\",\"@id\":\"https:\/\/mallorcaglobalmag.es\/#\/schema\/person\/43d7beed7d9b6f55b899266616dd0fb7\",\"name\":\"Ra\u00fal Beltr\u00e1n\",\"image\":{\"@type\":\"ImageObject\",\"inLanguage\":\"en-US\",\"@id\":\"https:\/\/mallorcaglobalmag.es\/#\/schema\/person\/image\/\",\"url\":\"https:\/\/secure.gravatar.com\/avatar\/da2a4820a3fec7c3a48baebf7b76adba9a0ca889df675d803c6826d7308d94b8?s=96&d=mm&r=g\",\"contentUrl\":\"https:\/\/secure.gravatar.com\/avatar\/da2a4820a3fec7c3a48baebf7b76adba9a0ca889df675d803c6826d7308d94b8?s=96&d=mm&r=g\",\"caption\":\"Ra\u00fal Beltr\u00e1n\"},\"url\":\"https:\/\/mallorcaglobalmag.es\/en\/author\/raulbeltran\/\"}]}<\/script>\n<!-- \/ Yoast SEO plugin. -->","yoast_head_json":{"title":"Palma's Can Sales library celebrates Women Writers' Day 2023 - Mallorca Global Mag","robots":{"index":"index","follow":"follow","max-snippet":"max-snippet:-1","max-image-preview":"max-image-preview:large","max-video-preview":"max-video-preview:-1"},"canonical":"https:\/\/mallorcaglobalmag.es\/en\/palmas-can-sales-library-celebrates-women-writers-day-2023\/","og_locale":"en_US","og_type":"article","og_title":"Palma's Can Sales library celebrates Women Writers' Day 2023 - Mallorca Global Mag","og_description":"On Monday 16th October, the Can Sales Public Library of [...]","og_url":"https:\/\/mallorcaglobalmag.es\/en\/palmas-can-sales-library-celebrates-women-writers-day-2023\/","og_site_name":"Mallorca Global Mag","article_published_time":"2023-10-13T08:51:22+00:00","og_image":[{"width":1200,"height":800,"url":"https:\/\/mallorcaglobalmag.es\/wp-content\/uploads\/dia-escritoras-palma-biblioteca-Can-Sales.jpg","type":"image\/jpeg"}],"author":"Ra\u00fal Beltr\u00e1n","twitter_card":"summary_large_image","twitter_misc":{"Written by":"Ra\u00fal Beltr\u00e1n","Est. reading time":"2 minutes"},"schema":{"@context":"https:\/\/schema.org","@graph":[{"@type":"WebPage","@id":"https:\/\/mallorcaglobalmag.es\/en\/palmas-can-sales-library-celebrates-women-writers-day-2023\/","url":"https:\/\/mallorcaglobalmag.es\/en\/palmas-can-sales-library-celebrates-women-writers-day-2023\/","name":"Palma's Can Sales library celebrates Women Writers' Day 2023 - Mallorca Global Mag","isPartOf":{"@id":"https:\/\/mallorcaglobalmag.es\/#website"},"primaryImageOfPage":{"@id":"https:\/\/mallorcaglobalmag.es\/en\/palmas-can-sales-library-celebrates-women-writers-day-2023\/#primaryimage"},"image":{"@id":"https:\/\/mallorcaglobalmag.es\/en\/palmas-can-sales-library-celebrates-women-writers-day-2023\/#primaryimage"},"thumbnailUrl":"https:\/\/mallorcaglobalmag.es\/wp-content\/uploads\/dia-escritoras-palma-biblioteca-Can-Sales.jpg","datePublished":"2023-10-13T08:51:22+00:00","author":{"@id":"https:\/\/mallorcaglobalmag.es\/#\/schema\/person\/43d7beed7d9b6f55b899266616dd0fb7"},"breadcrumb":{"@id":"https:\/\/mallorcaglobalmag.es\/en\/palmas-can-sales-library-celebrates-women-writers-day-2023\/#breadcrumb"},"inLanguage":"en-US","potentialAction":[{"@type":"ReadAction","target":["https:\/\/mallorcaglobalmag.es\/en\/palmas-can-sales-library-celebrates-women-writers-day-2023\/"]}]},{"@type":"ImageObject","inLanguage":"en-US","@id":"https:\/\/mallorcaglobalmag.es\/en\/palmas-can-sales-library-celebrates-women-writers-day-2023\/#primaryimage","url":"https:\/\/mallorcaglobalmag.es\/wp-content\/uploads\/dia-escritoras-palma-biblioteca-Can-Sales.jpg","contentUrl":"https:\/\/mallorcaglobalmag.es\/wp-content\/uploads\/dia-escritoras-palma-biblioteca-Can-Sales.jpg","width":1200,"height":800,"caption":"d\u00eda escritoras palma biblioteca Can Sales"},{"@type":"BreadcrumbList","@id":"https:\/\/mallorcaglobalmag.es\/en\/palmas-can-sales-library-celebrates-women-writers-day-2023\/#breadcrumb","itemListElement":[{"@type":"ListItem","position":1,"name":"Portada","item":"https:\/\/mallorcaglobalmag.es\/en\/"},{"@type":"ListItem","position":2,"name":"Palma&#8217;s Can Sales library celebrates Women Writers&#8217; Day 2023"}]},{"@type":"WebSite","@id":"https:\/\/mallorcaglobalmag.es\/#website","url":"https:\/\/mallorcaglobalmag.es\/","name":"Mallorca Global Mag","description":"Revista de informaci\u00f3n general de Mallorca","potentialAction":[{"@type":"SearchAction","target":{"@type":"EntryPoint","urlTemplate":"https:\/\/mallorcaglobalmag.es\/?s={search_term_string}"},"query-input":{"@type":"PropertyValueSpecification","valueRequired":true,"valueName":"search_term_string"}}],"inLanguage":"en-US"},{"@type":"Person","@id":"https:\/\/mallorcaglobalmag.es\/#\/schema\/person\/43d7beed7d9b6f55b899266616dd0fb7","name":"Ra\u00fal Beltr\u00e1n","image":{"@type":"ImageObject","inLanguage":"en-US","@id":"https:\/\/mallorcaglobalmag.es\/#\/schema\/person\/image\/","url":"https:\/\/secure.gravatar.com\/avatar\/da2a4820a3fec7c3a48baebf7b76adba9a0ca889df675d803c6826d7308d94b8?s=96&d=mm&r=g","contentUrl":"https:\/\/secure.gravatar.com\/avatar\/da2a4820a3fec7c3a48baebf7b76adba9a0ca889df675d803c6826d7308d94b8?s=96&d=mm&r=g","caption":"Ra\u00fal Beltr\u00e1n"},"url":"https:\/\/mallorcaglobalmag.es\/en\/author\/raulbeltran\/"}]}},"_links":{"self":[{"href":"https:\/\/mallorcaglobalmag.es\/en\/wp-json\/wp\/v2\/posts\/100335","targetHints":{"allow":["GET"]}}],"collection":[{"href":"https:\/\/mallorcaglobalmag.es\/en\/wp-json\/wp\/v2\/posts"}],"about":[{"href":"https:\/\/mallorcaglobalmag.es\/en\/wp-json\/wp\/v2\/types\/post"}],"author":[{"embeddable":true,"href":"https:\/\/mallorcaglobalmag.es\/en\/wp-json\/wp\/v2\/users\/6"}],"replies":[{"embeddable":true,"href":"https:\/\/mallorcaglobalmag.es\/en\/wp-json\/wp\/v2\/comments?post=100335"}],"version-history":[{"count":1,"href":"https:\/\/mallorcaglobalmag.es\/en\/wp-json\/wp\/v2\/posts\/100335\/revisions"}],"predecessor-version":[{"id":100336,"href":"https:\/\/mallorcaglobalmag.es\/en\/wp-json\/wp\/v2\/posts\/100335\/revisions\/100336"}],"wp:featuredmedia":[{"embeddable":true,"href":"https:\/\/mallorcaglobalmag.es\/en\/wp-json\/wp\/v2\/media\/100330"}],"wp:attachment":[{"href":"https:\/\/mallorcaglobalmag.es\/en\/wp-json\/wp\/v2\/media?parent=100335"}],"wp:term":[{"taxonomy":"category","embeddable":true,"href":"https:\/\/mallorcaglobalmag.es\/en\/wp-json\/wp\/v2\/categories?post=100335"},{"taxonomy":"post_tag","embeddable":true,"href":"https:\/\/mallorcaglobalmag.es\/en\/wp-json\/wp\/v2\/tags?post=100335"}],"curies":[{"name":"wp","href":"https:\/\/api.w.org\/{rel}","templated":true}]}}