{"id":100130,"date":"2023-10-19T07:09:38","date_gmt":"2023-10-19T05:09:38","guid":{"rendered":"https:\/\/mallorcaglobalmag.es\/comic-nostrum-2023-palma-mallorca\/"},"modified":"2023-10-19T09:51:00","modified_gmt":"2023-10-19T07:51:00","slug":"comic-nostrum-2023-palma-mallorca","status":"publish","type":"post","link":"https:\/\/mallorcaglobalmag.es\/en\/comic-nostrum-2023-palma-mallorca\/","title":{"rendered":"C\u00f2mic Nostrum 2023: Programme of the Mallorca International Comic Festival"},"content":{"rendered":"<p>C\u00f2mic Nostrum 2023 celebrates the world of comics in Palma from 19th to 23rd October. The Casal Solleric and the Centro Cultural La Miseric\u00f2rdia in Palma will be the two main venues for the event. Four days during which the extensive programme of the Festival Internacional de C\u00f3mic de Mallorca (International Comic Strip Festival of Mallorca) will be held. With more than 10 guest authors from the current scene, numerous exhibitions, talks, etc. In addition, the weekend will be the time to hold the Pop Up Comic Market.<\/p>\n<h2>C\u00f2mic Nostrum 2023 programme in Palma<\/h2>\n<div id=\"attachment_100127\" style=\"width: 1185px\" class=\"wp-caption aligncenter\"><img decoding=\"async\" aria-describedby=\"caption-attachment-100127\" class=\"size-full wp-image-100127\" src=\"https:\/\/mallorcaglobalmag.es\/wp-content\/uploads\/comic-nostrum-2023-mallorca-Paco-Diaz.png\" alt=\"comic nostrum 2023 mallorca Paco D\u00edaz\" width=\"1175\" height=\"523\" srcset=\"https:\/\/mallorcaglobalmag.es\/wp-content\/uploads\/comic-nostrum-2023-mallorca-Paco-Diaz-200x89.png 200w, https:\/\/mallorcaglobalmag.es\/wp-content\/uploads\/comic-nostrum-2023-mallorca-Paco-Diaz-300x134.png 300w, https:\/\/mallorcaglobalmag.es\/wp-content\/uploads\/comic-nostrum-2023-mallorca-Paco-Diaz-400x178.png 400w, https:\/\/mallorcaglobalmag.es\/wp-content\/uploads\/comic-nostrum-2023-mallorca-Paco-Diaz-600x267.png 600w, https:\/\/mallorcaglobalmag.es\/wp-content\/uploads\/comic-nostrum-2023-mallorca-Paco-Diaz-768x342.png 768w, https:\/\/mallorcaglobalmag.es\/wp-content\/uploads\/comic-nostrum-2023-mallorca-Paco-Diaz-800x356.png 800w, https:\/\/mallorcaglobalmag.es\/wp-content\/uploads\/comic-nostrum-2023-mallorca-Paco-Diaz-1024x456.png 1024w, https:\/\/mallorcaglobalmag.es\/wp-content\/uploads\/comic-nostrum-2023-mallorca-Paco-Diaz.png 1175w\" sizes=\"(max-width: 1175px) 100vw, 1175px\" \/><p id=\"caption-attachment-100127\" class=\"wp-caption-text\">Work by Paco D\u00edaz, part of the exhibition &#8220;Pencil, eraser and superheroes&#8221;.<\/p><\/div>\n<p>Before Comic Nostrum 2023 opens in Palma on Thursday the 19th, events are taking place prior to the main part of the programme. From the 2nd of October you can see &#8220;Weniger Ist Mehr&#8221;, by Gonzalo Aeneas, at El Mirador &#8211; Calle Set Cantons, 6 &#8211; until the 31st of October. Also the group exhibition &#8220;\u00bfMenos es m\u00e1s?&#8221;, which opens on Wednesday 11th October with works by Ata, Manuel Calvo, Canizales, Pato Conde, \u00c1lex Fito, Flavia Gargiulo, Gabo Golomb, Pere Joan, Enriqueta Llorca, Jaume Mart\u00ed, Marta Masana, Max, Feliu Renom, Tomeu Riera, Bartolom\u00e9 Segu\u00ed, Tat\u00fam, N\u00edvola Uy\u00e1, Rafel Vaquer and Margalida Vinyes. It will be held in the Rita bar, Pla\u00e7a de Lloren\u00e7 Bisbal, and can be visited until December.<\/p>\n<p>Another of the exhibitions around Comic Nostrum 2023 is &#8220;Sellos de c\u00f3mic&#8221; (Comic stamps), from 9th October to 18th November at the Palma public library &#8220;Can Sales&#8221;. Finally, &#8220;Pencil, eraser and superheroes&#8221;, by Paco D\u00edaz, on the ground floor of La Miseric\u00f2rdia, from 11th October to 18th November.<\/p>\n<p>\ud83d\udca1 <a href=\"https:\/\/drive.google.com\/file\/d\/17IXs-S777RL2Ml253H_z86RL-dSs5NH-\/view\" target=\"_blank\" rel=\"noopener\"><strong>You can check the full programa for C\u00f2mic Nostrum 2023 in this link<\/strong><\/a>.<\/p>\n","protected":false},"excerpt":{"rendered":"<p>C\u00f2mic Nostrum 2023 celebrates the world of comics in Palma <a href=\"https:\/\/mallorcaglobalmag.es\/en\/comic-nostrum-2023-palma-mallorca\/\"> [&#8230;]<\/a><\/p>\n","protected":false},"author":4,"featured_media":100128,"comment_status":"open","ping_status":"open","sticky":false,"template":"","format":"standard","meta":{"footnotes":""},"categories":[1514],"tags":[],"class_list":["post-100130","post","type-post","status-publish","format-standard","has-post-thumbnail","hentry","category-culture"],"yoast_head":"<!-- This site is optimized with the Yoast SEO plugin v25.2 - https:\/\/yoast.com\/wordpress\/plugins\/seo\/ -->\n<title>C\u00f2mic Nostrum 2023: Full programme of the festival in Palma - Mallorca Global Mag<\/title>\n<meta name=\"description\" content=\"C\u00f2mic Nostrum 2023 celebrates the world of comics in Palma de Mallorca from 19th to 23rd October at Casal Solleric and La Miseric\u00f2rdia.\" \/>\n<meta name=\"robots\" content=\"index, follow, max-snippet:-1, max-image-preview:large, max-video-preview:-1\" \/>\n<link rel=\"canonical\" href=\"https:\/\/mallorcaglobalmag.es\/en\/comic-nostrum-2023-palma-mallorca\/\" \/>\n<meta property=\"og:locale\" content=\"en_US\" \/>\n<meta property=\"og:type\" content=\"article\" \/>\n<meta property=\"og:title\" content=\"C\u00f2mic Nostrum 2023: Full programme of the festival in Palma - Mallorca Global Mag\" \/>\n<meta property=\"og:description\" content=\"C\u00f2mic Nostrum 2023 celebrates the world of comics in Palma de Mallorca from 19th to 23rd October at Casal Solleric and La Miseric\u00f2rdia.\" \/>\n<meta property=\"og:url\" content=\"https:\/\/mallorcaglobalmag.es\/en\/comic-nostrum-2023-palma-mallorca\/\" \/>\n<meta property=\"og:site_name\" content=\"Mallorca Global Mag\" \/>\n<meta property=\"article:published_time\" content=\"2023-10-19T05:09:38+00:00\" \/>\n<meta property=\"article:modified_time\" content=\"2023-10-19T07:51:00+00:00\" \/>\n<meta property=\"og:image\" content=\"https:\/\/mallorcaglobalmag.es\/wp-content\/uploads\/comic-nostrum-2023-mallorca-Paco-Diaz.png\" \/>\n\t<meta property=\"og:image:width\" content=\"1175\" \/>\n\t<meta property=\"og:image:height\" content=\"523\" \/>\n\t<meta property=\"og:image:type\" content=\"image\/png\" \/>\n<meta name=\"author\" content=\"Redacci\u00f3n\" \/>\n<meta name=\"twitter:card\" content=\"summary_large_image\" \/>\n<meta name=\"twitter:label1\" content=\"Written by\" \/>\n\t<meta name=\"twitter:data1\" content=\"Redacci\u00f3n\" \/>\n\t<meta name=\"twitter:label2\" content=\"Est. reading time\" \/>\n\t<meta name=\"twitter:data2\" content=\"2 minutes\" \/>\n<script type=\"application\/ld+json\" class=\"yoast-schema-graph\">{\"@context\":\"https:\/\/schema.org\",\"@graph\":[{\"@type\":\"WebPage\",\"@id\":\"https:\/\/mallorcaglobalmag.es\/en\/comic-nostrum-2023-palma-mallorca\/\",\"url\":\"https:\/\/mallorcaglobalmag.es\/en\/comic-nostrum-2023-palma-mallorca\/\",\"name\":\"C\u00f2mic Nostrum 2023: Full programme of the festival in Palma - Mallorca Global Mag\",\"isPartOf\":{\"@id\":\"https:\/\/mallorcaglobalmag.es\/#website\"},\"primaryImageOfPage\":{\"@id\":\"https:\/\/mallorcaglobalmag.es\/en\/comic-nostrum-2023-palma-mallorca\/#primaryimage\"},\"image\":{\"@id\":\"https:\/\/mallorcaglobalmag.es\/en\/comic-nostrum-2023-palma-mallorca\/#primaryimage\"},\"thumbnailUrl\":\"https:\/\/mallorcaglobalmag.es\/wp-content\/uploads\/comic-nostrum-2023-mallorca-Paco-Diaz.png\",\"datePublished\":\"2023-10-19T05:09:38+00:00\",\"dateModified\":\"2023-10-19T07:51:00+00:00\",\"author\":{\"@id\":\"https:\/\/mallorcaglobalmag.es\/#\/schema\/person\/9a3cf523d44bd4905a14be13db051907\"},\"description\":\"C\u00f2mic Nostrum 2023 celebrates the world of comics in Palma de Mallorca from 19th to 23rd October at Casal Solleric and La Miseric\u00f2rdia.\",\"breadcrumb\":{\"@id\":\"https:\/\/mallorcaglobalmag.es\/en\/comic-nostrum-2023-palma-mallorca\/#breadcrumb\"},\"inLanguage\":\"en-US\",\"potentialAction\":[{\"@type\":\"ReadAction\",\"target\":[\"https:\/\/mallorcaglobalmag.es\/en\/comic-nostrum-2023-palma-mallorca\/\"]}]},{\"@type\":\"ImageObject\",\"inLanguage\":\"en-US\",\"@id\":\"https:\/\/mallorcaglobalmag.es\/en\/comic-nostrum-2023-palma-mallorca\/#primaryimage\",\"url\":\"https:\/\/mallorcaglobalmag.es\/wp-content\/uploads\/comic-nostrum-2023-mallorca-Paco-Diaz.png\",\"contentUrl\":\"https:\/\/mallorcaglobalmag.es\/wp-content\/uploads\/comic-nostrum-2023-mallorca-Paco-Diaz.png\",\"width\":1175,\"height\":523,\"caption\":\"Trabajo de Paco D\u00edaz, parte de la exposici\u00f3n\"},{\"@type\":\"BreadcrumbList\",\"@id\":\"https:\/\/mallorcaglobalmag.es\/en\/comic-nostrum-2023-palma-mallorca\/#breadcrumb\",\"itemListElement\":[{\"@type\":\"ListItem\",\"position\":1,\"name\":\"Portada\",\"item\":\"https:\/\/mallorcaglobalmag.es\/en\/\"},{\"@type\":\"ListItem\",\"position\":2,\"name\":\"C\u00f2mic Nostrum 2023: Programme of the Mallorca International Comic Festival\"}]},{\"@type\":\"WebSite\",\"@id\":\"https:\/\/mallorcaglobalmag.es\/#website\",\"url\":\"https:\/\/mallorcaglobalmag.es\/\",\"name\":\"Mallorca Global Mag\",\"description\":\"Revista de informaci\u00f3n general de Mallorca\",\"potentialAction\":[{\"@type\":\"SearchAction\",\"target\":{\"@type\":\"EntryPoint\",\"urlTemplate\":\"https:\/\/mallorcaglobalmag.es\/?s={search_term_string}\"},\"query-input\":{\"@type\":\"PropertyValueSpecification\",\"valueRequired\":true,\"valueName\":\"search_term_string\"}}],\"inLanguage\":\"en-US\"},{\"@type\":\"Person\",\"@id\":\"https:\/\/mallorcaglobalmag.es\/#\/schema\/person\/9a3cf523d44bd4905a14be13db051907\",\"name\":\"Redacci\u00f3n\",\"image\":{\"@type\":\"ImageObject\",\"inLanguage\":\"en-US\",\"@id\":\"https:\/\/mallorcaglobalmag.es\/#\/schema\/person\/image\/\",\"url\":\"https:\/\/secure.gravatar.com\/avatar\/54a4bcd1a68eccdda3505d7ee5d6ebb8e5dd78095a07d388940305fac2e49572?s=96&d=mm&r=g\",\"contentUrl\":\"https:\/\/secure.gravatar.com\/avatar\/54a4bcd1a68eccdda3505d7ee5d6ebb8e5dd78095a07d388940305fac2e49572?s=96&d=mm&r=g\",\"caption\":\"Redacci\u00f3n\"},\"url\":\"https:\/\/mallorcaglobalmag.es\/en\/author\/elena\/\"}]}<\/script>\n<!-- \/ Yoast SEO plugin. -->","yoast_head_json":{"title":"C\u00f2mic Nostrum 2023: Full programme of the festival in Palma - Mallorca Global Mag","description":"C\u00f2mic Nostrum 2023 celebrates the world of comics in Palma de Mallorca from 19th to 23rd October at Casal Solleric and La Miseric\u00f2rdia.","robots":{"index":"index","follow":"follow","max-snippet":"max-snippet:-1","max-image-preview":"max-image-preview:large","max-video-preview":"max-video-preview:-1"},"canonical":"https:\/\/mallorcaglobalmag.es\/en\/comic-nostrum-2023-palma-mallorca\/","og_locale":"en_US","og_type":"article","og_title":"C\u00f2mic Nostrum 2023: Full programme of the festival in Palma - Mallorca Global Mag","og_description":"C\u00f2mic Nostrum 2023 celebrates the world of comics in Palma de Mallorca from 19th to 23rd October at Casal Solleric and La Miseric\u00f2rdia.","og_url":"https:\/\/mallorcaglobalmag.es\/en\/comic-nostrum-2023-palma-mallorca\/","og_site_name":"Mallorca Global Mag","article_published_time":"2023-10-19T05:09:38+00:00","article_modified_time":"2023-10-19T07:51:00+00:00","og_image":[{"width":1175,"height":523,"url":"https:\/\/mallorcaglobalmag.es\/wp-content\/uploads\/comic-nostrum-2023-mallorca-Paco-Diaz.png","type":"image\/png"}],"author":"Redacci\u00f3n","twitter_card":"summary_large_image","twitter_misc":{"Written by":"Redacci\u00f3n","Est. reading time":"2 minutes"},"schema":{"@context":"https:\/\/schema.org","@graph":[{"@type":"WebPage","@id":"https:\/\/mallorcaglobalmag.es\/en\/comic-nostrum-2023-palma-mallorca\/","url":"https:\/\/mallorcaglobalmag.es\/en\/comic-nostrum-2023-palma-mallorca\/","name":"C\u00f2mic Nostrum 2023: Full programme of the festival in Palma - Mallorca Global Mag","isPartOf":{"@id":"https:\/\/mallorcaglobalmag.es\/#website"},"primaryImageOfPage":{"@id":"https:\/\/mallorcaglobalmag.es\/en\/comic-nostrum-2023-palma-mallorca\/#primaryimage"},"image":{"@id":"https:\/\/mallorcaglobalmag.es\/en\/comic-nostrum-2023-palma-mallorca\/#primaryimage"},"thumbnailUrl":"https:\/\/mallorcaglobalmag.es\/wp-content\/uploads\/comic-nostrum-2023-mallorca-Paco-Diaz.png","datePublished":"2023-10-19T05:09:38+00:00","dateModified":"2023-10-19T07:51:00+00:00","author":{"@id":"https:\/\/mallorcaglobalmag.es\/#\/schema\/person\/9a3cf523d44bd4905a14be13db051907"},"description":"C\u00f2mic Nostrum 2023 celebrates the world of comics in Palma de Mallorca from 19th to 23rd October at Casal Solleric and La Miseric\u00f2rdia.","breadcrumb":{"@id":"https:\/\/mallorcaglobalmag.es\/en\/comic-nostrum-2023-palma-mallorca\/#breadcrumb"},"inLanguage":"en-US","potentialAction":[{"@type":"ReadAction","target":["https:\/\/mallorcaglobalmag.es\/en\/comic-nostrum-2023-palma-mallorca\/"]}]},{"@type":"ImageObject","inLanguage":"en-US","@id":"https:\/\/mallorcaglobalmag.es\/en\/comic-nostrum-2023-palma-mallorca\/#primaryimage","url":"https:\/\/mallorcaglobalmag.es\/wp-content\/uploads\/comic-nostrum-2023-mallorca-Paco-Diaz.png","contentUrl":"https:\/\/mallorcaglobalmag.es\/wp-content\/uploads\/comic-nostrum-2023-mallorca-Paco-Diaz.png","width":1175,"height":523,"caption":"Trabajo de Paco D\u00edaz, parte de la exposici\u00f3n"},{"@type":"BreadcrumbList","@id":"https:\/\/mallorcaglobalmag.es\/en\/comic-nostrum-2023-palma-mallorca\/#breadcrumb","itemListElement":[{"@type":"ListItem","position":1,"name":"Portada","item":"https:\/\/mallorcaglobalmag.es\/en\/"},{"@type":"ListItem","position":2,"name":"C\u00f2mic Nostrum 2023: Programme of the Mallorca International Comic Festival"}]},{"@type":"WebSite","@id":"https:\/\/mallorcaglobalmag.es\/#website","url":"https:\/\/mallorcaglobalmag.es\/","name":"Mallorca Global Mag","description":"Revista de informaci\u00f3n general de Mallorca","potentialAction":[{"@type":"SearchAction","target":{"@type":"EntryPoint","urlTemplate":"https:\/\/mallorcaglobalmag.es\/?s={search_term_string}"},"query-input":{"@type":"PropertyValueSpecification","valueRequired":true,"valueName":"search_term_string"}}],"inLanguage":"en-US"},{"@type":"Person","@id":"https:\/\/mallorcaglobalmag.es\/#\/schema\/person\/9a3cf523d44bd4905a14be13db051907","name":"Redacci\u00f3n","image":{"@type":"ImageObject","inLanguage":"en-US","@id":"https:\/\/mallorcaglobalmag.es\/#\/schema\/person\/image\/","url":"https:\/\/secure.gravatar.com\/avatar\/54a4bcd1a68eccdda3505d7ee5d6ebb8e5dd78095a07d388940305fac2e49572?s=96&d=mm&r=g","contentUrl":"https:\/\/secure.gravatar.com\/avatar\/54a4bcd1a68eccdda3505d7ee5d6ebb8e5dd78095a07d388940305fac2e49572?s=96&d=mm&r=g","caption":"Redacci\u00f3n"},"url":"https:\/\/mallorcaglobalmag.es\/en\/author\/elena\/"}]}},"_links":{"self":[{"href":"https:\/\/mallorcaglobalmag.es\/en\/wp-json\/wp\/v2\/posts\/100130","targetHints":{"allow":["GET"]}}],"collection":[{"href":"https:\/\/mallorcaglobalmag.es\/en\/wp-json\/wp\/v2\/posts"}],"about":[{"href":"https:\/\/mallorcaglobalmag.es\/en\/wp-json\/wp\/v2\/types\/post"}],"author":[{"embeddable":true,"href":"https:\/\/mallorcaglobalmag.es\/en\/wp-json\/wp\/v2\/users\/4"}],"replies":[{"embeddable":true,"href":"https:\/\/mallorcaglobalmag.es\/en\/wp-json\/wp\/v2\/comments?post=100130"}],"version-history":[{"count":2,"href":"https:\/\/mallorcaglobalmag.es\/en\/wp-json\/wp\/v2\/posts\/100130\/revisions"}],"predecessor-version":[{"id":100132,"href":"https:\/\/mallorcaglobalmag.es\/en\/wp-json\/wp\/v2\/posts\/100130\/revisions\/100132"}],"wp:featuredmedia":[{"embeddable":true,"href":"https:\/\/mallorcaglobalmag.es\/en\/wp-json\/wp\/v2\/media\/100128"}],"wp:attachment":[{"href":"https:\/\/mallorcaglobalmag.es\/en\/wp-json\/wp\/v2\/media?parent=100130"}],"wp:term":[{"taxonomy":"category","embeddable":true,"href":"https:\/\/mallorcaglobalmag.es\/en\/wp-json\/wp\/v2\/categories?post=100130"},{"taxonomy":"post_tag","embeddable":true,"href":"https:\/\/mallorcaglobalmag.es\/en\/wp-json\/wp\/v2\/tags?post=100130"}],"curies":[{"name":"wp","href":"https:\/\/api.w.org\/{rel}","templated":true}]}}